{"id":31725,"date":"2021-01-19T09:22:36","date_gmt":"2021-01-19T12:22:36","guid":{"rendered":"https:\/\/psol50.org.br\/?p=31725"},"modified":"2021-01-19T09:22:36","modified_gmt":"2021-01-19T12:22:36","slug":"por-que-luiza-erundina-e-candidata-a-presidencia-da-camara-dos-deputados","status":"publish","type":"post","link":"https:\/\/psol50.org.br\/por-que-luiza-erundina-e-candidata-a-presidencia-da-camara-dos-deputados\/","title":{"rendered":"Por que Luiza Erundina \u00e9 candidata \u00e0 Presid\u00eancia da C\u00e2mara dos Deputados?"},"content":{"rendered":"<p>A deputada federal Luiza Erundina (PSOL\/SP) \u00e9 candidata \u00e0 Presid\u00eancia da C\u00e2mara dos Deputados. Aos 86 anos, Erundina \u00e9 um dos maiores s\u00edmbolos da resist\u00eancia ao autoritarismo, em defesa dos direitos sociais, das mulheres e de uma sociedade mais igualit\u00e1ria, livre e menos desigual.<\/p>\n<p>Nas m\u00eddias sociais, tem se questionado o porqu\u00ea de o PSOL ter decidido lan\u00e7ar a candidatura, visto que os demais partidos de oposi\u00e7\u00e3o est\u00e3o apoiando Baleia Rossi (MDB\/SP), candidato al\u00e7ado principalmente pelo atual presidente da C\u00e2mara, Rodrigo Maia (DEM\/RJ).<\/p>\n<p>Listamos abaixo quatro dos principais argumentos em defesa da candidatura de Luiza Erundina:<\/p>\n<p><strong>1 &#8211; Ter candidatura pr\u00f3pria facilita a vit\u00f3ria do candidato de Bolsonaro (Arthur Lira, do Progressistas\/AL)?<\/strong><\/p>\n<p>N\u00e3o. A elei\u00e7\u00e3o para a Presid\u00eancia da C\u00e2mara tem dois turnos.\u00a0S\u00f3 vence no 1\u00ba o candidato que tiver ao menos 257 votos. Assim, seja qual fosse a escolha do PSOL (candidatura pr\u00f3pria ou entrada no bloco de Baleia Rossi), Lira poderia ganhar no 1\u00ba turno caso tivesse os votos suficientes. A decis\u00e3o do PSOL n\u00e3o muda isso.<\/p>\n<p>No \u00e2mbito da disputa de votos, n\u00e3o h\u00e1 resultado pr\u00e1tico em apoiar Baleia Rossi no 1\u00ba turno. Seria in\u00f3cuo &#8211; visto tamb\u00e9m que hoje h\u00e1 ao menos oito candidatos colocados para o pleito. Assim, o \u00fanico resultado concreto de n\u00e3o ter uma candidatura da esquerda seria deixar de colocar as principais pautas que o Brasil precisa, como impeachment, a Renda Justa e a vacina\u00e7\u00e3o em massa, nos temas debatidos.<\/p>\n<p><strong>2 &#8211; Ter candidatura pr\u00f3pria \u00e9 &#8220;purismo ideol\u00f3gico&#8221;?<\/strong><\/p>\n<p>N\u00e3o. O PSOL foi um dos primeiros partidos da oposi\u00e7\u00e3o a se movimentar em busca de uma candidatura ampla da oposi\u00e7\u00e3o, que colocasse em pauta os temas mais urgentes que precisam ser defendidos na elei\u00e7\u00e3o da Presid\u00eancia da C\u00e2mara. Sem a candidatura de Luiza Erundina, \u00fanica mulher entre os candidatos, esses temas ficariam sem uma voz para defend\u00ea-los.<\/p>\n<p>Os deputados &#8211; e especialmente os candidatos considerados favoritos, como Baleia Rossi &#8211; precisam ser questionados. Qual ser\u00e1 a postura deles em rela\u00e7\u00e3o ao impeachment? Sobre a necessidade do Brasil de ter uma renda b\u00e1sica universal? Sobre a campanha pela vacina\u00e7\u00e3o? Sobre as investiga\u00e7\u00f5es da fam\u00edlia Bolsonaro?<\/p>\n<p><strong>3 &#8211; O PSOL quer que o candidato de Bolsonaro ven\u00e7a?<\/strong><\/p>\n<p>Obviamente, n\u00e3o. Todos os 10 votos da bancada do PSOL ser\u00e3o para derrotar o candidato de Bolsonaro, tanto no 1\u00ba quanto no 2\u00ba turno. Somos o partido mais antibolsonarista do Brasil, como mostram os dados das vota\u00e7\u00f5es na C\u00e2mara dos Deputados, e vamos nos manter assim. A tarefa n\u00ba 1 do Brasil, em defesa da vida da nossa popula\u00e7\u00e3o e da democracia, \u00e9 derrotar Bolsonaro e por fim a esse governo desumano e genocida.<\/p>\n<p>Na elei\u00e7\u00e3o, vamos falar do que mais importa: impeachment de Bolsonaro, Renda Justa, vacina j\u00e1, derrubada do Teto de Gastos, investiga\u00e7\u00e3o dos esc\u00e2ndalos envolvendo a fam\u00edlia Bolsonaro, n\u00e3o \u00e0s armas, contra as privatiza\u00e7\u00f5es e em defesa do servi\u00e7o p\u00fablico, entre tantos outros temas t\u00e3o essenciais. Nossa luta \u00e9 para salvar vidas. Essas pautas s\u00e3o urgentes e precisam ter voz na elei\u00e7\u00e3o da C\u00e2mara.<\/p>\n<p><strong>4 &#8211; Quem s\u00e3o os aliados da democracia e contra o autoritarismo?<\/strong><\/p>\n<p>Luiza Erundina \u00e9 a candidata anti-Bolsonaro em tudo que ele representa: autoritarismo, mentiras, negacionismo, machismo, ajuste fiscal, retirada de direitos, desemprego, desumanidade. Nossa tarefa \u00e9 derrotar Bolsonaro e Arthur Lira e \u00e9 isso que vamos fazer.<\/p>\n<p>Mas \u00e9 preciso lembrar que quem est\u00e1 sentado em cima de quase 60 pedidos de impeachment \u00e9 Rodrigo Maia, principal patrocinador da campanha de Baleia Rossi. Que foi o MDB o principal motor do golpe parlamentar de 2016, levando \u00e0 Reforma Trabalhista e da Previd\u00eancia, Teto de Gastos. Que not\u00edcias afirmam que Michel Temer est\u00e1, inclusive, negociando cargos no governo Bolsonaro.<\/p>\n","protected":false},"excerpt":{"rendered":"<p>A deputada federal Luiza Erundina (PSOL\/SP) \u00e9 candidata \u00e0 Presid\u00eancia da C\u00e2mara dos Deputados. Aos 86 anos, Erundina \u00e9 um dos maiores s\u00edmbolos da resist\u00eancia ao autoritarismo, em defesa dos direitos sociais, das mulheres e de uma sociedade mais igualit\u00e1ria, livre e menos desigual. Nas m\u00eddias sociais, tem se questionado o porqu\u00ea de o PSOL [&hellip;]<\/p>\n","protected":false},"author":2,"featured_media":31740,"comment_status":"closed","ping_status":"open","sticky":false,"template":"","format":"standard","meta":{"_acf_changed":false,"footnotes":""},"categories":[10,6,14],"tags":[56,709,220,553,1345],"class_list":{"0":"post-31725","1":"post","2":"type-post","3":"status-publish","4":"format-standard","5":"has-post-thumbnail","7":"category-acao-parlamentares","8":"category-noticias","9":"category-partido","10":"tag-bolsonaro","11":"tag-camara-dos-deputados","12":"tag-impeachment","13":"tag-luiza-erundina","14":"tag-presidencia-da-camara"},"acf":[],"yoast_head":"<!-- This site is optimized with the Yoast SEO plugin v26.5 - https:\/\/yoast.com\/wordpress\/plugins\/seo\/ -->\n<title>Por que Luiza Erundina \u00e9 candidata \u00e0 Presid\u00eancia da C\u00e2mara dos Deputados?<\/title>\n<meta name=\"description\" content=\"Nossa luta \u00e9 para tirar Bolsonaro e salvar vidas.\" \/>\n<meta name=\"robots\" content=\"index, follow, max-snippet:-1, max-image-preview:large, max-video-preview:-1\" \/>\n<link rel=\"canonical\" href=\"https:\/\/psol50.org.br\/por-que-luiza-erundina-e-candidata-a-presidencia-da-camara-dos-deputados\/\" \/>\n<meta property=\"og:locale\" content=\"pt_BR\" \/>\n<meta property=\"og:type\" content=\"article\" \/>\n<meta property=\"og:title\" content=\"Por que Luiza Erundina \u00e9 candidata \u00e0 Presid\u00eancia da C\u00e2mara dos Deputados?\" \/>\n<meta property=\"og:description\" content=\"Nossa luta \u00e9 para tirar Bolsonaro e salvar vidas.\" \/>\n<meta property=\"og:url\" content=\"https:\/\/psol50.org.br\/por-que-luiza-erundina-e-candidata-a-presidencia-da-camara-dos-deputados\/\" \/>\n<meta property=\"og:site_name\" content=\"PSOL 50\" \/>\n<meta property=\"article:publisher\" content=\"https:\/\/www.facebook.com\/psol50\" \/>\n<meta property=\"article:published_time\" content=\"2021-01-19T12:22:36+00:00\" \/>\n<meta property=\"og:image\" content=\"https:\/\/psol50.org.br\/inc\/uploads\/2021\/01\/18-01-2021_PorQueLuizaErundina-03.png\" \/>\n\t<meta property=\"og:image:width\" content=\"1351\" \/>\n\t<meta property=\"og:image:height\" content=\"901\" \/>\n\t<meta property=\"og:image:type\" content=\"image\/png\" \/>\n<meta name=\"author\" content=\"Comunica\u00e7\u00e3o PSOL\" \/>\n<meta name=\"twitter:card\" content=\"summary_large_image\" \/>\n<meta name=\"twitter:title\" content=\"Por que Luiza Erundina \u00e9 candidata \u00e0 Presid\u00eancia da C\u00e2mara dos Deputados?\" \/>\n<meta name=\"twitter:description\" content=\"Nossa luta \u00e9 para tirar Bolsonaro e salvar vidas.\" \/>\n<meta name=\"twitter:image\" content=\"https:\/\/psol50.org.br\/inc\/uploads\/2021\/01\/18-01-2021_PorQueLuizaErundina-03.png\" \/>\n<meta name=\"twitter:creator\" content=\"@psol50\" \/>\n<meta name=\"twitter:site\" content=\"@psol50\" \/>\n<meta name=\"twitter:label1\" content=\"Escrito por\" \/>\n\t<meta name=\"twitter:data1\" content=\"Comunica\u00e7\u00e3o PSOL\" \/>\n\t<meta name=\"twitter:label2\" content=\"Est. tempo de leitura\" \/>\n\t<meta name=\"twitter:data2\" content=\"3 minutos\" \/>\n<script type=\"application\/ld+json\" class=\"yoast-schema-graph\">{\"@context\":\"https:\/\/schema.org\",\"@graph\":[{\"@type\":\"Article\",\"@id\":\"https:\/\/psol50.org.br\/por-que-luiza-erundina-e-candidata-a-presidencia-da-camara-dos-deputados\/#article\",\"isPartOf\":{\"@id\":\"https:\/\/psol50.org.br\/por-que-luiza-erundina-e-candidata-a-presidencia-da-camara-dos-deputados\/\"},\"author\":{\"name\":\"Comunica\u00e7\u00e3o PSOL\",\"@id\":\"https:\/\/psol50.org.br\/#\/schema\/person\/475dfa57d0b815993c714c2e96491fcd\"},\"headline\":\"Por que Luiza Erundina \u00e9 candidata \u00e0 Presid\u00eancia da C\u00e2mara dos Deputados?\",\"datePublished\":\"2021-01-19T12:22:36+00:00\",\"mainEntityOfPage\":{\"@id\":\"https:\/\/psol50.org.br\/por-que-luiza-erundina-e-candidata-a-presidencia-da-camara-dos-deputados\/\"},\"wordCount\":659,\"publisher\":{\"@id\":\"https:\/\/psol50.org.br\/#organization\"},\"image\":{\"@id\":\"https:\/\/psol50.org.br\/por-que-luiza-erundina-e-candidata-a-presidencia-da-camara-dos-deputados\/#primaryimage\"},\"thumbnailUrl\":\"https:\/\/psol50.org.br\/inc\/uploads\/2021\/01\/18-01-2021_PorQueLuizaErundina-03.png\",\"keywords\":[\"Bolsonaro\",\"C\u00e2mara dos Deputados\",\"impeachment\",\"Luiza Erundina\",\"presid\u00eancia da C\u00e2mara\"],\"articleSection\":[\"A\u00e7\u00e3o Parlamentar\",\"Not\u00edcias\",\"Partido\"],\"inLanguage\":\"pt-BR\"},{\"@type\":\"WebPage\",\"@id\":\"https:\/\/psol50.org.br\/por-que-luiza-erundina-e-candidata-a-presidencia-da-camara-dos-deputados\/\",\"url\":\"https:\/\/psol50.org.br\/por-que-luiza-erundina-e-candidata-a-presidencia-da-camara-dos-deputados\/\",\"name\":\"Por que Luiza Erundina \u00e9 candidata \u00e0 Presid\u00eancia da C\u00e2mara dos Deputados?\",\"isPartOf\":{\"@id\":\"https:\/\/psol50.org.br\/#website\"},\"primaryImageOfPage\":{\"@id\":\"https:\/\/psol50.org.br\/por-que-luiza-erundina-e-candidata-a-presidencia-da-camara-dos-deputados\/#primaryimage\"},\"image\":{\"@id\":\"https:\/\/psol50.org.br\/por-que-luiza-erundina-e-candidata-a-presidencia-da-camara-dos-deputados\/#primaryimage\"},\"thumbnailUrl\":\"https:\/\/psol50.org.br\/inc\/uploads\/2021\/01\/18-01-2021_PorQueLuizaErundina-03.png\",\"datePublished\":\"2021-01-19T12:22:36+00:00\",\"description\":\"Nossa luta \u00e9 para tirar Bolsonaro e salvar vidas.\",\"breadcrumb\":{\"@id\":\"https:\/\/psol50.org.br\/por-que-luiza-erundina-e-candidata-a-presidencia-da-camara-dos-deputados\/#breadcrumb\"},\"inLanguage\":\"pt-BR\",\"potentialAction\":[{\"@type\":\"ReadAction\",\"target\":[\"https:\/\/psol50.org.br\/por-que-luiza-erundina-e-candidata-a-presidencia-da-camara-dos-deputados\/\"]}]},{\"@type\":\"ImageObject\",\"inLanguage\":\"pt-BR\",\"@id\":\"https:\/\/psol50.org.br\/por-que-luiza-erundina-e-candidata-a-presidencia-da-camara-dos-deputados\/#primaryimage\",\"url\":\"https:\/\/psol50.org.br\/inc\/uploads\/2021\/01\/18-01-2021_PorQueLuizaErundina-03.png\",\"contentUrl\":\"https:\/\/psol50.org.br\/inc\/uploads\/2021\/01\/18-01-2021_PorQueLuizaErundina-03.png\",\"width\":1351,\"height\":901},{\"@type\":\"BreadcrumbList\",\"@id\":\"https:\/\/psol50.org.br\/por-que-luiza-erundina-e-candidata-a-presidencia-da-camara-dos-deputados\/#breadcrumb\",\"itemListElement\":[{\"@type\":\"ListItem\",\"position\":1,\"name\":\"In\u00edcio\",\"item\":\"https:\/\/psol50.org.br\/\"},{\"@type\":\"ListItem\",\"position\":2,\"name\":\"Por que Luiza Erundina \u00e9 candidata \u00e0 Presid\u00eancia da C\u00e2mara dos Deputados?\"}]},{\"@type\":\"WebSite\",\"@id\":\"https:\/\/psol50.org.br\/#website\",\"url\":\"https:\/\/psol50.org.br\/\",\"name\":\"PSOL 50\",\"description\":\"Site oficial do Partido Socialismo e Liberdade\",\"publisher\":{\"@id\":\"https:\/\/psol50.org.br\/#organization\"},\"alternateName\":\"PSOL50\",\"potentialAction\":[{\"@type\":\"SearchAction\",\"target\":{\"@type\":\"EntryPoint\",\"urlTemplate\":\"https:\/\/psol50.org.br\/?s={search_term_string}\"},\"query-input\":{\"@type\":\"PropertyValueSpecification\",\"valueRequired\":true,\"valueName\":\"search_term_string\"}}],\"inLanguage\":\"pt-BR\"},{\"@type\":\"Organization\",\"@id\":\"https:\/\/psol50.org.br\/#organization\",\"name\":\"PSOL 50\",\"alternateName\":\"PSOL 50\",\"url\":\"https:\/\/psol50.org.br\/\",\"logo\":{\"@type\":\"ImageObject\",\"inLanguage\":\"pt-BR\",\"@id\":\"https:\/\/psol50.org.br\/#\/schema\/logo\/image\/\",\"url\":\"https:\/\/psol50.org.br\/inc\/uploads\/2018\/07\/capa.png\",\"contentUrl\":\"https:\/\/psol50.org.br\/inc\/uploads\/2018\/07\/capa.png\",\"width\":1350,\"height\":900,\"caption\":\"PSOL 50\"},\"image\":{\"@id\":\"https:\/\/psol50.org.br\/#\/schema\/logo\/image\/\"},\"sameAs\":[\"https:\/\/www.facebook.com\/psol50\",\"https:\/\/x.com\/psol50\",\"https:\/\/www.instagram.com\/psol50\/\",\"https:\/\/www.youtube.com\/channel\/UC7SnJS5o1os7a6CaiNabzcg\"]},{\"@type\":\"Person\",\"@id\":\"https:\/\/psol50.org.br\/#\/schema\/person\/475dfa57d0b815993c714c2e96491fcd\",\"name\":\"Comunica\u00e7\u00e3o PSOL\",\"image\":{\"@type\":\"ImageObject\",\"inLanguage\":\"pt-BR\",\"@id\":\"https:\/\/psol50.org.br\/#\/schema\/person\/image\/\",\"url\":\"https:\/\/secure.gravatar.com\/avatar\/b34fc4f4e468a4e51785917065a3db57b841f5c95dba6ad8c73aaf8f66f8f9bf?s=96&d=mm&r=g\",\"contentUrl\":\"https:\/\/secure.gravatar.com\/avatar\/b34fc4f4e468a4e51785917065a3db57b841f5c95dba6ad8c73aaf8f66f8f9bf?s=96&d=mm&r=g\",\"caption\":\"Comunica\u00e7\u00e3o PSOL\"}}]}<\/script>\n<!-- \/ Yoast SEO plugin. -->","yoast_head_json":{"title":"Por que Luiza Erundina \u00e9 candidata \u00e0 Presid\u00eancia da C\u00e2mara dos Deputados?","description":"Nossa luta \u00e9 para tirar Bolsonaro e salvar vidas.","robots":{"index":"index","follow":"follow","max-snippet":"max-snippet:-1","max-image-preview":"max-image-preview:large","max-video-preview":"max-video-preview:-1"},"canonical":"https:\/\/psol50.org.br\/por-que-luiza-erundina-e-candidata-a-presidencia-da-camara-dos-deputados\/","og_locale":"pt_BR","og_type":"article","og_title":"Por que Luiza Erundina \u00e9 candidata \u00e0 Presid\u00eancia da C\u00e2mara dos Deputados?","og_description":"Nossa luta \u00e9 para tirar Bolsonaro e salvar vidas.","og_url":"https:\/\/psol50.org.br\/por-que-luiza-erundina-e-candidata-a-presidencia-da-camara-dos-deputados\/","og_site_name":"PSOL 50","article_publisher":"https:\/\/www.facebook.com\/psol50","article_published_time":"2021-01-19T12:22:36+00:00","og_image":[{"width":1351,"height":901,"url":"https:\/\/psol50.org.br\/inc\/uploads\/2021\/01\/18-01-2021_PorQueLuizaErundina-03.png","type":"image\/png"}],"author":"Comunica\u00e7\u00e3o PSOL","twitter_card":"summary_large_image","twitter_title":"Por que Luiza Erundina \u00e9 candidata \u00e0 Presid\u00eancia da C\u00e2mara dos Deputados?","twitter_description":"Nossa luta \u00e9 para tirar Bolsonaro e salvar vidas.","twitter_image":"https:\/\/psol50.org.br\/inc\/uploads\/2021\/01\/18-01-2021_PorQueLuizaErundina-03.png","twitter_creator":"@psol50","twitter_site":"@psol50","twitter_misc":{"Escrito por":"Comunica\u00e7\u00e3o PSOL","Est. tempo de leitura":"3 minutos"},"schema":{"@context":"https:\/\/schema.org","@graph":[{"@type":"Article","@id":"https:\/\/psol50.org.br\/por-que-luiza-erundina-e-candidata-a-presidencia-da-camara-dos-deputados\/#article","isPartOf":{"@id":"https:\/\/psol50.org.br\/por-que-luiza-erundina-e-candidata-a-presidencia-da-camara-dos-deputados\/"},"author":{"name":"Comunica\u00e7\u00e3o PSOL","@id":"https:\/\/psol50.org.br\/#\/schema\/person\/475dfa57d0b815993c714c2e96491fcd"},"headline":"Por que Luiza Erundina \u00e9 candidata \u00e0 Presid\u00eancia da C\u00e2mara dos Deputados?","datePublished":"2021-01-19T12:22:36+00:00","mainEntityOfPage":{"@id":"https:\/\/psol50.org.br\/por-que-luiza-erundina-e-candidata-a-presidencia-da-camara-dos-deputados\/"},"wordCount":659,"publisher":{"@id":"https:\/\/psol50.org.br\/#organization"},"image":{"@id":"https:\/\/psol50.org.br\/por-que-luiza-erundina-e-candidata-a-presidencia-da-camara-dos-deputados\/#primaryimage"},"thumbnailUrl":"https:\/\/psol50.org.br\/inc\/uploads\/2021\/01\/18-01-2021_PorQueLuizaErundina-03.png","keywords":["Bolsonaro","C\u00e2mara dos Deputados","impeachment","Luiza Erundina","presid\u00eancia da C\u00e2mara"],"articleSection":["A\u00e7\u00e3o Parlamentar","Not\u00edcias","Partido"],"inLanguage":"pt-BR"},{"@type":"WebPage","@id":"https:\/\/psol50.org.br\/por-que-luiza-erundina-e-candidata-a-presidencia-da-camara-dos-deputados\/","url":"https:\/\/psol50.org.br\/por-que-luiza-erundina-e-candidata-a-presidencia-da-camara-dos-deputados\/","name":"Por que Luiza Erundina \u00e9 candidata \u00e0 Presid\u00eancia da C\u00e2mara dos Deputados?","isPartOf":{"@id":"https:\/\/psol50.org.br\/#website"},"primaryImageOfPage":{"@id":"https:\/\/psol50.org.br\/por-que-luiza-erundina-e-candidata-a-presidencia-da-camara-dos-deputados\/#primaryimage"},"image":{"@id":"https:\/\/psol50.org.br\/por-que-luiza-erundina-e-candidata-a-presidencia-da-camara-dos-deputados\/#primaryimage"},"thumbnailUrl":"https:\/\/psol50.org.br\/inc\/uploads\/2021\/01\/18-01-2021_PorQueLuizaErundina-03.png","datePublished":"2021-01-19T12:22:36+00:00","description":"Nossa luta \u00e9 para tirar Bolsonaro e salvar vidas.","breadcrumb":{"@id":"https:\/\/psol50.org.br\/por-que-luiza-erundina-e-candidata-a-presidencia-da-camara-dos-deputados\/#breadcrumb"},"inLanguage":"pt-BR","potentialAction":[{"@type":"ReadAction","target":["https:\/\/psol50.org.br\/por-que-luiza-erundina-e-candidata-a-presidencia-da-camara-dos-deputados\/"]}]},{"@type":"ImageObject","inLanguage":"pt-BR","@id":"https:\/\/psol50.org.br\/por-que-luiza-erundina-e-candidata-a-presidencia-da-camara-dos-deputados\/#primaryimage","url":"https:\/\/psol50.org.br\/inc\/uploads\/2021\/01\/18-01-2021_PorQueLuizaErundina-03.png","contentUrl":"https:\/\/psol50.org.br\/inc\/uploads\/2021\/01\/18-01-2021_PorQueLuizaErundina-03.png","width":1351,"height":901},{"@type":"BreadcrumbList","@id":"https:\/\/psol50.org.br\/por-que-luiza-erundina-e-candidata-a-presidencia-da-camara-dos-deputados\/#breadcrumb","itemListElement":[{"@type":"ListItem","position":1,"name":"In\u00edcio","item":"https:\/\/psol50.org.br\/"},{"@type":"ListItem","position":2,"name":"Por que Luiza Erundina \u00e9 candidata \u00e0 Presid\u00eancia da C\u00e2mara dos Deputados?"}]},{"@type":"WebSite","@id":"https:\/\/psol50.org.br\/#website","url":"https:\/\/psol50.org.br\/","name":"PSOL 50","description":"Site oficial do Partido Socialismo e Liberdade","publisher":{"@id":"https:\/\/psol50.org.br\/#organization"},"alternateName":"PSOL50","potentialAction":[{"@type":"SearchAction","target":{"@type":"EntryPoint","urlTemplate":"https:\/\/psol50.org.br\/?s={search_term_string}"},"query-input":{"@type":"PropertyValueSpecification","valueRequired":true,"valueName":"search_term_string"}}],"inLanguage":"pt-BR"},{"@type":"Organization","@id":"https:\/\/psol50.org.br\/#organization","name":"PSOL 50","alternateName":"PSOL 50","url":"https:\/\/psol50.org.br\/","logo":{"@type":"ImageObject","inLanguage":"pt-BR","@id":"https:\/\/psol50.org.br\/#\/schema\/logo\/image\/","url":"https:\/\/psol50.org.br\/inc\/uploads\/2018\/07\/capa.png","contentUrl":"https:\/\/psol50.org.br\/inc\/uploads\/2018\/07\/capa.png","width":1350,"height":900,"caption":"PSOL 50"},"image":{"@id":"https:\/\/psol50.org.br\/#\/schema\/logo\/image\/"},"sameAs":["https:\/\/www.facebook.com\/psol50","https:\/\/x.com\/psol50","https:\/\/www.instagram.com\/psol50\/","https:\/\/www.youtube.com\/channel\/UC7SnJS5o1os7a6CaiNabzcg"]},{"@type":"Person","@id":"https:\/\/psol50.org.br\/#\/schema\/person\/475dfa57d0b815993c714c2e96491fcd","name":"Comunica\u00e7\u00e3o PSOL","image":{"@type":"ImageObject","inLanguage":"pt-BR","@id":"https:\/\/psol50.org.br\/#\/schema\/person\/image\/","url":"https:\/\/secure.gravatar.com\/avatar\/b34fc4f4e468a4e51785917065a3db57b841f5c95dba6ad8c73aaf8f66f8f9bf?s=96&d=mm&r=g","contentUrl":"https:\/\/secure.gravatar.com\/avatar\/b34fc4f4e468a4e51785917065a3db57b841f5c95dba6ad8c73aaf8f66f8f9bf?s=96&d=mm&r=g","caption":"Comunica\u00e7\u00e3o PSOL"}}]}},"_links":{"self":[{"href":"https:\/\/psol50.org.br\/rest\/wp\/v2\/posts\/31725","targetHints":{"allow":["GET"]}}],"collection":[{"href":"https:\/\/psol50.org.br\/rest\/wp\/v2\/posts"}],"about":[{"href":"https:\/\/psol50.org.br\/rest\/wp\/v2\/types\/post"}],"author":[{"embeddable":true,"href":"https:\/\/psol50.org.br\/rest\/wp\/v2\/users\/2"}],"replies":[{"embeddable":true,"href":"https:\/\/psol50.org.br\/rest\/wp\/v2\/comments?post=31725"}],"version-history":[{"count":0,"href":"https:\/\/psol50.org.br\/rest\/wp\/v2\/posts\/31725\/revisions"}],"wp:featuredmedia":[{"embeddable":true,"href":"https:\/\/psol50.org.br\/rest\/wp\/v2\/media\/31740"}],"wp:attachment":[{"href":"https:\/\/psol50.org.br\/rest\/wp\/v2\/media?parent=31725"}],"wp:term":[{"taxonomy":"category","embeddable":true,"href":"https:\/\/psol50.org.br\/rest\/wp\/v2\/categories?post=31725"},{"taxonomy":"post_tag","embeddable":true,"href":"https:\/\/psol50.org.br\/rest\/wp\/v2\/tags?post=31725"}],"curies":[{"name":"wp","href":"https:\/\/api.w.org\/{rel}","templated":true}]}}