{"id":31754,"date":"2021-01-20T13:07:57","date_gmt":"2021-01-20T16:07:57","guid":{"rendered":"https:\/\/psol50.org.br\/?p=31754"},"modified":"2021-01-20T13:07:57","modified_gmt":"2021-01-20T16:07:57","slug":"psol-aciona-a-justica-para-retirar-do-ar-o-aplicativo-tratecov-do-governo-federal","status":"publish","type":"post","link":"https:\/\/psol50.org.br\/psol-aciona-a-justica-para-retirar-do-ar-o-aplicativo-tratecov-do-governo-federal\/","title":{"rendered":"PSOL aciona a Justi\u00e7a para retirar do ar o aplicativo Tratecov, do governo federal"},"content":{"rendered":"<p><a href=\"https:\/\/psol50.org.br\/vacinaja\/\" target=\"_blank\" rel=\"noopener\"><img loading=\"lazy\" decoding=\"async\" class=\"size-full wp-image-31535 alignnone\" src=\"https:\/\/psol50.org.br\/inc\/uploads\/2020\/12\/Web-1920-\u2013-1.jpg\" alt=\"\" width=\"1920\" height=\"339\" srcset=\"https:\/\/psol50.org.br\/inc\/uploads\/2020\/12\/Web-1920-\u2013-1.jpg 1920w, https:\/\/psol50.org.br\/inc\/uploads\/2020\/12\/Web-1920-\u2013-1-300x53.jpg 300w, https:\/\/psol50.org.br\/inc\/uploads\/2020\/12\/Web-1920-\u2013-1-1024x181.jpg 1024w, https:\/\/psol50.org.br\/inc\/uploads\/2020\/12\/Web-1920-\u2013-1-768x136.jpg 768w, https:\/\/psol50.org.br\/inc\/uploads\/2020\/12\/Web-1920-\u2013-1-1536x271.jpg 1536w, https:\/\/psol50.org.br\/inc\/uploads\/2020\/12\/Web-1920-\u2013-1-150x26.jpg 150w, https:\/\/psol50.org.br\/inc\/uploads\/2020\/12\/Web-1920-\u2013-1-696x123.jpg 696w, https:\/\/psol50.org.br\/inc\/uploads\/2020\/12\/Web-1920-\u2013-1-1068x189.jpg 1068w\" sizes=\"auto, (max-width: 1920px) 100vw, 1920px\" \/><\/a><\/p>\n<p>O deputado federal do PSOL, Marcelo Freixo, anunciou que est\u00e1 acionando a Justi\u00e7a Federal nesta quarta-feira (20) para que o aplicativo TrateCov, desenvolvido pelo Minist\u00e9rio da Sa\u00fade do governo federal, seja retirado do ar. O aplicativo tem estimulado ilegalmente o uso indevido e equivocado de cloroquina, ivermectina e outros medicamentos associados ao fraudulento &#8220;tratamento precoce&#8221; contra a Covid-19.<\/p>\n<p>Freixo afirma que o Ministro da Sa\u00fade, Eduardo Pazuello, precisa tamb\u00e9m responder por crime contra a sa\u00fade p\u00fablica devido aos danos causados pelas recomenda\u00e7\u00f5es do aplicativo chancelado pelo governo.<\/p>\n<blockquote class=\"twitter-tweet\" data-width=\"550\" data-dnt=\"true\">\n<p lang=\"pt\" dir=\"ltr\">URGENTE! Estou acionando a Justi\u00e7a Federal para retirar do ar o aplicativo TrateCOV, do MS, que est\u00e1 sendo usado ilegalmente p\/ estimular o uso de cloroquina, inclusive em casos cujos sintomas descritos s\u00e3o de ressaca! Pazuello tem que responder por crime contra a sa\u00fade p\u00fablica.<\/p>\n<p>&mdash; Marcelo Freixo (@MarceloFreixo) <a href=\"https:\/\/twitter.com\/MarceloFreixo\/status\/1351914790952775682?ref_src=twsrc%5Etfw\">January 20, 2021<\/a><\/p><\/blockquote>\n<p><script async src=\"https:\/\/platform.twitter.com\/widgets.js\" charset=\"utf-8\"><\/script><\/p>\n<blockquote class=\"twitter-tweet\" data-width=\"550\" data-dnt=\"true\">\n<p lang=\"pt\" dir=\"ltr\">O aplicativo TrateCov, anunciado por Pazuello, serve APENAS para receitar rem\u00e9dios comprovadamente ineficazes contra a Covid-19, como cloroquina, ivermectina e azitromicina.<\/p>\n<p>Mentirosos e genocidas: \u00e9 isso que Bolsonaro e Pazuello s\u00e3o. Impeachment j\u00e1! <a href=\"https:\/\/twitter.com\/hashtag\/ImpeachmentSalvaVidas?src=hash&amp;ref_src=twsrc%5Etfw\">#ImpeachmentSalvaVidas<\/a><\/p>\n<p>&mdash; PSOL 50 (@psol50) <a href=\"https:\/\/twitter.com\/psol50\/status\/1351901396329750528?ref_src=twsrc%5Etfw\">January 20, 2021<\/a><\/p><\/blockquote>\n<p><script async src=\"https:\/\/platform.twitter.com\/widgets.js\" charset=\"utf-8\"><\/script><\/p>\n<p>Na \u00faltima ter\u00e7a-feira (19), o <strong><a href=\"https:\/\/psol50.org.br\/psol-pede-que-stf-proiba-propaganda-de-medicamentos-ineficazes-contra-a-covid-19-pelo-governo\/\" target=\"_blank\" rel=\"noopener\">PSOL tamb\u00e9m acionou o Supremo Tribunal Federal (STF)<\/a><\/strong> para que a corte pro\u00edba a propaganda pelo governo destes medicamentos ineficazes no tratamento contra a Covid-19.<\/p>\n<p>O partido tamb\u00e9m pede que a distribui\u00e7\u00e3o de tais subst\u00e2ncias e medicamentos como forma de tratamento precoce do novo coronav\u00edrus pelo governo federal ou qualquer um de seus \u00f3rg\u00e3os seja expressamente proibida pelo STF em car\u00e1ter liminar.<\/p>\n<p>Outra a\u00e7\u00e3o solicitada pelo PSOL \u00e9 que o governo de Jair Bolsonaro seja constrangido a come\u00e7ar imediatamente a campanha dos benef\u00edcios da vacina\u00e7\u00e3o contra a Covid-19.<\/p>\n<p><a href=\"https:\/\/psol50.org.br\/rendajusta\/\" target=\"_blank\" rel=\"noopener\"><img loading=\"lazy\" decoding=\"async\" class=\"size-full wp-image-30552 alignnone\" src=\"https:\/\/psol50.org.br\/inc\/uploads\/2020\/08\/21-08-2020_LancamentoRendaJusta-2.png\" alt=\"\" width=\"1920\" height=\"383\" srcset=\"https:\/\/psol50.org.br\/inc\/uploads\/2020\/08\/21-08-2020_LancamentoRendaJusta-2.png 1920w, https:\/\/psol50.org.br\/inc\/uploads\/2020\/08\/21-08-2020_LancamentoRendaJusta-2-300x60.png 300w, https:\/\/psol50.org.br\/inc\/uploads\/2020\/08\/21-08-2020_LancamentoRendaJusta-2-1024x204.png 1024w, https:\/\/psol50.org.br\/inc\/uploads\/2020\/08\/21-08-2020_LancamentoRendaJusta-2-768x153.png 768w, https:\/\/psol50.org.br\/inc\/uploads\/2020\/08\/21-08-2020_LancamentoRendaJusta-2-1536x306.png 1536w, https:\/\/psol50.org.br\/inc\/uploads\/2020\/08\/21-08-2020_LancamentoRendaJusta-2-150x30.png 150w, https:\/\/psol50.org.br\/inc\/uploads\/2020\/08\/21-08-2020_LancamentoRendaJusta-2-696x139.png 696w, https:\/\/psol50.org.br\/inc\/uploads\/2020\/08\/21-08-2020_LancamentoRendaJusta-2-1068x213.png 1068w\" sizes=\"auto, (max-width: 1920px) 100vw, 1920px\" \/><\/a><\/p>\n","protected":false},"excerpt":{"rendered":"<p>O deputado federal do PSOL, Marcelo Freixo, anunciou que est\u00e1 acionando a Justi\u00e7a Federal nesta quarta-feira (20) para que o aplicativo TrateCov, desenvolvido pelo Minist\u00e9rio da Sa\u00fade do governo federal, seja retirado do ar. O aplicativo tem estimulado ilegalmente o uso indevido e equivocado de cloroquina, ivermectina e outros medicamentos associados ao fraudulento &#8220;tratamento precoce&#8221; [&hellip;]<\/p>\n","protected":false},"author":2,"featured_media":31757,"comment_status":"closed","ping_status":"open","sticky":false,"template":"","format":"standard","meta":{"_acf_changed":false,"footnotes":""},"categories":[10,6],"tags":[506,171,371,54,367,1276,22,366,173,1350],"class_list":{"0":"post-31754","1":"post","2":"type-post","3":"status-publish","4":"format-standard","5":"has-post-thumbnail","7":"category-acao-parlamentares","8":"category-noticias","9":"tag-aplicativo","10":"tag-coronavirus","11":"tag-covid-19","12":"tag-justica","13":"tag-pandemia","14":"tag-pazuello","15":"tag-psol","16":"tag-psolcontraocoronavirus","17":"tag-saude","18":"tag-tratecov"},"acf":[],"yoast_head":"<!-- This site is optimized with the Yoast SEO plugin v26.5 - https:\/\/yoast.com\/wordpress\/plugins\/seo\/ -->\n<title>PSOL aciona a Justi\u00e7a para retirar do ar o aplicativo Tratecov, do governo federal<\/title>\n<meta name=\"description\" content=\"Aplicativo tem estimulado uso indevido e equivocado de medicamentos associados ao fraudulento &quot;tratamento precoce&quot; contra a Covid-19.\" \/>\n<meta name=\"robots\" content=\"index, follow, max-snippet:-1, max-image-preview:large, max-video-preview:-1\" \/>\n<link rel=\"canonical\" href=\"https:\/\/psol50.org.br\/psol-aciona-a-justica-para-retirar-do-ar-o-aplicativo-tratecov-do-governo-federal\/\" \/>\n<meta property=\"og:locale\" content=\"pt_BR\" \/>\n<meta property=\"og:type\" content=\"article\" \/>\n<meta property=\"og:title\" content=\"PSOL aciona a Justi\u00e7a para retirar do ar o aplicativo Tratecov, do governo federal\" \/>\n<meta property=\"og:description\" content=\"Aplicativo tem estimulado uso indevido e equivocado de medicamentos associados ao fraudulento &quot;tratamento precoce&quot; contra a Covid-19.\" \/>\n<meta property=\"og:url\" content=\"https:\/\/psol50.org.br\/psol-aciona-a-justica-para-retirar-do-ar-o-aplicativo-tratecov-do-governo-federal\/\" \/>\n<meta property=\"og:site_name\" content=\"PSOL 50\" \/>\n<meta property=\"article:publisher\" content=\"https:\/\/www.facebook.com\/psol50\" \/>\n<meta property=\"article:published_time\" content=\"2021-01-20T16:07:57+00:00\" \/>\n<meta property=\"og:image\" content=\"https:\/\/psol50.org.br\/inc\/uploads\/2021\/01\/50696520322_344ef518d0_k-1-600x337-1.jpg\" \/>\n\t<meta property=\"og:image:width\" content=\"600\" \/>\n\t<meta property=\"og:image:height\" content=\"337\" \/>\n\t<meta property=\"og:image:type\" content=\"image\/jpeg\" \/>\n<meta name=\"author\" content=\"Comunica\u00e7\u00e3o PSOL\" \/>\n<meta name=\"twitter:card\" content=\"summary_large_image\" \/>\n<meta name=\"twitter:title\" content=\"PSOL aciona a Justi\u00e7a para retirar do ar o aplicativo Tratecov, do governo federal\" \/>\n<meta name=\"twitter:description\" content=\"Aplicativo tem estimulado uso indevido e equivocado de medicamentos associados ao fraudulento &quot;tratamento precoce&quot; contra a Covid-19.\" \/>\n<meta name=\"twitter:image\" content=\"https:\/\/psol50.org.br\/inc\/uploads\/2021\/01\/50696520322_344ef518d0_k-1-600x337-1.jpg\" \/>\n<meta name=\"twitter:creator\" content=\"@psol50\" \/>\n<meta name=\"twitter:site\" content=\"@psol50\" \/>\n<meta name=\"twitter:label1\" content=\"Escrito por\" \/>\n\t<meta name=\"twitter:data1\" content=\"Comunica\u00e7\u00e3o PSOL\" \/>\n\t<meta name=\"twitter:label2\" content=\"Est. tempo de leitura\" \/>\n\t<meta name=\"twitter:data2\" content=\"2 minutos\" \/>\n<script type=\"application\/ld+json\" class=\"yoast-schema-graph\">{\"@context\":\"https:\/\/schema.org\",\"@graph\":[{\"@type\":\"Article\",\"@id\":\"https:\/\/psol50.org.br\/psol-aciona-a-justica-para-retirar-do-ar-o-aplicativo-tratecov-do-governo-federal\/#article\",\"isPartOf\":{\"@id\":\"https:\/\/psol50.org.br\/psol-aciona-a-justica-para-retirar-do-ar-o-aplicativo-tratecov-do-governo-federal\/\"},\"author\":{\"name\":\"Comunica\u00e7\u00e3o PSOL\",\"@id\":\"https:\/\/psol50.org.br\/#\/schema\/person\/475dfa57d0b815993c714c2e96491fcd\"},\"headline\":\"PSOL aciona a Justi\u00e7a para retirar do ar o aplicativo Tratecov, do governo federal\",\"datePublished\":\"2021-01-20T16:07:57+00:00\",\"mainEntityOfPage\":{\"@id\":\"https:\/\/psol50.org.br\/psol-aciona-a-justica-para-retirar-do-ar-o-aplicativo-tratecov-do-governo-federal\/\"},\"wordCount\":223,\"publisher\":{\"@id\":\"https:\/\/psol50.org.br\/#organization\"},\"image\":{\"@id\":\"https:\/\/psol50.org.br\/psol-aciona-a-justica-para-retirar-do-ar-o-aplicativo-tratecov-do-governo-federal\/#primaryimage\"},\"thumbnailUrl\":\"https:\/\/psol50.org.br\/inc\/uploads\/2021\/01\/50696520322_344ef518d0_k-1-600x337-1.jpg\",\"keywords\":[\"aplicativo\",\"coronav\u00edrus\",\"covid-19\",\"justi\u00e7a\",\"pandemia\",\"pazuello\",\"PSOL\",\"psolcontraocoronavirus\",\"sa\u00fade\",\"tratecov\"],\"articleSection\":[\"A\u00e7\u00e3o Parlamentar\",\"Not\u00edcias\"],\"inLanguage\":\"pt-BR\"},{\"@type\":\"WebPage\",\"@id\":\"https:\/\/psol50.org.br\/psol-aciona-a-justica-para-retirar-do-ar-o-aplicativo-tratecov-do-governo-federal\/\",\"url\":\"https:\/\/psol50.org.br\/psol-aciona-a-justica-para-retirar-do-ar-o-aplicativo-tratecov-do-governo-federal\/\",\"name\":\"PSOL aciona a Justi\u00e7a para retirar do ar o aplicativo Tratecov, do governo federal\",\"isPartOf\":{\"@id\":\"https:\/\/psol50.org.br\/#website\"},\"primaryImageOfPage\":{\"@id\":\"https:\/\/psol50.org.br\/psol-aciona-a-justica-para-retirar-do-ar-o-aplicativo-tratecov-do-governo-federal\/#primaryimage\"},\"image\":{\"@id\":\"https:\/\/psol50.org.br\/psol-aciona-a-justica-para-retirar-do-ar-o-aplicativo-tratecov-do-governo-federal\/#primaryimage\"},\"thumbnailUrl\":\"https:\/\/psol50.org.br\/inc\/uploads\/2021\/01\/50696520322_344ef518d0_k-1-600x337-1.jpg\",\"datePublished\":\"2021-01-20T16:07:57+00:00\",\"description\":\"Aplicativo tem estimulado uso indevido e equivocado de medicamentos associados ao fraudulento \\\"tratamento precoce\\\" contra a Covid-19.\",\"breadcrumb\":{\"@id\":\"https:\/\/psol50.org.br\/psol-aciona-a-justica-para-retirar-do-ar-o-aplicativo-tratecov-do-governo-federal\/#breadcrumb\"},\"inLanguage\":\"pt-BR\",\"potentialAction\":[{\"@type\":\"ReadAction\",\"target\":[\"https:\/\/psol50.org.br\/psol-aciona-a-justica-para-retirar-do-ar-o-aplicativo-tratecov-do-governo-federal\/\"]}]},{\"@type\":\"ImageObject\",\"inLanguage\":\"pt-BR\",\"@id\":\"https:\/\/psol50.org.br\/psol-aciona-a-justica-para-retirar-do-ar-o-aplicativo-tratecov-do-governo-federal\/#primaryimage\",\"url\":\"https:\/\/psol50.org.br\/inc\/uploads\/2021\/01\/50696520322_344ef518d0_k-1-600x337-1.jpg\",\"contentUrl\":\"https:\/\/psol50.org.br\/inc\/uploads\/2021\/01\/50696520322_344ef518d0_k-1-600x337-1.jpg\",\"width\":600,\"height\":337},{\"@type\":\"BreadcrumbList\",\"@id\":\"https:\/\/psol50.org.br\/psol-aciona-a-justica-para-retirar-do-ar-o-aplicativo-tratecov-do-governo-federal\/#breadcrumb\",\"itemListElement\":[{\"@type\":\"ListItem\",\"position\":1,\"name\":\"In\u00edcio\",\"item\":\"https:\/\/psol50.org.br\/\"},{\"@type\":\"ListItem\",\"position\":2,\"name\":\"PSOL aciona a Justi\u00e7a para retirar do ar o aplicativo Tratecov, do governo federal\"}]},{\"@type\":\"WebSite\",\"@id\":\"https:\/\/psol50.org.br\/#website\",\"url\":\"https:\/\/psol50.org.br\/\",\"name\":\"PSOL 50\",\"description\":\"Site oficial do Partido Socialismo e Liberdade\",\"publisher\":{\"@id\":\"https:\/\/psol50.org.br\/#organization\"},\"alternateName\":\"PSOL50\",\"potentialAction\":[{\"@type\":\"SearchAction\",\"target\":{\"@type\":\"EntryPoint\",\"urlTemplate\":\"https:\/\/psol50.org.br\/?s={search_term_string}\"},\"query-input\":{\"@type\":\"PropertyValueSpecification\",\"valueRequired\":true,\"valueName\":\"search_term_string\"}}],\"inLanguage\":\"pt-BR\"},{\"@type\":\"Organization\",\"@id\":\"https:\/\/psol50.org.br\/#organization\",\"name\":\"PSOL 50\",\"alternateName\":\"PSOL 50\",\"url\":\"https:\/\/psol50.org.br\/\",\"logo\":{\"@type\":\"ImageObject\",\"inLanguage\":\"pt-BR\",\"@id\":\"https:\/\/psol50.org.br\/#\/schema\/logo\/image\/\",\"url\":\"https:\/\/psol50.org.br\/inc\/uploads\/2018\/07\/capa.png\",\"contentUrl\":\"https:\/\/psol50.org.br\/inc\/uploads\/2018\/07\/capa.png\",\"width\":1350,\"height\":900,\"caption\":\"PSOL 50\"},\"image\":{\"@id\":\"https:\/\/psol50.org.br\/#\/schema\/logo\/image\/\"},\"sameAs\":[\"https:\/\/www.facebook.com\/psol50\",\"https:\/\/x.com\/psol50\",\"https:\/\/www.instagram.com\/psol50\/\",\"https:\/\/www.youtube.com\/channel\/UC7SnJS5o1os7a6CaiNabzcg\"]},{\"@type\":\"Person\",\"@id\":\"https:\/\/psol50.org.br\/#\/schema\/person\/475dfa57d0b815993c714c2e96491fcd\",\"name\":\"Comunica\u00e7\u00e3o PSOL\",\"image\":{\"@type\":\"ImageObject\",\"inLanguage\":\"pt-BR\",\"@id\":\"https:\/\/psol50.org.br\/#\/schema\/person\/image\/\",\"url\":\"https:\/\/secure.gravatar.com\/avatar\/b34fc4f4e468a4e51785917065a3db57b841f5c95dba6ad8c73aaf8f66f8f9bf?s=96&d=mm&r=g\",\"contentUrl\":\"https:\/\/secure.gravatar.com\/avatar\/b34fc4f4e468a4e51785917065a3db57b841f5c95dba6ad8c73aaf8f66f8f9bf?s=96&d=mm&r=g\",\"caption\":\"Comunica\u00e7\u00e3o PSOL\"}}]}<\/script>\n<!-- \/ Yoast SEO plugin. -->","yoast_head_json":{"title":"PSOL aciona a Justi\u00e7a para retirar do ar o aplicativo Tratecov, do governo federal","description":"Aplicativo tem estimulado uso indevido e equivocado de medicamentos associados ao fraudulento \"tratamento precoce\" contra a Covid-19.","robots":{"index":"index","follow":"follow","max-snippet":"max-snippet:-1","max-image-preview":"max-image-preview:large","max-video-preview":"max-video-preview:-1"},"canonical":"https:\/\/psol50.org.br\/psol-aciona-a-justica-para-retirar-do-ar-o-aplicativo-tratecov-do-governo-federal\/","og_locale":"pt_BR","og_type":"article","og_title":"PSOL aciona a Justi\u00e7a para retirar do ar o aplicativo Tratecov, do governo federal","og_description":"Aplicativo tem estimulado uso indevido e equivocado de medicamentos associados ao fraudulento \"tratamento precoce\" contra a Covid-19.","og_url":"https:\/\/psol50.org.br\/psol-aciona-a-justica-para-retirar-do-ar-o-aplicativo-tratecov-do-governo-federal\/","og_site_name":"PSOL 50","article_publisher":"https:\/\/www.facebook.com\/psol50","article_published_time":"2021-01-20T16:07:57+00:00","og_image":[{"width":600,"height":337,"url":"https:\/\/psol50.org.br\/inc\/uploads\/2021\/01\/50696520322_344ef518d0_k-1-600x337-1.jpg","type":"image\/jpeg"}],"author":"Comunica\u00e7\u00e3o PSOL","twitter_card":"summary_large_image","twitter_title":"PSOL aciona a Justi\u00e7a para retirar do ar o aplicativo Tratecov, do governo federal","twitter_description":"Aplicativo tem estimulado uso indevido e equivocado de medicamentos associados ao fraudulento \"tratamento precoce\" contra a Covid-19.","twitter_image":"https:\/\/psol50.org.br\/inc\/uploads\/2021\/01\/50696520322_344ef518d0_k-1-600x337-1.jpg","twitter_creator":"@psol50","twitter_site":"@psol50","twitter_misc":{"Escrito por":"Comunica\u00e7\u00e3o PSOL","Est. tempo de leitura":"2 minutos"},"schema":{"@context":"https:\/\/schema.org","@graph":[{"@type":"Article","@id":"https:\/\/psol50.org.br\/psol-aciona-a-justica-para-retirar-do-ar-o-aplicativo-tratecov-do-governo-federal\/#article","isPartOf":{"@id":"https:\/\/psol50.org.br\/psol-aciona-a-justica-para-retirar-do-ar-o-aplicativo-tratecov-do-governo-federal\/"},"author":{"name":"Comunica\u00e7\u00e3o PSOL","@id":"https:\/\/psol50.org.br\/#\/schema\/person\/475dfa57d0b815993c714c2e96491fcd"},"headline":"PSOL aciona a Justi\u00e7a para retirar do ar o aplicativo Tratecov, do governo federal","datePublished":"2021-01-20T16:07:57+00:00","mainEntityOfPage":{"@id":"https:\/\/psol50.org.br\/psol-aciona-a-justica-para-retirar-do-ar-o-aplicativo-tratecov-do-governo-federal\/"},"wordCount":223,"publisher":{"@id":"https:\/\/psol50.org.br\/#organization"},"image":{"@id":"https:\/\/psol50.org.br\/psol-aciona-a-justica-para-retirar-do-ar-o-aplicativo-tratecov-do-governo-federal\/#primaryimage"},"thumbnailUrl":"https:\/\/psol50.org.br\/inc\/uploads\/2021\/01\/50696520322_344ef518d0_k-1-600x337-1.jpg","keywords":["aplicativo","coronav\u00edrus","covid-19","justi\u00e7a","pandemia","pazuello","PSOL","psolcontraocoronavirus","sa\u00fade","tratecov"],"articleSection":["A\u00e7\u00e3o Parlamentar","Not\u00edcias"],"inLanguage":"pt-BR"},{"@type":"WebPage","@id":"https:\/\/psol50.org.br\/psol-aciona-a-justica-para-retirar-do-ar-o-aplicativo-tratecov-do-governo-federal\/","url":"https:\/\/psol50.org.br\/psol-aciona-a-justica-para-retirar-do-ar-o-aplicativo-tratecov-do-governo-federal\/","name":"PSOL aciona a Justi\u00e7a para retirar do ar o aplicativo Tratecov, do governo federal","isPartOf":{"@id":"https:\/\/psol50.org.br\/#website"},"primaryImageOfPage":{"@id":"https:\/\/psol50.org.br\/psol-aciona-a-justica-para-retirar-do-ar-o-aplicativo-tratecov-do-governo-federal\/#primaryimage"},"image":{"@id":"https:\/\/psol50.org.br\/psol-aciona-a-justica-para-retirar-do-ar-o-aplicativo-tratecov-do-governo-federal\/#primaryimage"},"thumbnailUrl":"https:\/\/psol50.org.br\/inc\/uploads\/2021\/01\/50696520322_344ef518d0_k-1-600x337-1.jpg","datePublished":"2021-01-20T16:07:57+00:00","description":"Aplicativo tem estimulado uso indevido e equivocado de medicamentos associados ao fraudulento \"tratamento precoce\" contra a Covid-19.","breadcrumb":{"@id":"https:\/\/psol50.org.br\/psol-aciona-a-justica-para-retirar-do-ar-o-aplicativo-tratecov-do-governo-federal\/#breadcrumb"},"inLanguage":"pt-BR","potentialAction":[{"@type":"ReadAction","target":["https:\/\/psol50.org.br\/psol-aciona-a-justica-para-retirar-do-ar-o-aplicativo-tratecov-do-governo-federal\/"]}]},{"@type":"ImageObject","inLanguage":"pt-BR","@id":"https:\/\/psol50.org.br\/psol-aciona-a-justica-para-retirar-do-ar-o-aplicativo-tratecov-do-governo-federal\/#primaryimage","url":"https:\/\/psol50.org.br\/inc\/uploads\/2021\/01\/50696520322_344ef518d0_k-1-600x337-1.jpg","contentUrl":"https:\/\/psol50.org.br\/inc\/uploads\/2021\/01\/50696520322_344ef518d0_k-1-600x337-1.jpg","width":600,"height":337},{"@type":"BreadcrumbList","@id":"https:\/\/psol50.org.br\/psol-aciona-a-justica-para-retirar-do-ar-o-aplicativo-tratecov-do-governo-federal\/#breadcrumb","itemListElement":[{"@type":"ListItem","position":1,"name":"In\u00edcio","item":"https:\/\/psol50.org.br\/"},{"@type":"ListItem","position":2,"name":"PSOL aciona a Justi\u00e7a para retirar do ar o aplicativo Tratecov, do governo federal"}]},{"@type":"WebSite","@id":"https:\/\/psol50.org.br\/#website","url":"https:\/\/psol50.org.br\/","name":"PSOL 50","description":"Site oficial do Partido Socialismo e Liberdade","publisher":{"@id":"https:\/\/psol50.org.br\/#organization"},"alternateName":"PSOL50","potentialAction":[{"@type":"SearchAction","target":{"@type":"EntryPoint","urlTemplate":"https:\/\/psol50.org.br\/?s={search_term_string}"},"query-input":{"@type":"PropertyValueSpecification","valueRequired":true,"valueName":"search_term_string"}}],"inLanguage":"pt-BR"},{"@type":"Organization","@id":"https:\/\/psol50.org.br\/#organization","name":"PSOL 50","alternateName":"PSOL 50","url":"https:\/\/psol50.org.br\/","logo":{"@type":"ImageObject","inLanguage":"pt-BR","@id":"https:\/\/psol50.org.br\/#\/schema\/logo\/image\/","url":"https:\/\/psol50.org.br\/inc\/uploads\/2018\/07\/capa.png","contentUrl":"https:\/\/psol50.org.br\/inc\/uploads\/2018\/07\/capa.png","width":1350,"height":900,"caption":"PSOL 50"},"image":{"@id":"https:\/\/psol50.org.br\/#\/schema\/logo\/image\/"},"sameAs":["https:\/\/www.facebook.com\/psol50","https:\/\/x.com\/psol50","https:\/\/www.instagram.com\/psol50\/","https:\/\/www.youtube.com\/channel\/UC7SnJS5o1os7a6CaiNabzcg"]},{"@type":"Person","@id":"https:\/\/psol50.org.br\/#\/schema\/person\/475dfa57d0b815993c714c2e96491fcd","name":"Comunica\u00e7\u00e3o PSOL","image":{"@type":"ImageObject","inLanguage":"pt-BR","@id":"https:\/\/psol50.org.br\/#\/schema\/person\/image\/","url":"https:\/\/secure.gravatar.com\/avatar\/b34fc4f4e468a4e51785917065a3db57b841f5c95dba6ad8c73aaf8f66f8f9bf?s=96&d=mm&r=g","contentUrl":"https:\/\/secure.gravatar.com\/avatar\/b34fc4f4e468a4e51785917065a3db57b841f5c95dba6ad8c73aaf8f66f8f9bf?s=96&d=mm&r=g","caption":"Comunica\u00e7\u00e3o PSOL"}}]}},"_links":{"self":[{"href":"https:\/\/psol50.org.br\/rest\/wp\/v2\/posts\/31754","targetHints":{"allow":["GET"]}}],"collection":[{"href":"https:\/\/psol50.org.br\/rest\/wp\/v2\/posts"}],"about":[{"href":"https:\/\/psol50.org.br\/rest\/wp\/v2\/types\/post"}],"author":[{"embeddable":true,"href":"https:\/\/psol50.org.br\/rest\/wp\/v2\/users\/2"}],"replies":[{"embeddable":true,"href":"https:\/\/psol50.org.br\/rest\/wp\/v2\/comments?post=31754"}],"version-history":[{"count":0,"href":"https:\/\/psol50.org.br\/rest\/wp\/v2\/posts\/31754\/revisions"}],"wp:featuredmedia":[{"embeddable":true,"href":"https:\/\/psol50.org.br\/rest\/wp\/v2\/media\/31757"}],"wp:attachment":[{"href":"https:\/\/psol50.org.br\/rest\/wp\/v2\/media?parent=31754"}],"wp:term":[{"taxonomy":"category","embeddable":true,"href":"https:\/\/psol50.org.br\/rest\/wp\/v2\/categories?post=31754"},{"taxonomy":"post_tag","embeddable":true,"href":"https:\/\/psol50.org.br\/rest\/wp\/v2\/tags?post=31754"}],"curies":[{"name":"wp","href":"https:\/\/api.w.org\/{rel}","templated":true}]}}