{"id":31834,"date":"2021-02-01T11:12:00","date_gmt":"2021-02-01T14:12:00","guid":{"rendered":"https:\/\/psol50.org.br\/?p=31834"},"modified":"2021-02-01T11:12:00","modified_gmt":"2021-02-01T14:12:00","slug":"samara-sosthenes-co-vereadora-do-psol-em-sao-paulo-e-ameacada-com-um-tiro-para-o-alto-em-frente-de-casa","status":"publish","type":"post","link":"https:\/\/psol50.org.br\/samara-sosthenes-co-vereadora-do-psol-em-sao-paulo-e-ameacada-com-um-tiro-para-o-alto-em-frente-de-casa\/","title":{"rendered":"Samara Sosthenes, co-vereadora do PSOL em S\u00e3o Paulo, \u00e9 amea\u00e7ada com um tiro para o alto em frente de casa"},"content":{"rendered":"<p><a href=\"https:\/\/psol50.org.br\/vacinaja\/\" target=\"_blank\" rel=\"noopener\"><img loading=\"lazy\" decoding=\"async\" class=\"size-full wp-image-31535 alignnone\" src=\"https:\/\/psol50.org.br\/inc\/uploads\/2020\/12\/Web-1920-\u2013-1.jpg\" alt=\"\" width=\"1920\" height=\"339\" srcset=\"https:\/\/psol50.org.br\/inc\/uploads\/2020\/12\/Web-1920-\u2013-1.jpg 1920w, https:\/\/psol50.org.br\/inc\/uploads\/2020\/12\/Web-1920-\u2013-1-300x53.jpg 300w, https:\/\/psol50.org.br\/inc\/uploads\/2020\/12\/Web-1920-\u2013-1-1024x181.jpg 1024w, https:\/\/psol50.org.br\/inc\/uploads\/2020\/12\/Web-1920-\u2013-1-768x136.jpg 768w, https:\/\/psol50.org.br\/inc\/uploads\/2020\/12\/Web-1920-\u2013-1-1536x271.jpg 1536w, https:\/\/psol50.org.br\/inc\/uploads\/2020\/12\/Web-1920-\u2013-1-150x26.jpg 150w, https:\/\/psol50.org.br\/inc\/uploads\/2020\/12\/Web-1920-\u2013-1-696x123.jpg 696w, https:\/\/psol50.org.br\/inc\/uploads\/2020\/12\/Web-1920-\u2013-1-1068x189.jpg 1068w\" sizes=\"auto, (max-width: 1920px) 100vw, 1920px\" \/><\/a><\/p>\n<p>A co-vereadora do PSOL em S\u00e3o Paulo pelo mandato coletivo Quilombo Perif\u00e9rico, Samara Sosthenes, foi amea\u00e7ada em sua casa na madrugada do \u00faltimo domingo (31) quando um homem em uma moto efetuou um disparo de arma de fogo para o alto em frente \u00e0 resid\u00eancia onde a parlamentar do partido mora com sua m\u00e3e e seus irm\u00e3os.<\/p>\n<p>A a\u00e7\u00e3o violenta contra mais uma mulher negra e trans eleita pelo PSOL na maior capital da Am\u00e9rica Latina contou com testemunhas e j\u00e1 teve um boletim de ocorr\u00eancia registrado no mesmo dia.<\/p>\n<p>O Quilombo Perif\u00e9rico foi eleito em 2020 com 22.742 votos, sendo um dos seis mandatos parlamentares do PSOL na C\u00e2mara Municipal de S\u00e3o Paulo. Al\u00e9m de Samara Sosthenes, \u00e9 composto por outras cinco lideran\u00e7as negras da cidade: Elaine Mineiro, Erick Ovelha, D\u00e9bora Dias, J\u00falio Cezar e Alex Barcellos.<\/p>\n<h6>N\u00c3O \u00c9 UM CASO ISOLADO<\/h6>\n<p>A amea\u00e7a acontece na mesma semana em que a casa de outra co-vereadora trans do PSOL, Carolina Iara, foi alvejada por dois tiros durante a madrugada. Ela faz parte da Bancada Feminista e tamb\u00e9m registrou boletim de ocorr\u00eancia sobre o caso, al\u00e9m de ter sua seguran\u00e7a pessoal refor\u00e7ada.<\/p>\n<p>No mesmo dia, \u00c9rika Hilton, outra mulher negra e trans eleita pelo PSOL, foi perseguida e amea\u00e7ada nos corredores da C\u00e2mara Municipal de S\u00e3o Paulo. Seu gabinete chegou a ser invadido pelo homem que fez as amea\u00e7as, segundo ele, por estar sendo processado pela vereadora por ofensas racistas nas redes sociais.<\/p>\n<p><a href=\"https:\/\/psol50.org.br\/rendajusta\/\" target=\"_blank\" rel=\"noopener\"><img loading=\"lazy\" decoding=\"async\" class=\"size-full wp-image-30552 alignnone\" src=\"https:\/\/psol50.org.br\/inc\/uploads\/2020\/08\/21-08-2020_LancamentoRendaJusta-2.png\" alt=\"\" width=\"1920\" height=\"383\" srcset=\"https:\/\/psol50.org.br\/inc\/uploads\/2020\/08\/21-08-2020_LancamentoRendaJusta-2.png 1920w, https:\/\/psol50.org.br\/inc\/uploads\/2020\/08\/21-08-2020_LancamentoRendaJusta-2-300x60.png 300w, https:\/\/psol50.org.br\/inc\/uploads\/2020\/08\/21-08-2020_LancamentoRendaJusta-2-1024x204.png 1024w, https:\/\/psol50.org.br\/inc\/uploads\/2020\/08\/21-08-2020_LancamentoRendaJusta-2-768x153.png 768w, https:\/\/psol50.org.br\/inc\/uploads\/2020\/08\/21-08-2020_LancamentoRendaJusta-2-1536x306.png 1536w, https:\/\/psol50.org.br\/inc\/uploads\/2020\/08\/21-08-2020_LancamentoRendaJusta-2-150x30.png 150w, https:\/\/psol50.org.br\/inc\/uploads\/2020\/08\/21-08-2020_LancamentoRendaJusta-2-696x139.png 696w, https:\/\/psol50.org.br\/inc\/uploads\/2020\/08\/21-08-2020_LancamentoRendaJusta-2-1068x213.png 1068w\" sizes=\"auto, (max-width: 1920px) 100vw, 1920px\" \/><\/a><\/p>\n","protected":false},"excerpt":{"rendered":"<p>A co-vereadora do PSOL em S\u00e3o Paulo pelo mandato coletivo Quilombo Perif\u00e9rico, Samara Sosthenes, foi amea\u00e7ada em sua casa na madrugada do \u00faltimo domingo (31) quando um homem em uma moto efetuou um disparo de arma de fogo para o alto em frente \u00e0 resid\u00eancia onde a parlamentar do partido mora com sua m\u00e3e e [&hellip;]<\/p>\n","protected":false},"author":2,"featured_media":31835,"comment_status":"closed","ping_status":"open","sticky":false,"template":"","format":"standard","meta":{"_acf_changed":false,"footnotes":""},"categories":[654,6],"tags":[22,1368,1369,117],"class_list":{"0":"post-31834","1":"post","2":"type-post","3":"status-publish","4":"format-standard","5":"has-post-thumbnail","7":"category-estados","8":"category-noticias","9":"tag-psol","10":"tag-quilombo-periferico","11":"tag-samara-sosthenes","12":"tag-sao-paulo"},"acf":[],"yoast_head":"<!-- This site is optimized with the Yoast SEO plugin v26.5 - https:\/\/yoast.com\/wordpress\/plugins\/seo\/ -->\n<title>Samara Sosthenes, co-vereadora do PSOL em S\u00e3o Paulo, \u00e9 amea\u00e7ada com um tiro para o alto em frente de casa<\/title>\n<meta name=\"description\" content=\"A a\u00e7\u00e3o violenta contra mais uma mulher negra e trans do PSOL contou com testemunhas e j\u00e1 teve um boletim de ocorr\u00eancia registrado.\" \/>\n<meta name=\"robots\" content=\"index, follow, max-snippet:-1, max-image-preview:large, max-video-preview:-1\" \/>\n<link rel=\"canonical\" href=\"https:\/\/psol50.org.br\/samara-sosthenes-co-vereadora-do-psol-em-sao-paulo-e-ameacada-com-um-tiro-para-o-alto-em-frente-de-casa\/\" \/>\n<meta property=\"og:locale\" content=\"pt_BR\" \/>\n<meta property=\"og:type\" content=\"article\" \/>\n<meta property=\"og:title\" content=\"Samara Sosthenes, co-vereadora do PSOL em S\u00e3o Paulo, \u00e9 amea\u00e7ada com um tiro para o alto em frente de casa\" \/>\n<meta property=\"og:description\" content=\"A a\u00e7\u00e3o violenta contra mais uma mulher negra e trans do PSOL contou com testemunhas e j\u00e1 teve um boletim de ocorr\u00eancia registrado.\" \/>\n<meta property=\"og:url\" content=\"https:\/\/psol50.org.br\/samara-sosthenes-co-vereadora-do-psol-em-sao-paulo-e-ameacada-com-um-tiro-para-o-alto-em-frente-de-casa\/\" \/>\n<meta property=\"og:site_name\" content=\"PSOL 50\" \/>\n<meta property=\"article:publisher\" content=\"https:\/\/www.facebook.com\/psol50\" \/>\n<meta property=\"article:published_time\" content=\"2021-02-01T14:12:00+00:00\" \/>\n<meta property=\"og:image\" content=\"https:\/\/psol50.org.br\/inc\/uploads\/2021\/02\/samara_sosthenes_covereadora_psol.jpg\" \/>\n\t<meta property=\"og:image:width\" content=\"508\" \/>\n\t<meta property=\"og:image:height\" content=\"354\" \/>\n\t<meta property=\"og:image:type\" content=\"image\/jpeg\" \/>\n<meta name=\"author\" content=\"Comunica\u00e7\u00e3o PSOL\" \/>\n<meta name=\"twitter:card\" content=\"summary_large_image\" \/>\n<meta name=\"twitter:title\" content=\"Samara Sosthenes, co-vereadora do PSOL em S\u00e3o Paulo, \u00e9 amea\u00e7ada com um tiro para o alto em frente de casa\" \/>\n<meta name=\"twitter:description\" content=\"A a\u00e7\u00e3o violenta contra mais uma mulher negra e trans do PSOL contou com testemunhas e j\u00e1 teve um boletim de ocorr\u00eancia registrado.\" \/>\n<meta name=\"twitter:image\" content=\"https:\/\/psol50.org.br\/inc\/uploads\/2021\/02\/samara_sosthenes_covereadora_psol.jpg\" \/>\n<meta name=\"twitter:creator\" content=\"@psol50\" \/>\n<meta name=\"twitter:site\" content=\"@psol50\" \/>\n<meta name=\"twitter:label1\" content=\"Escrito por\" \/>\n\t<meta name=\"twitter:data1\" content=\"Comunica\u00e7\u00e3o PSOL\" \/>\n\t<meta name=\"twitter:label2\" content=\"Est. tempo de leitura\" \/>\n\t<meta name=\"twitter:data2\" content=\"2 minutos\" \/>\n<script type=\"application\/ld+json\" class=\"yoast-schema-graph\">{\"@context\":\"https:\/\/schema.org\",\"@graph\":[{\"@type\":\"Article\",\"@id\":\"https:\/\/psol50.org.br\/samara-sosthenes-co-vereadora-do-psol-em-sao-paulo-e-ameacada-com-um-tiro-para-o-alto-em-frente-de-casa\/#article\",\"isPartOf\":{\"@id\":\"https:\/\/psol50.org.br\/samara-sosthenes-co-vereadora-do-psol-em-sao-paulo-e-ameacada-com-um-tiro-para-o-alto-em-frente-de-casa\/\"},\"author\":{\"name\":\"Comunica\u00e7\u00e3o PSOL\",\"@id\":\"https:\/\/psol50.org.br\/#\/schema\/person\/475dfa57d0b815993c714c2e96491fcd\"},\"headline\":\"Samara Sosthenes, co-vereadora do PSOL em S\u00e3o Paulo, \u00e9 amea\u00e7ada com um tiro para o alto em frente de casa\",\"datePublished\":\"2021-02-01T14:12:00+00:00\",\"mainEntityOfPage\":{\"@id\":\"https:\/\/psol50.org.br\/samara-sosthenes-co-vereadora-do-psol-em-sao-paulo-e-ameacada-com-um-tiro-para-o-alto-em-frente-de-casa\/\"},\"wordCount\":284,\"publisher\":{\"@id\":\"https:\/\/psol50.org.br\/#organization\"},\"image\":{\"@id\":\"https:\/\/psol50.org.br\/samara-sosthenes-co-vereadora-do-psol-em-sao-paulo-e-ameacada-com-um-tiro-para-o-alto-em-frente-de-casa\/#primaryimage\"},\"thumbnailUrl\":\"https:\/\/psol50.org.br\/inc\/uploads\/2021\/02\/samara_sosthenes_covereadora_psol.jpg\",\"keywords\":[\"PSOL\",\"quilombo perif\u00e9rico\",\"samara sosthenes\",\"S\u00e3o Paulo\"],\"articleSection\":[\"Estados\",\"Not\u00edcias\"],\"inLanguage\":\"pt-BR\"},{\"@type\":\"WebPage\",\"@id\":\"https:\/\/psol50.org.br\/samara-sosthenes-co-vereadora-do-psol-em-sao-paulo-e-ameacada-com-um-tiro-para-o-alto-em-frente-de-casa\/\",\"url\":\"https:\/\/psol50.org.br\/samara-sosthenes-co-vereadora-do-psol-em-sao-paulo-e-ameacada-com-um-tiro-para-o-alto-em-frente-de-casa\/\",\"name\":\"Samara Sosthenes, co-vereadora do PSOL em S\u00e3o Paulo, \u00e9 amea\u00e7ada com um tiro para o alto em frente de casa\",\"isPartOf\":{\"@id\":\"https:\/\/psol50.org.br\/#website\"},\"primaryImageOfPage\":{\"@id\":\"https:\/\/psol50.org.br\/samara-sosthenes-co-vereadora-do-psol-em-sao-paulo-e-ameacada-com-um-tiro-para-o-alto-em-frente-de-casa\/#primaryimage\"},\"image\":{\"@id\":\"https:\/\/psol50.org.br\/samara-sosthenes-co-vereadora-do-psol-em-sao-paulo-e-ameacada-com-um-tiro-para-o-alto-em-frente-de-casa\/#primaryimage\"},\"thumbnailUrl\":\"https:\/\/psol50.org.br\/inc\/uploads\/2021\/02\/samara_sosthenes_covereadora_psol.jpg\",\"datePublished\":\"2021-02-01T14:12:00+00:00\",\"description\":\"A a\u00e7\u00e3o violenta contra mais uma mulher negra e trans do PSOL contou com testemunhas e j\u00e1 teve um boletim de ocorr\u00eancia registrado.\",\"breadcrumb\":{\"@id\":\"https:\/\/psol50.org.br\/samara-sosthenes-co-vereadora-do-psol-em-sao-paulo-e-ameacada-com-um-tiro-para-o-alto-em-frente-de-casa\/#breadcrumb\"},\"inLanguage\":\"pt-BR\",\"potentialAction\":[{\"@type\":\"ReadAction\",\"target\":[\"https:\/\/psol50.org.br\/samara-sosthenes-co-vereadora-do-psol-em-sao-paulo-e-ameacada-com-um-tiro-para-o-alto-em-frente-de-casa\/\"]}]},{\"@type\":\"ImageObject\",\"inLanguage\":\"pt-BR\",\"@id\":\"https:\/\/psol50.org.br\/samara-sosthenes-co-vereadora-do-psol-em-sao-paulo-e-ameacada-com-um-tiro-para-o-alto-em-frente-de-casa\/#primaryimage\",\"url\":\"https:\/\/psol50.org.br\/inc\/uploads\/2021\/02\/samara_sosthenes_covereadora_psol.jpg\",\"contentUrl\":\"https:\/\/psol50.org.br\/inc\/uploads\/2021\/02\/samara_sosthenes_covereadora_psol.jpg\",\"width\":508,\"height\":354},{\"@type\":\"BreadcrumbList\",\"@id\":\"https:\/\/psol50.org.br\/samara-sosthenes-co-vereadora-do-psol-em-sao-paulo-e-ameacada-com-um-tiro-para-o-alto-em-frente-de-casa\/#breadcrumb\",\"itemListElement\":[{\"@type\":\"ListItem\",\"position\":1,\"name\":\"In\u00edcio\",\"item\":\"https:\/\/psol50.org.br\/\"},{\"@type\":\"ListItem\",\"position\":2,\"name\":\"Samara Sosthenes, co-vereadora do PSOL em S\u00e3o Paulo, \u00e9 amea\u00e7ada com um tiro para o alto em frente de casa\"}]},{\"@type\":\"WebSite\",\"@id\":\"https:\/\/psol50.org.br\/#website\",\"url\":\"https:\/\/psol50.org.br\/\",\"name\":\"PSOL 50\",\"description\":\"Site oficial do Partido Socialismo e Liberdade\",\"publisher\":{\"@id\":\"https:\/\/psol50.org.br\/#organization\"},\"alternateName\":\"PSOL50\",\"potentialAction\":[{\"@type\":\"SearchAction\",\"target\":{\"@type\":\"EntryPoint\",\"urlTemplate\":\"https:\/\/psol50.org.br\/?s={search_term_string}\"},\"query-input\":{\"@type\":\"PropertyValueSpecification\",\"valueRequired\":true,\"valueName\":\"search_term_string\"}}],\"inLanguage\":\"pt-BR\"},{\"@type\":\"Organization\",\"@id\":\"https:\/\/psol50.org.br\/#organization\",\"name\":\"PSOL 50\",\"alternateName\":\"PSOL 50\",\"url\":\"https:\/\/psol50.org.br\/\",\"logo\":{\"@type\":\"ImageObject\",\"inLanguage\":\"pt-BR\",\"@id\":\"https:\/\/psol50.org.br\/#\/schema\/logo\/image\/\",\"url\":\"https:\/\/psol50.org.br\/inc\/uploads\/2018\/07\/capa.png\",\"contentUrl\":\"https:\/\/psol50.org.br\/inc\/uploads\/2018\/07\/capa.png\",\"width\":1350,\"height\":900,\"caption\":\"PSOL 50\"},\"image\":{\"@id\":\"https:\/\/psol50.org.br\/#\/schema\/logo\/image\/\"},\"sameAs\":[\"https:\/\/www.facebook.com\/psol50\",\"https:\/\/x.com\/psol50\",\"https:\/\/www.instagram.com\/psol50\/\",\"https:\/\/www.youtube.com\/channel\/UC7SnJS5o1os7a6CaiNabzcg\"]},{\"@type\":\"Person\",\"@id\":\"https:\/\/psol50.org.br\/#\/schema\/person\/475dfa57d0b815993c714c2e96491fcd\",\"name\":\"Comunica\u00e7\u00e3o PSOL\",\"image\":{\"@type\":\"ImageObject\",\"inLanguage\":\"pt-BR\",\"@id\":\"https:\/\/psol50.org.br\/#\/schema\/person\/image\/\",\"url\":\"https:\/\/secure.gravatar.com\/avatar\/b34fc4f4e468a4e51785917065a3db57b841f5c95dba6ad8c73aaf8f66f8f9bf?s=96&d=mm&r=g\",\"contentUrl\":\"https:\/\/secure.gravatar.com\/avatar\/b34fc4f4e468a4e51785917065a3db57b841f5c95dba6ad8c73aaf8f66f8f9bf?s=96&d=mm&r=g\",\"caption\":\"Comunica\u00e7\u00e3o PSOL\"}}]}<\/script>\n<!-- \/ Yoast SEO plugin. -->","yoast_head_json":{"title":"Samara Sosthenes, co-vereadora do PSOL em S\u00e3o Paulo, \u00e9 amea\u00e7ada com um tiro para o alto em frente de casa","description":"A a\u00e7\u00e3o violenta contra mais uma mulher negra e trans do PSOL contou com testemunhas e j\u00e1 teve um boletim de ocorr\u00eancia registrado.","robots":{"index":"index","follow":"follow","max-snippet":"max-snippet:-1","max-image-preview":"max-image-preview:large","max-video-preview":"max-video-preview:-1"},"canonical":"https:\/\/psol50.org.br\/samara-sosthenes-co-vereadora-do-psol-em-sao-paulo-e-ameacada-com-um-tiro-para-o-alto-em-frente-de-casa\/","og_locale":"pt_BR","og_type":"article","og_title":"Samara Sosthenes, co-vereadora do PSOL em S\u00e3o Paulo, \u00e9 amea\u00e7ada com um tiro para o alto em frente de casa","og_description":"A a\u00e7\u00e3o violenta contra mais uma mulher negra e trans do PSOL contou com testemunhas e j\u00e1 teve um boletim de ocorr\u00eancia registrado.","og_url":"https:\/\/psol50.org.br\/samara-sosthenes-co-vereadora-do-psol-em-sao-paulo-e-ameacada-com-um-tiro-para-o-alto-em-frente-de-casa\/","og_site_name":"PSOL 50","article_publisher":"https:\/\/www.facebook.com\/psol50","article_published_time":"2021-02-01T14:12:00+00:00","og_image":[{"width":508,"height":354,"url":"https:\/\/psol50.org.br\/inc\/uploads\/2021\/02\/samara_sosthenes_covereadora_psol.jpg","type":"image\/jpeg"}],"author":"Comunica\u00e7\u00e3o PSOL","twitter_card":"summary_large_image","twitter_title":"Samara Sosthenes, co-vereadora do PSOL em S\u00e3o Paulo, \u00e9 amea\u00e7ada com um tiro para o alto em frente de casa","twitter_description":"A a\u00e7\u00e3o violenta contra mais uma mulher negra e trans do PSOL contou com testemunhas e j\u00e1 teve um boletim de ocorr\u00eancia registrado.","twitter_image":"https:\/\/psol50.org.br\/inc\/uploads\/2021\/02\/samara_sosthenes_covereadora_psol.jpg","twitter_creator":"@psol50","twitter_site":"@psol50","twitter_misc":{"Escrito por":"Comunica\u00e7\u00e3o PSOL","Est. tempo de leitura":"2 minutos"},"schema":{"@context":"https:\/\/schema.org","@graph":[{"@type":"Article","@id":"https:\/\/psol50.org.br\/samara-sosthenes-co-vereadora-do-psol-em-sao-paulo-e-ameacada-com-um-tiro-para-o-alto-em-frente-de-casa\/#article","isPartOf":{"@id":"https:\/\/psol50.org.br\/samara-sosthenes-co-vereadora-do-psol-em-sao-paulo-e-ameacada-com-um-tiro-para-o-alto-em-frente-de-casa\/"},"author":{"name":"Comunica\u00e7\u00e3o PSOL","@id":"https:\/\/psol50.org.br\/#\/schema\/person\/475dfa57d0b815993c714c2e96491fcd"},"headline":"Samara Sosthenes, co-vereadora do PSOL em S\u00e3o Paulo, \u00e9 amea\u00e7ada com um tiro para o alto em frente de casa","datePublished":"2021-02-01T14:12:00+00:00","mainEntityOfPage":{"@id":"https:\/\/psol50.org.br\/samara-sosthenes-co-vereadora-do-psol-em-sao-paulo-e-ameacada-com-um-tiro-para-o-alto-em-frente-de-casa\/"},"wordCount":284,"publisher":{"@id":"https:\/\/psol50.org.br\/#organization"},"image":{"@id":"https:\/\/psol50.org.br\/samara-sosthenes-co-vereadora-do-psol-em-sao-paulo-e-ameacada-com-um-tiro-para-o-alto-em-frente-de-casa\/#primaryimage"},"thumbnailUrl":"https:\/\/psol50.org.br\/inc\/uploads\/2021\/02\/samara_sosthenes_covereadora_psol.jpg","keywords":["PSOL","quilombo perif\u00e9rico","samara sosthenes","S\u00e3o Paulo"],"articleSection":["Estados","Not\u00edcias"],"inLanguage":"pt-BR"},{"@type":"WebPage","@id":"https:\/\/psol50.org.br\/samara-sosthenes-co-vereadora-do-psol-em-sao-paulo-e-ameacada-com-um-tiro-para-o-alto-em-frente-de-casa\/","url":"https:\/\/psol50.org.br\/samara-sosthenes-co-vereadora-do-psol-em-sao-paulo-e-ameacada-com-um-tiro-para-o-alto-em-frente-de-casa\/","name":"Samara Sosthenes, co-vereadora do PSOL em S\u00e3o Paulo, \u00e9 amea\u00e7ada com um tiro para o alto em frente de casa","isPartOf":{"@id":"https:\/\/psol50.org.br\/#website"},"primaryImageOfPage":{"@id":"https:\/\/psol50.org.br\/samara-sosthenes-co-vereadora-do-psol-em-sao-paulo-e-ameacada-com-um-tiro-para-o-alto-em-frente-de-casa\/#primaryimage"},"image":{"@id":"https:\/\/psol50.org.br\/samara-sosthenes-co-vereadora-do-psol-em-sao-paulo-e-ameacada-com-um-tiro-para-o-alto-em-frente-de-casa\/#primaryimage"},"thumbnailUrl":"https:\/\/psol50.org.br\/inc\/uploads\/2021\/02\/samara_sosthenes_covereadora_psol.jpg","datePublished":"2021-02-01T14:12:00+00:00","description":"A a\u00e7\u00e3o violenta contra mais uma mulher negra e trans do PSOL contou com testemunhas e j\u00e1 teve um boletim de ocorr\u00eancia registrado.","breadcrumb":{"@id":"https:\/\/psol50.org.br\/samara-sosthenes-co-vereadora-do-psol-em-sao-paulo-e-ameacada-com-um-tiro-para-o-alto-em-frente-de-casa\/#breadcrumb"},"inLanguage":"pt-BR","potentialAction":[{"@type":"ReadAction","target":["https:\/\/psol50.org.br\/samara-sosthenes-co-vereadora-do-psol-em-sao-paulo-e-ameacada-com-um-tiro-para-o-alto-em-frente-de-casa\/"]}]},{"@type":"ImageObject","inLanguage":"pt-BR","@id":"https:\/\/psol50.org.br\/samara-sosthenes-co-vereadora-do-psol-em-sao-paulo-e-ameacada-com-um-tiro-para-o-alto-em-frente-de-casa\/#primaryimage","url":"https:\/\/psol50.org.br\/inc\/uploads\/2021\/02\/samara_sosthenes_covereadora_psol.jpg","contentUrl":"https:\/\/psol50.org.br\/inc\/uploads\/2021\/02\/samara_sosthenes_covereadora_psol.jpg","width":508,"height":354},{"@type":"BreadcrumbList","@id":"https:\/\/psol50.org.br\/samara-sosthenes-co-vereadora-do-psol-em-sao-paulo-e-ameacada-com-um-tiro-para-o-alto-em-frente-de-casa\/#breadcrumb","itemListElement":[{"@type":"ListItem","position":1,"name":"In\u00edcio","item":"https:\/\/psol50.org.br\/"},{"@type":"ListItem","position":2,"name":"Samara Sosthenes, co-vereadora do PSOL em S\u00e3o Paulo, \u00e9 amea\u00e7ada com um tiro para o alto em frente de casa"}]},{"@type":"WebSite","@id":"https:\/\/psol50.org.br\/#website","url":"https:\/\/psol50.org.br\/","name":"PSOL 50","description":"Site oficial do Partido Socialismo e Liberdade","publisher":{"@id":"https:\/\/psol50.org.br\/#organization"},"alternateName":"PSOL50","potentialAction":[{"@type":"SearchAction","target":{"@type":"EntryPoint","urlTemplate":"https:\/\/psol50.org.br\/?s={search_term_string}"},"query-input":{"@type":"PropertyValueSpecification","valueRequired":true,"valueName":"search_term_string"}}],"inLanguage":"pt-BR"},{"@type":"Organization","@id":"https:\/\/psol50.org.br\/#organization","name":"PSOL 50","alternateName":"PSOL 50","url":"https:\/\/psol50.org.br\/","logo":{"@type":"ImageObject","inLanguage":"pt-BR","@id":"https:\/\/psol50.org.br\/#\/schema\/logo\/image\/","url":"https:\/\/psol50.org.br\/inc\/uploads\/2018\/07\/capa.png","contentUrl":"https:\/\/psol50.org.br\/inc\/uploads\/2018\/07\/capa.png","width":1350,"height":900,"caption":"PSOL 50"},"image":{"@id":"https:\/\/psol50.org.br\/#\/schema\/logo\/image\/"},"sameAs":["https:\/\/www.facebook.com\/psol50","https:\/\/x.com\/psol50","https:\/\/www.instagram.com\/psol50\/","https:\/\/www.youtube.com\/channel\/UC7SnJS5o1os7a6CaiNabzcg"]},{"@type":"Person","@id":"https:\/\/psol50.org.br\/#\/schema\/person\/475dfa57d0b815993c714c2e96491fcd","name":"Comunica\u00e7\u00e3o PSOL","image":{"@type":"ImageObject","inLanguage":"pt-BR","@id":"https:\/\/psol50.org.br\/#\/schema\/person\/image\/","url":"https:\/\/secure.gravatar.com\/avatar\/b34fc4f4e468a4e51785917065a3db57b841f5c95dba6ad8c73aaf8f66f8f9bf?s=96&d=mm&r=g","contentUrl":"https:\/\/secure.gravatar.com\/avatar\/b34fc4f4e468a4e51785917065a3db57b841f5c95dba6ad8c73aaf8f66f8f9bf?s=96&d=mm&r=g","caption":"Comunica\u00e7\u00e3o PSOL"}}]}},"_links":{"self":[{"href":"https:\/\/psol50.org.br\/rest\/wp\/v2\/posts\/31834","targetHints":{"allow":["GET"]}}],"collection":[{"href":"https:\/\/psol50.org.br\/rest\/wp\/v2\/posts"}],"about":[{"href":"https:\/\/psol50.org.br\/rest\/wp\/v2\/types\/post"}],"author":[{"embeddable":true,"href":"https:\/\/psol50.org.br\/rest\/wp\/v2\/users\/2"}],"replies":[{"embeddable":true,"href":"https:\/\/psol50.org.br\/rest\/wp\/v2\/comments?post=31834"}],"version-history":[{"count":0,"href":"https:\/\/psol50.org.br\/rest\/wp\/v2\/posts\/31834\/revisions"}],"wp:featuredmedia":[{"embeddable":true,"href":"https:\/\/psol50.org.br\/rest\/wp\/v2\/media\/31835"}],"wp:attachment":[{"href":"https:\/\/psol50.org.br\/rest\/wp\/v2\/media?parent=31834"}],"wp:term":[{"taxonomy":"category","embeddable":true,"href":"https:\/\/psol50.org.br\/rest\/wp\/v2\/categories?post=31834"},{"taxonomy":"post_tag","embeddable":true,"href":"https:\/\/psol50.org.br\/rest\/wp\/v2\/tags?post=31834"}],"curies":[{"name":"wp","href":"https:\/\/api.w.org\/{rel}","templated":true}]}}