{"id":3185,"date":"2015-03-12T00:00:00","date_gmt":"2015-03-12T17:48:49","guid":{"rendered":"http:\/\/psol50.org.br\/arquivo\/2015\/03\/12\/impunidade-da-violencia-no-campo-reflete-falencia-dos-orgaos-de-justica-afirma-cpt\/"},"modified":"2015-03-12T00:00:00","modified_gmt":"2015-03-12T17:48:49","slug":"impunidade-da-violencia-no-campo-reflete-falencia-dos-orgaos-de-justica-afirma-cpt","status":"publish","type":"post","link":"https:\/\/psol50.org.br\/impunidade-da-violencia-no-campo-reflete-falencia-dos-orgaos-de-justica-afirma-cpt\/","title":{"rendered":"Impunidade da viol\u00eancia no campo reflete fal\u00eancia dos \u00f3rg\u00e3os de justi\u00e7a, afirma CPT"},"content":{"rendered":"<p style=\"text-align: justify;\">\n\t<span style=\"font-family:arial,helvetica,sans-serif;\"><span style=\"font-size: 12px;\">A Comiss\u00e3o Pastoral da Terra (CPT) publicou em recente relat\u00f3rio dados sobre a viol\u00eancia no campo no Brasil, entre o per\u00edodo de 1985 e 2013. Intitulada &#8220;Assassinatos e Julgamentos\u201d, a pesquisa revela que, dos 1.270 casos de homic\u00eddios registrados no pa\u00eds durante esse per\u00edodo, menos de 10% foram a julgamento, com 28 mandantes e 86 executores condenados. As mortes de 1.680 v\u00edtimas, com apenas 108 julgamentos realizados, sinalizam a impunidade do sistema brasileiro.<br \/>\n\t&nbsp;<br \/>\n\tPara o advogado da CPT em Marab\u00e1, Jos\u00e9 Afonso Batista, em entrevista \u00e0 Adital, os dados atestam a fal\u00eancia dos \u00f3rg\u00e3os da justi\u00e7a quando se trata de apurar a responsabilidade dos crimes praticados contra as popula\u00e7\u00f5es camponesas. &#8220;Esse estado de impunidade estimula a continuidade da viol\u00eancia. Quem decide pela morte de algu\u00e9m (mandante) e quem assina o contrato da execu\u00e7\u00e3o (pistoleiro), quando beneficiado pela impunidade, continuar\u00e1 pensando que o crime compensa\u201d.<br \/>\n\t&nbsp;<br \/>\n\tBatista avalia que a perman\u00eancia da viol\u00eancia no campo no Brasil est\u00e1 associada a algumas causas, entre elas a concentra\u00e7\u00e3o da terra, a aus\u00eancia de uma pol\u00edtica de reforma agr\u00e1ria e o modelo de desenvolvimento imposto para o campo, que acaba privilegiando o agroneg\u00f3cio e marginalizando os agricultores familiares, sem terra, ind\u00edgenas, comunidades tradicionais. A impunidade dos crimes praticados contra os camponeses e suas lideran\u00e7as e contra o meio ambiente tamb\u00e9m contribui para que se perdure a viol\u00eancia.<br \/>\n\t&nbsp;<br \/>\n\tO relat\u00f3rio da CPT aponta que as regi\u00f5es Norte e Nordeste lideram as estat\u00edsticas de viol\u00eancia no campo, com 840 e 424 mortes, respectivamente. No Norte, 33 casos foram a julgamento e, no Nordeste, 21. O Par\u00e1 \u00e9 o estado com maior n\u00famero de assassinatos em conflitos de terra no pa\u00eds. Foram 429 casos, com 645 v\u00edtimas e apenas 32 condenados. Em seguida, destaca-se o Estado do Maranh\u00e3o, com 128 casos, 138 v\u00edtimas e somente dois executores condenados.<br \/>\n\t&nbsp;<br \/>\n\tNa regi\u00e3o Centro-Oeste, o Mato Grosso \u00e9 o estado com maior n\u00famero de v\u00edtimas fatais (119). Dos 76 casos registrados, apenas tr\u00eas foram a julgamento, com a condena\u00e7\u00e3o de um mandante. A regi\u00e3o Sul foi a de menor ocorr\u00eancia registrada, com 66 casos, oito julgamentos e oito condenados. Na regi\u00e3o Sudeste, foram registradas 158 mortes, 34 julgamentos e 30 condenados. Minas Gerais \u00e9 o estado que mais julgou e condenou os respons\u00e1veis pelos homic\u00eddios no campo ocorridos no pa\u00eds. Dos 68 casos registrados (em um total de 89 v\u00edtimas fatais), 25 foram a julgamento, o que representa um \u00edndice de 36,7%; 26 pessoas foram condenadas.<br \/>\n\t&nbsp;<br \/>\n\tDentre todos os estados, o contexto de viol\u00eancia no Par\u00e1 \u00e9 o mais preocupante. Na pesquisa da CPT, o estado responde por 33,7% das mortes em conflitos de terra no pa\u00eds. A regi\u00e3o est\u00e1 localizada na zona de expans\u00e3o da fronteira do agroneg\u00f3cio e dos grandes projetos em dire\u00e7\u00e3o a Amaz\u00f4nia. Batista esclarece que o avan\u00e7o da pecu\u00e1ria extensiva, dos monocultivos, da explora\u00e7\u00e3o madeireira e da minera\u00e7\u00e3o, provoca conflitos com as popula\u00e7\u00f5es que j\u00e1 residem na regi\u00e3o h\u00e1 d\u00e9cadas e s\u00e9culos (ind\u00edgenas, posseiros, ribeirinhos), resultando em viol\u00eancia contra esses povos. Por outro lado, para viabilizar esses empreendimentos, o governo tem investido em grandes obras de infraestrutura e gera\u00e7\u00e3o de energia, tamb\u00e9m, com impactos violentos. Esse conjunto de grandes obras, associado a uma propaganda de gera\u00e7\u00e3o de empregos, tem atra\u00eddo milhares de fam\u00edlias a cada ano para o entorno dos projetos. &#8220;A maioria absoluta desses migrantes n\u00e3o encontra o emprego prometido, sem alternativas, acaba ingressando em um movimento de ocupa\u00e7\u00e3o de propriedades rurais ou urbanas. Nesse processo, muitos acabam sendo v\u00edtimas de variadas formas de viol\u00eancia. O contexto torna o Estado do Par\u00e1 campe\u00e3o em viola\u00e7\u00f5es de direitos humanos no campo\u201d, assinala Batista.<br \/>\n\t&nbsp;<br \/>\n\tDe acordo com o <a href=\"ftp:\/\/ftp.ibge.gov.br\/Censos\/Censo_Agropecuario_2006\/Segunda_Apuracao\/censoagro2006_2aapuracao.pdf\">Censo Agropecu\u00e1rio de 2006 do Instituto Brasileiro de Estat\u00edstica (IBGE)<\/a>, o Brasil ainda apresenta uma estrutura agr\u00e1ria concentrada. Foram identificados 4.367.902 estabelecimentos de agricultores familiares, o que representa 84,4% dos estabelecimentos brasileiros. Este contingente de agricultores familiares ocupa uma \u00e1rea de 80,25 milh\u00f5es de hectares, ou seja, 24,3% da \u00e1rea ocupada pelos estabelecimentos agropecu\u00e1rios brasileiros. Os estabelecimentos n\u00e3o familiares, apesar de representarem 15,6% do total dos estabelecimentos, abrangem 75,7% da \u00e1rea ocupada. A \u00e1rea m\u00e9dia dos estabelecimentos familiares \u00e9 de 18,37 hectares, e a dos n\u00e3o familiares, de 309,18 hectare.<br \/>\n\t&nbsp;<br \/>\n\tBatista aponta como medidas para atenuar o atual quadro de viol\u00eancia no campo: reconfigurar a estrutura agr\u00e1ria brasileira atrav\u00e9s de pol\u00edticas de democratiza\u00e7\u00e3o do acesso \u00e0 terra; priorizar investimentos na agricultura familiar, demarcar as terras ind\u00edgenas, de ribeirinhas e quilombolas; ampliar e fiscalizar as \u00e1reas de preserva\u00e7\u00e3o ambiental, unidades de conserva\u00e7\u00e3o e alterar o atual modelo de desenvolvimento rural centrado na grande propriedade e no agroneg\u00f3cio. &#8220;Mais do que atuar na repress\u00e3o de todos os crimes, apurando e condenando todos os envolvidos, \u00e9 preciso enfrentar as causas que geram a viol\u00eancia.\u201d, conclui o advogado.<\/span><\/span><\/p>\n","protected":false},"excerpt":{"rendered":"<p>A Comiss\u00e3o Pastoral da Terra (CPT) publicou em recente relat\u00f3rio dados sobre a viol\u00eancia no campo no Brasil, entre o per\u00edodo de 1985 e 2013. Intitulada &#8220;Assassinatos e Julgamentos\u201d, a pesquisa revela que, dos 1.270 casos de homic\u00eddios registrados no pa\u00eds durante esse per\u00edodo, menos de 10% foram a julgamento, com 28 mandantes e 86 [&hellip;]<\/p>\n","protected":false},"author":2,"featured_media":0,"comment_status":"open","ping_status":"open","sticky":false,"template":"","format":"standard","meta":{"_acf_changed":false,"footnotes":""},"categories":[6],"tags":[],"class_list":{"0":"post-3185","1":"post","2":"type-post","3":"status-publish","4":"format-standard","6":"category-noticias"},"acf":[],"yoast_head":"<!-- This site is optimized with the Yoast SEO plugin v26.5 - https:\/\/yoast.com\/wordpress\/plugins\/seo\/ -->\n<title>Impunidade da viol\u00eancia no campo reflete fal\u00eancia dos \u00f3rg\u00e3os de justi\u00e7a, afirma CPT - PSOL 50<\/title>\n<meta name=\"robots\" content=\"index, follow, max-snippet:-1, max-image-preview:large, max-video-preview:-1\" \/>\n<link rel=\"canonical\" href=\"https:\/\/psol50.org.br\/impunidade-da-violencia-no-campo-reflete-falencia-dos-orgaos-de-justica-afirma-cpt\/\" \/>\n<meta property=\"og:locale\" content=\"pt_BR\" \/>\n<meta property=\"og:type\" content=\"article\" \/>\n<meta property=\"og:title\" content=\"Impunidade da viol\u00eancia no campo reflete fal\u00eancia dos \u00f3rg\u00e3os de justi\u00e7a, afirma CPT - PSOL 50\" \/>\n<meta property=\"og:description\" content=\"A Comiss\u00e3o Pastoral da Terra (CPT) publicou em recente relat\u00f3rio dados sobre a viol\u00eancia no campo no Brasil, entre o per\u00edodo de 1985 e 2013. Intitulada &#8220;Assassinatos e Julgamentos\u201d, a pesquisa revela que, dos 1.270 casos de homic\u00eddios registrados no pa\u00eds durante esse per\u00edodo, menos de 10% foram a julgamento, com 28 mandantes e 86 [&hellip;]\" \/>\n<meta property=\"og:url\" content=\"https:\/\/psol50.org.br\/impunidade-da-violencia-no-campo-reflete-falencia-dos-orgaos-de-justica-afirma-cpt\/\" \/>\n<meta property=\"og:site_name\" content=\"PSOL 50\" \/>\n<meta property=\"article:publisher\" content=\"https:\/\/www.facebook.com\/psol50\" \/>\n<meta property=\"article:published_time\" content=\"2015-03-12T17:48:49+00:00\" \/>\n<meta property=\"og:image\" content=\"https:\/\/psol50.org.br\/inc\/uploads\/2018\/07\/capa.png\" \/>\n\t<meta property=\"og:image:width\" content=\"1350\" \/>\n\t<meta property=\"og:image:height\" content=\"900\" \/>\n\t<meta property=\"og:image:type\" content=\"image\/png\" \/>\n<meta name=\"author\" content=\"Comunica\u00e7\u00e3o PSOL\" \/>\n<meta name=\"twitter:card\" content=\"summary_large_image\" \/>\n<meta name=\"twitter:creator\" content=\"@psol50\" \/>\n<meta name=\"twitter:site\" content=\"@psol50\" \/>\n<meta name=\"twitter:label1\" content=\"Escrito por\" \/>\n\t<meta name=\"twitter:data1\" content=\"Comunica\u00e7\u00e3o PSOL\" \/>\n\t<meta name=\"twitter:label2\" content=\"Est. tempo de leitura\" \/>\n\t<meta name=\"twitter:data2\" content=\"4 minutos\" \/>\n<script type=\"application\/ld+json\" class=\"yoast-schema-graph\">{\"@context\":\"https:\/\/schema.org\",\"@graph\":[{\"@type\":\"Article\",\"@id\":\"https:\/\/psol50.org.br\/impunidade-da-violencia-no-campo-reflete-falencia-dos-orgaos-de-justica-afirma-cpt\/#article\",\"isPartOf\":{\"@id\":\"https:\/\/psol50.org.br\/impunidade-da-violencia-no-campo-reflete-falencia-dos-orgaos-de-justica-afirma-cpt\/\"},\"author\":{\"name\":\"Comunica\u00e7\u00e3o PSOL\",\"@id\":\"https:\/\/psol50.org.br\/#\/schema\/person\/475dfa57d0b815993c714c2e96491fcd\"},\"headline\":\"Impunidade da viol\u00eancia no campo reflete fal\u00eancia dos \u00f3rg\u00e3os de justi\u00e7a, afirma CPT\",\"datePublished\":\"2015-03-12T17:48:49+00:00\",\"mainEntityOfPage\":{\"@id\":\"https:\/\/psol50.org.br\/impunidade-da-violencia-no-campo-reflete-falencia-dos-orgaos-de-justica-afirma-cpt\/\"},\"wordCount\":857,\"commentCount\":0,\"publisher\":{\"@id\":\"https:\/\/psol50.org.br\/#organization\"},\"articleSection\":[\"Not\u00edcias\"],\"inLanguage\":\"pt-BR\",\"potentialAction\":[{\"@type\":\"CommentAction\",\"name\":\"Comment\",\"target\":[\"https:\/\/psol50.org.br\/impunidade-da-violencia-no-campo-reflete-falencia-dos-orgaos-de-justica-afirma-cpt\/#respond\"]}]},{\"@type\":\"WebPage\",\"@id\":\"https:\/\/psol50.org.br\/impunidade-da-violencia-no-campo-reflete-falencia-dos-orgaos-de-justica-afirma-cpt\/\",\"url\":\"https:\/\/psol50.org.br\/impunidade-da-violencia-no-campo-reflete-falencia-dos-orgaos-de-justica-afirma-cpt\/\",\"name\":\"Impunidade da viol\u00eancia no campo reflete fal\u00eancia dos \u00f3rg\u00e3os de justi\u00e7a, afirma CPT - PSOL 50\",\"isPartOf\":{\"@id\":\"https:\/\/psol50.org.br\/#website\"},\"datePublished\":\"2015-03-12T17:48:49+00:00\",\"breadcrumb\":{\"@id\":\"https:\/\/psol50.org.br\/impunidade-da-violencia-no-campo-reflete-falencia-dos-orgaos-de-justica-afirma-cpt\/#breadcrumb\"},\"inLanguage\":\"pt-BR\",\"potentialAction\":[{\"@type\":\"ReadAction\",\"target\":[\"https:\/\/psol50.org.br\/impunidade-da-violencia-no-campo-reflete-falencia-dos-orgaos-de-justica-afirma-cpt\/\"]}]},{\"@type\":\"BreadcrumbList\",\"@id\":\"https:\/\/psol50.org.br\/impunidade-da-violencia-no-campo-reflete-falencia-dos-orgaos-de-justica-afirma-cpt\/#breadcrumb\",\"itemListElement\":[{\"@type\":\"ListItem\",\"position\":1,\"name\":\"In\u00edcio\",\"item\":\"https:\/\/psol50.org.br\/\"},{\"@type\":\"ListItem\",\"position\":2,\"name\":\"Impunidade da viol\u00eancia no campo reflete fal\u00eancia dos \u00f3rg\u00e3os de justi\u00e7a, afirma CPT\"}]},{\"@type\":\"WebSite\",\"@id\":\"https:\/\/psol50.org.br\/#website\",\"url\":\"https:\/\/psol50.org.br\/\",\"name\":\"PSOL 50\",\"description\":\"Site oficial do Partido Socialismo e Liberdade\",\"publisher\":{\"@id\":\"https:\/\/psol50.org.br\/#organization\"},\"alternateName\":\"PSOL50\",\"potentialAction\":[{\"@type\":\"SearchAction\",\"target\":{\"@type\":\"EntryPoint\",\"urlTemplate\":\"https:\/\/psol50.org.br\/?s={search_term_string}\"},\"query-input\":{\"@type\":\"PropertyValueSpecification\",\"valueRequired\":true,\"valueName\":\"search_term_string\"}}],\"inLanguage\":\"pt-BR\"},{\"@type\":\"Organization\",\"@id\":\"https:\/\/psol50.org.br\/#organization\",\"name\":\"PSOL 50\",\"alternateName\":\"PSOL 50\",\"url\":\"https:\/\/psol50.org.br\/\",\"logo\":{\"@type\":\"ImageObject\",\"inLanguage\":\"pt-BR\",\"@id\":\"https:\/\/psol50.org.br\/#\/schema\/logo\/image\/\",\"url\":\"https:\/\/psol50.org.br\/inc\/uploads\/2018\/07\/capa.png\",\"contentUrl\":\"https:\/\/psol50.org.br\/inc\/uploads\/2018\/07\/capa.png\",\"width\":1350,\"height\":900,\"caption\":\"PSOL 50\"},\"image\":{\"@id\":\"https:\/\/psol50.org.br\/#\/schema\/logo\/image\/\"},\"sameAs\":[\"https:\/\/www.facebook.com\/psol50\",\"https:\/\/x.com\/psol50\",\"https:\/\/www.instagram.com\/psol50\/\",\"https:\/\/www.youtube.com\/channel\/UC7SnJS5o1os7a6CaiNabzcg\"]},{\"@type\":\"Person\",\"@id\":\"https:\/\/psol50.org.br\/#\/schema\/person\/475dfa57d0b815993c714c2e96491fcd\",\"name\":\"Comunica\u00e7\u00e3o PSOL\",\"image\":{\"@type\":\"ImageObject\",\"inLanguage\":\"pt-BR\",\"@id\":\"https:\/\/psol50.org.br\/#\/schema\/person\/image\/\",\"url\":\"https:\/\/secure.gravatar.com\/avatar\/b34fc4f4e468a4e51785917065a3db57b841f5c95dba6ad8c73aaf8f66f8f9bf?s=96&d=mm&r=g\",\"contentUrl\":\"https:\/\/secure.gravatar.com\/avatar\/b34fc4f4e468a4e51785917065a3db57b841f5c95dba6ad8c73aaf8f66f8f9bf?s=96&d=mm&r=g\",\"caption\":\"Comunica\u00e7\u00e3o PSOL\"}}]}<\/script>\n<!-- \/ Yoast SEO plugin. -->","yoast_head_json":{"title":"Impunidade da viol\u00eancia no campo reflete fal\u00eancia dos \u00f3rg\u00e3os de justi\u00e7a, afirma CPT - PSOL 50","robots":{"index":"index","follow":"follow","max-snippet":"max-snippet:-1","max-image-preview":"max-image-preview:large","max-video-preview":"max-video-preview:-1"},"canonical":"https:\/\/psol50.org.br\/impunidade-da-violencia-no-campo-reflete-falencia-dos-orgaos-de-justica-afirma-cpt\/","og_locale":"pt_BR","og_type":"article","og_title":"Impunidade da viol\u00eancia no campo reflete fal\u00eancia dos \u00f3rg\u00e3os de justi\u00e7a, afirma CPT - PSOL 50","og_description":"A Comiss\u00e3o Pastoral da Terra (CPT) publicou em recente relat\u00f3rio dados sobre a viol\u00eancia no campo no Brasil, entre o per\u00edodo de 1985 e 2013. Intitulada &#8220;Assassinatos e Julgamentos\u201d, a pesquisa revela que, dos 1.270 casos de homic\u00eddios registrados no pa\u00eds durante esse per\u00edodo, menos de 10% foram a julgamento, com 28 mandantes e 86 [&hellip;]","og_url":"https:\/\/psol50.org.br\/impunidade-da-violencia-no-campo-reflete-falencia-dos-orgaos-de-justica-afirma-cpt\/","og_site_name":"PSOL 50","article_publisher":"https:\/\/www.facebook.com\/psol50","article_published_time":"2015-03-12T17:48:49+00:00","og_image":[{"width":1350,"height":900,"url":"https:\/\/psol50.org.br\/inc\/uploads\/2018\/07\/capa.png","type":"image\/png"}],"author":"Comunica\u00e7\u00e3o PSOL","twitter_card":"summary_large_image","twitter_creator":"@psol50","twitter_site":"@psol50","twitter_misc":{"Escrito por":"Comunica\u00e7\u00e3o PSOL","Est. tempo de leitura":"4 minutos"},"schema":{"@context":"https:\/\/schema.org","@graph":[{"@type":"Article","@id":"https:\/\/psol50.org.br\/impunidade-da-violencia-no-campo-reflete-falencia-dos-orgaos-de-justica-afirma-cpt\/#article","isPartOf":{"@id":"https:\/\/psol50.org.br\/impunidade-da-violencia-no-campo-reflete-falencia-dos-orgaos-de-justica-afirma-cpt\/"},"author":{"name":"Comunica\u00e7\u00e3o PSOL","@id":"https:\/\/psol50.org.br\/#\/schema\/person\/475dfa57d0b815993c714c2e96491fcd"},"headline":"Impunidade da viol\u00eancia no campo reflete fal\u00eancia dos \u00f3rg\u00e3os de justi\u00e7a, afirma CPT","datePublished":"2015-03-12T17:48:49+00:00","mainEntityOfPage":{"@id":"https:\/\/psol50.org.br\/impunidade-da-violencia-no-campo-reflete-falencia-dos-orgaos-de-justica-afirma-cpt\/"},"wordCount":857,"commentCount":0,"publisher":{"@id":"https:\/\/psol50.org.br\/#organization"},"articleSection":["Not\u00edcias"],"inLanguage":"pt-BR","potentialAction":[{"@type":"CommentAction","name":"Comment","target":["https:\/\/psol50.org.br\/impunidade-da-violencia-no-campo-reflete-falencia-dos-orgaos-de-justica-afirma-cpt\/#respond"]}]},{"@type":"WebPage","@id":"https:\/\/psol50.org.br\/impunidade-da-violencia-no-campo-reflete-falencia-dos-orgaos-de-justica-afirma-cpt\/","url":"https:\/\/psol50.org.br\/impunidade-da-violencia-no-campo-reflete-falencia-dos-orgaos-de-justica-afirma-cpt\/","name":"Impunidade da viol\u00eancia no campo reflete fal\u00eancia dos \u00f3rg\u00e3os de justi\u00e7a, afirma CPT - PSOL 50","isPartOf":{"@id":"https:\/\/psol50.org.br\/#website"},"datePublished":"2015-03-12T17:48:49+00:00","breadcrumb":{"@id":"https:\/\/psol50.org.br\/impunidade-da-violencia-no-campo-reflete-falencia-dos-orgaos-de-justica-afirma-cpt\/#breadcrumb"},"inLanguage":"pt-BR","potentialAction":[{"@type":"ReadAction","target":["https:\/\/psol50.org.br\/impunidade-da-violencia-no-campo-reflete-falencia-dos-orgaos-de-justica-afirma-cpt\/"]}]},{"@type":"BreadcrumbList","@id":"https:\/\/psol50.org.br\/impunidade-da-violencia-no-campo-reflete-falencia-dos-orgaos-de-justica-afirma-cpt\/#breadcrumb","itemListElement":[{"@type":"ListItem","position":1,"name":"In\u00edcio","item":"https:\/\/psol50.org.br\/"},{"@type":"ListItem","position":2,"name":"Impunidade da viol\u00eancia no campo reflete fal\u00eancia dos \u00f3rg\u00e3os de justi\u00e7a, afirma CPT"}]},{"@type":"WebSite","@id":"https:\/\/psol50.org.br\/#website","url":"https:\/\/psol50.org.br\/","name":"PSOL 50","description":"Site oficial do Partido Socialismo e Liberdade","publisher":{"@id":"https:\/\/psol50.org.br\/#organization"},"alternateName":"PSOL50","potentialAction":[{"@type":"SearchAction","target":{"@type":"EntryPoint","urlTemplate":"https:\/\/psol50.org.br\/?s={search_term_string}"},"query-input":{"@type":"PropertyValueSpecification","valueRequired":true,"valueName":"search_term_string"}}],"inLanguage":"pt-BR"},{"@type":"Organization","@id":"https:\/\/psol50.org.br\/#organization","name":"PSOL 50","alternateName":"PSOL 50","url":"https:\/\/psol50.org.br\/","logo":{"@type":"ImageObject","inLanguage":"pt-BR","@id":"https:\/\/psol50.org.br\/#\/schema\/logo\/image\/","url":"https:\/\/psol50.org.br\/inc\/uploads\/2018\/07\/capa.png","contentUrl":"https:\/\/psol50.org.br\/inc\/uploads\/2018\/07\/capa.png","width":1350,"height":900,"caption":"PSOL 50"},"image":{"@id":"https:\/\/psol50.org.br\/#\/schema\/logo\/image\/"},"sameAs":["https:\/\/www.facebook.com\/psol50","https:\/\/x.com\/psol50","https:\/\/www.instagram.com\/psol50\/","https:\/\/www.youtube.com\/channel\/UC7SnJS5o1os7a6CaiNabzcg"]},{"@type":"Person","@id":"https:\/\/psol50.org.br\/#\/schema\/person\/475dfa57d0b815993c714c2e96491fcd","name":"Comunica\u00e7\u00e3o PSOL","image":{"@type":"ImageObject","inLanguage":"pt-BR","@id":"https:\/\/psol50.org.br\/#\/schema\/person\/image\/","url":"https:\/\/secure.gravatar.com\/avatar\/b34fc4f4e468a4e51785917065a3db57b841f5c95dba6ad8c73aaf8f66f8f9bf?s=96&d=mm&r=g","contentUrl":"https:\/\/secure.gravatar.com\/avatar\/b34fc4f4e468a4e51785917065a3db57b841f5c95dba6ad8c73aaf8f66f8f9bf?s=96&d=mm&r=g","caption":"Comunica\u00e7\u00e3o PSOL"}}]}},"_links":{"self":[{"href":"https:\/\/psol50.org.br\/rest\/wp\/v2\/posts\/3185","targetHints":{"allow":["GET"]}}],"collection":[{"href":"https:\/\/psol50.org.br\/rest\/wp\/v2\/posts"}],"about":[{"href":"https:\/\/psol50.org.br\/rest\/wp\/v2\/types\/post"}],"author":[{"embeddable":true,"href":"https:\/\/psol50.org.br\/rest\/wp\/v2\/users\/2"}],"replies":[{"embeddable":true,"href":"https:\/\/psol50.org.br\/rest\/wp\/v2\/comments?post=3185"}],"version-history":[{"count":0,"href":"https:\/\/psol50.org.br\/rest\/wp\/v2\/posts\/3185\/revisions"}],"wp:attachment":[{"href":"https:\/\/psol50.org.br\/rest\/wp\/v2\/media?parent=3185"}],"wp:term":[{"taxonomy":"category","embeddable":true,"href":"https:\/\/psol50.org.br\/rest\/wp\/v2\/categories?post=3185"},{"taxonomy":"post_tag","embeddable":true,"href":"https:\/\/psol50.org.br\/rest\/wp\/v2\/tags?post=3185"}],"curies":[{"name":"wp","href":"https:\/\/api.w.org\/{rel}","templated":true}]}}