{"id":3186,"date":"2015-03-13T00:00:00","date_gmt":"2015-03-13T13:58:54","guid":{"rendered":"http:\/\/psol50.org.br\/arquivo\/2015\/03\/13\/psol-apoia-a-greve-dos-garis-do-rio-de-janeiro\/"},"modified":"2015-03-13T00:00:00","modified_gmt":"2015-03-13T13:58:54","slug":"psol-apoia-a-greve-dos-garis-do-rio-de-janeiro","status":"publish","type":"post","link":"https:\/\/psol50.org.br\/psol-apoia-a-greve-dos-garis-do-rio-de-janeiro\/","title":{"rendered":"PSOL apoia a greve dos garis do Rio de Janeiro"},"content":{"rendered":"<p style=\"text-align: justify;\">\n\t<span style=\"font-family:arial,helvetica,sans-serif;\"><span style=\"font-size: 12px;\">O PSOL apoia integralmente a greve dos trabalhadores garis da Comlurb (Companhia Municipal de Limpeza Urbana). Essa greve, que se inicia nesta sexta-feira, 13 de mar\u00e7o, \u00e9 fruto da pol\u00edtica intransigente do prefeito Eduardo Paes (PMDB), que apresentou uma proposta vergonhosa de reajuste salarial de 3% e 0% no ticket alimenta\u00e7\u00e3o, enquanto o custo de vida aumenta, com a infla\u00e7\u00e3o batendo a casa dos 8%. Para as empresas de \u00f4nibus, Paes foi bem mais generoso, autorizando um reajuste de 13,3% nas tarifas.<\/p>\n<p>\tA proposta do prefeito \u00e9 uma afronta a essa categoria, que em pleno carnaval de 2014 protagonizou uma forte greve, que recebeu o apoio da popula\u00e7\u00e3o carioca e ganhou repercuss\u00e3o nacional e internacional. Sabemos das p\u00e9ssimas condi\u00e7\u00f5es de trabalho e do ass\u00e9dio moral a que esses trabalhadore\/as s\u00e3o submetidos, al\u00e9m de sofrerem com baixos sal\u00e1rios.<\/p>\n<p>\tNo pa\u00eds inteiro diversas categorias v\u00eam realizando greves e lutas, enfrentando a pol\u00edtica de ajuste fiscal do governo Dilma, dos governadores e prefeitos.<\/p>\n<p>\tN\u00f3s, do PSOL do Rio de Janeiro, com nossa milit\u00e2ncia e parlamentares, nos colocamos \u00e0 disposi\u00e7\u00e3o desse justo movimento. Para que triunfe, exigimos que o prefeito Eduardo Paes e a dire\u00e7\u00e3o da Comlurb atendam \u00e0s reivindica\u00e7\u00f5es dos trabalhadore\/as.<\/p>\n<p>\t<strong>Rio de Janeiro, 13 de mar\u00e7o de 2015<\/strong><br \/>\n\t<strong>Dire\u00e7\u00e3o estadual do PSOL\/RJ, bancada de vereadores, deputados estaduais e federais do PSOL\/RJ<\/strong><\/span><\/span><\/p>\n","protected":false},"excerpt":{"rendered":"<p>O PSOL apoia integralmente a greve dos trabalhadores garis da Comlurb (Companhia Municipal de Limpeza Urbana). Essa greve, que se inicia nesta sexta-feira, 13 de mar\u00e7o, \u00e9 fruto da pol\u00edtica intransigente do prefeito Eduardo Paes (PMDB), que apresentou uma proposta vergonhosa de reajuste salarial de 3% e 0% no ticket alimenta\u00e7\u00e3o, enquanto o custo de [&hellip;]<\/p>\n","protected":false},"author":2,"featured_media":0,"comment_status":"open","ping_status":"open","sticky":false,"template":"","format":"standard","meta":{"_acf_changed":false,"footnotes":""},"categories":[6],"tags":[22],"class_list":{"0":"post-3186","1":"post","2":"type-post","3":"status-publish","4":"format-standard","6":"category-noticias","7":"tag-psol"},"acf":[],"yoast_head":"<!-- This site is optimized with the Yoast SEO plugin v26.5 - https:\/\/yoast.com\/wordpress\/plugins\/seo\/ -->\n<title>PSOL apoia a greve dos garis do Rio de Janeiro - PSOL 50<\/title>\n<meta name=\"robots\" content=\"index, follow, max-snippet:-1, max-image-preview:large, max-video-preview:-1\" \/>\n<link rel=\"canonical\" href=\"https:\/\/psol50.org.br\/psol-apoia-a-greve-dos-garis-do-rio-de-janeiro\/\" \/>\n<meta property=\"og:locale\" content=\"pt_BR\" \/>\n<meta property=\"og:type\" content=\"article\" \/>\n<meta property=\"og:title\" content=\"PSOL apoia a greve dos garis do Rio de Janeiro - PSOL 50\" \/>\n<meta property=\"og:description\" content=\"O PSOL apoia integralmente a greve dos trabalhadores garis da Comlurb (Companhia Municipal de Limpeza Urbana). Essa greve, que se inicia nesta sexta-feira, 13 de mar\u00e7o, \u00e9 fruto da pol\u00edtica intransigente do prefeito Eduardo Paes (PMDB), que apresentou uma proposta vergonhosa de reajuste salarial de 3% e 0% no ticket alimenta\u00e7\u00e3o, enquanto o custo de [&hellip;]\" \/>\n<meta property=\"og:url\" content=\"https:\/\/psol50.org.br\/psol-apoia-a-greve-dos-garis-do-rio-de-janeiro\/\" \/>\n<meta property=\"og:site_name\" content=\"PSOL 50\" \/>\n<meta property=\"article:publisher\" content=\"https:\/\/www.facebook.com\/psol50\" \/>\n<meta property=\"article:published_time\" content=\"2015-03-13T13:58:54+00:00\" \/>\n<meta property=\"og:image\" content=\"https:\/\/psol50.org.br\/inc\/uploads\/2018\/07\/capa.png\" \/>\n\t<meta property=\"og:image:width\" content=\"1350\" \/>\n\t<meta property=\"og:image:height\" content=\"900\" \/>\n\t<meta property=\"og:image:type\" content=\"image\/png\" \/>\n<meta name=\"author\" content=\"Comunica\u00e7\u00e3o PSOL\" \/>\n<meta name=\"twitter:card\" content=\"summary_large_image\" \/>\n<meta name=\"twitter:creator\" content=\"@psol50\" \/>\n<meta name=\"twitter:site\" content=\"@psol50\" \/>\n<meta name=\"twitter:label1\" content=\"Escrito por\" \/>\n\t<meta name=\"twitter:data1\" content=\"Comunica\u00e7\u00e3o PSOL\" \/>\n\t<meta name=\"twitter:label2\" content=\"Est. tempo de leitura\" \/>\n\t<meta name=\"twitter:data2\" content=\"1 minuto\" \/>\n<script type=\"application\/ld+json\" class=\"yoast-schema-graph\">{\"@context\":\"https:\/\/schema.org\",\"@graph\":[{\"@type\":\"Article\",\"@id\":\"https:\/\/psol50.org.br\/psol-apoia-a-greve-dos-garis-do-rio-de-janeiro\/#article\",\"isPartOf\":{\"@id\":\"https:\/\/psol50.org.br\/psol-apoia-a-greve-dos-garis-do-rio-de-janeiro\/\"},\"author\":{\"name\":\"Comunica\u00e7\u00e3o PSOL\",\"@id\":\"https:\/\/psol50.org.br\/#\/schema\/person\/475dfa57d0b815993c714c2e96491fcd\"},\"headline\":\"PSOL apoia a greve dos garis do Rio de Janeiro\",\"datePublished\":\"2015-03-13T13:58:54+00:00\",\"mainEntityOfPage\":{\"@id\":\"https:\/\/psol50.org.br\/psol-apoia-a-greve-dos-garis-do-rio-de-janeiro\/\"},\"wordCount\":244,\"commentCount\":0,\"publisher\":{\"@id\":\"https:\/\/psol50.org.br\/#organization\"},\"keywords\":[\"PSOL\"],\"articleSection\":[\"Not\u00edcias\"],\"inLanguage\":\"pt-BR\",\"potentialAction\":[{\"@type\":\"CommentAction\",\"name\":\"Comment\",\"target\":[\"https:\/\/psol50.org.br\/psol-apoia-a-greve-dos-garis-do-rio-de-janeiro\/#respond\"]}]},{\"@type\":\"WebPage\",\"@id\":\"https:\/\/psol50.org.br\/psol-apoia-a-greve-dos-garis-do-rio-de-janeiro\/\",\"url\":\"https:\/\/psol50.org.br\/psol-apoia-a-greve-dos-garis-do-rio-de-janeiro\/\",\"name\":\"PSOL apoia a greve dos garis do Rio de Janeiro - PSOL 50\",\"isPartOf\":{\"@id\":\"https:\/\/psol50.org.br\/#website\"},\"datePublished\":\"2015-03-13T13:58:54+00:00\",\"breadcrumb\":{\"@id\":\"https:\/\/psol50.org.br\/psol-apoia-a-greve-dos-garis-do-rio-de-janeiro\/#breadcrumb\"},\"inLanguage\":\"pt-BR\",\"potentialAction\":[{\"@type\":\"ReadAction\",\"target\":[\"https:\/\/psol50.org.br\/psol-apoia-a-greve-dos-garis-do-rio-de-janeiro\/\"]}]},{\"@type\":\"BreadcrumbList\",\"@id\":\"https:\/\/psol50.org.br\/psol-apoia-a-greve-dos-garis-do-rio-de-janeiro\/#breadcrumb\",\"itemListElement\":[{\"@type\":\"ListItem\",\"position\":1,\"name\":\"In\u00edcio\",\"item\":\"https:\/\/psol50.org.br\/\"},{\"@type\":\"ListItem\",\"position\":2,\"name\":\"PSOL apoia a greve dos garis do Rio de Janeiro\"}]},{\"@type\":\"WebSite\",\"@id\":\"https:\/\/psol50.org.br\/#website\",\"url\":\"https:\/\/psol50.org.br\/\",\"name\":\"PSOL 50\",\"description\":\"Site oficial do Partido Socialismo e Liberdade\",\"publisher\":{\"@id\":\"https:\/\/psol50.org.br\/#organization\"},\"alternateName\":\"PSOL50\",\"potentialAction\":[{\"@type\":\"SearchAction\",\"target\":{\"@type\":\"EntryPoint\",\"urlTemplate\":\"https:\/\/psol50.org.br\/?s={search_term_string}\"},\"query-input\":{\"@type\":\"PropertyValueSpecification\",\"valueRequired\":true,\"valueName\":\"search_term_string\"}}],\"inLanguage\":\"pt-BR\"},{\"@type\":\"Organization\",\"@id\":\"https:\/\/psol50.org.br\/#organization\",\"name\":\"PSOL 50\",\"alternateName\":\"PSOL 50\",\"url\":\"https:\/\/psol50.org.br\/\",\"logo\":{\"@type\":\"ImageObject\",\"inLanguage\":\"pt-BR\",\"@id\":\"https:\/\/psol50.org.br\/#\/schema\/logo\/image\/\",\"url\":\"https:\/\/psol50.org.br\/inc\/uploads\/2018\/07\/capa.png\",\"contentUrl\":\"https:\/\/psol50.org.br\/inc\/uploads\/2018\/07\/capa.png\",\"width\":1350,\"height\":900,\"caption\":\"PSOL 50\"},\"image\":{\"@id\":\"https:\/\/psol50.org.br\/#\/schema\/logo\/image\/\"},\"sameAs\":[\"https:\/\/www.facebook.com\/psol50\",\"https:\/\/x.com\/psol50\",\"https:\/\/www.instagram.com\/psol50\/\",\"https:\/\/www.youtube.com\/channel\/UC7SnJS5o1os7a6CaiNabzcg\"]},{\"@type\":\"Person\",\"@id\":\"https:\/\/psol50.org.br\/#\/schema\/person\/475dfa57d0b815993c714c2e96491fcd\",\"name\":\"Comunica\u00e7\u00e3o PSOL\",\"image\":{\"@type\":\"ImageObject\",\"inLanguage\":\"pt-BR\",\"@id\":\"https:\/\/psol50.org.br\/#\/schema\/person\/image\/\",\"url\":\"https:\/\/secure.gravatar.com\/avatar\/b34fc4f4e468a4e51785917065a3db57b841f5c95dba6ad8c73aaf8f66f8f9bf?s=96&d=mm&r=g\",\"contentUrl\":\"https:\/\/secure.gravatar.com\/avatar\/b34fc4f4e468a4e51785917065a3db57b841f5c95dba6ad8c73aaf8f66f8f9bf?s=96&d=mm&r=g\",\"caption\":\"Comunica\u00e7\u00e3o PSOL\"}}]}<\/script>\n<!-- \/ Yoast SEO plugin. -->","yoast_head_json":{"title":"PSOL apoia a greve dos garis do Rio de Janeiro - PSOL 50","robots":{"index":"index","follow":"follow","max-snippet":"max-snippet:-1","max-image-preview":"max-image-preview:large","max-video-preview":"max-video-preview:-1"},"canonical":"https:\/\/psol50.org.br\/psol-apoia-a-greve-dos-garis-do-rio-de-janeiro\/","og_locale":"pt_BR","og_type":"article","og_title":"PSOL apoia a greve dos garis do Rio de Janeiro - PSOL 50","og_description":"O PSOL apoia integralmente a greve dos trabalhadores garis da Comlurb (Companhia Municipal de Limpeza Urbana). Essa greve, que se inicia nesta sexta-feira, 13 de mar\u00e7o, \u00e9 fruto da pol\u00edtica intransigente do prefeito Eduardo Paes (PMDB), que apresentou uma proposta vergonhosa de reajuste salarial de 3% e 0% no ticket alimenta\u00e7\u00e3o, enquanto o custo de [&hellip;]","og_url":"https:\/\/psol50.org.br\/psol-apoia-a-greve-dos-garis-do-rio-de-janeiro\/","og_site_name":"PSOL 50","article_publisher":"https:\/\/www.facebook.com\/psol50","article_published_time":"2015-03-13T13:58:54+00:00","og_image":[{"width":1350,"height":900,"url":"https:\/\/psol50.org.br\/inc\/uploads\/2018\/07\/capa.png","type":"image\/png"}],"author":"Comunica\u00e7\u00e3o PSOL","twitter_card":"summary_large_image","twitter_creator":"@psol50","twitter_site":"@psol50","twitter_misc":{"Escrito por":"Comunica\u00e7\u00e3o PSOL","Est. tempo de leitura":"1 minuto"},"schema":{"@context":"https:\/\/schema.org","@graph":[{"@type":"Article","@id":"https:\/\/psol50.org.br\/psol-apoia-a-greve-dos-garis-do-rio-de-janeiro\/#article","isPartOf":{"@id":"https:\/\/psol50.org.br\/psol-apoia-a-greve-dos-garis-do-rio-de-janeiro\/"},"author":{"name":"Comunica\u00e7\u00e3o PSOL","@id":"https:\/\/psol50.org.br\/#\/schema\/person\/475dfa57d0b815993c714c2e96491fcd"},"headline":"PSOL apoia a greve dos garis do Rio de Janeiro","datePublished":"2015-03-13T13:58:54+00:00","mainEntityOfPage":{"@id":"https:\/\/psol50.org.br\/psol-apoia-a-greve-dos-garis-do-rio-de-janeiro\/"},"wordCount":244,"commentCount":0,"publisher":{"@id":"https:\/\/psol50.org.br\/#organization"},"keywords":["PSOL"],"articleSection":["Not\u00edcias"],"inLanguage":"pt-BR","potentialAction":[{"@type":"CommentAction","name":"Comment","target":["https:\/\/psol50.org.br\/psol-apoia-a-greve-dos-garis-do-rio-de-janeiro\/#respond"]}]},{"@type":"WebPage","@id":"https:\/\/psol50.org.br\/psol-apoia-a-greve-dos-garis-do-rio-de-janeiro\/","url":"https:\/\/psol50.org.br\/psol-apoia-a-greve-dos-garis-do-rio-de-janeiro\/","name":"PSOL apoia a greve dos garis do Rio de Janeiro - PSOL 50","isPartOf":{"@id":"https:\/\/psol50.org.br\/#website"},"datePublished":"2015-03-13T13:58:54+00:00","breadcrumb":{"@id":"https:\/\/psol50.org.br\/psol-apoia-a-greve-dos-garis-do-rio-de-janeiro\/#breadcrumb"},"inLanguage":"pt-BR","potentialAction":[{"@type":"ReadAction","target":["https:\/\/psol50.org.br\/psol-apoia-a-greve-dos-garis-do-rio-de-janeiro\/"]}]},{"@type":"BreadcrumbList","@id":"https:\/\/psol50.org.br\/psol-apoia-a-greve-dos-garis-do-rio-de-janeiro\/#breadcrumb","itemListElement":[{"@type":"ListItem","position":1,"name":"In\u00edcio","item":"https:\/\/psol50.org.br\/"},{"@type":"ListItem","position":2,"name":"PSOL apoia a greve dos garis do Rio de Janeiro"}]},{"@type":"WebSite","@id":"https:\/\/psol50.org.br\/#website","url":"https:\/\/psol50.org.br\/","name":"PSOL 50","description":"Site oficial do Partido Socialismo e Liberdade","publisher":{"@id":"https:\/\/psol50.org.br\/#organization"},"alternateName":"PSOL50","potentialAction":[{"@type":"SearchAction","target":{"@type":"EntryPoint","urlTemplate":"https:\/\/psol50.org.br\/?s={search_term_string}"},"query-input":{"@type":"PropertyValueSpecification","valueRequired":true,"valueName":"search_term_string"}}],"inLanguage":"pt-BR"},{"@type":"Organization","@id":"https:\/\/psol50.org.br\/#organization","name":"PSOL 50","alternateName":"PSOL 50","url":"https:\/\/psol50.org.br\/","logo":{"@type":"ImageObject","inLanguage":"pt-BR","@id":"https:\/\/psol50.org.br\/#\/schema\/logo\/image\/","url":"https:\/\/psol50.org.br\/inc\/uploads\/2018\/07\/capa.png","contentUrl":"https:\/\/psol50.org.br\/inc\/uploads\/2018\/07\/capa.png","width":1350,"height":900,"caption":"PSOL 50"},"image":{"@id":"https:\/\/psol50.org.br\/#\/schema\/logo\/image\/"},"sameAs":["https:\/\/www.facebook.com\/psol50","https:\/\/x.com\/psol50","https:\/\/www.instagram.com\/psol50\/","https:\/\/www.youtube.com\/channel\/UC7SnJS5o1os7a6CaiNabzcg"]},{"@type":"Person","@id":"https:\/\/psol50.org.br\/#\/schema\/person\/475dfa57d0b815993c714c2e96491fcd","name":"Comunica\u00e7\u00e3o PSOL","image":{"@type":"ImageObject","inLanguage":"pt-BR","@id":"https:\/\/psol50.org.br\/#\/schema\/person\/image\/","url":"https:\/\/secure.gravatar.com\/avatar\/b34fc4f4e468a4e51785917065a3db57b841f5c95dba6ad8c73aaf8f66f8f9bf?s=96&d=mm&r=g","contentUrl":"https:\/\/secure.gravatar.com\/avatar\/b34fc4f4e468a4e51785917065a3db57b841f5c95dba6ad8c73aaf8f66f8f9bf?s=96&d=mm&r=g","caption":"Comunica\u00e7\u00e3o PSOL"}}]}},"_links":{"self":[{"href":"https:\/\/psol50.org.br\/rest\/wp\/v2\/posts\/3186","targetHints":{"allow":["GET"]}}],"collection":[{"href":"https:\/\/psol50.org.br\/rest\/wp\/v2\/posts"}],"about":[{"href":"https:\/\/psol50.org.br\/rest\/wp\/v2\/types\/post"}],"author":[{"embeddable":true,"href":"https:\/\/psol50.org.br\/rest\/wp\/v2\/users\/2"}],"replies":[{"embeddable":true,"href":"https:\/\/psol50.org.br\/rest\/wp\/v2\/comments?post=3186"}],"version-history":[{"count":0,"href":"https:\/\/psol50.org.br\/rest\/wp\/v2\/posts\/3186\/revisions"}],"wp:attachment":[{"href":"https:\/\/psol50.org.br\/rest\/wp\/v2\/media?parent=3186"}],"wp:term":[{"taxonomy":"category","embeddable":true,"href":"https:\/\/psol50.org.br\/rest\/wp\/v2\/categories?post=3186"},{"taxonomy":"post_tag","embeddable":true,"href":"https:\/\/psol50.org.br\/rest\/wp\/v2\/tags?post=3186"}],"curies":[{"name":"wp","href":"https:\/\/api.w.org\/{rel}","templated":true}]}}