{"id":31861,"date":"2021-02-03T12:25:34","date_gmt":"2021-02-03T15:25:34","guid":{"rendered":"https:\/\/psol50.org.br\/?p=31861"},"modified":"2021-08-21T22:06:41","modified_gmt":"2021-08-22T01:06:41","slug":"construir-um-marco-forte-e-feminista-para-derrotar-bolsonaro","status":"publish","type":"post","link":"https:\/\/psol50.org.br\/construir-um-marco-forte-e-feminista-para-derrotar-bolsonaro\/","title":{"rendered":"Construir um mar\u00e7o forte e feminista para derrotar Bolsonaro"},"content":{"rendered":"<p>A pandemia da covid-19 est\u00e1 h\u00e1 quase um ano espalhando terror e mis\u00e9ria pelo Brasil e pelo mundo. A recente agudiza\u00e7\u00e3o da situa\u00e7\u00e3o sanit\u00e1ria no nosso pa\u00eds mostra que estamos muito distantes de um desfecho para esta cat\u00e1strofe humanit\u00e1ria.\u00a0 A necropol\u00edtica genocida de Bolsonaro e seu governo em rela\u00e7\u00e3o \u00e0 crise sanit\u00e1ria, econ\u00f4mica, ecol\u00f3gica e social exigem que construamos um polo firme e contundente de oposi\u00e7\u00e3o, baseado em muita responsabilidade pol\u00edtica e senso de justi\u00e7a social.<\/p>\n<p>Justamente pelo agravamento do cen\u00e1rio nos \u00faltimos meses, resultante da pol\u00edtica nefasta do governo federal, entendemos que o 8 de Mar\u00e7o de 2021 deve ter como centro a <strong>luta pelo impeachment de Bolsonaro<\/strong>, medida urgente para a garantia da vida das brasileiras e brasileiros. Somado a isso, temos que levantar as bandeiras da luta em <strong>defesa da vida das mulheres<\/strong>, t\u00e3o impactadas pelo aumento da viol\u00eancia e do feminic\u00eddio; a exig\u00eancia de uma <strong>renda b\u00e1sica justa<\/strong> e de <strong>vacina\u00e7\u00e3o p\u00fablica e universal para todos<\/strong>.<\/p>\n<p>A viol\u00eancia de Estado segue atravessando as vidas das mulheres negras e das periferias. O desaparecimento for\u00e7ado, o assassinato de crian\u00e7as e jovens pelas a\u00e7\u00f5es policiais nos territ\u00f3rios e o encarceramento em massa se aprofundam, como parte da pol\u00edtica de morte operada pelo governo Bolsonaro. <strong>Seguimos em luta pelo desencarceramento e o fim do genoc\u00eddio do povo negro<\/strong>.<\/p>\n<p>A luta das mulheres \u00e9, desde o <em>ELE N\u00c3O<\/em> em 2018, o estandarte da oposi\u00e7\u00e3o a este governo de retrocessos. J\u00e1 naquele momento pautamos o Fora Bolsonaro e ser\u00e1 atrav\u00e9s do movimento feminista que contribui\u00e7\u00f5es imprescind\u00edveis para a mobiliza\u00e7\u00e3o nacional pela deposi\u00e7\u00e3o deste presidente de irresponsabilidade sem precedentes se concretizar\u00e1. A vit\u00f3ria da luta das mulheres argentinas e sul-coreanas, que recentemente conquistaram a legaliza\u00e7\u00e3o do aborto em seus pa\u00edses, demonstram que o feminismo segue tendo for\u00e7a e devem servir de combust\u00edvel para nossas lutas no Brasil.<\/p>\n<p>As elei\u00e7\u00f5es de 2020 comprovaram que n\u00f3s seguimos avan\u00e7ando na conquista de mais espa\u00e7os pol\u00edticos. No entanto, \u00e0 medida que mais mulheres, em especial negras, perif\u00e9ricas e LBTs, se prop\u00f5em a ocupar a pol\u00edtica institucional, a viol\u00eancia pol\u00edtica recrudesce, amea\u00e7ando cada vez mais a democracia e a vida dessas parlamentares e ativistas. Por isso, <strong>reafirmar o 14 de mar\u00e7o<\/strong>, data em que completamos 3 anos do assassinato de Marielle Franco, como ponto crucial no nosso calend\u00e1rio \u00e9 indispens\u00e1vel para a luta por justi\u00e7a e contra a viol\u00eancia pol\u00edtica de g\u00eanero. A luta das mulheres n\u00e3o ser\u00e1 interrompida!<\/p>\n<p><em>Neste sentido, a setorial nacional de mulheres do PSOL e toda milit\u00e2ncia feminista do nosso partido devem construir um m\u00eas de mar\u00e7o com as seguintes prioridades:<\/em><\/p>\n<ul>\n<li>I) <strong>Fora Bolsonaro &#8211; impeachment j\u00e1!<\/strong><\/li>\n<li>II) <strong>Pela vida das mulheres<\/strong>, contra as viol\u00eancias institucional, dom\u00e9stica, contra o feminic\u00eddio e todas as formas de opress\u00e3o do patriarcado;<\/li>\n<li>III) <strong>Vacina para todas e todos j\u00e1!<\/strong> &#8211; N\u00f3s queremos viver;<\/li>\n<li>IV) <strong>Justi\u00e7a para Marielle Franco <\/strong>&#8211; Quem mandou matar Marielle e Anderson?<\/li>\n<li>V) <strong>Renda justa<\/strong> &#8211; o b\u00e1sico tem que ser permanente: garantir que cada brasileiro e brasileira tenha uma renda m\u00ednima para sobreviver;<\/li>\n<li>VI) Constru\u00e7\u00e3o das<strong> frentes amplas unit\u00e1rias<\/strong> convocadas nas cidades, estados e nacionalmente para impulsionar as a\u00e7\u00f5es e campanhas pelo 08 de mar\u00e7o, Dia Internacional de Luta das Mulheres. Em tempos de necess\u00e1rio distanciamento social, nossa unidade \u00e9 fundamental para derrotar Bolsonaro;<\/li>\n<li>VII) <strong>N\u00e3o seremos interrompidas<\/strong>: contra a viol\u00eancia pol\u00edtica de g\u00eanero, pelo fortalecimento da defesa da vida de todas as mulheres ativistas e parlamentares;<\/li>\n<li>VIII) Em<strong> defesa do SUS <\/strong>p\u00fablico e universal e pelo respeito e <strong>valoriza\u00e7\u00e3o das<\/strong> <strong>trabalhadoras da sa\u00fade<\/strong>;<\/li>\n<li>IX) Pela garantia dos direitos reprodutivos das mulheres e pela <strong>legaliza\u00e7\u00e3o do aborto<\/strong> no Brasil;<\/li>\n<li>X) <strong>Pelo desencarceramento, o fim do genoc\u00eddio do povo negro<\/strong> e justi\u00e7a para as v\u00edtimas da viol\u00eancia de Estado.<\/li>\n<\/ul>\n<p><em>Executiva Nacional | Setorial de Mulheres do PSOL<br \/>\nFevereiro de 2021<\/em><\/p>\n<p><strong><em>Assinam:<\/em><\/strong><em><br \/>\n<\/em>Setorial Nacional de Mulheres do PSOL<\/p>\n<p>\u00c1urea Carolina &#8211; Deputada Federal pelo PSOL\/MG<br \/>\nFernanda Melchionna &#8211; Deputada Federal pelo PSOL\/RS<br \/>\nLuiza Erundina &#8211; Deputada Federal pelo PSOL\/SP<br \/>\nS\u00e2mia Bomfim &#8211; Deputada Federal pelo PSOL\/SP<br \/>\nTal\u00edria Petrone &#8211; Deputada Federal pelo PSOL\/RJ<br \/>\nVivi Reis &#8211; Deputada Federal pelo PSOL\/PA<\/p>\n<p>Dani Monteiro &#8211; Deputada Estadual pelo PSOL\/RJ<br \/>\nIsa Penna &#8211; Deputada Estadual pelo PSOL\/SP<br \/>\nJ\u00f4 Cavalcante &#8211; Deputada Estadual na Mandata Coletiva Juntas pelo PSOL\/PE<br \/>\nLuciana Genro &#8211; Deputada Estadual pelo PSOL\/RS<br \/>\nMarinor Brito -Deputada Estadual pelo PSOL\/ PA<br \/>\nMonica Seixas &#8211; Deputada Estadual pelo PSOL\/SP<br \/>\nRenata Souza &#8211; Deputada Estadual pelo PSOL\/RJ<\/p>\n<p>Aline S\u00e9rgio &#8211; Vereadora de Potengi pelo PSOL\/CE<br \/>\nAna Paula De Melo &#8211; Co-vereadora do Mandato Coletivo do PSOL\/PR<br \/>\nAnabella Pav\u00e3o &#8211; Vereadora de Batatais pelo PSOL\/SP<br \/>\nBancada Feminista &#8211; Mandato Coletivo de S\u00e3o Paulo\/SP<br \/>\nBella Gon\u00e7alves &#8211; Vereadora de Belo Horizonte pelo PSOL\/MG<br \/>\nBenny Briolly &#8211; Vereadora de Niter\u00f3i pelo PSOL\/RJ<br \/>\nCamila Valad\u00e3o &#8211; Vereadora de Vit\u00f3ria pelo PSOL\/ES<br \/>\nColetiva Bem Viver &#8211; Mandato Coletivo de Santa Catarina pelo PSOL\/SC<br \/>\nDani Portela &#8211; Vereadora de Recife pelo PSOL\/PE<br \/>\nD\u00e9bora Alves Camilo &#8211; Vereadora de Santos pelo PSOL\/SP<br \/>\nElaine Mineiro &#8211; Vereadora da Mandata Coletiva Quilombo Perif\u00e9rico pelo PSOL\/SP<br \/>\nEnfermeira Nazar\u00e9 &#8211; Vereadora de Bel\u00e9m pelo PSOL\/PA<br \/>\nErika Hilton &#8211; Vereadora de S\u00e3o Paulo pelo PSOL\/SP<br \/>\nFernanda Garcia &#8211; Vereadora de Sorocaba pelo PSOL\/SP<br \/>\nFernanda Miranda &#8211; Vereadora de Pelotas pelo PSOL\/RS<br \/>\nIn\u00eas Paz &#8211; Vereadora de Mogi das Cruzes pelo PSOL\/SP<br \/>\nIza Louren\u00e7a &#8211; Vereadora de Belo Horizonte pelo PSOL\/MG<br \/>\nJosi Kieras &#8211; Co-vereadora do Mandato Coletivo de Ponta Grossa pelo PSOL\/PR<br \/>\nJuliana da Ativoz &#8211; Co-vereadora de Osasco pelo PSOL\/SP<br \/>\nLaina Cris\u00f3stomo &#8211; Vereadora da Mandata Coletiva Pretas por Salvador pelo PSOL\/BA<br \/>\nLinda Brasil &#8211; Vereadora de Aracaju pelo PSOL\/SE<br \/>\nL\u00edvia Duarte &#8211; Vereadora de Bel\u00e9m pelo PSOL\/ PA<br \/>\nLuana Alves &#8211; Vereadora de S\u00e3o Paulo pelo PSOL\/SP<br \/>\nM\u00e3edata Thais Ferreira &#8211; Vereadora do Rio de Janeiro pelo PSOL\/RJ<br \/>\nMariana Conti &#8211; Vereadora de Campinas pelo PSOL\/SP<br \/>\nM\u00f4nica Ben\u00edcio &#8211; Vereadora do Rio de Janeiro\/RJ<br \/>\nMulheres por + Direitos &#8211; Mandato coletivo de vereadora de S\u00e3o Caetano pelo PSOL\/SP<br \/>\nProfessora Madalena &#8211; Vereadora de Abaetetuba pelo PSOL\/PA<br \/>\nSilvana Hip\u00f3lito &#8211; Vereadora de Jandu\u00eds pelo PSOL\/RN<br \/>\nTallia Sobral &#8211; Vereadora de Juiz de Fora pelo PSOL\/MG<\/p>\n","protected":false},"excerpt":{"rendered":"<p>A pandemia da covid-19 est\u00e1 h\u00e1 quase um ano espalhando terror e mis\u00e9ria pelo Brasil e pelo mundo. A recente agudiza\u00e7\u00e3o da situa\u00e7\u00e3o sanit\u00e1ria no nosso pa\u00eds mostra que estamos muito distantes de um desfecho para esta cat\u00e1strofe humanit\u00e1ria.\u00a0 A necropol\u00edtica genocida de Bolsonaro e seu governo em rela\u00e7\u00e3o \u00e0 crise sanit\u00e1ria, econ\u00f4mica, ecol\u00f3gica e [&hellip;]<\/p>\n","protected":false},"author":2,"featured_media":26580,"comment_status":"closed","ping_status":"open","sticky":false,"template":"","format":"standard","meta":{"_acf_changed":false,"footnotes":""},"categories":[49,20,6,72],"tags":[294,56,220,1374,4,270],"class_list":{"0":"post-31861","1":"post","2":"type-post","3":"status-publish","4":"format-standard","5":"has-post-thumbnail","7":"category-mulheres","8":"category-notas","9":"category-noticias","10":"category-resolucoes","11":"tag-8-de-marco","12":"tag-bolsonaro","13":"tag-impeachment","14":"tag-marco","15":"tag-mulheres","16":"tag-setorial"},"acf":[],"yoast_head":"<!-- This site is optimized with the Yoast SEO plugin v26.5 - https:\/\/yoast.com\/wordpress\/plugins\/seo\/ -->\n<title>Construir um mar\u00e7o forte e feminista para derrotar Bolsonaro<\/title>\n<meta name=\"description\" content=\"Mulheres do PSOL e parlamentares mulheres do partido em todo o pa\u00eds apontam as principais pautas para derrotar o bolsonarismo no pa\u00eds.\" \/>\n<meta name=\"robots\" content=\"index, follow, max-snippet:-1, max-image-preview:large, max-video-preview:-1\" \/>\n<link rel=\"canonical\" href=\"https:\/\/psol50.org.br\/construir-um-marco-forte-e-feminista-para-derrotar-bolsonaro\/\" \/>\n<meta property=\"og:locale\" content=\"pt_BR\" \/>\n<meta property=\"og:type\" content=\"article\" \/>\n<meta property=\"og:title\" content=\"Construir um mar\u00e7o forte e feminista para derrotar Bolsonaro\" \/>\n<meta property=\"og:description\" content=\"Mulheres do PSOL e parlamentares mulheres do partido em todo o pa\u00eds apontam as principais pautas para derrotar o bolsonarismo no pa\u00eds.\" \/>\n<meta property=\"og:url\" content=\"https:\/\/psol50.org.br\/construir-um-marco-forte-e-feminista-para-derrotar-bolsonaro\/\" \/>\n<meta property=\"og:site_name\" content=\"PSOL 50\" \/>\n<meta property=\"article:publisher\" content=\"https:\/\/www.facebook.com\/psol50\" \/>\n<meta property=\"article:published_time\" content=\"2021-02-03T15:25:34+00:00\" \/>\n<meta property=\"article:modified_time\" content=\"2021-08-22T01:06:41+00:00\" \/>\n<meta property=\"og:image\" content=\"https:\/\/psol50.org.br\/inc\/uploads\/2019\/09\/photo_2019-09-27-11.44.28.jpeg\" \/>\n\t<meta property=\"og:image:width\" content=\"1800\" \/>\n\t<meta property=\"og:image:height\" content=\"1200\" \/>\n\t<meta property=\"og:image:type\" content=\"image\/jpeg\" \/>\n<meta name=\"author\" content=\"Comunica\u00e7\u00e3o PSOL\" \/>\n<meta name=\"twitter:card\" content=\"summary_large_image\" \/>\n<meta name=\"twitter:title\" content=\"Construir um mar\u00e7o forte e feminista para derrotar Bolsonaro\" \/>\n<meta name=\"twitter:description\" content=\"Mulheres do PSOL e parlamentares mulheres do partido em todo o pa\u00eds apontam as principais pautas para derrotar o bolsonarismo no pa\u00eds.\" \/>\n<meta name=\"twitter:image\" content=\"https:\/\/psol50.org.br\/inc\/uploads\/2019\/09\/photo_2019-09-27-11.44.28.jpeg\" \/>\n<meta name=\"twitter:creator\" content=\"@psol50\" \/>\n<meta name=\"twitter:site\" content=\"@psol50\" \/>\n<meta name=\"twitter:label1\" content=\"Escrito por\" \/>\n\t<meta name=\"twitter:data1\" content=\"Comunica\u00e7\u00e3o PSOL\" \/>\n\t<meta name=\"twitter:label2\" content=\"Est. tempo de leitura\" \/>\n\t<meta name=\"twitter:data2\" content=\"5 minutos\" \/>\n<script type=\"application\/ld+json\" class=\"yoast-schema-graph\">{\"@context\":\"https:\/\/schema.org\",\"@graph\":[{\"@type\":\"Article\",\"@id\":\"https:\/\/psol50.org.br\/construir-um-marco-forte-e-feminista-para-derrotar-bolsonaro\/#article\",\"isPartOf\":{\"@id\":\"https:\/\/psol50.org.br\/construir-um-marco-forte-e-feminista-para-derrotar-bolsonaro\/\"},\"author\":{\"name\":\"Comunica\u00e7\u00e3o PSOL\",\"@id\":\"https:\/\/psol50.org.br\/#\/schema\/person\/475dfa57d0b815993c714c2e96491fcd\"},\"headline\":\"Construir um mar\u00e7o forte e feminista para derrotar Bolsonaro\",\"datePublished\":\"2021-02-03T15:25:34+00:00\",\"dateModified\":\"2021-08-22T01:06:41+00:00\",\"mainEntityOfPage\":{\"@id\":\"https:\/\/psol50.org.br\/construir-um-marco-forte-e-feminista-para-derrotar-bolsonaro\/\"},\"wordCount\":1156,\"publisher\":{\"@id\":\"https:\/\/psol50.org.br\/#organization\"},\"image\":{\"@id\":\"https:\/\/psol50.org.br\/construir-um-marco-forte-e-feminista-para-derrotar-bolsonaro\/#primaryimage\"},\"thumbnailUrl\":\"https:\/\/psol50.org.br\/inc\/uploads\/2019\/09\/photo_2019-09-27-11.44.28.jpeg\",\"keywords\":[\"8 de mar\u00e7o\",\"Bolsonaro\",\"impeachment\",\"Mar\u00e7o\",\"mulheres\",\"setorial\"],\"articleSection\":[\"Mulheres\",\"Notas\",\"Not\u00edcias\",\"Resolu\u00e7\u00f5es\"],\"inLanguage\":\"pt-BR\"},{\"@type\":\"WebPage\",\"@id\":\"https:\/\/psol50.org.br\/construir-um-marco-forte-e-feminista-para-derrotar-bolsonaro\/\",\"url\":\"https:\/\/psol50.org.br\/construir-um-marco-forte-e-feminista-para-derrotar-bolsonaro\/\",\"name\":\"Construir um mar\u00e7o forte e feminista para derrotar Bolsonaro\",\"isPartOf\":{\"@id\":\"https:\/\/psol50.org.br\/#website\"},\"primaryImageOfPage\":{\"@id\":\"https:\/\/psol50.org.br\/construir-um-marco-forte-e-feminista-para-derrotar-bolsonaro\/#primaryimage\"},\"image\":{\"@id\":\"https:\/\/psol50.org.br\/construir-um-marco-forte-e-feminista-para-derrotar-bolsonaro\/#primaryimage\"},\"thumbnailUrl\":\"https:\/\/psol50.org.br\/inc\/uploads\/2019\/09\/photo_2019-09-27-11.44.28.jpeg\",\"datePublished\":\"2021-02-03T15:25:34+00:00\",\"dateModified\":\"2021-08-22T01:06:41+00:00\",\"description\":\"Mulheres do PSOL e parlamentares mulheres do partido em todo o pa\u00eds apontam as principais pautas para derrotar o bolsonarismo no pa\u00eds.\",\"breadcrumb\":{\"@id\":\"https:\/\/psol50.org.br\/construir-um-marco-forte-e-feminista-para-derrotar-bolsonaro\/#breadcrumb\"},\"inLanguage\":\"pt-BR\",\"potentialAction\":[{\"@type\":\"ReadAction\",\"target\":[\"https:\/\/psol50.org.br\/construir-um-marco-forte-e-feminista-para-derrotar-bolsonaro\/\"]}]},{\"@type\":\"ImageObject\",\"inLanguage\":\"pt-BR\",\"@id\":\"https:\/\/psol50.org.br\/construir-um-marco-forte-e-feminista-para-derrotar-bolsonaro\/#primaryimage\",\"url\":\"https:\/\/psol50.org.br\/inc\/uploads\/2019\/09\/photo_2019-09-27-11.44.28.jpeg\",\"contentUrl\":\"https:\/\/psol50.org.br\/inc\/uploads\/2019\/09\/photo_2019-09-27-11.44.28.jpeg\",\"width\":1800,\"height\":1200,\"caption\":\"Foto: Mel Coelho\"},{\"@type\":\"BreadcrumbList\",\"@id\":\"https:\/\/psol50.org.br\/construir-um-marco-forte-e-feminista-para-derrotar-bolsonaro\/#breadcrumb\",\"itemListElement\":[{\"@type\":\"ListItem\",\"position\":1,\"name\":\"In\u00edcio\",\"item\":\"https:\/\/psol50.org.br\/\"},{\"@type\":\"ListItem\",\"position\":2,\"name\":\"Construir um mar\u00e7o forte e feminista para derrotar Bolsonaro\"}]},{\"@type\":\"WebSite\",\"@id\":\"https:\/\/psol50.org.br\/#website\",\"url\":\"https:\/\/psol50.org.br\/\",\"name\":\"PSOL 50\",\"description\":\"Site oficial do Partido Socialismo e Liberdade\",\"publisher\":{\"@id\":\"https:\/\/psol50.org.br\/#organization\"},\"alternateName\":\"PSOL50\",\"potentialAction\":[{\"@type\":\"SearchAction\",\"target\":{\"@type\":\"EntryPoint\",\"urlTemplate\":\"https:\/\/psol50.org.br\/?s={search_term_string}\"},\"query-input\":{\"@type\":\"PropertyValueSpecification\",\"valueRequired\":true,\"valueName\":\"search_term_string\"}}],\"inLanguage\":\"pt-BR\"},{\"@type\":\"Organization\",\"@id\":\"https:\/\/psol50.org.br\/#organization\",\"name\":\"PSOL 50\",\"alternateName\":\"PSOL 50\",\"url\":\"https:\/\/psol50.org.br\/\",\"logo\":{\"@type\":\"ImageObject\",\"inLanguage\":\"pt-BR\",\"@id\":\"https:\/\/psol50.org.br\/#\/schema\/logo\/image\/\",\"url\":\"https:\/\/psol50.org.br\/inc\/uploads\/2018\/07\/capa.png\",\"contentUrl\":\"https:\/\/psol50.org.br\/inc\/uploads\/2018\/07\/capa.png\",\"width\":1350,\"height\":900,\"caption\":\"PSOL 50\"},\"image\":{\"@id\":\"https:\/\/psol50.org.br\/#\/schema\/logo\/image\/\"},\"sameAs\":[\"https:\/\/www.facebook.com\/psol50\",\"https:\/\/x.com\/psol50\",\"https:\/\/www.instagram.com\/psol50\/\",\"https:\/\/www.youtube.com\/channel\/UC7SnJS5o1os7a6CaiNabzcg\"]},{\"@type\":\"Person\",\"@id\":\"https:\/\/psol50.org.br\/#\/schema\/person\/475dfa57d0b815993c714c2e96491fcd\",\"name\":\"Comunica\u00e7\u00e3o PSOL\",\"image\":{\"@type\":\"ImageObject\",\"inLanguage\":\"pt-BR\",\"@id\":\"https:\/\/psol50.org.br\/#\/schema\/person\/image\/\",\"url\":\"https:\/\/secure.gravatar.com\/avatar\/b34fc4f4e468a4e51785917065a3db57b841f5c95dba6ad8c73aaf8f66f8f9bf?s=96&d=mm&r=g\",\"contentUrl\":\"https:\/\/secure.gravatar.com\/avatar\/b34fc4f4e468a4e51785917065a3db57b841f5c95dba6ad8c73aaf8f66f8f9bf?s=96&d=mm&r=g\",\"caption\":\"Comunica\u00e7\u00e3o PSOL\"}}]}<\/script>\n<!-- \/ Yoast SEO plugin. -->","yoast_head_json":{"title":"Construir um mar\u00e7o forte e feminista para derrotar Bolsonaro","description":"Mulheres do PSOL e parlamentares mulheres do partido em todo o pa\u00eds apontam as principais pautas para derrotar o bolsonarismo no pa\u00eds.","robots":{"index":"index","follow":"follow","max-snippet":"max-snippet:-1","max-image-preview":"max-image-preview:large","max-video-preview":"max-video-preview:-1"},"canonical":"https:\/\/psol50.org.br\/construir-um-marco-forte-e-feminista-para-derrotar-bolsonaro\/","og_locale":"pt_BR","og_type":"article","og_title":"Construir um mar\u00e7o forte e feminista para derrotar Bolsonaro","og_description":"Mulheres do PSOL e parlamentares mulheres do partido em todo o pa\u00eds apontam as principais pautas para derrotar o bolsonarismo no pa\u00eds.","og_url":"https:\/\/psol50.org.br\/construir-um-marco-forte-e-feminista-para-derrotar-bolsonaro\/","og_site_name":"PSOL 50","article_publisher":"https:\/\/www.facebook.com\/psol50","article_published_time":"2021-02-03T15:25:34+00:00","article_modified_time":"2021-08-22T01:06:41+00:00","og_image":[{"width":1800,"height":1200,"url":"https:\/\/psol50.org.br\/inc\/uploads\/2019\/09\/photo_2019-09-27-11.44.28.jpeg","type":"image\/jpeg"}],"author":"Comunica\u00e7\u00e3o PSOL","twitter_card":"summary_large_image","twitter_title":"Construir um mar\u00e7o forte e feminista para derrotar Bolsonaro","twitter_description":"Mulheres do PSOL e parlamentares mulheres do partido em todo o pa\u00eds apontam as principais pautas para derrotar o bolsonarismo no pa\u00eds.","twitter_image":"https:\/\/psol50.org.br\/inc\/uploads\/2019\/09\/photo_2019-09-27-11.44.28.jpeg","twitter_creator":"@psol50","twitter_site":"@psol50","twitter_misc":{"Escrito por":"Comunica\u00e7\u00e3o PSOL","Est. tempo de leitura":"5 minutos"},"schema":{"@context":"https:\/\/schema.org","@graph":[{"@type":"Article","@id":"https:\/\/psol50.org.br\/construir-um-marco-forte-e-feminista-para-derrotar-bolsonaro\/#article","isPartOf":{"@id":"https:\/\/psol50.org.br\/construir-um-marco-forte-e-feminista-para-derrotar-bolsonaro\/"},"author":{"name":"Comunica\u00e7\u00e3o PSOL","@id":"https:\/\/psol50.org.br\/#\/schema\/person\/475dfa57d0b815993c714c2e96491fcd"},"headline":"Construir um mar\u00e7o forte e feminista para derrotar Bolsonaro","datePublished":"2021-02-03T15:25:34+00:00","dateModified":"2021-08-22T01:06:41+00:00","mainEntityOfPage":{"@id":"https:\/\/psol50.org.br\/construir-um-marco-forte-e-feminista-para-derrotar-bolsonaro\/"},"wordCount":1156,"publisher":{"@id":"https:\/\/psol50.org.br\/#organization"},"image":{"@id":"https:\/\/psol50.org.br\/construir-um-marco-forte-e-feminista-para-derrotar-bolsonaro\/#primaryimage"},"thumbnailUrl":"https:\/\/psol50.org.br\/inc\/uploads\/2019\/09\/photo_2019-09-27-11.44.28.jpeg","keywords":["8 de mar\u00e7o","Bolsonaro","impeachment","Mar\u00e7o","mulheres","setorial"],"articleSection":["Mulheres","Notas","Not\u00edcias","Resolu\u00e7\u00f5es"],"inLanguage":"pt-BR"},{"@type":"WebPage","@id":"https:\/\/psol50.org.br\/construir-um-marco-forte-e-feminista-para-derrotar-bolsonaro\/","url":"https:\/\/psol50.org.br\/construir-um-marco-forte-e-feminista-para-derrotar-bolsonaro\/","name":"Construir um mar\u00e7o forte e feminista para derrotar Bolsonaro","isPartOf":{"@id":"https:\/\/psol50.org.br\/#website"},"primaryImageOfPage":{"@id":"https:\/\/psol50.org.br\/construir-um-marco-forte-e-feminista-para-derrotar-bolsonaro\/#primaryimage"},"image":{"@id":"https:\/\/psol50.org.br\/construir-um-marco-forte-e-feminista-para-derrotar-bolsonaro\/#primaryimage"},"thumbnailUrl":"https:\/\/psol50.org.br\/inc\/uploads\/2019\/09\/photo_2019-09-27-11.44.28.jpeg","datePublished":"2021-02-03T15:25:34+00:00","dateModified":"2021-08-22T01:06:41+00:00","description":"Mulheres do PSOL e parlamentares mulheres do partido em todo o pa\u00eds apontam as principais pautas para derrotar o bolsonarismo no pa\u00eds.","breadcrumb":{"@id":"https:\/\/psol50.org.br\/construir-um-marco-forte-e-feminista-para-derrotar-bolsonaro\/#breadcrumb"},"inLanguage":"pt-BR","potentialAction":[{"@type":"ReadAction","target":["https:\/\/psol50.org.br\/construir-um-marco-forte-e-feminista-para-derrotar-bolsonaro\/"]}]},{"@type":"ImageObject","inLanguage":"pt-BR","@id":"https:\/\/psol50.org.br\/construir-um-marco-forte-e-feminista-para-derrotar-bolsonaro\/#primaryimage","url":"https:\/\/psol50.org.br\/inc\/uploads\/2019\/09\/photo_2019-09-27-11.44.28.jpeg","contentUrl":"https:\/\/psol50.org.br\/inc\/uploads\/2019\/09\/photo_2019-09-27-11.44.28.jpeg","width":1800,"height":1200,"caption":"Foto: Mel Coelho"},{"@type":"BreadcrumbList","@id":"https:\/\/psol50.org.br\/construir-um-marco-forte-e-feminista-para-derrotar-bolsonaro\/#breadcrumb","itemListElement":[{"@type":"ListItem","position":1,"name":"In\u00edcio","item":"https:\/\/psol50.org.br\/"},{"@type":"ListItem","position":2,"name":"Construir um mar\u00e7o forte e feminista para derrotar Bolsonaro"}]},{"@type":"WebSite","@id":"https:\/\/psol50.org.br\/#website","url":"https:\/\/psol50.org.br\/","name":"PSOL 50","description":"Site oficial do Partido Socialismo e Liberdade","publisher":{"@id":"https:\/\/psol50.org.br\/#organization"},"alternateName":"PSOL50","potentialAction":[{"@type":"SearchAction","target":{"@type":"EntryPoint","urlTemplate":"https:\/\/psol50.org.br\/?s={search_term_string}"},"query-input":{"@type":"PropertyValueSpecification","valueRequired":true,"valueName":"search_term_string"}}],"inLanguage":"pt-BR"},{"@type":"Organization","@id":"https:\/\/psol50.org.br\/#organization","name":"PSOL 50","alternateName":"PSOL 50","url":"https:\/\/psol50.org.br\/","logo":{"@type":"ImageObject","inLanguage":"pt-BR","@id":"https:\/\/psol50.org.br\/#\/schema\/logo\/image\/","url":"https:\/\/psol50.org.br\/inc\/uploads\/2018\/07\/capa.png","contentUrl":"https:\/\/psol50.org.br\/inc\/uploads\/2018\/07\/capa.png","width":1350,"height":900,"caption":"PSOL 50"},"image":{"@id":"https:\/\/psol50.org.br\/#\/schema\/logo\/image\/"},"sameAs":["https:\/\/www.facebook.com\/psol50","https:\/\/x.com\/psol50","https:\/\/www.instagram.com\/psol50\/","https:\/\/www.youtube.com\/channel\/UC7SnJS5o1os7a6CaiNabzcg"]},{"@type":"Person","@id":"https:\/\/psol50.org.br\/#\/schema\/person\/475dfa57d0b815993c714c2e96491fcd","name":"Comunica\u00e7\u00e3o PSOL","image":{"@type":"ImageObject","inLanguage":"pt-BR","@id":"https:\/\/psol50.org.br\/#\/schema\/person\/image\/","url":"https:\/\/secure.gravatar.com\/avatar\/b34fc4f4e468a4e51785917065a3db57b841f5c95dba6ad8c73aaf8f66f8f9bf?s=96&d=mm&r=g","contentUrl":"https:\/\/secure.gravatar.com\/avatar\/b34fc4f4e468a4e51785917065a3db57b841f5c95dba6ad8c73aaf8f66f8f9bf?s=96&d=mm&r=g","caption":"Comunica\u00e7\u00e3o PSOL"}}]}},"_links":{"self":[{"href":"https:\/\/psol50.org.br\/rest\/wp\/v2\/posts\/31861","targetHints":{"allow":["GET"]}}],"collection":[{"href":"https:\/\/psol50.org.br\/rest\/wp\/v2\/posts"}],"about":[{"href":"https:\/\/psol50.org.br\/rest\/wp\/v2\/types\/post"}],"author":[{"embeddable":true,"href":"https:\/\/psol50.org.br\/rest\/wp\/v2\/users\/2"}],"replies":[{"embeddable":true,"href":"https:\/\/psol50.org.br\/rest\/wp\/v2\/comments?post=31861"}],"version-history":[{"count":1,"href":"https:\/\/psol50.org.br\/rest\/wp\/v2\/posts\/31861\/revisions"}],"predecessor-version":[{"id":34032,"href":"https:\/\/psol50.org.br\/rest\/wp\/v2\/posts\/31861\/revisions\/34032"}],"wp:featuredmedia":[{"embeddable":true,"href":"https:\/\/psol50.org.br\/rest\/wp\/v2\/media\/26580"}],"wp:attachment":[{"href":"https:\/\/psol50.org.br\/rest\/wp\/v2\/media?parent=31861"}],"wp:term":[{"taxonomy":"category","embeddable":true,"href":"https:\/\/psol50.org.br\/rest\/wp\/v2\/categories?post=31861"},{"taxonomy":"post_tag","embeddable":true,"href":"https:\/\/psol50.org.br\/rest\/wp\/v2\/tags?post=31861"}],"curies":[{"name":"wp","href":"https:\/\/api.w.org\/{rel}","templated":true}]}}