{"id":3187,"date":"2015-03-13T00:00:00","date_gmt":"2015-03-13T17:34:23","guid":{"rendered":"http:\/\/psol50.org.br\/arquivo\/2015\/03\/13\/audiencia-publica-ira-discutir-os-abusos-dos-planos-de-saude\/"},"modified":"2015-03-13T00:00:00","modified_gmt":"2015-03-13T17:34:23","slug":"audiencia-publica-ira-discutir-os-abusos-dos-planos-de-saude","status":"publish","type":"post","link":"https:\/\/psol50.org.br\/audiencia-publica-ira-discutir-os-abusos-dos-planos-de-saude\/","title":{"rendered":"Audi\u00eancia p\u00fablica ir\u00e1 discutir os abusos dos planos de sa\u00fade"},"content":{"rendered":"<p style=\"text-align: justify;\">\n\t<span style=\"font-family:arial,helvetica,sans-serif;\"><span style=\"font-size: 12px;\">Requerimento do deputado Ivan Valente (SP), apresentado na Comiss\u00e3o de Defesa do Consumidor, solicitando audi\u00eancia p\u00fablica para debater os abusos cometidos pelas empresas de planos de sa\u00fade, foi aprovado nesta quarta-feira (11), na C\u00e2mara dos Deputados.<\/p>\n<p>\tO tema que, devido a sua gravidade e import\u00e2ncia, j\u00e1 \u00e9 recorrente na Comiss\u00e3o, agora contar\u00e1 com o relato de Leandro Farias. Um jovem farmac\u00eautico, que viu a esposa de apenas 23 anos falecer, devido aos abusos e irregularidades cometidos por uma operadora de plano de sa\u00fade durante sua interna\u00e7\u00e3o.<\/p>\n<p>\tA partir dessa trag\u00e9dia, Leandro Farias se engajou numa luta para entender todo o mecanismo de funcionamento das operadoras de planos de sa\u00fade, dos hospitais, da burocracia, da rela\u00e7\u00e3o entre a precariza\u00e7\u00e3o no atendimento e a privatiza\u00e7\u00e3o da sa\u00fade no Brasil, fundando o movimento Chega de Descaso.<\/p>\n<p>\tArtigo de sua autoria publicado recentemente na Folha de S\u00e3o Paulo denuncia o papel da grande m\u00eddia que estimula a popula\u00e7\u00e3o a aderir planos de sa\u00fade privados, em detrimento de reivindicarem melhorias no sistema p\u00fablico de sa\u00fade. O texto aponta ainda que os \u00f3rg\u00e3os e institui\u00e7\u00f5es p\u00fablicas de sa\u00fade no Brasil priorizam os interesses de grandes empresas e corpora\u00e7\u00f5es, em detrimento do interesse p\u00fablico.<\/p>\n<p>\tAl\u00e9m da participa\u00e7\u00e3o do movimento Chega de Descaso na Sa\u00fade, a audi\u00eancia, cuja data ainda ser\u00e1 agendada, contar\u00e1 com a presen\u00e7a do Minist\u00e9rio da Sa\u00fade, da Ag\u00eancia Nacional de Sa\u00fade Suplementar, do Minist\u00e9rio P\u00fablico, entre outros.<\/p>\n<p>\tLeia na \u00edntegra o artigo de Leandro Farias: http:\/\/www1.folha.uol.com.br\/opiniao\/2015\/02\/1586497-leandro-farias-chega-de-descaso-na-saude.shtml<\/span><\/span><\/p>\n<p>&nbsp;<\/p>\n","protected":false},"excerpt":{"rendered":"<p>Debate contar\u00e1 com o relato de Leandro Farias, que viu a esposa de 23 anos falecer, devido aos abusos e irregularidades das operadoras de planos<\/p>\n","protected":false},"author":2,"featured_media":0,"comment_status":"open","ping_status":"open","sticky":false,"template":"","format":"standard","meta":{"_acf_changed":false,"footnotes":""},"categories":[6],"tags":[],"class_list":{"0":"post-3187","1":"post","2":"type-post","3":"status-publish","4":"format-standard","6":"category-noticias"},"acf":[],"yoast_head":"<!-- This site is optimized with the Yoast SEO plugin v26.5 - https:\/\/yoast.com\/wordpress\/plugins\/seo\/ -->\n<title>Audi\u00eancia p\u00fablica ir\u00e1 discutir os abusos dos planos de sa\u00fade - PSOL 50<\/title>\n<meta name=\"robots\" content=\"index, follow, max-snippet:-1, max-image-preview:large, max-video-preview:-1\" \/>\n<link rel=\"canonical\" href=\"https:\/\/psol50.org.br\/audiencia-publica-ira-discutir-os-abusos-dos-planos-de-saude\/\" \/>\n<meta property=\"og:locale\" content=\"pt_BR\" \/>\n<meta property=\"og:type\" content=\"article\" \/>\n<meta property=\"og:title\" content=\"Audi\u00eancia p\u00fablica ir\u00e1 discutir os abusos dos planos de sa\u00fade - PSOL 50\" \/>\n<meta property=\"og:description\" content=\"Debate contar\u00e1 com o relato de Leandro Farias, que viu a esposa de 23 anos falecer, devido aos abusos e irregularidades das operadoras de planos\" \/>\n<meta property=\"og:url\" content=\"https:\/\/psol50.org.br\/audiencia-publica-ira-discutir-os-abusos-dos-planos-de-saude\/\" \/>\n<meta property=\"og:site_name\" content=\"PSOL 50\" \/>\n<meta property=\"article:publisher\" content=\"https:\/\/www.facebook.com\/psol50\" \/>\n<meta property=\"article:published_time\" content=\"2015-03-13T17:34:23+00:00\" \/>\n<meta property=\"og:image\" content=\"https:\/\/psol50.org.br\/inc\/uploads\/2018\/07\/capa.png\" \/>\n\t<meta property=\"og:image:width\" content=\"1350\" \/>\n\t<meta property=\"og:image:height\" content=\"900\" \/>\n\t<meta property=\"og:image:type\" content=\"image\/png\" \/>\n<meta name=\"author\" content=\"Comunica\u00e7\u00e3o PSOL\" \/>\n<meta name=\"twitter:card\" content=\"summary_large_image\" \/>\n<meta name=\"twitter:creator\" content=\"@psol50\" \/>\n<meta name=\"twitter:site\" content=\"@psol50\" \/>\n<meta name=\"twitter:label1\" content=\"Escrito por\" \/>\n\t<meta name=\"twitter:data1\" content=\"Comunica\u00e7\u00e3o PSOL\" \/>\n\t<meta name=\"twitter:label2\" content=\"Est. tempo de leitura\" \/>\n\t<meta name=\"twitter:data2\" content=\"1 minuto\" \/>\n<script type=\"application\/ld+json\" class=\"yoast-schema-graph\">{\"@context\":\"https:\/\/schema.org\",\"@graph\":[{\"@type\":\"Article\",\"@id\":\"https:\/\/psol50.org.br\/audiencia-publica-ira-discutir-os-abusos-dos-planos-de-saude\/#article\",\"isPartOf\":{\"@id\":\"https:\/\/psol50.org.br\/audiencia-publica-ira-discutir-os-abusos-dos-planos-de-saude\/\"},\"author\":{\"name\":\"Comunica\u00e7\u00e3o PSOL\",\"@id\":\"https:\/\/psol50.org.br\/#\/schema\/person\/475dfa57d0b815993c714c2e96491fcd\"},\"headline\":\"Audi\u00eancia p\u00fablica ir\u00e1 discutir os abusos dos planos de sa\u00fade\",\"datePublished\":\"2015-03-13T17:34:23+00:00\",\"mainEntityOfPage\":{\"@id\":\"https:\/\/psol50.org.br\/audiencia-publica-ira-discutir-os-abusos-dos-planos-de-saude\/\"},\"wordCount\":300,\"commentCount\":0,\"publisher\":{\"@id\":\"https:\/\/psol50.org.br\/#organization\"},\"articleSection\":[\"Not\u00edcias\"],\"inLanguage\":\"pt-BR\",\"potentialAction\":[{\"@type\":\"CommentAction\",\"name\":\"Comment\",\"target\":[\"https:\/\/psol50.org.br\/audiencia-publica-ira-discutir-os-abusos-dos-planos-de-saude\/#respond\"]}]},{\"@type\":\"WebPage\",\"@id\":\"https:\/\/psol50.org.br\/audiencia-publica-ira-discutir-os-abusos-dos-planos-de-saude\/\",\"url\":\"https:\/\/psol50.org.br\/audiencia-publica-ira-discutir-os-abusos-dos-planos-de-saude\/\",\"name\":\"Audi\u00eancia p\u00fablica ir\u00e1 discutir os abusos dos planos de sa\u00fade - PSOL 50\",\"isPartOf\":{\"@id\":\"https:\/\/psol50.org.br\/#website\"},\"datePublished\":\"2015-03-13T17:34:23+00:00\",\"breadcrumb\":{\"@id\":\"https:\/\/psol50.org.br\/audiencia-publica-ira-discutir-os-abusos-dos-planos-de-saude\/#breadcrumb\"},\"inLanguage\":\"pt-BR\",\"potentialAction\":[{\"@type\":\"ReadAction\",\"target\":[\"https:\/\/psol50.org.br\/audiencia-publica-ira-discutir-os-abusos-dos-planos-de-saude\/\"]}]},{\"@type\":\"BreadcrumbList\",\"@id\":\"https:\/\/psol50.org.br\/audiencia-publica-ira-discutir-os-abusos-dos-planos-de-saude\/#breadcrumb\",\"itemListElement\":[{\"@type\":\"ListItem\",\"position\":1,\"name\":\"In\u00edcio\",\"item\":\"https:\/\/psol50.org.br\/\"},{\"@type\":\"ListItem\",\"position\":2,\"name\":\"Audi\u00eancia p\u00fablica ir\u00e1 discutir os abusos dos planos de sa\u00fade\"}]},{\"@type\":\"WebSite\",\"@id\":\"https:\/\/psol50.org.br\/#website\",\"url\":\"https:\/\/psol50.org.br\/\",\"name\":\"PSOL 50\",\"description\":\"Site oficial do Partido Socialismo e Liberdade\",\"publisher\":{\"@id\":\"https:\/\/psol50.org.br\/#organization\"},\"alternateName\":\"PSOL50\",\"potentialAction\":[{\"@type\":\"SearchAction\",\"target\":{\"@type\":\"EntryPoint\",\"urlTemplate\":\"https:\/\/psol50.org.br\/?s={search_term_string}\"},\"query-input\":{\"@type\":\"PropertyValueSpecification\",\"valueRequired\":true,\"valueName\":\"search_term_string\"}}],\"inLanguage\":\"pt-BR\"},{\"@type\":\"Organization\",\"@id\":\"https:\/\/psol50.org.br\/#organization\",\"name\":\"PSOL 50\",\"alternateName\":\"PSOL 50\",\"url\":\"https:\/\/psol50.org.br\/\",\"logo\":{\"@type\":\"ImageObject\",\"inLanguage\":\"pt-BR\",\"@id\":\"https:\/\/psol50.org.br\/#\/schema\/logo\/image\/\",\"url\":\"https:\/\/psol50.org.br\/inc\/uploads\/2018\/07\/capa.png\",\"contentUrl\":\"https:\/\/psol50.org.br\/inc\/uploads\/2018\/07\/capa.png\",\"width\":1350,\"height\":900,\"caption\":\"PSOL 50\"},\"image\":{\"@id\":\"https:\/\/psol50.org.br\/#\/schema\/logo\/image\/\"},\"sameAs\":[\"https:\/\/www.facebook.com\/psol50\",\"https:\/\/x.com\/psol50\",\"https:\/\/www.instagram.com\/psol50\/\",\"https:\/\/www.youtube.com\/channel\/UC7SnJS5o1os7a6CaiNabzcg\"]},{\"@type\":\"Person\",\"@id\":\"https:\/\/psol50.org.br\/#\/schema\/person\/475dfa57d0b815993c714c2e96491fcd\",\"name\":\"Comunica\u00e7\u00e3o PSOL\",\"image\":{\"@type\":\"ImageObject\",\"inLanguage\":\"pt-BR\",\"@id\":\"https:\/\/psol50.org.br\/#\/schema\/person\/image\/\",\"url\":\"https:\/\/secure.gravatar.com\/avatar\/b34fc4f4e468a4e51785917065a3db57b841f5c95dba6ad8c73aaf8f66f8f9bf?s=96&d=mm&r=g\",\"contentUrl\":\"https:\/\/secure.gravatar.com\/avatar\/b34fc4f4e468a4e51785917065a3db57b841f5c95dba6ad8c73aaf8f66f8f9bf?s=96&d=mm&r=g\",\"caption\":\"Comunica\u00e7\u00e3o PSOL\"}}]}<\/script>\n<!-- \/ Yoast SEO plugin. -->","yoast_head_json":{"title":"Audi\u00eancia p\u00fablica ir\u00e1 discutir os abusos dos planos de sa\u00fade - PSOL 50","robots":{"index":"index","follow":"follow","max-snippet":"max-snippet:-1","max-image-preview":"max-image-preview:large","max-video-preview":"max-video-preview:-1"},"canonical":"https:\/\/psol50.org.br\/audiencia-publica-ira-discutir-os-abusos-dos-planos-de-saude\/","og_locale":"pt_BR","og_type":"article","og_title":"Audi\u00eancia p\u00fablica ir\u00e1 discutir os abusos dos planos de sa\u00fade - PSOL 50","og_description":"Debate contar\u00e1 com o relato de Leandro Farias, que viu a esposa de 23 anos falecer, devido aos abusos e irregularidades das operadoras de planos","og_url":"https:\/\/psol50.org.br\/audiencia-publica-ira-discutir-os-abusos-dos-planos-de-saude\/","og_site_name":"PSOL 50","article_publisher":"https:\/\/www.facebook.com\/psol50","article_published_time":"2015-03-13T17:34:23+00:00","og_image":[{"width":1350,"height":900,"url":"https:\/\/psol50.org.br\/inc\/uploads\/2018\/07\/capa.png","type":"image\/png"}],"author":"Comunica\u00e7\u00e3o PSOL","twitter_card":"summary_large_image","twitter_creator":"@psol50","twitter_site":"@psol50","twitter_misc":{"Escrito por":"Comunica\u00e7\u00e3o PSOL","Est. tempo de leitura":"1 minuto"},"schema":{"@context":"https:\/\/schema.org","@graph":[{"@type":"Article","@id":"https:\/\/psol50.org.br\/audiencia-publica-ira-discutir-os-abusos-dos-planos-de-saude\/#article","isPartOf":{"@id":"https:\/\/psol50.org.br\/audiencia-publica-ira-discutir-os-abusos-dos-planos-de-saude\/"},"author":{"name":"Comunica\u00e7\u00e3o PSOL","@id":"https:\/\/psol50.org.br\/#\/schema\/person\/475dfa57d0b815993c714c2e96491fcd"},"headline":"Audi\u00eancia p\u00fablica ir\u00e1 discutir os abusos dos planos de sa\u00fade","datePublished":"2015-03-13T17:34:23+00:00","mainEntityOfPage":{"@id":"https:\/\/psol50.org.br\/audiencia-publica-ira-discutir-os-abusos-dos-planos-de-saude\/"},"wordCount":300,"commentCount":0,"publisher":{"@id":"https:\/\/psol50.org.br\/#organization"},"articleSection":["Not\u00edcias"],"inLanguage":"pt-BR","potentialAction":[{"@type":"CommentAction","name":"Comment","target":["https:\/\/psol50.org.br\/audiencia-publica-ira-discutir-os-abusos-dos-planos-de-saude\/#respond"]}]},{"@type":"WebPage","@id":"https:\/\/psol50.org.br\/audiencia-publica-ira-discutir-os-abusos-dos-planos-de-saude\/","url":"https:\/\/psol50.org.br\/audiencia-publica-ira-discutir-os-abusos-dos-planos-de-saude\/","name":"Audi\u00eancia p\u00fablica ir\u00e1 discutir os abusos dos planos de sa\u00fade - PSOL 50","isPartOf":{"@id":"https:\/\/psol50.org.br\/#website"},"datePublished":"2015-03-13T17:34:23+00:00","breadcrumb":{"@id":"https:\/\/psol50.org.br\/audiencia-publica-ira-discutir-os-abusos-dos-planos-de-saude\/#breadcrumb"},"inLanguage":"pt-BR","potentialAction":[{"@type":"ReadAction","target":["https:\/\/psol50.org.br\/audiencia-publica-ira-discutir-os-abusos-dos-planos-de-saude\/"]}]},{"@type":"BreadcrumbList","@id":"https:\/\/psol50.org.br\/audiencia-publica-ira-discutir-os-abusos-dos-planos-de-saude\/#breadcrumb","itemListElement":[{"@type":"ListItem","position":1,"name":"In\u00edcio","item":"https:\/\/psol50.org.br\/"},{"@type":"ListItem","position":2,"name":"Audi\u00eancia p\u00fablica ir\u00e1 discutir os abusos dos planos de sa\u00fade"}]},{"@type":"WebSite","@id":"https:\/\/psol50.org.br\/#website","url":"https:\/\/psol50.org.br\/","name":"PSOL 50","description":"Site oficial do Partido Socialismo e Liberdade","publisher":{"@id":"https:\/\/psol50.org.br\/#organization"},"alternateName":"PSOL50","potentialAction":[{"@type":"SearchAction","target":{"@type":"EntryPoint","urlTemplate":"https:\/\/psol50.org.br\/?s={search_term_string}"},"query-input":{"@type":"PropertyValueSpecification","valueRequired":true,"valueName":"search_term_string"}}],"inLanguage":"pt-BR"},{"@type":"Organization","@id":"https:\/\/psol50.org.br\/#organization","name":"PSOL 50","alternateName":"PSOL 50","url":"https:\/\/psol50.org.br\/","logo":{"@type":"ImageObject","inLanguage":"pt-BR","@id":"https:\/\/psol50.org.br\/#\/schema\/logo\/image\/","url":"https:\/\/psol50.org.br\/inc\/uploads\/2018\/07\/capa.png","contentUrl":"https:\/\/psol50.org.br\/inc\/uploads\/2018\/07\/capa.png","width":1350,"height":900,"caption":"PSOL 50"},"image":{"@id":"https:\/\/psol50.org.br\/#\/schema\/logo\/image\/"},"sameAs":["https:\/\/www.facebook.com\/psol50","https:\/\/x.com\/psol50","https:\/\/www.instagram.com\/psol50\/","https:\/\/www.youtube.com\/channel\/UC7SnJS5o1os7a6CaiNabzcg"]},{"@type":"Person","@id":"https:\/\/psol50.org.br\/#\/schema\/person\/475dfa57d0b815993c714c2e96491fcd","name":"Comunica\u00e7\u00e3o PSOL","image":{"@type":"ImageObject","inLanguage":"pt-BR","@id":"https:\/\/psol50.org.br\/#\/schema\/person\/image\/","url":"https:\/\/secure.gravatar.com\/avatar\/b34fc4f4e468a4e51785917065a3db57b841f5c95dba6ad8c73aaf8f66f8f9bf?s=96&d=mm&r=g","contentUrl":"https:\/\/secure.gravatar.com\/avatar\/b34fc4f4e468a4e51785917065a3db57b841f5c95dba6ad8c73aaf8f66f8f9bf?s=96&d=mm&r=g","caption":"Comunica\u00e7\u00e3o PSOL"}}]}},"_links":{"self":[{"href":"https:\/\/psol50.org.br\/rest\/wp\/v2\/posts\/3187","targetHints":{"allow":["GET"]}}],"collection":[{"href":"https:\/\/psol50.org.br\/rest\/wp\/v2\/posts"}],"about":[{"href":"https:\/\/psol50.org.br\/rest\/wp\/v2\/types\/post"}],"author":[{"embeddable":true,"href":"https:\/\/psol50.org.br\/rest\/wp\/v2\/users\/2"}],"replies":[{"embeddable":true,"href":"https:\/\/psol50.org.br\/rest\/wp\/v2\/comments?post=3187"}],"version-history":[{"count":0,"href":"https:\/\/psol50.org.br\/rest\/wp\/v2\/posts\/3187\/revisions"}],"wp:attachment":[{"href":"https:\/\/psol50.org.br\/rest\/wp\/v2\/media?parent=3187"}],"wp:term":[{"taxonomy":"category","embeddable":true,"href":"https:\/\/psol50.org.br\/rest\/wp\/v2\/categories?post=3187"},{"taxonomy":"post_tag","embeddable":true,"href":"https:\/\/psol50.org.br\/rest\/wp\/v2\/tags?post=3187"}],"curies":[{"name":"wp","href":"https:\/\/api.w.org\/{rel}","templated":true}]}}