{"id":3190,"date":"2015-03-17T00:00:00","date_gmt":"2015-03-17T16:37:07","guid":{"rendered":"http:\/\/psol50.org.br\/arquivo\/2015\/03\/17\/em-defesa-do-direito-de-greve-dos-garis\/"},"modified":"2015-03-17T00:00:00","modified_gmt":"2015-03-17T16:37:07","slug":"em-defesa-do-direito-de-greve-dos-garis","status":"publish","type":"post","link":"https:\/\/psol50.org.br\/em-defesa-do-direito-de-greve-dos-garis\/","title":{"rendered":"Em defesa do direito de greve dos garis"},"content":{"rendered":"<p style=\"text-align: justify;\">\n\t<span style=\"font-family:arial,helvetica,sans-serif;\"><span style=\"font-size: 12px;\"><em>Bruno da Rosa e C\u00e9lio Viana* <\/em><br \/>\n\t&nbsp;<br \/>\n\tNo dia 12 de mar\u00e7o de 2015, os trabalhadores da Companhia Municipal de Limpeza Urbana do Rio de Janeiro (Comlurb) deflagraram greve por tempo indeterminado em raz\u00e3o da postura intransigente da dire\u00e7\u00e3o da Comlurb e da Prefeitura que apresentaram uma proposta de 3% de reajuste salarial \u2013 menos da metade da infla\u00e7\u00e3o do per\u00edodo. Esses trabalhadores, em especial os garis, ficaram conhecidos no pa\u00eds inteiro, ap\u00f3s a her\u00f3ica greve que realizaram ano passado durante o carnaval do Rio de Janeiro em que conquistaram 37% de reajuste salarial.<br \/>\n\t&nbsp;<br \/>\n\tNeste ano, desde muito tempo antes da greve, a prefeitura e a Comlurb amea\u00e7avam os trabalhadores com demiss\u00f5es e retalia\u00e7\u00f5es caso a greve fosse confirmada. Como a Prefeitura se recusou a negociar, a categoria n\u00e3o teve alternativa sen\u00e3o paralisar as atividades, e o que se notou, ap\u00f3s a confirma\u00e7\u00e3o da greve, foi uma repress\u00e3o e tentativa de coa\u00e7\u00e3o hist\u00f3rica, como nunca se viu.<br \/>\n\t&nbsp;<br \/>\n\tAs portas das ger\u00eancias, desde o primeiro dia de greve, est\u00e3o abarrotadas de carros da pol\u00edcia, da guarda municipal e de seguran\u00e7a privada \u2013 todos ao mesmo tempo. Os gerentes tentam for\u00e7ar a sa\u00edda de garis com escolta armada sendo feita em carros particulares com os vidros todos cobertos de insulfilme. Na ger\u00eancia de Piedade (Zona Norte) pessoas n\u00e3o identificadas se colocavam de frente para os grevistas exibindo armas nas cinturas.&nbsp; Tudo com a inten\u00e7\u00e3o de intimidar e coagir os trabalhadores, j\u00e1 que n\u00e3o houve nenhuma viol\u00eancia durante os piquetes de convencimento que justificasse tamanha repress\u00e3o.<br \/>\n\t&nbsp;<br \/>\n\tTodo esse operativo fracassou! Ent\u00e3o a Comlurb passou a enviar mensagens por celular aos trabalhadores, amea\u00e7ando que se n\u00e3o trabalhassem pegariam falta (o que na Comlurb pode levar a demiss\u00e3o) \u2013 isso tamb\u00e9m n\u00e3o foi suficiente para convencer os trabalhadores a sa\u00edrem da greve.<br \/>\n\t&nbsp;<br \/>\n\tA Prefeitura ent\u00e3o enviou assessores diretos do governo, especialmente os subprefeitos, para os locais de trabalho para ordenar que os garis suspendessem a greve. Ao mesmo tempo chefes da Secretaria Municipal de Ordem P\u00fablica rodavam a cidade intimidando os ativistas que realizam piquetes de convencimento, amea\u00e7ando de pris\u00e3o e de agredi-los fisicamente, al\u00e9m de deslocar carretas para rebocar carros de grevistas.<br \/>\n\t&nbsp;<br \/>\n\tAp\u00f3s tudo isso, sem conseguir desmontar a greve com as amea\u00e7as de demiss\u00e3o, de agress\u00e3o e de intimida\u00e7\u00e3o f\u00edsica, a Prefeitura e a Comlurb passaram de todos os limites contratando empresas privadas e pessoas nas ruas para substituir os garis. Esse foi o auge do desrespeito aos trabalhadores.<br \/>\n\t&nbsp;<br \/>\n\tAcompanhamos centenas de pessoas sem luvas, sem botas, sem uniformes e sem nenhum treinamento, colocando suas vidas em risco em cima de caminh\u00f5es de coleta, varrendo e coletando lixo nas ruas, por uma di\u00e1ria de R$ 150,00 (cento e cinquenta reais) \u2013 confirmando as declara\u00e7\u00f5es do prefeito Eduardo Paes de que poderia \u201cmontar uma banquinha e contratar 18 mil pessoas que queiram trabalhar\u201d.<br \/>\n\t&nbsp;<br \/>\n\tPortanto, o que ficou claro \u00e9 que se tratava de um plano anterior da Prefeitura, mesmo sendo algo completamente desproporcional e sem nenhum crit\u00e9rio, que envolve pessoas sem treinamento e inclusive menores de idade.&nbsp;&nbsp;&nbsp;<br \/>\n\t&nbsp;<br \/>\n\tProvavelmente essas contrata\u00e7\u00f5es irregulares s\u00e3o feitas por meio de empresas e n\u00e3o sabemos qual a rela\u00e7\u00e3o que essas empresas possuem com a Prefeitura e com o esquema de \u201ccaixa 2\u201d dos pol\u00edticos. Al\u00e9m do que est\u00e1 claro que essas pessoas contratadas n\u00e3o ter\u00e3o nenhum direito trabalhista e muito menos garantia previdenci\u00e1ria se sofrerem algum tipo de acidente. H\u00e1 dupla ilegalidade nessas contrata\u00e7\u00f5es que, infelizmente at\u00e9 o momento, est\u00e3o acobertadas pela Pol\u00edcia Militar, que deveria ter impedido o flagrante descumprimento da Lei de Greve.<br \/>\n\t&nbsp;<br \/>\n\tO depoimento das pessoas contratadas revelou que no plano da Comlurb h\u00e1 vagas para contratar at\u00e9 8 mil pessoas para que trabalhem durante a greve. Essa informa\u00e7\u00e3o est\u00e1 de acordo com a primeira declara\u00e7\u00e3o do prefeito afirmando que ele iria contratar 18 mil pessoas para substituir os garis, montando uma \u201cbanquinha no Comperj\u201d.<br \/>\n\t&nbsp;<br \/>\n\tEsse gigantesco plano de contrata\u00e7\u00e3o \u00e9 um desrespeito ao direito de greve sem precedentes. O que a Prefeitura est\u00e1 tentando impor nesse momento \u00e9 aniquilar com a paralisa\u00e7\u00e3o dos garis por meio de uma manobra ilegal e absurda.<br \/>\n\t&nbsp;<br \/>\n\tA proibi\u00e7\u00e3o de que as empresas contratem trabalhadores para substituir os grevistas \u00e9 a \u00fanica garantia do exerc\u00edcio desse direito. Portanto, diante dessa gravidade, conclamamos que todas as entidades civis, sindicatos, organiza\u00e7\u00f5es estudantis e parlamentares se pronunciem contra esse ataque. Caso prossiga o plano da Comlurb estar\u00e1 se concretizando um ataque ao direito de greve que os governos aplicar\u00e3o nas demais greves.<br \/>\n\t&nbsp;<br \/>\n\tExigimos a imediata proibi\u00e7\u00e3o de contrata\u00e7\u00e3o de empresas terceirizadas e de pessoas comuns para substituir os garis grevistas. Exigimos que a Comlurb e o prefeito Eduardo Paes respeitem o direito de greve e que suspendam o trabalho de limpeza urbana que esteja sendo feito por qualquer pessoa, empresa ou demais servidores da Prefeitura de fora dos quadros da Comlurb. Exigimos, por fim, a continuidade das negocia\u00e7\u00f5es e que a Compahia apresente um reajuste no sal\u00e1rio e no aux\u00edlio alimenta\u00e7\u00e3o digno e decente aos trabalhadores.<\/p>\n<p>\t<em>* Bruno da Rosa e C\u00e9lio Viana s\u00e3o membros do Comando de Greve dos Garis do Rio de Janeiro.<\/em><\/span><\/span><\/p>\n<p>&nbsp;<\/p>\n","protected":false},"excerpt":{"rendered":"<p>Bruno da Rosa e C\u00e9lio Viana* &nbsp; No dia 12 de mar\u00e7o de 2015, os trabalhadores da Companhia Municipal de Limpeza Urbana do Rio de Janeiro (Comlurb) deflagraram greve por tempo indeterminado em raz\u00e3o da postura intransigente da dire\u00e7\u00e3o da Comlurb e da Prefeitura que apresentaram uma proposta de 3% de reajuste salarial \u2013 menos [&hellip;]<\/p>\n","protected":false},"author":2,"featured_media":0,"comment_status":"open","ping_status":"open","sticky":false,"template":"","format":"standard","meta":{"_acf_changed":false,"footnotes":""},"categories":[6],"tags":[],"class_list":{"0":"post-3190","1":"post","2":"type-post","3":"status-publish","4":"format-standard","6":"category-noticias"},"acf":[],"yoast_head":"<!-- This site is optimized with the Yoast SEO plugin v26.5 - https:\/\/yoast.com\/wordpress\/plugins\/seo\/ -->\n<title>Em defesa do direito de greve dos garis - PSOL 50<\/title>\n<meta name=\"robots\" content=\"index, follow, max-snippet:-1, max-image-preview:large, max-video-preview:-1\" \/>\n<link rel=\"canonical\" href=\"https:\/\/psol50.org.br\/em-defesa-do-direito-de-greve-dos-garis\/\" \/>\n<meta property=\"og:locale\" content=\"pt_BR\" \/>\n<meta property=\"og:type\" content=\"article\" \/>\n<meta property=\"og:title\" content=\"Em defesa do direito de greve dos garis - PSOL 50\" \/>\n<meta property=\"og:description\" content=\"Bruno da Rosa e C\u00e9lio Viana* &nbsp; No dia 12 de mar\u00e7o de 2015, os trabalhadores da Companhia Municipal de Limpeza Urbana do Rio de Janeiro (Comlurb) deflagraram greve por tempo indeterminado em raz\u00e3o da postura intransigente da dire\u00e7\u00e3o da Comlurb e da Prefeitura que apresentaram uma proposta de 3% de reajuste salarial \u2013 menos [&hellip;]\" \/>\n<meta property=\"og:url\" content=\"https:\/\/psol50.org.br\/em-defesa-do-direito-de-greve-dos-garis\/\" \/>\n<meta property=\"og:site_name\" content=\"PSOL 50\" \/>\n<meta property=\"article:publisher\" content=\"https:\/\/www.facebook.com\/psol50\" \/>\n<meta property=\"article:published_time\" content=\"2015-03-17T16:37:07+00:00\" \/>\n<meta property=\"og:image\" content=\"https:\/\/psol50.org.br\/inc\/uploads\/2018\/07\/capa.png\" \/>\n\t<meta property=\"og:image:width\" content=\"1350\" \/>\n\t<meta property=\"og:image:height\" content=\"900\" \/>\n\t<meta property=\"og:image:type\" content=\"image\/png\" \/>\n<meta name=\"author\" content=\"Comunica\u00e7\u00e3o PSOL\" \/>\n<meta name=\"twitter:card\" content=\"summary_large_image\" \/>\n<meta name=\"twitter:creator\" content=\"@psol50\" \/>\n<meta name=\"twitter:site\" content=\"@psol50\" \/>\n<meta name=\"twitter:label1\" content=\"Escrito por\" \/>\n\t<meta name=\"twitter:data1\" content=\"Comunica\u00e7\u00e3o PSOL\" \/>\n\t<meta name=\"twitter:label2\" content=\"Est. tempo de leitura\" \/>\n\t<meta name=\"twitter:data2\" content=\"5 minutos\" \/>\n<script type=\"application\/ld+json\" class=\"yoast-schema-graph\">{\"@context\":\"https:\/\/schema.org\",\"@graph\":[{\"@type\":\"Article\",\"@id\":\"https:\/\/psol50.org.br\/em-defesa-do-direito-de-greve-dos-garis\/#article\",\"isPartOf\":{\"@id\":\"https:\/\/psol50.org.br\/em-defesa-do-direito-de-greve-dos-garis\/\"},\"author\":{\"name\":\"Comunica\u00e7\u00e3o PSOL\",\"@id\":\"https:\/\/psol50.org.br\/#\/schema\/person\/475dfa57d0b815993c714c2e96491fcd\"},\"headline\":\"Em defesa do direito de greve dos garis\",\"datePublished\":\"2015-03-17T16:37:07+00:00\",\"mainEntityOfPage\":{\"@id\":\"https:\/\/psol50.org.br\/em-defesa-do-direito-de-greve-dos-garis\/\"},\"wordCount\":930,\"commentCount\":0,\"publisher\":{\"@id\":\"https:\/\/psol50.org.br\/#organization\"},\"articleSection\":[\"Not\u00edcias\"],\"inLanguage\":\"pt-BR\",\"potentialAction\":[{\"@type\":\"CommentAction\",\"name\":\"Comment\",\"target\":[\"https:\/\/psol50.org.br\/em-defesa-do-direito-de-greve-dos-garis\/#respond\"]}]},{\"@type\":\"WebPage\",\"@id\":\"https:\/\/psol50.org.br\/em-defesa-do-direito-de-greve-dos-garis\/\",\"url\":\"https:\/\/psol50.org.br\/em-defesa-do-direito-de-greve-dos-garis\/\",\"name\":\"Em defesa do direito de greve dos garis - PSOL 50\",\"isPartOf\":{\"@id\":\"https:\/\/psol50.org.br\/#website\"},\"datePublished\":\"2015-03-17T16:37:07+00:00\",\"breadcrumb\":{\"@id\":\"https:\/\/psol50.org.br\/em-defesa-do-direito-de-greve-dos-garis\/#breadcrumb\"},\"inLanguage\":\"pt-BR\",\"potentialAction\":[{\"@type\":\"ReadAction\",\"target\":[\"https:\/\/psol50.org.br\/em-defesa-do-direito-de-greve-dos-garis\/\"]}]},{\"@type\":\"BreadcrumbList\",\"@id\":\"https:\/\/psol50.org.br\/em-defesa-do-direito-de-greve-dos-garis\/#breadcrumb\",\"itemListElement\":[{\"@type\":\"ListItem\",\"position\":1,\"name\":\"In\u00edcio\",\"item\":\"https:\/\/psol50.org.br\/\"},{\"@type\":\"ListItem\",\"position\":2,\"name\":\"Em defesa do direito de greve dos garis\"}]},{\"@type\":\"WebSite\",\"@id\":\"https:\/\/psol50.org.br\/#website\",\"url\":\"https:\/\/psol50.org.br\/\",\"name\":\"PSOL 50\",\"description\":\"Site oficial do Partido Socialismo e Liberdade\",\"publisher\":{\"@id\":\"https:\/\/psol50.org.br\/#organization\"},\"alternateName\":\"PSOL50\",\"potentialAction\":[{\"@type\":\"SearchAction\",\"target\":{\"@type\":\"EntryPoint\",\"urlTemplate\":\"https:\/\/psol50.org.br\/?s={search_term_string}\"},\"query-input\":{\"@type\":\"PropertyValueSpecification\",\"valueRequired\":true,\"valueName\":\"search_term_string\"}}],\"inLanguage\":\"pt-BR\"},{\"@type\":\"Organization\",\"@id\":\"https:\/\/psol50.org.br\/#organization\",\"name\":\"PSOL 50\",\"alternateName\":\"PSOL 50\",\"url\":\"https:\/\/psol50.org.br\/\",\"logo\":{\"@type\":\"ImageObject\",\"inLanguage\":\"pt-BR\",\"@id\":\"https:\/\/psol50.org.br\/#\/schema\/logo\/image\/\",\"url\":\"https:\/\/psol50.org.br\/inc\/uploads\/2018\/07\/capa.png\",\"contentUrl\":\"https:\/\/psol50.org.br\/inc\/uploads\/2018\/07\/capa.png\",\"width\":1350,\"height\":900,\"caption\":\"PSOL 50\"},\"image\":{\"@id\":\"https:\/\/psol50.org.br\/#\/schema\/logo\/image\/\"},\"sameAs\":[\"https:\/\/www.facebook.com\/psol50\",\"https:\/\/x.com\/psol50\",\"https:\/\/www.instagram.com\/psol50\/\",\"https:\/\/www.youtube.com\/channel\/UC7SnJS5o1os7a6CaiNabzcg\"]},{\"@type\":\"Person\",\"@id\":\"https:\/\/psol50.org.br\/#\/schema\/person\/475dfa57d0b815993c714c2e96491fcd\",\"name\":\"Comunica\u00e7\u00e3o PSOL\",\"image\":{\"@type\":\"ImageObject\",\"inLanguage\":\"pt-BR\",\"@id\":\"https:\/\/psol50.org.br\/#\/schema\/person\/image\/\",\"url\":\"https:\/\/secure.gravatar.com\/avatar\/b34fc4f4e468a4e51785917065a3db57b841f5c95dba6ad8c73aaf8f66f8f9bf?s=96&d=mm&r=g\",\"contentUrl\":\"https:\/\/secure.gravatar.com\/avatar\/b34fc4f4e468a4e51785917065a3db57b841f5c95dba6ad8c73aaf8f66f8f9bf?s=96&d=mm&r=g\",\"caption\":\"Comunica\u00e7\u00e3o PSOL\"}}]}<\/script>\n<!-- \/ Yoast SEO plugin. -->","yoast_head_json":{"title":"Em defesa do direito de greve dos garis - PSOL 50","robots":{"index":"index","follow":"follow","max-snippet":"max-snippet:-1","max-image-preview":"max-image-preview:large","max-video-preview":"max-video-preview:-1"},"canonical":"https:\/\/psol50.org.br\/em-defesa-do-direito-de-greve-dos-garis\/","og_locale":"pt_BR","og_type":"article","og_title":"Em defesa do direito de greve dos garis - PSOL 50","og_description":"Bruno da Rosa e C\u00e9lio Viana* &nbsp; No dia 12 de mar\u00e7o de 2015, os trabalhadores da Companhia Municipal de Limpeza Urbana do Rio de Janeiro (Comlurb) deflagraram greve por tempo indeterminado em raz\u00e3o da postura intransigente da dire\u00e7\u00e3o da Comlurb e da Prefeitura que apresentaram uma proposta de 3% de reajuste salarial \u2013 menos [&hellip;]","og_url":"https:\/\/psol50.org.br\/em-defesa-do-direito-de-greve-dos-garis\/","og_site_name":"PSOL 50","article_publisher":"https:\/\/www.facebook.com\/psol50","article_published_time":"2015-03-17T16:37:07+00:00","og_image":[{"width":1350,"height":900,"url":"https:\/\/psol50.org.br\/inc\/uploads\/2018\/07\/capa.png","type":"image\/png"}],"author":"Comunica\u00e7\u00e3o PSOL","twitter_card":"summary_large_image","twitter_creator":"@psol50","twitter_site":"@psol50","twitter_misc":{"Escrito por":"Comunica\u00e7\u00e3o PSOL","Est. tempo de leitura":"5 minutos"},"schema":{"@context":"https:\/\/schema.org","@graph":[{"@type":"Article","@id":"https:\/\/psol50.org.br\/em-defesa-do-direito-de-greve-dos-garis\/#article","isPartOf":{"@id":"https:\/\/psol50.org.br\/em-defesa-do-direito-de-greve-dos-garis\/"},"author":{"name":"Comunica\u00e7\u00e3o PSOL","@id":"https:\/\/psol50.org.br\/#\/schema\/person\/475dfa57d0b815993c714c2e96491fcd"},"headline":"Em defesa do direito de greve dos garis","datePublished":"2015-03-17T16:37:07+00:00","mainEntityOfPage":{"@id":"https:\/\/psol50.org.br\/em-defesa-do-direito-de-greve-dos-garis\/"},"wordCount":930,"commentCount":0,"publisher":{"@id":"https:\/\/psol50.org.br\/#organization"},"articleSection":["Not\u00edcias"],"inLanguage":"pt-BR","potentialAction":[{"@type":"CommentAction","name":"Comment","target":["https:\/\/psol50.org.br\/em-defesa-do-direito-de-greve-dos-garis\/#respond"]}]},{"@type":"WebPage","@id":"https:\/\/psol50.org.br\/em-defesa-do-direito-de-greve-dos-garis\/","url":"https:\/\/psol50.org.br\/em-defesa-do-direito-de-greve-dos-garis\/","name":"Em defesa do direito de greve dos garis - PSOL 50","isPartOf":{"@id":"https:\/\/psol50.org.br\/#website"},"datePublished":"2015-03-17T16:37:07+00:00","breadcrumb":{"@id":"https:\/\/psol50.org.br\/em-defesa-do-direito-de-greve-dos-garis\/#breadcrumb"},"inLanguage":"pt-BR","potentialAction":[{"@type":"ReadAction","target":["https:\/\/psol50.org.br\/em-defesa-do-direito-de-greve-dos-garis\/"]}]},{"@type":"BreadcrumbList","@id":"https:\/\/psol50.org.br\/em-defesa-do-direito-de-greve-dos-garis\/#breadcrumb","itemListElement":[{"@type":"ListItem","position":1,"name":"In\u00edcio","item":"https:\/\/psol50.org.br\/"},{"@type":"ListItem","position":2,"name":"Em defesa do direito de greve dos garis"}]},{"@type":"WebSite","@id":"https:\/\/psol50.org.br\/#website","url":"https:\/\/psol50.org.br\/","name":"PSOL 50","description":"Site oficial do Partido Socialismo e Liberdade","publisher":{"@id":"https:\/\/psol50.org.br\/#organization"},"alternateName":"PSOL50","potentialAction":[{"@type":"SearchAction","target":{"@type":"EntryPoint","urlTemplate":"https:\/\/psol50.org.br\/?s={search_term_string}"},"query-input":{"@type":"PropertyValueSpecification","valueRequired":true,"valueName":"search_term_string"}}],"inLanguage":"pt-BR"},{"@type":"Organization","@id":"https:\/\/psol50.org.br\/#organization","name":"PSOL 50","alternateName":"PSOL 50","url":"https:\/\/psol50.org.br\/","logo":{"@type":"ImageObject","inLanguage":"pt-BR","@id":"https:\/\/psol50.org.br\/#\/schema\/logo\/image\/","url":"https:\/\/psol50.org.br\/inc\/uploads\/2018\/07\/capa.png","contentUrl":"https:\/\/psol50.org.br\/inc\/uploads\/2018\/07\/capa.png","width":1350,"height":900,"caption":"PSOL 50"},"image":{"@id":"https:\/\/psol50.org.br\/#\/schema\/logo\/image\/"},"sameAs":["https:\/\/www.facebook.com\/psol50","https:\/\/x.com\/psol50","https:\/\/www.instagram.com\/psol50\/","https:\/\/www.youtube.com\/channel\/UC7SnJS5o1os7a6CaiNabzcg"]},{"@type":"Person","@id":"https:\/\/psol50.org.br\/#\/schema\/person\/475dfa57d0b815993c714c2e96491fcd","name":"Comunica\u00e7\u00e3o PSOL","image":{"@type":"ImageObject","inLanguage":"pt-BR","@id":"https:\/\/psol50.org.br\/#\/schema\/person\/image\/","url":"https:\/\/secure.gravatar.com\/avatar\/b34fc4f4e468a4e51785917065a3db57b841f5c95dba6ad8c73aaf8f66f8f9bf?s=96&d=mm&r=g","contentUrl":"https:\/\/secure.gravatar.com\/avatar\/b34fc4f4e468a4e51785917065a3db57b841f5c95dba6ad8c73aaf8f66f8f9bf?s=96&d=mm&r=g","caption":"Comunica\u00e7\u00e3o PSOL"}}]}},"_links":{"self":[{"href":"https:\/\/psol50.org.br\/rest\/wp\/v2\/posts\/3190","targetHints":{"allow":["GET"]}}],"collection":[{"href":"https:\/\/psol50.org.br\/rest\/wp\/v2\/posts"}],"about":[{"href":"https:\/\/psol50.org.br\/rest\/wp\/v2\/types\/post"}],"author":[{"embeddable":true,"href":"https:\/\/psol50.org.br\/rest\/wp\/v2\/users\/2"}],"replies":[{"embeddable":true,"href":"https:\/\/psol50.org.br\/rest\/wp\/v2\/comments?post=3190"}],"version-history":[{"count":0,"href":"https:\/\/psol50.org.br\/rest\/wp\/v2\/posts\/3190\/revisions"}],"wp:attachment":[{"href":"https:\/\/psol50.org.br\/rest\/wp\/v2\/media?parent=3190"}],"wp:term":[{"taxonomy":"category","embeddable":true,"href":"https:\/\/psol50.org.br\/rest\/wp\/v2\/categories?post=3190"},{"taxonomy":"post_tag","embeddable":true,"href":"https:\/\/psol50.org.br\/rest\/wp\/v2\/tags?post=3190"}],"curies":[{"name":"wp","href":"https:\/\/api.w.org\/{rel}","templated":true}]}}