{"id":3191,"date":"2015-03-17T00:00:00","date_gmt":"2015-03-17T17:28:29","guid":{"rendered":"http:\/\/psol50.org.br\/arquivo\/2015\/03\/17\/psol-repudia-as-demissoes-na-sabesp-e-a-perseguicao-politica-contra-marzeni-pereira\/"},"modified":"2015-03-17T00:00:00","modified_gmt":"2015-03-17T17:28:29","slug":"psol-repudia-as-demissoes-na-sabesp-e-a-perseguicao-politica-contra-marzeni-pereira","status":"publish","type":"post","link":"https:\/\/psol50.org.br\/psol-repudia-as-demissoes-na-sabesp-e-a-perseguicao-politica-contra-marzeni-pereira\/","title":{"rendered":"PSOL repudia as demiss\u00f5es na Sabesp e a persegui\u00e7\u00e3o pol\u00edtica contra Marzeni Pereira"},"content":{"rendered":"<p style=\"text-align: justify;\">\n\t<span style=\"font-family:arial,helvetica,sans-serif;\"><span style=\"font-size: 12px;\">A dire\u00e7\u00e3o da Sabesp e o governo de Geraldo Alckmin (PSDB) no estado de S\u00e3o Paulo acabam de comunicar a demiss\u00e3o do companheiro Marzeni Pereira, fundador e militante do PSOL, numa clara postura de persegui\u00e7\u00e3o pol\u00edtica contra quem vem denunciando a responsabilidade do governo do PSDB na grav\u00edssima crise h\u00eddrica que acomete o estado de S\u00e3o Paulo.<br \/>\n\t&nbsp;<br \/>\n\tA demiss\u00e3o do companheiro Marzeni acontece em meio \u00e0 inaceit\u00e1vel tentativa de demiss\u00e3o de mais de 500 trabalhadores da Sabesp. Essa trag\u00e9dia acontece em um momento em que a empresa e o governo do estado deveriam estar investindo em for\u00e7a de trabalho qualificada e tomando a\u00e7\u00f5es concretas para enfrentar a crise.<br \/>\n\t&nbsp;<br \/>\n\tMas, o governo Alckmin prefere garantir os dividendos dos acionistas da Sabesp, grande parte deles estrangeiros, ao inv\u00e9s de atender aos interesses da popula\u00e7\u00e3o de S\u00e3o Paulo e garantir o direito de acesso \u00e0 \u00e1gua.<br \/>\n\t&nbsp;<br \/>\n\tMarzeni Pereira trabalhou na Sabesp por mais de 22 anos, tendo sido delegado sindical e membro da CIPA por v\u00e1rios mandatos e ajudou a construir e coordenar a oposi\u00e7\u00e3o sindical no Sintaema.<br \/>\n\t&nbsp;<br \/>\n\tA demiss\u00e3o do companheiro Marzeni \u00e9 um claro ataque ao direito de organiza\u00e7\u00e3o sindical, assim como aconteceu no caso das demiss\u00f5es dos metrovi\u00e1rios grevistas no ano passado. Marzeni est\u00e1 sendo punido por combater a privatiza\u00e7\u00e3o da empresa e defender uma Sabesp 100% estatal e sob controle dos trabalhadores.<br \/>\n\t&nbsp;<br \/>\n\tO PSOL n\u00e3o aceitar\u00e1 mais essa arbitrariedade e abuso por parte do governo de Geraldo Alckmin. Exigimos a revers\u00e3o de todas as demiss\u00f5es e o fim da persegui\u00e7\u00e3o pol\u00edtica dentro da Sabesp.<br \/>\n\t&nbsp;<br \/>\n\t<strong>Executiva Nacional do Partido Socialismo e Liberdade &#8211; PSOL<\/strong><\/span><\/span><\/p>\n<p>&nbsp;<\/p>\n","protected":false},"excerpt":{"rendered":"<p>A dire\u00e7\u00e3o da Sabesp e o governo de Geraldo Alckmin (PSDB) no estado de S\u00e3o Paulo acabam de comunicar a demiss\u00e3o do companheiro Marzeni Pereira, fundador e militante do PSOL, numa clara postura de persegui\u00e7\u00e3o pol\u00edtica contra quem vem denunciando a responsabilidade do governo do PSDB na grav\u00edssima crise h\u00eddrica que acomete o estado de [&hellip;]<\/p>\n","protected":false},"author":2,"featured_media":0,"comment_status":"open","ping_status":"open","sticky":false,"template":"","format":"standard","meta":{"_acf_changed":false,"footnotes":""},"categories":[6],"tags":[22],"class_list":{"0":"post-3191","1":"post","2":"type-post","3":"status-publish","4":"format-standard","6":"category-noticias","7":"tag-psol"},"acf":[],"yoast_head":"<!-- This site is optimized with the Yoast SEO plugin v26.5 - https:\/\/yoast.com\/wordpress\/plugins\/seo\/ -->\n<title>PSOL repudia as demiss\u00f5es na Sabesp e a persegui\u00e7\u00e3o pol\u00edtica contra Marzeni Pereira - PSOL 50<\/title>\n<meta name=\"robots\" content=\"index, follow, max-snippet:-1, max-image-preview:large, max-video-preview:-1\" \/>\n<link rel=\"canonical\" href=\"https:\/\/psol50.org.br\/psol-repudia-as-demissoes-na-sabesp-e-a-perseguicao-politica-contra-marzeni-pereira\/\" \/>\n<meta property=\"og:locale\" content=\"pt_BR\" \/>\n<meta property=\"og:type\" content=\"article\" \/>\n<meta property=\"og:title\" content=\"PSOL repudia as demiss\u00f5es na Sabesp e a persegui\u00e7\u00e3o pol\u00edtica contra Marzeni Pereira - PSOL 50\" \/>\n<meta property=\"og:description\" content=\"A dire\u00e7\u00e3o da Sabesp e o governo de Geraldo Alckmin (PSDB) no estado de S\u00e3o Paulo acabam de comunicar a demiss\u00e3o do companheiro Marzeni Pereira, fundador e militante do PSOL, numa clara postura de persegui\u00e7\u00e3o pol\u00edtica contra quem vem denunciando a responsabilidade do governo do PSDB na grav\u00edssima crise h\u00eddrica que acomete o estado de [&hellip;]\" \/>\n<meta property=\"og:url\" content=\"https:\/\/psol50.org.br\/psol-repudia-as-demissoes-na-sabesp-e-a-perseguicao-politica-contra-marzeni-pereira\/\" \/>\n<meta property=\"og:site_name\" content=\"PSOL 50\" \/>\n<meta property=\"article:publisher\" content=\"https:\/\/www.facebook.com\/psol50\" \/>\n<meta property=\"article:published_time\" content=\"2015-03-17T17:28:29+00:00\" \/>\n<meta property=\"og:image\" content=\"https:\/\/psol50.org.br\/inc\/uploads\/2018\/07\/capa.png\" \/>\n\t<meta property=\"og:image:width\" content=\"1350\" \/>\n\t<meta property=\"og:image:height\" content=\"900\" \/>\n\t<meta property=\"og:image:type\" content=\"image\/png\" \/>\n<meta name=\"author\" content=\"Comunica\u00e7\u00e3o PSOL\" \/>\n<meta name=\"twitter:card\" content=\"summary_large_image\" \/>\n<meta name=\"twitter:creator\" content=\"@psol50\" \/>\n<meta name=\"twitter:site\" content=\"@psol50\" \/>\n<meta name=\"twitter:label1\" content=\"Escrito por\" \/>\n\t<meta name=\"twitter:data1\" content=\"Comunica\u00e7\u00e3o PSOL\" \/>\n\t<meta name=\"twitter:label2\" content=\"Est. tempo de leitura\" \/>\n\t<meta name=\"twitter:data2\" content=\"1 minuto\" \/>\n<script type=\"application\/ld+json\" class=\"yoast-schema-graph\">{\"@context\":\"https:\/\/schema.org\",\"@graph\":[{\"@type\":\"Article\",\"@id\":\"https:\/\/psol50.org.br\/psol-repudia-as-demissoes-na-sabesp-e-a-perseguicao-politica-contra-marzeni-pereira\/#article\",\"isPartOf\":{\"@id\":\"https:\/\/psol50.org.br\/psol-repudia-as-demissoes-na-sabesp-e-a-perseguicao-politica-contra-marzeni-pereira\/\"},\"author\":{\"name\":\"Comunica\u00e7\u00e3o PSOL\",\"@id\":\"https:\/\/psol50.org.br\/#\/schema\/person\/475dfa57d0b815993c714c2e96491fcd\"},\"headline\":\"PSOL repudia as demiss\u00f5es na Sabesp e a persegui\u00e7\u00e3o pol\u00edtica contra Marzeni Pereira\",\"datePublished\":\"2015-03-17T17:28:29+00:00\",\"mainEntityOfPage\":{\"@id\":\"https:\/\/psol50.org.br\/psol-repudia-as-demissoes-na-sabesp-e-a-perseguicao-politica-contra-marzeni-pereira\/\"},\"wordCount\":310,\"commentCount\":0,\"publisher\":{\"@id\":\"https:\/\/psol50.org.br\/#organization\"},\"keywords\":[\"PSOL\"],\"articleSection\":[\"Not\u00edcias\"],\"inLanguage\":\"pt-BR\",\"potentialAction\":[{\"@type\":\"CommentAction\",\"name\":\"Comment\",\"target\":[\"https:\/\/psol50.org.br\/psol-repudia-as-demissoes-na-sabesp-e-a-perseguicao-politica-contra-marzeni-pereira\/#respond\"]}]},{\"@type\":\"WebPage\",\"@id\":\"https:\/\/psol50.org.br\/psol-repudia-as-demissoes-na-sabesp-e-a-perseguicao-politica-contra-marzeni-pereira\/\",\"url\":\"https:\/\/psol50.org.br\/psol-repudia-as-demissoes-na-sabesp-e-a-perseguicao-politica-contra-marzeni-pereira\/\",\"name\":\"PSOL repudia as demiss\u00f5es na Sabesp e a persegui\u00e7\u00e3o pol\u00edtica contra Marzeni Pereira - PSOL 50\",\"isPartOf\":{\"@id\":\"https:\/\/psol50.org.br\/#website\"},\"datePublished\":\"2015-03-17T17:28:29+00:00\",\"breadcrumb\":{\"@id\":\"https:\/\/psol50.org.br\/psol-repudia-as-demissoes-na-sabesp-e-a-perseguicao-politica-contra-marzeni-pereira\/#breadcrumb\"},\"inLanguage\":\"pt-BR\",\"potentialAction\":[{\"@type\":\"ReadAction\",\"target\":[\"https:\/\/psol50.org.br\/psol-repudia-as-demissoes-na-sabesp-e-a-perseguicao-politica-contra-marzeni-pereira\/\"]}]},{\"@type\":\"BreadcrumbList\",\"@id\":\"https:\/\/psol50.org.br\/psol-repudia-as-demissoes-na-sabesp-e-a-perseguicao-politica-contra-marzeni-pereira\/#breadcrumb\",\"itemListElement\":[{\"@type\":\"ListItem\",\"position\":1,\"name\":\"In\u00edcio\",\"item\":\"https:\/\/psol50.org.br\/\"},{\"@type\":\"ListItem\",\"position\":2,\"name\":\"PSOL repudia as demiss\u00f5es na Sabesp e a persegui\u00e7\u00e3o pol\u00edtica contra Marzeni Pereira\"}]},{\"@type\":\"WebSite\",\"@id\":\"https:\/\/psol50.org.br\/#website\",\"url\":\"https:\/\/psol50.org.br\/\",\"name\":\"PSOL 50\",\"description\":\"Site oficial do Partido Socialismo e Liberdade\",\"publisher\":{\"@id\":\"https:\/\/psol50.org.br\/#organization\"},\"alternateName\":\"PSOL50\",\"potentialAction\":[{\"@type\":\"SearchAction\",\"target\":{\"@type\":\"EntryPoint\",\"urlTemplate\":\"https:\/\/psol50.org.br\/?s={search_term_string}\"},\"query-input\":{\"@type\":\"PropertyValueSpecification\",\"valueRequired\":true,\"valueName\":\"search_term_string\"}}],\"inLanguage\":\"pt-BR\"},{\"@type\":\"Organization\",\"@id\":\"https:\/\/psol50.org.br\/#organization\",\"name\":\"PSOL 50\",\"alternateName\":\"PSOL 50\",\"url\":\"https:\/\/psol50.org.br\/\",\"logo\":{\"@type\":\"ImageObject\",\"inLanguage\":\"pt-BR\",\"@id\":\"https:\/\/psol50.org.br\/#\/schema\/logo\/image\/\",\"url\":\"https:\/\/psol50.org.br\/inc\/uploads\/2018\/07\/capa.png\",\"contentUrl\":\"https:\/\/psol50.org.br\/inc\/uploads\/2018\/07\/capa.png\",\"width\":1350,\"height\":900,\"caption\":\"PSOL 50\"},\"image\":{\"@id\":\"https:\/\/psol50.org.br\/#\/schema\/logo\/image\/\"},\"sameAs\":[\"https:\/\/www.facebook.com\/psol50\",\"https:\/\/x.com\/psol50\",\"https:\/\/www.instagram.com\/psol50\/\",\"https:\/\/www.youtube.com\/channel\/UC7SnJS5o1os7a6CaiNabzcg\"]},{\"@type\":\"Person\",\"@id\":\"https:\/\/psol50.org.br\/#\/schema\/person\/475dfa57d0b815993c714c2e96491fcd\",\"name\":\"Comunica\u00e7\u00e3o PSOL\",\"image\":{\"@type\":\"ImageObject\",\"inLanguage\":\"pt-BR\",\"@id\":\"https:\/\/psol50.org.br\/#\/schema\/person\/image\/\",\"url\":\"https:\/\/secure.gravatar.com\/avatar\/b34fc4f4e468a4e51785917065a3db57b841f5c95dba6ad8c73aaf8f66f8f9bf?s=96&d=mm&r=g\",\"contentUrl\":\"https:\/\/secure.gravatar.com\/avatar\/b34fc4f4e468a4e51785917065a3db57b841f5c95dba6ad8c73aaf8f66f8f9bf?s=96&d=mm&r=g\",\"caption\":\"Comunica\u00e7\u00e3o PSOL\"}}]}<\/script>\n<!-- \/ Yoast SEO plugin. -->","yoast_head_json":{"title":"PSOL repudia as demiss\u00f5es na Sabesp e a persegui\u00e7\u00e3o pol\u00edtica contra Marzeni Pereira - PSOL 50","robots":{"index":"index","follow":"follow","max-snippet":"max-snippet:-1","max-image-preview":"max-image-preview:large","max-video-preview":"max-video-preview:-1"},"canonical":"https:\/\/psol50.org.br\/psol-repudia-as-demissoes-na-sabesp-e-a-perseguicao-politica-contra-marzeni-pereira\/","og_locale":"pt_BR","og_type":"article","og_title":"PSOL repudia as demiss\u00f5es na Sabesp e a persegui\u00e7\u00e3o pol\u00edtica contra Marzeni Pereira - PSOL 50","og_description":"A dire\u00e7\u00e3o da Sabesp e o governo de Geraldo Alckmin (PSDB) no estado de S\u00e3o Paulo acabam de comunicar a demiss\u00e3o do companheiro Marzeni Pereira, fundador e militante do PSOL, numa clara postura de persegui\u00e7\u00e3o pol\u00edtica contra quem vem denunciando a responsabilidade do governo do PSDB na grav\u00edssima crise h\u00eddrica que acomete o estado de [&hellip;]","og_url":"https:\/\/psol50.org.br\/psol-repudia-as-demissoes-na-sabesp-e-a-perseguicao-politica-contra-marzeni-pereira\/","og_site_name":"PSOL 50","article_publisher":"https:\/\/www.facebook.com\/psol50","article_published_time":"2015-03-17T17:28:29+00:00","og_image":[{"width":1350,"height":900,"url":"https:\/\/psol50.org.br\/inc\/uploads\/2018\/07\/capa.png","type":"image\/png"}],"author":"Comunica\u00e7\u00e3o PSOL","twitter_card":"summary_large_image","twitter_creator":"@psol50","twitter_site":"@psol50","twitter_misc":{"Escrito por":"Comunica\u00e7\u00e3o PSOL","Est. tempo de leitura":"1 minuto"},"schema":{"@context":"https:\/\/schema.org","@graph":[{"@type":"Article","@id":"https:\/\/psol50.org.br\/psol-repudia-as-demissoes-na-sabesp-e-a-perseguicao-politica-contra-marzeni-pereira\/#article","isPartOf":{"@id":"https:\/\/psol50.org.br\/psol-repudia-as-demissoes-na-sabesp-e-a-perseguicao-politica-contra-marzeni-pereira\/"},"author":{"name":"Comunica\u00e7\u00e3o PSOL","@id":"https:\/\/psol50.org.br\/#\/schema\/person\/475dfa57d0b815993c714c2e96491fcd"},"headline":"PSOL repudia as demiss\u00f5es na Sabesp e a persegui\u00e7\u00e3o pol\u00edtica contra Marzeni Pereira","datePublished":"2015-03-17T17:28:29+00:00","mainEntityOfPage":{"@id":"https:\/\/psol50.org.br\/psol-repudia-as-demissoes-na-sabesp-e-a-perseguicao-politica-contra-marzeni-pereira\/"},"wordCount":310,"commentCount":0,"publisher":{"@id":"https:\/\/psol50.org.br\/#organization"},"keywords":["PSOL"],"articleSection":["Not\u00edcias"],"inLanguage":"pt-BR","potentialAction":[{"@type":"CommentAction","name":"Comment","target":["https:\/\/psol50.org.br\/psol-repudia-as-demissoes-na-sabesp-e-a-perseguicao-politica-contra-marzeni-pereira\/#respond"]}]},{"@type":"WebPage","@id":"https:\/\/psol50.org.br\/psol-repudia-as-demissoes-na-sabesp-e-a-perseguicao-politica-contra-marzeni-pereira\/","url":"https:\/\/psol50.org.br\/psol-repudia-as-demissoes-na-sabesp-e-a-perseguicao-politica-contra-marzeni-pereira\/","name":"PSOL repudia as demiss\u00f5es na Sabesp e a persegui\u00e7\u00e3o pol\u00edtica contra Marzeni Pereira - PSOL 50","isPartOf":{"@id":"https:\/\/psol50.org.br\/#website"},"datePublished":"2015-03-17T17:28:29+00:00","breadcrumb":{"@id":"https:\/\/psol50.org.br\/psol-repudia-as-demissoes-na-sabesp-e-a-perseguicao-politica-contra-marzeni-pereira\/#breadcrumb"},"inLanguage":"pt-BR","potentialAction":[{"@type":"ReadAction","target":["https:\/\/psol50.org.br\/psol-repudia-as-demissoes-na-sabesp-e-a-perseguicao-politica-contra-marzeni-pereira\/"]}]},{"@type":"BreadcrumbList","@id":"https:\/\/psol50.org.br\/psol-repudia-as-demissoes-na-sabesp-e-a-perseguicao-politica-contra-marzeni-pereira\/#breadcrumb","itemListElement":[{"@type":"ListItem","position":1,"name":"In\u00edcio","item":"https:\/\/psol50.org.br\/"},{"@type":"ListItem","position":2,"name":"PSOL repudia as demiss\u00f5es na Sabesp e a persegui\u00e7\u00e3o pol\u00edtica contra Marzeni Pereira"}]},{"@type":"WebSite","@id":"https:\/\/psol50.org.br\/#website","url":"https:\/\/psol50.org.br\/","name":"PSOL 50","description":"Site oficial do Partido Socialismo e Liberdade","publisher":{"@id":"https:\/\/psol50.org.br\/#organization"},"alternateName":"PSOL50","potentialAction":[{"@type":"SearchAction","target":{"@type":"EntryPoint","urlTemplate":"https:\/\/psol50.org.br\/?s={search_term_string}"},"query-input":{"@type":"PropertyValueSpecification","valueRequired":true,"valueName":"search_term_string"}}],"inLanguage":"pt-BR"},{"@type":"Organization","@id":"https:\/\/psol50.org.br\/#organization","name":"PSOL 50","alternateName":"PSOL 50","url":"https:\/\/psol50.org.br\/","logo":{"@type":"ImageObject","inLanguage":"pt-BR","@id":"https:\/\/psol50.org.br\/#\/schema\/logo\/image\/","url":"https:\/\/psol50.org.br\/inc\/uploads\/2018\/07\/capa.png","contentUrl":"https:\/\/psol50.org.br\/inc\/uploads\/2018\/07\/capa.png","width":1350,"height":900,"caption":"PSOL 50"},"image":{"@id":"https:\/\/psol50.org.br\/#\/schema\/logo\/image\/"},"sameAs":["https:\/\/www.facebook.com\/psol50","https:\/\/x.com\/psol50","https:\/\/www.instagram.com\/psol50\/","https:\/\/www.youtube.com\/channel\/UC7SnJS5o1os7a6CaiNabzcg"]},{"@type":"Person","@id":"https:\/\/psol50.org.br\/#\/schema\/person\/475dfa57d0b815993c714c2e96491fcd","name":"Comunica\u00e7\u00e3o PSOL","image":{"@type":"ImageObject","inLanguage":"pt-BR","@id":"https:\/\/psol50.org.br\/#\/schema\/person\/image\/","url":"https:\/\/secure.gravatar.com\/avatar\/b34fc4f4e468a4e51785917065a3db57b841f5c95dba6ad8c73aaf8f66f8f9bf?s=96&d=mm&r=g","contentUrl":"https:\/\/secure.gravatar.com\/avatar\/b34fc4f4e468a4e51785917065a3db57b841f5c95dba6ad8c73aaf8f66f8f9bf?s=96&d=mm&r=g","caption":"Comunica\u00e7\u00e3o PSOL"}}]}},"_links":{"self":[{"href":"https:\/\/psol50.org.br\/rest\/wp\/v2\/posts\/3191","targetHints":{"allow":["GET"]}}],"collection":[{"href":"https:\/\/psol50.org.br\/rest\/wp\/v2\/posts"}],"about":[{"href":"https:\/\/psol50.org.br\/rest\/wp\/v2\/types\/post"}],"author":[{"embeddable":true,"href":"https:\/\/psol50.org.br\/rest\/wp\/v2\/users\/2"}],"replies":[{"embeddable":true,"href":"https:\/\/psol50.org.br\/rest\/wp\/v2\/comments?post=3191"}],"version-history":[{"count":0,"href":"https:\/\/psol50.org.br\/rest\/wp\/v2\/posts\/3191\/revisions"}],"wp:attachment":[{"href":"https:\/\/psol50.org.br\/rest\/wp\/v2\/media?parent=3191"}],"wp:term":[{"taxonomy":"category","embeddable":true,"href":"https:\/\/psol50.org.br\/rest\/wp\/v2\/categories?post=3191"},{"taxonomy":"post_tag","embeddable":true,"href":"https:\/\/psol50.org.br\/rest\/wp\/v2\/tags?post=3191"}],"curies":[{"name":"wp","href":"https:\/\/api.w.org\/{rel}","templated":true}]}}