{"id":3192,"date":"2015-03-18T00:00:00","date_gmt":"2015-03-18T14:37:44","guid":{"rendered":"http:\/\/psol50.org.br\/arquivo\/2015\/03\/18\/reducao-da-maioridade-penal-em-pauta-na-camara\/"},"modified":"2015-03-18T00:00:00","modified_gmt":"2015-03-18T14:37:44","slug":"reducao-da-maioridade-penal-em-pauta-na-camara","status":"publish","type":"post","link":"https:\/\/psol50.org.br\/reducao-da-maioridade-penal-em-pauta-na-camara\/","title":{"rendered":"Redu\u00e7\u00e3o da maioridade penal em pauta na C\u00e2mara"},"content":{"rendered":"<p style=\"margin-bottom: 0cm; text-align: justify;\">\n\t<span style=\"font-size:12px;\"><font face=\"Arial, sans-serif\">O PSOL apresentou, na tarde desta ter\u00e7a-feira (17), requerimento na CCJC (Comiss\u00e3o de Constitucionalidade e Justi\u00e7a e de Cidadania) da C\u00e2mara dos Deputados, solicitando a retirada de pauta da PEC 171\/93, que prev\u00ea a redu\u00e7\u00e3o da maioridade penal de 18 para 16 anos.<\/font><\/p>\n<p>\t\u201c<font face=\"Arial, sans-serif\">A quest\u00e3o da viol\u00eancia est\u00e1 diretamente relacionada \u00e0 exclus\u00e3o social e \u00e0 mis\u00e9ria. Nossas crian\u00e7as e jovens n\u00e3o t\u00eam acesso ao lazer, \u00e0 cultura, \u00e0 educa\u00e7\u00e3o e emprego. O Estado n\u00e3o prioriza dar oportunidades, mas quer punir, punir, punir. Votamos pela retirada da pauta, pois este debate merece aprofundamento, tanto na Casa, quanto na sociedade\u201d, defendeu o deputado Ivan Valente (PSOL-SP). <\/font><\/p>\n<p>\t<font face=\"Arial, sans-serif\">O deputado ressalta que no ano em que o ECA (Estatuto da Crian\u00e7a e do Adolescente) completa 25 anos, ser\u00e1 necess\u00e1rio que a sociedade brasileira se mobilize para garantir que o direito \u00e0 inf\u00e2ncia no Brasil seja respeitado.<\/font><\/p>\n<p>\t<font face=\"Arial, sans-serif\">A CCJC rejeitou o requerimento por 37 votos a 19 e prosseguiu a leitura do parecer do relator. Ap\u00f3s um pedido de vista coletivo, assinado tamb\u00e9m pelo PSOL, a vota\u00e7\u00e3o da admissibilidade foi adiada para a pr\u00f3xima semana.<\/font><\/p>\n<p>\t<font face=\"Arial, sans-serif\">Caso a admissibilidade da PEC seja aprovada, ser\u00e1 criada uma comiss\u00e3o especial para analisar o m\u00e9rito das propostas, para, em seguida, ser feita a vota\u00e7\u00e3o no plen\u00e1rio da C\u00e2mara.<\/font><\/p>\n<p>\t<font face=\"Arial, sans-serif\">O PSOL \u00e9 contra a criminaliza\u00e7\u00e3o da juventude. A juventude quer mais direitos e oportunidades; educa\u00e7\u00e3o, sa\u00fade, moradia, cultura e lazer para todos.<\/font><\/p>\n<p>\t<font face=\"Arial, sans-serif\">Conhe\u00e7a 18 raz\u00f5es <\/font><font face=\"Arial, sans-serif\">porqu\u00ea o PSOL \u00e9 <\/font><font face=\"Arial, sans-serif\">contra a redu\u00e7\u00e3o da maioridade penal: <a href=\"https:\/\/18razoes.wordpress.com\/quem-somos\/\" target=\"_blank\" rel=\"noopener\">https:\/\/18razoes.wordpress.com\/quem-somos\/<\/a><\/font>. <\/span><\/p>\n<p style=\"margin-bottom: 0cm\">\n\t&nbsp;<\/p>\n","protected":false},"excerpt":{"rendered":"<p>PSOL tenta retirar a PEC da pauta. \u201cA quest\u00e3o da viol\u00eancia est\u00e1 diretamente relacionada \u00e0 exclus\u00e3o social e \u00e0 mis\u00e9ria. Nossas crian\u00e7as e jovens n\u00e3o t\u00eam acesso ao lazer, \u00e0 cultura, \u00e0 educa\u00e7\u00e3o e emprego\u201d, afirma Ivan Valente<\/p>\n","protected":false},"author":2,"featured_media":0,"comment_status":"open","ping_status":"open","sticky":false,"template":"","format":"standard","meta":{"_acf_changed":false,"footnotes":""},"categories":[6],"tags":[],"class_list":{"0":"post-3192","1":"post","2":"type-post","3":"status-publish","4":"format-standard","6":"category-noticias"},"acf":[],"yoast_head":"<!-- This site is optimized with the Yoast SEO plugin v26.5 - https:\/\/yoast.com\/wordpress\/plugins\/seo\/ -->\n<title>Redu\u00e7\u00e3o da maioridade penal em pauta na C\u00e2mara - PSOL 50<\/title>\n<meta name=\"robots\" content=\"index, follow, max-snippet:-1, max-image-preview:large, max-video-preview:-1\" \/>\n<link rel=\"canonical\" href=\"https:\/\/psol50.org.br\/reducao-da-maioridade-penal-em-pauta-na-camara\/\" \/>\n<meta property=\"og:locale\" content=\"pt_BR\" \/>\n<meta property=\"og:type\" content=\"article\" \/>\n<meta property=\"og:title\" content=\"Redu\u00e7\u00e3o da maioridade penal em pauta na C\u00e2mara - PSOL 50\" \/>\n<meta property=\"og:description\" content=\"PSOL tenta retirar a PEC da pauta. \u201cA quest\u00e3o da viol\u00eancia est\u00e1 diretamente relacionada \u00e0 exclus\u00e3o social e \u00e0 mis\u00e9ria. Nossas crian\u00e7as e jovens n\u00e3o t\u00eam acesso ao lazer, \u00e0 cultura, \u00e0 educa\u00e7\u00e3o e emprego\u201d, afirma Ivan Valente\" \/>\n<meta property=\"og:url\" content=\"https:\/\/psol50.org.br\/reducao-da-maioridade-penal-em-pauta-na-camara\/\" \/>\n<meta property=\"og:site_name\" content=\"PSOL 50\" \/>\n<meta property=\"article:publisher\" content=\"https:\/\/www.facebook.com\/psol50\" \/>\n<meta property=\"article:published_time\" content=\"2015-03-18T14:37:44+00:00\" \/>\n<meta property=\"og:image\" content=\"https:\/\/psol50.org.br\/inc\/uploads\/2018\/07\/capa.png\" \/>\n\t<meta property=\"og:image:width\" content=\"1350\" \/>\n\t<meta property=\"og:image:height\" content=\"900\" \/>\n\t<meta property=\"og:image:type\" content=\"image\/png\" \/>\n<meta name=\"author\" content=\"Comunica\u00e7\u00e3o PSOL\" \/>\n<meta name=\"twitter:card\" content=\"summary_large_image\" \/>\n<meta name=\"twitter:creator\" content=\"@psol50\" \/>\n<meta name=\"twitter:site\" content=\"@psol50\" \/>\n<meta name=\"twitter:label1\" content=\"Escrito por\" \/>\n\t<meta name=\"twitter:data1\" content=\"Comunica\u00e7\u00e3o PSOL\" \/>\n\t<meta name=\"twitter:label2\" content=\"Est. tempo de leitura\" \/>\n\t<meta name=\"twitter:data2\" content=\"1 minuto\" \/>\n<script type=\"application\/ld+json\" class=\"yoast-schema-graph\">{\"@context\":\"https:\/\/schema.org\",\"@graph\":[{\"@type\":\"Article\",\"@id\":\"https:\/\/psol50.org.br\/reducao-da-maioridade-penal-em-pauta-na-camara\/#article\",\"isPartOf\":{\"@id\":\"https:\/\/psol50.org.br\/reducao-da-maioridade-penal-em-pauta-na-camara\/\"},\"author\":{\"name\":\"Comunica\u00e7\u00e3o PSOL\",\"@id\":\"https:\/\/psol50.org.br\/#\/schema\/person\/475dfa57d0b815993c714c2e96491fcd\"},\"headline\":\"Redu\u00e7\u00e3o da maioridade penal em pauta na C\u00e2mara\",\"datePublished\":\"2015-03-18T14:37:44+00:00\",\"mainEntityOfPage\":{\"@id\":\"https:\/\/psol50.org.br\/reducao-da-maioridade-penal-em-pauta-na-camara\/\"},\"wordCount\":278,\"commentCount\":0,\"publisher\":{\"@id\":\"https:\/\/psol50.org.br\/#organization\"},\"articleSection\":[\"Not\u00edcias\"],\"inLanguage\":\"pt-BR\",\"potentialAction\":[{\"@type\":\"CommentAction\",\"name\":\"Comment\",\"target\":[\"https:\/\/psol50.org.br\/reducao-da-maioridade-penal-em-pauta-na-camara\/#respond\"]}]},{\"@type\":\"WebPage\",\"@id\":\"https:\/\/psol50.org.br\/reducao-da-maioridade-penal-em-pauta-na-camara\/\",\"url\":\"https:\/\/psol50.org.br\/reducao-da-maioridade-penal-em-pauta-na-camara\/\",\"name\":\"Redu\u00e7\u00e3o da maioridade penal em pauta na C\u00e2mara - PSOL 50\",\"isPartOf\":{\"@id\":\"https:\/\/psol50.org.br\/#website\"},\"datePublished\":\"2015-03-18T14:37:44+00:00\",\"breadcrumb\":{\"@id\":\"https:\/\/psol50.org.br\/reducao-da-maioridade-penal-em-pauta-na-camara\/#breadcrumb\"},\"inLanguage\":\"pt-BR\",\"potentialAction\":[{\"@type\":\"ReadAction\",\"target\":[\"https:\/\/psol50.org.br\/reducao-da-maioridade-penal-em-pauta-na-camara\/\"]}]},{\"@type\":\"BreadcrumbList\",\"@id\":\"https:\/\/psol50.org.br\/reducao-da-maioridade-penal-em-pauta-na-camara\/#breadcrumb\",\"itemListElement\":[{\"@type\":\"ListItem\",\"position\":1,\"name\":\"In\u00edcio\",\"item\":\"https:\/\/psol50.org.br\/\"},{\"@type\":\"ListItem\",\"position\":2,\"name\":\"Redu\u00e7\u00e3o da maioridade penal em pauta na C\u00e2mara\"}]},{\"@type\":\"WebSite\",\"@id\":\"https:\/\/psol50.org.br\/#website\",\"url\":\"https:\/\/psol50.org.br\/\",\"name\":\"PSOL 50\",\"description\":\"Site oficial do Partido Socialismo e Liberdade\",\"publisher\":{\"@id\":\"https:\/\/psol50.org.br\/#organization\"},\"alternateName\":\"PSOL50\",\"potentialAction\":[{\"@type\":\"SearchAction\",\"target\":{\"@type\":\"EntryPoint\",\"urlTemplate\":\"https:\/\/psol50.org.br\/?s={search_term_string}\"},\"query-input\":{\"@type\":\"PropertyValueSpecification\",\"valueRequired\":true,\"valueName\":\"search_term_string\"}}],\"inLanguage\":\"pt-BR\"},{\"@type\":\"Organization\",\"@id\":\"https:\/\/psol50.org.br\/#organization\",\"name\":\"PSOL 50\",\"alternateName\":\"PSOL 50\",\"url\":\"https:\/\/psol50.org.br\/\",\"logo\":{\"@type\":\"ImageObject\",\"inLanguage\":\"pt-BR\",\"@id\":\"https:\/\/psol50.org.br\/#\/schema\/logo\/image\/\",\"url\":\"https:\/\/psol50.org.br\/inc\/uploads\/2018\/07\/capa.png\",\"contentUrl\":\"https:\/\/psol50.org.br\/inc\/uploads\/2018\/07\/capa.png\",\"width\":1350,\"height\":900,\"caption\":\"PSOL 50\"},\"image\":{\"@id\":\"https:\/\/psol50.org.br\/#\/schema\/logo\/image\/\"},\"sameAs\":[\"https:\/\/www.facebook.com\/psol50\",\"https:\/\/x.com\/psol50\",\"https:\/\/www.instagram.com\/psol50\/\",\"https:\/\/www.youtube.com\/channel\/UC7SnJS5o1os7a6CaiNabzcg\"]},{\"@type\":\"Person\",\"@id\":\"https:\/\/psol50.org.br\/#\/schema\/person\/475dfa57d0b815993c714c2e96491fcd\",\"name\":\"Comunica\u00e7\u00e3o PSOL\",\"image\":{\"@type\":\"ImageObject\",\"inLanguage\":\"pt-BR\",\"@id\":\"https:\/\/psol50.org.br\/#\/schema\/person\/image\/\",\"url\":\"https:\/\/secure.gravatar.com\/avatar\/b34fc4f4e468a4e51785917065a3db57b841f5c95dba6ad8c73aaf8f66f8f9bf?s=96&d=mm&r=g\",\"contentUrl\":\"https:\/\/secure.gravatar.com\/avatar\/b34fc4f4e468a4e51785917065a3db57b841f5c95dba6ad8c73aaf8f66f8f9bf?s=96&d=mm&r=g\",\"caption\":\"Comunica\u00e7\u00e3o PSOL\"}}]}<\/script>\n<!-- \/ Yoast SEO plugin. -->","yoast_head_json":{"title":"Redu\u00e7\u00e3o da maioridade penal em pauta na C\u00e2mara - PSOL 50","robots":{"index":"index","follow":"follow","max-snippet":"max-snippet:-1","max-image-preview":"max-image-preview:large","max-video-preview":"max-video-preview:-1"},"canonical":"https:\/\/psol50.org.br\/reducao-da-maioridade-penal-em-pauta-na-camara\/","og_locale":"pt_BR","og_type":"article","og_title":"Redu\u00e7\u00e3o da maioridade penal em pauta na C\u00e2mara - PSOL 50","og_description":"PSOL tenta retirar a PEC da pauta. \u201cA quest\u00e3o da viol\u00eancia est\u00e1 diretamente relacionada \u00e0 exclus\u00e3o social e \u00e0 mis\u00e9ria. Nossas crian\u00e7as e jovens n\u00e3o t\u00eam acesso ao lazer, \u00e0 cultura, \u00e0 educa\u00e7\u00e3o e emprego\u201d, afirma Ivan Valente","og_url":"https:\/\/psol50.org.br\/reducao-da-maioridade-penal-em-pauta-na-camara\/","og_site_name":"PSOL 50","article_publisher":"https:\/\/www.facebook.com\/psol50","article_published_time":"2015-03-18T14:37:44+00:00","og_image":[{"width":1350,"height":900,"url":"https:\/\/psol50.org.br\/inc\/uploads\/2018\/07\/capa.png","type":"image\/png"}],"author":"Comunica\u00e7\u00e3o PSOL","twitter_card":"summary_large_image","twitter_creator":"@psol50","twitter_site":"@psol50","twitter_misc":{"Escrito por":"Comunica\u00e7\u00e3o PSOL","Est. tempo de leitura":"1 minuto"},"schema":{"@context":"https:\/\/schema.org","@graph":[{"@type":"Article","@id":"https:\/\/psol50.org.br\/reducao-da-maioridade-penal-em-pauta-na-camara\/#article","isPartOf":{"@id":"https:\/\/psol50.org.br\/reducao-da-maioridade-penal-em-pauta-na-camara\/"},"author":{"name":"Comunica\u00e7\u00e3o PSOL","@id":"https:\/\/psol50.org.br\/#\/schema\/person\/475dfa57d0b815993c714c2e96491fcd"},"headline":"Redu\u00e7\u00e3o da maioridade penal em pauta na C\u00e2mara","datePublished":"2015-03-18T14:37:44+00:00","mainEntityOfPage":{"@id":"https:\/\/psol50.org.br\/reducao-da-maioridade-penal-em-pauta-na-camara\/"},"wordCount":278,"commentCount":0,"publisher":{"@id":"https:\/\/psol50.org.br\/#organization"},"articleSection":["Not\u00edcias"],"inLanguage":"pt-BR","potentialAction":[{"@type":"CommentAction","name":"Comment","target":["https:\/\/psol50.org.br\/reducao-da-maioridade-penal-em-pauta-na-camara\/#respond"]}]},{"@type":"WebPage","@id":"https:\/\/psol50.org.br\/reducao-da-maioridade-penal-em-pauta-na-camara\/","url":"https:\/\/psol50.org.br\/reducao-da-maioridade-penal-em-pauta-na-camara\/","name":"Redu\u00e7\u00e3o da maioridade penal em pauta na C\u00e2mara - PSOL 50","isPartOf":{"@id":"https:\/\/psol50.org.br\/#website"},"datePublished":"2015-03-18T14:37:44+00:00","breadcrumb":{"@id":"https:\/\/psol50.org.br\/reducao-da-maioridade-penal-em-pauta-na-camara\/#breadcrumb"},"inLanguage":"pt-BR","potentialAction":[{"@type":"ReadAction","target":["https:\/\/psol50.org.br\/reducao-da-maioridade-penal-em-pauta-na-camara\/"]}]},{"@type":"BreadcrumbList","@id":"https:\/\/psol50.org.br\/reducao-da-maioridade-penal-em-pauta-na-camara\/#breadcrumb","itemListElement":[{"@type":"ListItem","position":1,"name":"In\u00edcio","item":"https:\/\/psol50.org.br\/"},{"@type":"ListItem","position":2,"name":"Redu\u00e7\u00e3o da maioridade penal em pauta na C\u00e2mara"}]},{"@type":"WebSite","@id":"https:\/\/psol50.org.br\/#website","url":"https:\/\/psol50.org.br\/","name":"PSOL 50","description":"Site oficial do Partido Socialismo e Liberdade","publisher":{"@id":"https:\/\/psol50.org.br\/#organization"},"alternateName":"PSOL50","potentialAction":[{"@type":"SearchAction","target":{"@type":"EntryPoint","urlTemplate":"https:\/\/psol50.org.br\/?s={search_term_string}"},"query-input":{"@type":"PropertyValueSpecification","valueRequired":true,"valueName":"search_term_string"}}],"inLanguage":"pt-BR"},{"@type":"Organization","@id":"https:\/\/psol50.org.br\/#organization","name":"PSOL 50","alternateName":"PSOL 50","url":"https:\/\/psol50.org.br\/","logo":{"@type":"ImageObject","inLanguage":"pt-BR","@id":"https:\/\/psol50.org.br\/#\/schema\/logo\/image\/","url":"https:\/\/psol50.org.br\/inc\/uploads\/2018\/07\/capa.png","contentUrl":"https:\/\/psol50.org.br\/inc\/uploads\/2018\/07\/capa.png","width":1350,"height":900,"caption":"PSOL 50"},"image":{"@id":"https:\/\/psol50.org.br\/#\/schema\/logo\/image\/"},"sameAs":["https:\/\/www.facebook.com\/psol50","https:\/\/x.com\/psol50","https:\/\/www.instagram.com\/psol50\/","https:\/\/www.youtube.com\/channel\/UC7SnJS5o1os7a6CaiNabzcg"]},{"@type":"Person","@id":"https:\/\/psol50.org.br\/#\/schema\/person\/475dfa57d0b815993c714c2e96491fcd","name":"Comunica\u00e7\u00e3o PSOL","image":{"@type":"ImageObject","inLanguage":"pt-BR","@id":"https:\/\/psol50.org.br\/#\/schema\/person\/image\/","url":"https:\/\/secure.gravatar.com\/avatar\/b34fc4f4e468a4e51785917065a3db57b841f5c95dba6ad8c73aaf8f66f8f9bf?s=96&d=mm&r=g","contentUrl":"https:\/\/secure.gravatar.com\/avatar\/b34fc4f4e468a4e51785917065a3db57b841f5c95dba6ad8c73aaf8f66f8f9bf?s=96&d=mm&r=g","caption":"Comunica\u00e7\u00e3o PSOL"}}]}},"_links":{"self":[{"href":"https:\/\/psol50.org.br\/rest\/wp\/v2\/posts\/3192","targetHints":{"allow":["GET"]}}],"collection":[{"href":"https:\/\/psol50.org.br\/rest\/wp\/v2\/posts"}],"about":[{"href":"https:\/\/psol50.org.br\/rest\/wp\/v2\/types\/post"}],"author":[{"embeddable":true,"href":"https:\/\/psol50.org.br\/rest\/wp\/v2\/users\/2"}],"replies":[{"embeddable":true,"href":"https:\/\/psol50.org.br\/rest\/wp\/v2\/comments?post=3192"}],"version-history":[{"count":0,"href":"https:\/\/psol50.org.br\/rest\/wp\/v2\/posts\/3192\/revisions"}],"wp:attachment":[{"href":"https:\/\/psol50.org.br\/rest\/wp\/v2\/media?parent=3192"}],"wp:term":[{"taxonomy":"category","embeddable":true,"href":"https:\/\/psol50.org.br\/rest\/wp\/v2\/categories?post=3192"},{"taxonomy":"post_tag","embeddable":true,"href":"https:\/\/psol50.org.br\/rest\/wp\/v2\/tags?post=3192"}],"curies":[{"name":"wp","href":"https:\/\/api.w.org\/{rel}","templated":true}]}}