{"id":3201,"date":"2015-03-25T00:00:00","date_gmt":"2015-03-25T17:11:45","guid":{"rendered":"http:\/\/psol50.org.br\/arquivo\/2015\/03\/25\/esta-quinta-feira-26-e-dia-nacional-de-luta-em-defesa-da-educacao\/"},"modified":"2015-03-25T00:00:00","modified_gmt":"2015-03-25T17:11:45","slug":"esta-quinta-feira-26-e-dia-nacional-de-luta-em-defesa-da-educacao","status":"publish","type":"post","link":"https:\/\/psol50.org.br\/esta-quinta-feira-26-e-dia-nacional-de-luta-em-defesa-da-educacao\/","title":{"rendered":"Esta quinta-feira (26) \u00e9 Dia Nacional de Luta em Defesa da Educa\u00e7\u00e3o"},"content":{"rendered":"<p style=\"text-align: justify;\">\n\t<span style=\"font-family:arial,helvetica,sans-serif;\"><span style=\"font-size: 12px;\"><em>Do PSOL Nacional, Leonor Costa<\/em><br \/>\n\t&nbsp;<br \/>\n\tNesta quinta-feira (26), movimentos que atuam no setor da educa\u00e7\u00e3o tomar\u00e3o as universidades e as escolas em mobiliza\u00e7\u00f5es contra os ajustes e os cortes promovidos logo no in\u00edcio do segundo mandato do governo de Dilma Rousseff. Em todo o pa\u00eds, a milit\u00e2ncia sindical, estudantil e social participar\u00e1 do Dia Nacional de Luta em Defesa da Educa\u00e7\u00e3o, que tem o lema: \u201cOcupar as ruas, as escolas, as universidades contra os cortes de verbas da Educa\u00e7\u00e3o\u201d. &nbsp;&nbsp;<br \/>\n\t&nbsp;<br \/>\n\tSegundo nota ressaltando a import\u00e2ncia da participa\u00e7\u00e3o nas mobiliza\u00e7\u00f5es no dia 26 de mar\u00e7o, assinada por militantes de v\u00e1rios setores, incluindo do PSOL, a Educa\u00e7\u00e3o foi uma das \u00e1reas mais atingidas pelos cortes promovidos pelo governo. O ajuste j\u00e1 soma mais de 7 bilh\u00f5es, deixando v\u00e1rias universidades e escolas com o in\u00edcio do ano letivo comprometido. \u201cO impacto disso na realidade de cada universidade, seja privada ou p\u00fablica, j\u00e1 \u00e9 sentido pelos estudantes, professores, t\u00e9cnico-administrativos e terceirizados, inclusive v\u00e1rias universidades do pa\u00eds est\u00e3o com atrasos no pagamento dos sal\u00e1rios dos funcion\u00e1rios terceirizados, impedindo o inicio das aulas, como na UFRJ e UERJ\u201d, ressalta a nota.<br \/>\n\t&nbsp;<br \/>\n\tConforme denunciam, na Universidade de Bras\u00edlia (UnB), por exemplo, apenas 70% da verba que a institui\u00e7\u00e3o teria de receber este ano (11 milh\u00f5es) foi repassada. Outro exemplo das conseq\u00fc\u00eancias sofridas com o corte \u00e9 na Universidade Federal do Rio Grande do Sul (UFRGS), onde as aulas tiveram in\u00edcio com o restaurante universit\u00e1rio fechado por falta de recursos para o seu funcionamento.<br \/>\n\t&nbsp;<br \/>\n\tA pol\u00edtica de ajuste do governo tamb\u00e9m atinge os alunos das institui\u00e7\u00f5es privadas de ensino. Com as mudan\u00e7as ocorridas no Fies (Fundo de Financiamento Estudantil), v\u00e1rios estudantes j\u00e1 atendidos pelo programa correm o risco de terem que deixar o curso por n\u00e3o conseguirem pagar e, ao final, poder\u00e3o sair como inadimplentes. Os novos alunos tamb\u00e9m est\u00e3o tendo dificuldades de se cadastrar no programa. \u201cEsse \u00e9 um problema do governo que apresentou o Fies como a sa\u00edda para a falta de universaliza\u00e7\u00e3o do ensino p\u00fablico ao mesmo tempo em que servia aos empres\u00e1rios do mercado educacional com repasse indireto de recursos p\u00fablicos. Diante da crise, o governo escolheu recuar e fazer cortes, colocando a conta nas costas dos estudantes. Sem falar nas demiss\u00f5es de professores, como na PUC-SP onde foram mais de 50 demitidos\u201d, explica a nota.<br \/>\n\t&nbsp;<br \/>\n\tO militante do PSOL e membro da Diretoria de Pol\u00edticas Educacionais da UNE, Kau\u00ea Scarim, explica que o dia unificado de luta pela educa\u00e7\u00e3o ser\u00e1 uma resposta dos estudantes \u00e0 crise social pela qual passa o Brasil. \u201cPara n\u00f3s, mais do que nunca, este \u00e9 o momento de fortalecer a luta por mais direitos, inclusive na educa\u00e7\u00e3o. Isso come\u00e7a por n\u00e3o aceitar nenhum corte na \u00e1rea, ao contr\u00e1rio do que o governo federal vem fazendo, e pela defesa irrestrita dos estudantes, tanto do ensino p\u00fablico, que v\u00eam sofrendo nesse in\u00edcio de ano com a falta de verbas, com universidades em profunda crise, e tamb\u00e9m do ensino privado, em que muitos est\u00e3o precisando parar de estudar pelos problemas no Fies\u201d, ressalta.<br \/>\n\t&nbsp;<br \/>\n\tScarim, ao refor\u00e7ar a cr\u00edtica \u00e0s pol\u00edticas de ajuste do governo, faz refer\u00eancia ao lema \u201cp\u00e1tria educadora\u201d, anunciado pela presidente Dilma na cerim\u00f4nia de posse como a prioridade de seu segundo mandato. \u201cNeste dia 26, queremos dizer que \u2018p\u00e1tria educadora\u2019 de fato n\u00e3o tira dinheiro da educa\u00e7\u00e3o, e sim, ao contr\u00e1rio, amplia investimentos, por exemplo, com a taxa\u00e7\u00e3o das grandes fortunas e a mudan\u00e7a da pol\u00edtica econ\u00f4mica\u201d, pontua.<br \/>\n\t&nbsp;<br \/>\n\tO PSOL, por meio de sua milit\u00e2ncia nas universidades e escolas, integrar\u00e1 o Dia Nacional de Luta em Defesa da Educa\u00e7\u00e3o.<br \/>\n\t&nbsp;<br \/>\n\tPara saber mais sobre o 26 de mar\u00e7o, acesse o <a href=\"https:\/\/www.facebook.com\/events\/1023277294368325\/1030722386957149\/\">evento<\/a> no facebook.<\/span><\/span><br \/>\n\t&nbsp;<\/p>\n<p>&nbsp;<\/p>\n","protected":false},"excerpt":{"rendered":"<p>Estudantes e trabalhadores da Educa\u00e7\u00e3o promover\u00e3o atos e mobiliza\u00e7\u00f5es, em todo o pa\u00eds, para denunciar os cortes do governo Dilma nas universidades e escolas<\/p>\n","protected":false},"author":2,"featured_media":0,"comment_status":"open","ping_status":"open","sticky":false,"template":"","format":"standard","meta":{"_acf_changed":false,"footnotes":""},"categories":[6],"tags":[],"class_list":{"0":"post-3201","1":"post","2":"type-post","3":"status-publish","4":"format-standard","6":"category-noticias"},"acf":[],"yoast_head":"<!-- This site is optimized with the Yoast SEO plugin v26.5 - https:\/\/yoast.com\/wordpress\/plugins\/seo\/ -->\n<title>Esta quinta-feira (26) \u00e9 Dia Nacional de Luta em Defesa da Educa\u00e7\u00e3o - PSOL 50<\/title>\n<meta name=\"robots\" content=\"index, follow, max-snippet:-1, max-image-preview:large, max-video-preview:-1\" \/>\n<link rel=\"canonical\" href=\"https:\/\/psol50.org.br\/esta-quinta-feira-26-e-dia-nacional-de-luta-em-defesa-da-educacao\/\" \/>\n<meta property=\"og:locale\" content=\"pt_BR\" \/>\n<meta property=\"og:type\" content=\"article\" \/>\n<meta property=\"og:title\" content=\"Esta quinta-feira (26) \u00e9 Dia Nacional de Luta em Defesa da Educa\u00e7\u00e3o - PSOL 50\" \/>\n<meta property=\"og:description\" content=\"Estudantes e trabalhadores da Educa\u00e7\u00e3o promover\u00e3o atos e mobiliza\u00e7\u00f5es, em todo o pa\u00eds, para denunciar os cortes do governo Dilma nas universidades e escolas\" \/>\n<meta property=\"og:url\" content=\"https:\/\/psol50.org.br\/esta-quinta-feira-26-e-dia-nacional-de-luta-em-defesa-da-educacao\/\" \/>\n<meta property=\"og:site_name\" content=\"PSOL 50\" \/>\n<meta property=\"article:publisher\" content=\"https:\/\/www.facebook.com\/psol50\" \/>\n<meta property=\"article:published_time\" content=\"2015-03-25T17:11:45+00:00\" \/>\n<meta property=\"og:image\" content=\"https:\/\/psol50.org.br\/inc\/uploads\/2018\/07\/capa.png\" \/>\n\t<meta property=\"og:image:width\" content=\"1350\" \/>\n\t<meta property=\"og:image:height\" content=\"900\" \/>\n\t<meta property=\"og:image:type\" content=\"image\/png\" \/>\n<meta name=\"author\" content=\"Comunica\u00e7\u00e3o PSOL\" \/>\n<meta name=\"twitter:card\" content=\"summary_large_image\" \/>\n<meta name=\"twitter:creator\" content=\"@psol50\" \/>\n<meta name=\"twitter:site\" content=\"@psol50\" \/>\n<meta name=\"twitter:label1\" content=\"Escrito por\" \/>\n\t<meta name=\"twitter:data1\" content=\"Comunica\u00e7\u00e3o PSOL\" \/>\n\t<meta name=\"twitter:label2\" content=\"Est. tempo de leitura\" \/>\n\t<meta name=\"twitter:data2\" content=\"3 minutos\" \/>\n<script type=\"application\/ld+json\" class=\"yoast-schema-graph\">{\"@context\":\"https:\/\/schema.org\",\"@graph\":[{\"@type\":\"Article\",\"@id\":\"https:\/\/psol50.org.br\/esta-quinta-feira-26-e-dia-nacional-de-luta-em-defesa-da-educacao\/#article\",\"isPartOf\":{\"@id\":\"https:\/\/psol50.org.br\/esta-quinta-feira-26-e-dia-nacional-de-luta-em-defesa-da-educacao\/\"},\"author\":{\"name\":\"Comunica\u00e7\u00e3o PSOL\",\"@id\":\"https:\/\/psol50.org.br\/#\/schema\/person\/475dfa57d0b815993c714c2e96491fcd\"},\"headline\":\"Esta quinta-feira (26) \u00e9 Dia Nacional de Luta em Defesa da Educa\u00e7\u00e3o\",\"datePublished\":\"2015-03-25T17:11:45+00:00\",\"mainEntityOfPage\":{\"@id\":\"https:\/\/psol50.org.br\/esta-quinta-feira-26-e-dia-nacional-de-luta-em-defesa-da-educacao\/\"},\"wordCount\":687,\"commentCount\":0,\"publisher\":{\"@id\":\"https:\/\/psol50.org.br\/#organization\"},\"articleSection\":[\"Not\u00edcias\"],\"inLanguage\":\"pt-BR\",\"potentialAction\":[{\"@type\":\"CommentAction\",\"name\":\"Comment\",\"target\":[\"https:\/\/psol50.org.br\/esta-quinta-feira-26-e-dia-nacional-de-luta-em-defesa-da-educacao\/#respond\"]}]},{\"@type\":\"WebPage\",\"@id\":\"https:\/\/psol50.org.br\/esta-quinta-feira-26-e-dia-nacional-de-luta-em-defesa-da-educacao\/\",\"url\":\"https:\/\/psol50.org.br\/esta-quinta-feira-26-e-dia-nacional-de-luta-em-defesa-da-educacao\/\",\"name\":\"Esta quinta-feira (26) \u00e9 Dia Nacional de Luta em Defesa da Educa\u00e7\u00e3o - PSOL 50\",\"isPartOf\":{\"@id\":\"https:\/\/psol50.org.br\/#website\"},\"datePublished\":\"2015-03-25T17:11:45+00:00\",\"breadcrumb\":{\"@id\":\"https:\/\/psol50.org.br\/esta-quinta-feira-26-e-dia-nacional-de-luta-em-defesa-da-educacao\/#breadcrumb\"},\"inLanguage\":\"pt-BR\",\"potentialAction\":[{\"@type\":\"ReadAction\",\"target\":[\"https:\/\/psol50.org.br\/esta-quinta-feira-26-e-dia-nacional-de-luta-em-defesa-da-educacao\/\"]}]},{\"@type\":\"BreadcrumbList\",\"@id\":\"https:\/\/psol50.org.br\/esta-quinta-feira-26-e-dia-nacional-de-luta-em-defesa-da-educacao\/#breadcrumb\",\"itemListElement\":[{\"@type\":\"ListItem\",\"position\":1,\"name\":\"In\u00edcio\",\"item\":\"https:\/\/psol50.org.br\/\"},{\"@type\":\"ListItem\",\"position\":2,\"name\":\"Esta quinta-feira (26) \u00e9 Dia Nacional de Luta em Defesa da Educa\u00e7\u00e3o\"}]},{\"@type\":\"WebSite\",\"@id\":\"https:\/\/psol50.org.br\/#website\",\"url\":\"https:\/\/psol50.org.br\/\",\"name\":\"PSOL 50\",\"description\":\"Site oficial do Partido Socialismo e Liberdade\",\"publisher\":{\"@id\":\"https:\/\/psol50.org.br\/#organization\"},\"alternateName\":\"PSOL50\",\"potentialAction\":[{\"@type\":\"SearchAction\",\"target\":{\"@type\":\"EntryPoint\",\"urlTemplate\":\"https:\/\/psol50.org.br\/?s={search_term_string}\"},\"query-input\":{\"@type\":\"PropertyValueSpecification\",\"valueRequired\":true,\"valueName\":\"search_term_string\"}}],\"inLanguage\":\"pt-BR\"},{\"@type\":\"Organization\",\"@id\":\"https:\/\/psol50.org.br\/#organization\",\"name\":\"PSOL 50\",\"alternateName\":\"PSOL 50\",\"url\":\"https:\/\/psol50.org.br\/\",\"logo\":{\"@type\":\"ImageObject\",\"inLanguage\":\"pt-BR\",\"@id\":\"https:\/\/psol50.org.br\/#\/schema\/logo\/image\/\",\"url\":\"https:\/\/psol50.org.br\/inc\/uploads\/2018\/07\/capa.png\",\"contentUrl\":\"https:\/\/psol50.org.br\/inc\/uploads\/2018\/07\/capa.png\",\"width\":1350,\"height\":900,\"caption\":\"PSOL 50\"},\"image\":{\"@id\":\"https:\/\/psol50.org.br\/#\/schema\/logo\/image\/\"},\"sameAs\":[\"https:\/\/www.facebook.com\/psol50\",\"https:\/\/x.com\/psol50\",\"https:\/\/www.instagram.com\/psol50\/\",\"https:\/\/www.youtube.com\/channel\/UC7SnJS5o1os7a6CaiNabzcg\"]},{\"@type\":\"Person\",\"@id\":\"https:\/\/psol50.org.br\/#\/schema\/person\/475dfa57d0b815993c714c2e96491fcd\",\"name\":\"Comunica\u00e7\u00e3o PSOL\",\"image\":{\"@type\":\"ImageObject\",\"inLanguage\":\"pt-BR\",\"@id\":\"https:\/\/psol50.org.br\/#\/schema\/person\/image\/\",\"url\":\"https:\/\/secure.gravatar.com\/avatar\/b34fc4f4e468a4e51785917065a3db57b841f5c95dba6ad8c73aaf8f66f8f9bf?s=96&d=mm&r=g\",\"contentUrl\":\"https:\/\/secure.gravatar.com\/avatar\/b34fc4f4e468a4e51785917065a3db57b841f5c95dba6ad8c73aaf8f66f8f9bf?s=96&d=mm&r=g\",\"caption\":\"Comunica\u00e7\u00e3o PSOL\"}}]}<\/script>\n<!-- \/ Yoast SEO plugin. -->","yoast_head_json":{"title":"Esta quinta-feira (26) \u00e9 Dia Nacional de Luta em Defesa da Educa\u00e7\u00e3o - PSOL 50","robots":{"index":"index","follow":"follow","max-snippet":"max-snippet:-1","max-image-preview":"max-image-preview:large","max-video-preview":"max-video-preview:-1"},"canonical":"https:\/\/psol50.org.br\/esta-quinta-feira-26-e-dia-nacional-de-luta-em-defesa-da-educacao\/","og_locale":"pt_BR","og_type":"article","og_title":"Esta quinta-feira (26) \u00e9 Dia Nacional de Luta em Defesa da Educa\u00e7\u00e3o - PSOL 50","og_description":"Estudantes e trabalhadores da Educa\u00e7\u00e3o promover\u00e3o atos e mobiliza\u00e7\u00f5es, em todo o pa\u00eds, para denunciar os cortes do governo Dilma nas universidades e escolas","og_url":"https:\/\/psol50.org.br\/esta-quinta-feira-26-e-dia-nacional-de-luta-em-defesa-da-educacao\/","og_site_name":"PSOL 50","article_publisher":"https:\/\/www.facebook.com\/psol50","article_published_time":"2015-03-25T17:11:45+00:00","og_image":[{"width":1350,"height":900,"url":"https:\/\/psol50.org.br\/inc\/uploads\/2018\/07\/capa.png","type":"image\/png"}],"author":"Comunica\u00e7\u00e3o PSOL","twitter_card":"summary_large_image","twitter_creator":"@psol50","twitter_site":"@psol50","twitter_misc":{"Escrito por":"Comunica\u00e7\u00e3o PSOL","Est. tempo de leitura":"3 minutos"},"schema":{"@context":"https:\/\/schema.org","@graph":[{"@type":"Article","@id":"https:\/\/psol50.org.br\/esta-quinta-feira-26-e-dia-nacional-de-luta-em-defesa-da-educacao\/#article","isPartOf":{"@id":"https:\/\/psol50.org.br\/esta-quinta-feira-26-e-dia-nacional-de-luta-em-defesa-da-educacao\/"},"author":{"name":"Comunica\u00e7\u00e3o PSOL","@id":"https:\/\/psol50.org.br\/#\/schema\/person\/475dfa57d0b815993c714c2e96491fcd"},"headline":"Esta quinta-feira (26) \u00e9 Dia Nacional de Luta em Defesa da Educa\u00e7\u00e3o","datePublished":"2015-03-25T17:11:45+00:00","mainEntityOfPage":{"@id":"https:\/\/psol50.org.br\/esta-quinta-feira-26-e-dia-nacional-de-luta-em-defesa-da-educacao\/"},"wordCount":687,"commentCount":0,"publisher":{"@id":"https:\/\/psol50.org.br\/#organization"},"articleSection":["Not\u00edcias"],"inLanguage":"pt-BR","potentialAction":[{"@type":"CommentAction","name":"Comment","target":["https:\/\/psol50.org.br\/esta-quinta-feira-26-e-dia-nacional-de-luta-em-defesa-da-educacao\/#respond"]}]},{"@type":"WebPage","@id":"https:\/\/psol50.org.br\/esta-quinta-feira-26-e-dia-nacional-de-luta-em-defesa-da-educacao\/","url":"https:\/\/psol50.org.br\/esta-quinta-feira-26-e-dia-nacional-de-luta-em-defesa-da-educacao\/","name":"Esta quinta-feira (26) \u00e9 Dia Nacional de Luta em Defesa da Educa\u00e7\u00e3o - PSOL 50","isPartOf":{"@id":"https:\/\/psol50.org.br\/#website"},"datePublished":"2015-03-25T17:11:45+00:00","breadcrumb":{"@id":"https:\/\/psol50.org.br\/esta-quinta-feira-26-e-dia-nacional-de-luta-em-defesa-da-educacao\/#breadcrumb"},"inLanguage":"pt-BR","potentialAction":[{"@type":"ReadAction","target":["https:\/\/psol50.org.br\/esta-quinta-feira-26-e-dia-nacional-de-luta-em-defesa-da-educacao\/"]}]},{"@type":"BreadcrumbList","@id":"https:\/\/psol50.org.br\/esta-quinta-feira-26-e-dia-nacional-de-luta-em-defesa-da-educacao\/#breadcrumb","itemListElement":[{"@type":"ListItem","position":1,"name":"In\u00edcio","item":"https:\/\/psol50.org.br\/"},{"@type":"ListItem","position":2,"name":"Esta quinta-feira (26) \u00e9 Dia Nacional de Luta em Defesa da Educa\u00e7\u00e3o"}]},{"@type":"WebSite","@id":"https:\/\/psol50.org.br\/#website","url":"https:\/\/psol50.org.br\/","name":"PSOL 50","description":"Site oficial do Partido Socialismo e Liberdade","publisher":{"@id":"https:\/\/psol50.org.br\/#organization"},"alternateName":"PSOL50","potentialAction":[{"@type":"SearchAction","target":{"@type":"EntryPoint","urlTemplate":"https:\/\/psol50.org.br\/?s={search_term_string}"},"query-input":{"@type":"PropertyValueSpecification","valueRequired":true,"valueName":"search_term_string"}}],"inLanguage":"pt-BR"},{"@type":"Organization","@id":"https:\/\/psol50.org.br\/#organization","name":"PSOL 50","alternateName":"PSOL 50","url":"https:\/\/psol50.org.br\/","logo":{"@type":"ImageObject","inLanguage":"pt-BR","@id":"https:\/\/psol50.org.br\/#\/schema\/logo\/image\/","url":"https:\/\/psol50.org.br\/inc\/uploads\/2018\/07\/capa.png","contentUrl":"https:\/\/psol50.org.br\/inc\/uploads\/2018\/07\/capa.png","width":1350,"height":900,"caption":"PSOL 50"},"image":{"@id":"https:\/\/psol50.org.br\/#\/schema\/logo\/image\/"},"sameAs":["https:\/\/www.facebook.com\/psol50","https:\/\/x.com\/psol50","https:\/\/www.instagram.com\/psol50\/","https:\/\/www.youtube.com\/channel\/UC7SnJS5o1os7a6CaiNabzcg"]},{"@type":"Person","@id":"https:\/\/psol50.org.br\/#\/schema\/person\/475dfa57d0b815993c714c2e96491fcd","name":"Comunica\u00e7\u00e3o PSOL","image":{"@type":"ImageObject","inLanguage":"pt-BR","@id":"https:\/\/psol50.org.br\/#\/schema\/person\/image\/","url":"https:\/\/secure.gravatar.com\/avatar\/b34fc4f4e468a4e51785917065a3db57b841f5c95dba6ad8c73aaf8f66f8f9bf?s=96&d=mm&r=g","contentUrl":"https:\/\/secure.gravatar.com\/avatar\/b34fc4f4e468a4e51785917065a3db57b841f5c95dba6ad8c73aaf8f66f8f9bf?s=96&d=mm&r=g","caption":"Comunica\u00e7\u00e3o PSOL"}}]}},"_links":{"self":[{"href":"https:\/\/psol50.org.br\/rest\/wp\/v2\/posts\/3201","targetHints":{"allow":["GET"]}}],"collection":[{"href":"https:\/\/psol50.org.br\/rest\/wp\/v2\/posts"}],"about":[{"href":"https:\/\/psol50.org.br\/rest\/wp\/v2\/types\/post"}],"author":[{"embeddable":true,"href":"https:\/\/psol50.org.br\/rest\/wp\/v2\/users\/2"}],"replies":[{"embeddable":true,"href":"https:\/\/psol50.org.br\/rest\/wp\/v2\/comments?post=3201"}],"version-history":[{"count":0,"href":"https:\/\/psol50.org.br\/rest\/wp\/v2\/posts\/3201\/revisions"}],"wp:attachment":[{"href":"https:\/\/psol50.org.br\/rest\/wp\/v2\/media?parent=3201"}],"wp:term":[{"taxonomy":"category","embeddable":true,"href":"https:\/\/psol50.org.br\/rest\/wp\/v2\/categories?post=3201"},{"taxonomy":"post_tag","embeddable":true,"href":"https:\/\/psol50.org.br\/rest\/wp\/v2\/tags?post=3201"}],"curies":[{"name":"wp","href":"https:\/\/api.w.org\/{rel}","templated":true}]}}