{"id":32010,"date":"2021-02-26T14:50:38","date_gmt":"2021-02-26T17:50:38","guid":{"rendered":"https:\/\/psol50.org.br\/?p=32010"},"modified":"2021-02-26T14:50:38","modified_gmt":"2021-02-26T17:50:38","slug":"nota-de-guilherme-boulos-sobre-acusacao-do-ministerio-publico-em-nova-farsa-do-triplex","status":"publish","type":"post","link":"https:\/\/psol50.org.br\/nota-de-guilherme-boulos-sobre-acusacao-do-ministerio-publico-em-nova-farsa-do-triplex\/","title":{"rendered":"Nota de Guilherme Boulos sobre acusa\u00e7\u00e3o do Minist\u00e9rio P\u00fablico em nova farsa do triplex"},"content":{"rendered":"<p><a href=\"https:\/\/psol50.org.br\/vacinaja\/\" target=\"_blank\" rel=\"noopener\"><img loading=\"lazy\" decoding=\"async\" class=\"alignnone size-full wp-image-31535\" src=\"https:\/\/psol50.org.br\/inc\/uploads\/2020\/12\/Web-1920-\u2013-1.jpg\" alt=\"\" width=\"1920\" height=\"339\" srcset=\"https:\/\/psol50.org.br\/inc\/uploads\/2020\/12\/Web-1920-\u2013-1.jpg 1920w, https:\/\/psol50.org.br\/inc\/uploads\/2020\/12\/Web-1920-\u2013-1-300x53.jpg 300w, https:\/\/psol50.org.br\/inc\/uploads\/2020\/12\/Web-1920-\u2013-1-1024x181.jpg 1024w, https:\/\/psol50.org.br\/inc\/uploads\/2020\/12\/Web-1920-\u2013-1-768x136.jpg 768w, https:\/\/psol50.org.br\/inc\/uploads\/2020\/12\/Web-1920-\u2013-1-1536x271.jpg 1536w, https:\/\/psol50.org.br\/inc\/uploads\/2020\/12\/Web-1920-\u2013-1-150x26.jpg 150w, https:\/\/psol50.org.br\/inc\/uploads\/2020\/12\/Web-1920-\u2013-1-696x123.jpg 696w, https:\/\/psol50.org.br\/inc\/uploads\/2020\/12\/Web-1920-\u2013-1-1068x189.jpg 1068w\" sizes=\"auto, (max-width: 1920px) 100vw, 1920px\" \/><\/a><\/p>\n<p>Fomos informados na noite da quinta-feira (25) sobre o recebimento da acusa\u00e7\u00e3o apresentada pelo Minist\u00e9rio P\u00fablico Federal contra Guilherme Boulos e outros dois militantes do Movimento dos Trabalhadores Sem Teto pela Justi\u00e7a Federal.<\/p>\n<p>Para Boulos, a acusa\u00e7\u00e3o feita pelo MPF \u00e9 a nova farsa do triplex. A decis\u00e3o de agora mostra, mais uma vez, a Justi\u00e7a Federal sendo conivente com as atrocidades promovidas no \u00e2mbito da Lava Jato, que est\u00e3o novamente em evid\u00eancia com a divulga\u00e7\u00e3o de novas conversas comprometedoras entre procuradores.<\/p>\n<p>Os advogados que acompanham o caso consideram a den\u00fancia absurda e afirmam que a decis\u00e3o, por ser inconsistente, certamente ser\u00e1 revista. H\u00e1 certeza de que Boulos n\u00e3o praticou nenhum crime e tamb\u00e9m convic\u00e7\u00e3o da inoc\u00eancia dos militantes do MTST, j\u00e1 expressa na recusa, por reiteradas vezes, de ofertas de acordo do Minist\u00e9rio P\u00fablico e no pedido de julgamento antecipado do caso \u2013 que n\u00e3o foi atendido.<\/p>\n<p><a href=\"https:\/\/psol50.org.br\/rendajusta\/\" target=\"_blank\" rel=\"noopener\"><img loading=\"lazy\" decoding=\"async\" class=\"alignnone size-full wp-image-30552\" src=\"https:\/\/psol50.org.br\/inc\/uploads\/2020\/08\/21-08-2020_LancamentoRendaJusta-2.png\" alt=\"\" width=\"1920\" height=\"383\" srcset=\"https:\/\/psol50.org.br\/inc\/uploads\/2020\/08\/21-08-2020_LancamentoRendaJusta-2.png 1920w, https:\/\/psol50.org.br\/inc\/uploads\/2020\/08\/21-08-2020_LancamentoRendaJusta-2-300x60.png 300w, https:\/\/psol50.org.br\/inc\/uploads\/2020\/08\/21-08-2020_LancamentoRendaJusta-2-1024x204.png 1024w, https:\/\/psol50.org.br\/inc\/uploads\/2020\/08\/21-08-2020_LancamentoRendaJusta-2-768x153.png 768w, https:\/\/psol50.org.br\/inc\/uploads\/2020\/08\/21-08-2020_LancamentoRendaJusta-2-1536x306.png 1536w, https:\/\/psol50.org.br\/inc\/uploads\/2020\/08\/21-08-2020_LancamentoRendaJusta-2-150x30.png 150w, https:\/\/psol50.org.br\/inc\/uploads\/2020\/08\/21-08-2020_LancamentoRendaJusta-2-696x139.png 696w, https:\/\/psol50.org.br\/inc\/uploads\/2020\/08\/21-08-2020_LancamentoRendaJusta-2-1068x213.png 1068w\" sizes=\"auto, (max-width: 1920px) 100vw, 1920px\" \/><\/a><\/p>\n","protected":false},"excerpt":{"rendered":"<p>Fomos informados na noite da quinta-feira (25) sobre o recebimento da acusa\u00e7\u00e3o apresentada pelo Minist\u00e9rio P\u00fablico Federal contra Guilherme Boulos e outros dois militantes do Movimento dos Trabalhadores Sem Teto pela Justi\u00e7a Federal. Para Boulos, a acusa\u00e7\u00e3o feita pelo MPF \u00e9 a nova farsa do triplex. A decis\u00e3o de agora mostra, mais uma vez, a [&hellip;]<\/p>\n","protected":false},"author":2,"featured_media":31946,"comment_status":"closed","ping_status":"open","sticky":false,"template":"","format":"standard","meta":{"_acf_changed":false,"footnotes":""},"categories":[20],"tags":[977,976,76,101,19,1421],"class_list":{"0":"post-32010","1":"post","2":"type-post","3":"status-publish","4":"format-standard","5":"has-post-thumbnail","7":"category-notas","8":"tag-guilherme-boulos","9":"tag-lava-jato","10":"tag-mpf","11":"tag-mtst","12":"tag-nota","13":"tag-triplex"},"acf":[],"yoast_head":"<!-- This site is optimized with the Yoast SEO plugin v26.5 - https:\/\/yoast.com\/wordpress\/plugins\/seo\/ -->\n<title>Nota de Guilherme Boulos sobre acusa\u00e7\u00e3o do Minist\u00e9rio P\u00fablico em nova farsa do triplex<\/title>\n<meta name=\"description\" content=\"Acusa\u00e7\u00e3o realizada pelo Minist\u00e9rio P\u00fablico Federal contra Guilherme Boulos e outros dois militantes do Movimento dos Trabalhadores Sem Teto.\" \/>\n<meta name=\"robots\" content=\"index, follow, max-snippet:-1, max-image-preview:large, max-video-preview:-1\" \/>\n<link rel=\"canonical\" href=\"https:\/\/psol50.org.br\/nota-de-guilherme-boulos-sobre-acusacao-do-ministerio-publico-em-nova-farsa-do-triplex\/\" \/>\n<meta property=\"og:locale\" content=\"pt_BR\" \/>\n<meta property=\"og:type\" content=\"article\" \/>\n<meta property=\"og:title\" content=\"Nota de Guilherme Boulos sobre acusa\u00e7\u00e3o do Minist\u00e9rio P\u00fablico em nova farsa do triplex\" \/>\n<meta property=\"og:description\" content=\"Acusa\u00e7\u00e3o realizada pelo Minist\u00e9rio P\u00fablico Federal contra Guilherme Boulos e outros dois militantes do Movimento dos Trabalhadores Sem Teto.\" \/>\n<meta property=\"og:url\" content=\"https:\/\/psol50.org.br\/nota-de-guilherme-boulos-sobre-acusacao-do-ministerio-publico-em-nova-farsa-do-triplex\/\" \/>\n<meta property=\"og:site_name\" content=\"PSOL 50\" \/>\n<meta property=\"article:publisher\" content=\"https:\/\/www.facebook.com\/psol50\" \/>\n<meta property=\"article:published_time\" content=\"2021-02-26T17:50:38+00:00\" \/>\n<meta property=\"og:image\" content=\"https:\/\/psol50.org.br\/inc\/uploads\/2021\/02\/boulos-1.jpg\" \/>\n\t<meta property=\"og:image:width\" content=\"1200\" \/>\n\t<meta property=\"og:image:height\" content=\"754\" \/>\n\t<meta property=\"og:image:type\" content=\"image\/jpeg\" \/>\n<meta name=\"author\" content=\"Comunica\u00e7\u00e3o PSOL\" \/>\n<meta name=\"twitter:card\" content=\"summary_large_image\" \/>\n<meta name=\"twitter:title\" content=\"Nota de Guilherme Boulos sobre acusa\u00e7\u00e3o do Minist\u00e9rio P\u00fablico em nova farsa do triplex\" \/>\n<meta name=\"twitter:description\" content=\"Acusa\u00e7\u00e3o realizada pelo Minist\u00e9rio P\u00fablico Federal contra Guilherme Boulos e outros dois militantes do Movimento dos Trabalhadores Sem Teto.\" \/>\n<meta name=\"twitter:image\" content=\"https:\/\/psol50.org.br\/inc\/uploads\/2021\/02\/boulos-1.jpg\" \/>\n<meta name=\"twitter:creator\" content=\"@psol50\" \/>\n<meta name=\"twitter:site\" content=\"@psol50\" \/>\n<meta name=\"twitter:label1\" content=\"Escrito por\" \/>\n\t<meta name=\"twitter:data1\" content=\"Comunica\u00e7\u00e3o PSOL\" \/>\n\t<meta name=\"twitter:label2\" content=\"Est. tempo de leitura\" \/>\n\t<meta name=\"twitter:data2\" content=\"2 minutos\" \/>\n<script type=\"application\/ld+json\" class=\"yoast-schema-graph\">{\"@context\":\"https:\/\/schema.org\",\"@graph\":[{\"@type\":\"Article\",\"@id\":\"https:\/\/psol50.org.br\/nota-de-guilherme-boulos-sobre-acusacao-do-ministerio-publico-em-nova-farsa-do-triplex\/#article\",\"isPartOf\":{\"@id\":\"https:\/\/psol50.org.br\/nota-de-guilherme-boulos-sobre-acusacao-do-ministerio-publico-em-nova-farsa-do-triplex\/\"},\"author\":{\"name\":\"Comunica\u00e7\u00e3o PSOL\",\"@id\":\"https:\/\/psol50.org.br\/#\/schema\/person\/475dfa57d0b815993c714c2e96491fcd\"},\"headline\":\"Nota de Guilherme Boulos sobre acusa\u00e7\u00e3o do Minist\u00e9rio P\u00fablico em nova farsa do triplex\",\"datePublished\":\"2021-02-26T17:50:38+00:00\",\"mainEntityOfPage\":{\"@id\":\"https:\/\/psol50.org.br\/nota-de-guilherme-boulos-sobre-acusacao-do-ministerio-publico-em-nova-farsa-do-triplex\/\"},\"wordCount\":181,\"publisher\":{\"@id\":\"https:\/\/psol50.org.br\/#organization\"},\"image\":{\"@id\":\"https:\/\/psol50.org.br\/nota-de-guilherme-boulos-sobre-acusacao-do-ministerio-publico-em-nova-farsa-do-triplex\/#primaryimage\"},\"thumbnailUrl\":\"https:\/\/psol50.org.br\/inc\/uploads\/2021\/02\/boulos-1.jpg\",\"keywords\":[\"Guilherme Boulos\",\"Lava Jato\",\"MPF\",\"MTST\",\"nota\",\"triplex\"],\"articleSection\":[\"Notas\"],\"inLanguage\":\"pt-BR\"},{\"@type\":\"WebPage\",\"@id\":\"https:\/\/psol50.org.br\/nota-de-guilherme-boulos-sobre-acusacao-do-ministerio-publico-em-nova-farsa-do-triplex\/\",\"url\":\"https:\/\/psol50.org.br\/nota-de-guilherme-boulos-sobre-acusacao-do-ministerio-publico-em-nova-farsa-do-triplex\/\",\"name\":\"Nota de Guilherme Boulos sobre acusa\u00e7\u00e3o do Minist\u00e9rio P\u00fablico em nova farsa do triplex\",\"isPartOf\":{\"@id\":\"https:\/\/psol50.org.br\/#website\"},\"primaryImageOfPage\":{\"@id\":\"https:\/\/psol50.org.br\/nota-de-guilherme-boulos-sobre-acusacao-do-ministerio-publico-em-nova-farsa-do-triplex\/#primaryimage\"},\"image\":{\"@id\":\"https:\/\/psol50.org.br\/nota-de-guilherme-boulos-sobre-acusacao-do-ministerio-publico-em-nova-farsa-do-triplex\/#primaryimage\"},\"thumbnailUrl\":\"https:\/\/psol50.org.br\/inc\/uploads\/2021\/02\/boulos-1.jpg\",\"datePublished\":\"2021-02-26T17:50:38+00:00\",\"description\":\"Acusa\u00e7\u00e3o realizada pelo Minist\u00e9rio P\u00fablico Federal contra Guilherme Boulos e outros dois militantes do Movimento dos Trabalhadores Sem Teto.\",\"breadcrumb\":{\"@id\":\"https:\/\/psol50.org.br\/nota-de-guilherme-boulos-sobre-acusacao-do-ministerio-publico-em-nova-farsa-do-triplex\/#breadcrumb\"},\"inLanguage\":\"pt-BR\",\"potentialAction\":[{\"@type\":\"ReadAction\",\"target\":[\"https:\/\/psol50.org.br\/nota-de-guilherme-boulos-sobre-acusacao-do-ministerio-publico-em-nova-farsa-do-triplex\/\"]}]},{\"@type\":\"ImageObject\",\"inLanguage\":\"pt-BR\",\"@id\":\"https:\/\/psol50.org.br\/nota-de-guilherme-boulos-sobre-acusacao-do-ministerio-publico-em-nova-farsa-do-triplex\/#primaryimage\",\"url\":\"https:\/\/psol50.org.br\/inc\/uploads\/2021\/02\/boulos-1.jpg\",\"contentUrl\":\"https:\/\/psol50.org.br\/inc\/uploads\/2021\/02\/boulos-1.jpg\",\"width\":1200,\"height\":754,\"caption\":\"Foto: M\u00eddia Ninja\"},{\"@type\":\"BreadcrumbList\",\"@id\":\"https:\/\/psol50.org.br\/nota-de-guilherme-boulos-sobre-acusacao-do-ministerio-publico-em-nova-farsa-do-triplex\/#breadcrumb\",\"itemListElement\":[{\"@type\":\"ListItem\",\"position\":1,\"name\":\"In\u00edcio\",\"item\":\"https:\/\/psol50.org.br\/\"},{\"@type\":\"ListItem\",\"position\":2,\"name\":\"Nota de Guilherme Boulos sobre acusa\u00e7\u00e3o do Minist\u00e9rio P\u00fablico em nova farsa do triplex\"}]},{\"@type\":\"WebSite\",\"@id\":\"https:\/\/psol50.org.br\/#website\",\"url\":\"https:\/\/psol50.org.br\/\",\"name\":\"PSOL 50\",\"description\":\"Site oficial do Partido Socialismo e Liberdade\",\"publisher\":{\"@id\":\"https:\/\/psol50.org.br\/#organization\"},\"alternateName\":\"PSOL50\",\"potentialAction\":[{\"@type\":\"SearchAction\",\"target\":{\"@type\":\"EntryPoint\",\"urlTemplate\":\"https:\/\/psol50.org.br\/?s={search_term_string}\"},\"query-input\":{\"@type\":\"PropertyValueSpecification\",\"valueRequired\":true,\"valueName\":\"search_term_string\"}}],\"inLanguage\":\"pt-BR\"},{\"@type\":\"Organization\",\"@id\":\"https:\/\/psol50.org.br\/#organization\",\"name\":\"PSOL 50\",\"alternateName\":\"PSOL 50\",\"url\":\"https:\/\/psol50.org.br\/\",\"logo\":{\"@type\":\"ImageObject\",\"inLanguage\":\"pt-BR\",\"@id\":\"https:\/\/psol50.org.br\/#\/schema\/logo\/image\/\",\"url\":\"https:\/\/psol50.org.br\/inc\/uploads\/2018\/07\/capa.png\",\"contentUrl\":\"https:\/\/psol50.org.br\/inc\/uploads\/2018\/07\/capa.png\",\"width\":1350,\"height\":900,\"caption\":\"PSOL 50\"},\"image\":{\"@id\":\"https:\/\/psol50.org.br\/#\/schema\/logo\/image\/\"},\"sameAs\":[\"https:\/\/www.facebook.com\/psol50\",\"https:\/\/x.com\/psol50\",\"https:\/\/www.instagram.com\/psol50\/\",\"https:\/\/www.youtube.com\/channel\/UC7SnJS5o1os7a6CaiNabzcg\"]},{\"@type\":\"Person\",\"@id\":\"https:\/\/psol50.org.br\/#\/schema\/person\/475dfa57d0b815993c714c2e96491fcd\",\"name\":\"Comunica\u00e7\u00e3o PSOL\",\"image\":{\"@type\":\"ImageObject\",\"inLanguage\":\"pt-BR\",\"@id\":\"https:\/\/psol50.org.br\/#\/schema\/person\/image\/\",\"url\":\"https:\/\/secure.gravatar.com\/avatar\/b34fc4f4e468a4e51785917065a3db57b841f5c95dba6ad8c73aaf8f66f8f9bf?s=96&d=mm&r=g\",\"contentUrl\":\"https:\/\/secure.gravatar.com\/avatar\/b34fc4f4e468a4e51785917065a3db57b841f5c95dba6ad8c73aaf8f66f8f9bf?s=96&d=mm&r=g\",\"caption\":\"Comunica\u00e7\u00e3o PSOL\"}}]}<\/script>\n<!-- \/ Yoast SEO plugin. -->","yoast_head_json":{"title":"Nota de Guilherme Boulos sobre acusa\u00e7\u00e3o do Minist\u00e9rio P\u00fablico em nova farsa do triplex","description":"Acusa\u00e7\u00e3o realizada pelo Minist\u00e9rio P\u00fablico Federal contra Guilherme Boulos e outros dois militantes do Movimento dos Trabalhadores Sem Teto.","robots":{"index":"index","follow":"follow","max-snippet":"max-snippet:-1","max-image-preview":"max-image-preview:large","max-video-preview":"max-video-preview:-1"},"canonical":"https:\/\/psol50.org.br\/nota-de-guilherme-boulos-sobre-acusacao-do-ministerio-publico-em-nova-farsa-do-triplex\/","og_locale":"pt_BR","og_type":"article","og_title":"Nota de Guilherme Boulos sobre acusa\u00e7\u00e3o do Minist\u00e9rio P\u00fablico em nova farsa do triplex","og_description":"Acusa\u00e7\u00e3o realizada pelo Minist\u00e9rio P\u00fablico Federal contra Guilherme Boulos e outros dois militantes do Movimento dos Trabalhadores Sem Teto.","og_url":"https:\/\/psol50.org.br\/nota-de-guilherme-boulos-sobre-acusacao-do-ministerio-publico-em-nova-farsa-do-triplex\/","og_site_name":"PSOL 50","article_publisher":"https:\/\/www.facebook.com\/psol50","article_published_time":"2021-02-26T17:50:38+00:00","og_image":[{"width":1200,"height":754,"url":"https:\/\/psol50.org.br\/inc\/uploads\/2021\/02\/boulos-1.jpg","type":"image\/jpeg"}],"author":"Comunica\u00e7\u00e3o PSOL","twitter_card":"summary_large_image","twitter_title":"Nota de Guilherme Boulos sobre acusa\u00e7\u00e3o do Minist\u00e9rio P\u00fablico em nova farsa do triplex","twitter_description":"Acusa\u00e7\u00e3o realizada pelo Minist\u00e9rio P\u00fablico Federal contra Guilherme Boulos e outros dois militantes do Movimento dos Trabalhadores Sem Teto.","twitter_image":"https:\/\/psol50.org.br\/inc\/uploads\/2021\/02\/boulos-1.jpg","twitter_creator":"@psol50","twitter_site":"@psol50","twitter_misc":{"Escrito por":"Comunica\u00e7\u00e3o PSOL","Est. tempo de leitura":"2 minutos"},"schema":{"@context":"https:\/\/schema.org","@graph":[{"@type":"Article","@id":"https:\/\/psol50.org.br\/nota-de-guilherme-boulos-sobre-acusacao-do-ministerio-publico-em-nova-farsa-do-triplex\/#article","isPartOf":{"@id":"https:\/\/psol50.org.br\/nota-de-guilherme-boulos-sobre-acusacao-do-ministerio-publico-em-nova-farsa-do-triplex\/"},"author":{"name":"Comunica\u00e7\u00e3o PSOL","@id":"https:\/\/psol50.org.br\/#\/schema\/person\/475dfa57d0b815993c714c2e96491fcd"},"headline":"Nota de Guilherme Boulos sobre acusa\u00e7\u00e3o do Minist\u00e9rio P\u00fablico em nova farsa do triplex","datePublished":"2021-02-26T17:50:38+00:00","mainEntityOfPage":{"@id":"https:\/\/psol50.org.br\/nota-de-guilherme-boulos-sobre-acusacao-do-ministerio-publico-em-nova-farsa-do-triplex\/"},"wordCount":181,"publisher":{"@id":"https:\/\/psol50.org.br\/#organization"},"image":{"@id":"https:\/\/psol50.org.br\/nota-de-guilherme-boulos-sobre-acusacao-do-ministerio-publico-em-nova-farsa-do-triplex\/#primaryimage"},"thumbnailUrl":"https:\/\/psol50.org.br\/inc\/uploads\/2021\/02\/boulos-1.jpg","keywords":["Guilherme Boulos","Lava Jato","MPF","MTST","nota","triplex"],"articleSection":["Notas"],"inLanguage":"pt-BR"},{"@type":"WebPage","@id":"https:\/\/psol50.org.br\/nota-de-guilherme-boulos-sobre-acusacao-do-ministerio-publico-em-nova-farsa-do-triplex\/","url":"https:\/\/psol50.org.br\/nota-de-guilherme-boulos-sobre-acusacao-do-ministerio-publico-em-nova-farsa-do-triplex\/","name":"Nota de Guilherme Boulos sobre acusa\u00e7\u00e3o do Minist\u00e9rio P\u00fablico em nova farsa do triplex","isPartOf":{"@id":"https:\/\/psol50.org.br\/#website"},"primaryImageOfPage":{"@id":"https:\/\/psol50.org.br\/nota-de-guilherme-boulos-sobre-acusacao-do-ministerio-publico-em-nova-farsa-do-triplex\/#primaryimage"},"image":{"@id":"https:\/\/psol50.org.br\/nota-de-guilherme-boulos-sobre-acusacao-do-ministerio-publico-em-nova-farsa-do-triplex\/#primaryimage"},"thumbnailUrl":"https:\/\/psol50.org.br\/inc\/uploads\/2021\/02\/boulos-1.jpg","datePublished":"2021-02-26T17:50:38+00:00","description":"Acusa\u00e7\u00e3o realizada pelo Minist\u00e9rio P\u00fablico Federal contra Guilherme Boulos e outros dois militantes do Movimento dos Trabalhadores Sem Teto.","breadcrumb":{"@id":"https:\/\/psol50.org.br\/nota-de-guilherme-boulos-sobre-acusacao-do-ministerio-publico-em-nova-farsa-do-triplex\/#breadcrumb"},"inLanguage":"pt-BR","potentialAction":[{"@type":"ReadAction","target":["https:\/\/psol50.org.br\/nota-de-guilherme-boulos-sobre-acusacao-do-ministerio-publico-em-nova-farsa-do-triplex\/"]}]},{"@type":"ImageObject","inLanguage":"pt-BR","@id":"https:\/\/psol50.org.br\/nota-de-guilherme-boulos-sobre-acusacao-do-ministerio-publico-em-nova-farsa-do-triplex\/#primaryimage","url":"https:\/\/psol50.org.br\/inc\/uploads\/2021\/02\/boulos-1.jpg","contentUrl":"https:\/\/psol50.org.br\/inc\/uploads\/2021\/02\/boulos-1.jpg","width":1200,"height":754,"caption":"Foto: M\u00eddia Ninja"},{"@type":"BreadcrumbList","@id":"https:\/\/psol50.org.br\/nota-de-guilherme-boulos-sobre-acusacao-do-ministerio-publico-em-nova-farsa-do-triplex\/#breadcrumb","itemListElement":[{"@type":"ListItem","position":1,"name":"In\u00edcio","item":"https:\/\/psol50.org.br\/"},{"@type":"ListItem","position":2,"name":"Nota de Guilherme Boulos sobre acusa\u00e7\u00e3o do Minist\u00e9rio P\u00fablico em nova farsa do triplex"}]},{"@type":"WebSite","@id":"https:\/\/psol50.org.br\/#website","url":"https:\/\/psol50.org.br\/","name":"PSOL 50","description":"Site oficial do Partido Socialismo e Liberdade","publisher":{"@id":"https:\/\/psol50.org.br\/#organization"},"alternateName":"PSOL50","potentialAction":[{"@type":"SearchAction","target":{"@type":"EntryPoint","urlTemplate":"https:\/\/psol50.org.br\/?s={search_term_string}"},"query-input":{"@type":"PropertyValueSpecification","valueRequired":true,"valueName":"search_term_string"}}],"inLanguage":"pt-BR"},{"@type":"Organization","@id":"https:\/\/psol50.org.br\/#organization","name":"PSOL 50","alternateName":"PSOL 50","url":"https:\/\/psol50.org.br\/","logo":{"@type":"ImageObject","inLanguage":"pt-BR","@id":"https:\/\/psol50.org.br\/#\/schema\/logo\/image\/","url":"https:\/\/psol50.org.br\/inc\/uploads\/2018\/07\/capa.png","contentUrl":"https:\/\/psol50.org.br\/inc\/uploads\/2018\/07\/capa.png","width":1350,"height":900,"caption":"PSOL 50"},"image":{"@id":"https:\/\/psol50.org.br\/#\/schema\/logo\/image\/"},"sameAs":["https:\/\/www.facebook.com\/psol50","https:\/\/x.com\/psol50","https:\/\/www.instagram.com\/psol50\/","https:\/\/www.youtube.com\/channel\/UC7SnJS5o1os7a6CaiNabzcg"]},{"@type":"Person","@id":"https:\/\/psol50.org.br\/#\/schema\/person\/475dfa57d0b815993c714c2e96491fcd","name":"Comunica\u00e7\u00e3o PSOL","image":{"@type":"ImageObject","inLanguage":"pt-BR","@id":"https:\/\/psol50.org.br\/#\/schema\/person\/image\/","url":"https:\/\/secure.gravatar.com\/avatar\/b34fc4f4e468a4e51785917065a3db57b841f5c95dba6ad8c73aaf8f66f8f9bf?s=96&d=mm&r=g","contentUrl":"https:\/\/secure.gravatar.com\/avatar\/b34fc4f4e468a4e51785917065a3db57b841f5c95dba6ad8c73aaf8f66f8f9bf?s=96&d=mm&r=g","caption":"Comunica\u00e7\u00e3o PSOL"}}]}},"_links":{"self":[{"href":"https:\/\/psol50.org.br\/rest\/wp\/v2\/posts\/32010","targetHints":{"allow":["GET"]}}],"collection":[{"href":"https:\/\/psol50.org.br\/rest\/wp\/v2\/posts"}],"about":[{"href":"https:\/\/psol50.org.br\/rest\/wp\/v2\/types\/post"}],"author":[{"embeddable":true,"href":"https:\/\/psol50.org.br\/rest\/wp\/v2\/users\/2"}],"replies":[{"embeddable":true,"href":"https:\/\/psol50.org.br\/rest\/wp\/v2\/comments?post=32010"}],"version-history":[{"count":0,"href":"https:\/\/psol50.org.br\/rest\/wp\/v2\/posts\/32010\/revisions"}],"wp:featuredmedia":[{"embeddable":true,"href":"https:\/\/psol50.org.br\/rest\/wp\/v2\/media\/31946"}],"wp:attachment":[{"href":"https:\/\/psol50.org.br\/rest\/wp\/v2\/media?parent=32010"}],"wp:term":[{"taxonomy":"category","embeddable":true,"href":"https:\/\/psol50.org.br\/rest\/wp\/v2\/categories?post=32010"},{"taxonomy":"post_tag","embeddable":true,"href":"https:\/\/psol50.org.br\/rest\/wp\/v2\/tags?post=32010"}],"curies":[{"name":"wp","href":"https:\/\/api.w.org\/{rel}","templated":true}]}}