{"id":32093,"date":"2021-03-12T16:54:27","date_gmt":"2021-03-12T19:54:27","guid":{"rendered":"https:\/\/psol50.org.br\/?p=32093"},"modified":"2021-03-12T16:54:27","modified_gmt":"2021-03-12T19:54:27","slug":"dirigente-do-psol-amazonas-falece-de-covid-19-luiz-fernando-presente","status":"publish","type":"post","link":"https:\/\/psol50.org.br\/dirigente-do-psol-amazonas-falece-de-covid-19-luiz-fernando-presente\/","title":{"rendered":"Dirigente do PSOL Amazonas falece de Covid-19. Luiz Fernando, presente!"},"content":{"rendered":"<p><a href=\"https:\/\/psol50.org.br\/vacinaja\/\" target=\"_blank\" rel=\"noopener\"><img loading=\"lazy\" decoding=\"async\" class=\"alignnone size-full wp-image-31535\" src=\"https:\/\/psol50.org.br\/inc\/uploads\/2020\/12\/Web-1920-\u2013-1.jpg\" alt=\"\" width=\"1920\" height=\"339\" srcset=\"https:\/\/psol50.org.br\/inc\/uploads\/2020\/12\/Web-1920-\u2013-1.jpg 1920w, https:\/\/psol50.org.br\/inc\/uploads\/2020\/12\/Web-1920-\u2013-1-300x53.jpg 300w, https:\/\/psol50.org.br\/inc\/uploads\/2020\/12\/Web-1920-\u2013-1-1024x181.jpg 1024w, https:\/\/psol50.org.br\/inc\/uploads\/2020\/12\/Web-1920-\u2013-1-768x136.jpg 768w, https:\/\/psol50.org.br\/inc\/uploads\/2020\/12\/Web-1920-\u2013-1-1536x271.jpg 1536w, https:\/\/psol50.org.br\/inc\/uploads\/2020\/12\/Web-1920-\u2013-1-150x26.jpg 150w, https:\/\/psol50.org.br\/inc\/uploads\/2020\/12\/Web-1920-\u2013-1-696x123.jpg 696w, https:\/\/psol50.org.br\/inc\/uploads\/2020\/12\/Web-1920-\u2013-1-1068x189.jpg 1068w\" sizes=\"auto, (max-width: 1920px) 100vw, 1920px\" \/><\/a><\/p>\n<p>O Partido Socialismo e Liberdade Amazonas est\u00e1 de luto e solidariza-se com a fam\u00edlia e amigos do Prof. Dr. Luiz Fernando de Souza Santos. N\u00e3o restam d\u00favidas, foi uma v\u00edtima das pol\u00edticas ineficazes de combate \u00e0 pandemia promovido por todos os governos. \u00c9 tempo de interromper todos eles.<\/p>\n<p>Este foi nosso dirigente, intelectual e ex-candidato ao senado em 2018. Compartilhou conosco sonhos, reflex\u00f5es e lutas na constru\u00e7\u00e3o de uma sociedade onde os trabalhadores constroem sua vida pelas pr\u00f3prias m\u00e3os. E daqui, muito orgulho de ter cerrado fileiras com ele e continuaremos nas lutas.<\/p>\n<p><strong>Luiz Fernando, presente!<\/strong><\/p>\n<p><em><strong>Executiva Estadual do PSOL Amazonas<\/strong><\/em><br \/>\n<em><strong>12 de mar\u00e7o de 2021.<\/strong><\/em><\/p>\n<p><a href=\"https:\/\/psol50.org.br\/rendajusta\/\" target=\"_blank\" rel=\"noopener\"><img loading=\"lazy\" decoding=\"async\" class=\"alignnone size-full wp-image-30552\" src=\"https:\/\/psol50.org.br\/inc\/uploads\/2020\/08\/21-08-2020_LancamentoRendaJusta-2.png\" alt=\"\" width=\"1920\" height=\"383\" srcset=\"https:\/\/psol50.org.br\/inc\/uploads\/2020\/08\/21-08-2020_LancamentoRendaJusta-2.png 1920w, https:\/\/psol50.org.br\/inc\/uploads\/2020\/08\/21-08-2020_LancamentoRendaJusta-2-300x60.png 300w, https:\/\/psol50.org.br\/inc\/uploads\/2020\/08\/21-08-2020_LancamentoRendaJusta-2-1024x204.png 1024w, https:\/\/psol50.org.br\/inc\/uploads\/2020\/08\/21-08-2020_LancamentoRendaJusta-2-768x153.png 768w, https:\/\/psol50.org.br\/inc\/uploads\/2020\/08\/21-08-2020_LancamentoRendaJusta-2-1536x306.png 1536w, https:\/\/psol50.org.br\/inc\/uploads\/2020\/08\/21-08-2020_LancamentoRendaJusta-2-150x30.png 150w, https:\/\/psol50.org.br\/inc\/uploads\/2020\/08\/21-08-2020_LancamentoRendaJusta-2-696x139.png 696w, https:\/\/psol50.org.br\/inc\/uploads\/2020\/08\/21-08-2020_LancamentoRendaJusta-2-1068x213.png 1068w\" sizes=\"auto, (max-width: 1920px) 100vw, 1920px\" \/><\/a><\/p>\n","protected":false},"excerpt":{"rendered":"<p>O Partido Socialismo e Liberdade Amazonas est\u00e1 de luto e solidariza-se com a fam\u00edlia e amigos do Prof. Dr. Luiz Fernando de Souza Santos. N\u00e3o restam d\u00favidas, foi uma v\u00edtima das pol\u00edticas ineficazes de combate \u00e0 pandemia promovido por todos os governos. \u00c9 tempo de interromper todos eles. Este foi nosso dirigente, intelectual e ex-candidato [&hellip;]<\/p>\n","protected":false},"author":2,"featured_media":32094,"comment_status":"closed","ping_status":"open","sticky":false,"template":"","format":"standard","meta":{"_acf_changed":false,"footnotes":""},"categories":[20,6],"tags":[592,371,1443,19,22],"class_list":{"0":"post-32093","1":"post","2":"type-post","3":"status-publish","4":"format-standard","5":"has-post-thumbnail","7":"category-notas","8":"category-noticias","9":"tag-amazonas","10":"tag-covid-19","11":"tag-luiz-fernando","12":"tag-nota","13":"tag-psol"},"acf":[],"yoast_head":"<!-- This site is optimized with the Yoast SEO plugin v26.5 - https:\/\/yoast.com\/wordpress\/plugins\/seo\/ -->\n<title>Dirigente do PSOL Amazonas falece de Covid-19. Luiz Fernando, presente!<\/title>\n<meta name=\"description\" content=\"O Partido Socialismo e Liberdade est\u00e1 de luto e solidariza-se com a fam\u00edlia e amigos do Prof. Dr. Luiz Fernando de Souza Santos.\" \/>\n<meta name=\"robots\" content=\"index, follow, max-snippet:-1, max-image-preview:large, max-video-preview:-1\" \/>\n<link rel=\"canonical\" href=\"https:\/\/psol50.org.br\/dirigente-do-psol-amazonas-falece-de-covid-19-luiz-fernando-presente\/\" \/>\n<meta property=\"og:locale\" content=\"pt_BR\" \/>\n<meta property=\"og:type\" content=\"article\" \/>\n<meta property=\"og:title\" content=\"Dirigente do PSOL Amazonas falece de Covid-19. Luiz Fernando, presente!\" \/>\n<meta property=\"og:description\" content=\"O Partido Socialismo e Liberdade est\u00e1 de luto e solidariza-se com a fam\u00edlia e amigos do Prof. Dr. Luiz Fernando de Souza Santos.\" \/>\n<meta property=\"og:url\" content=\"https:\/\/psol50.org.br\/dirigente-do-psol-amazonas-falece-de-covid-19-luiz-fernando-presente\/\" \/>\n<meta property=\"og:site_name\" content=\"PSOL 50\" \/>\n<meta property=\"article:publisher\" content=\"https:\/\/www.facebook.com\/psol50\" \/>\n<meta property=\"article:published_time\" content=\"2021-03-12T19:54:27+00:00\" \/>\n<meta property=\"og:image\" content=\"https:\/\/psol50.org.br\/inc\/uploads\/2021\/03\/JLC8837_00121036_0-scaled-1.jpg\" \/>\n\t<meta property=\"og:image:width\" content=\"1920\" \/>\n\t<meta property=\"og:image:height\" content=\"1275\" \/>\n\t<meta property=\"og:image:type\" content=\"image\/jpeg\" \/>\n<meta name=\"author\" content=\"Comunica\u00e7\u00e3o PSOL\" \/>\n<meta name=\"twitter:card\" content=\"summary_large_image\" \/>\n<meta name=\"twitter:title\" content=\"Dirigente do PSOL Amazonas falece de Covid-19. Luiz Fernando, presente!\" \/>\n<meta name=\"twitter:description\" content=\"O Partido Socialismo e Liberdade est\u00e1 de luto e solidariza-se com a fam\u00edlia e amigos do Prof. Dr. Luiz Fernando de Souza Santos.\" \/>\n<meta name=\"twitter:image\" content=\"https:\/\/psol50.org.br\/inc\/uploads\/2021\/03\/JLC8837_00121036_0-scaled-1.jpg\" \/>\n<meta name=\"twitter:creator\" content=\"@psol50\" \/>\n<meta name=\"twitter:site\" content=\"@psol50\" \/>\n<meta name=\"twitter:label1\" content=\"Escrito por\" \/>\n\t<meta name=\"twitter:data1\" content=\"Comunica\u00e7\u00e3o PSOL\" \/>\n\t<meta name=\"twitter:label2\" content=\"Est. tempo de leitura\" \/>\n\t<meta name=\"twitter:data2\" content=\"1 minuto\" \/>\n<script type=\"application\/ld+json\" class=\"yoast-schema-graph\">{\"@context\":\"https:\/\/schema.org\",\"@graph\":[{\"@type\":\"Article\",\"@id\":\"https:\/\/psol50.org.br\/dirigente-do-psol-amazonas-falece-de-covid-19-luiz-fernando-presente\/#article\",\"isPartOf\":{\"@id\":\"https:\/\/psol50.org.br\/dirigente-do-psol-amazonas-falece-de-covid-19-luiz-fernando-presente\/\"},\"author\":{\"name\":\"Comunica\u00e7\u00e3o PSOL\",\"@id\":\"https:\/\/psol50.org.br\/#\/schema\/person\/475dfa57d0b815993c714c2e96491fcd\"},\"headline\":\"Dirigente do PSOL Amazonas falece de Covid-19. Luiz Fernando, presente!\",\"datePublished\":\"2021-03-12T19:54:27+00:00\",\"mainEntityOfPage\":{\"@id\":\"https:\/\/psol50.org.br\/dirigente-do-psol-amazonas-falece-de-covid-19-luiz-fernando-presente\/\"},\"wordCount\":121,\"publisher\":{\"@id\":\"https:\/\/psol50.org.br\/#organization\"},\"image\":{\"@id\":\"https:\/\/psol50.org.br\/dirigente-do-psol-amazonas-falece-de-covid-19-luiz-fernando-presente\/#primaryimage\"},\"thumbnailUrl\":\"https:\/\/psol50.org.br\/inc\/uploads\/2021\/03\/JLC8837_00121036_0-scaled-1.jpg\",\"keywords\":[\"Amazonas\",\"covid-19\",\"luiz fernando\",\"nota\",\"PSOL\"],\"articleSection\":[\"Notas\",\"Not\u00edcias\"],\"inLanguage\":\"pt-BR\"},{\"@type\":\"WebPage\",\"@id\":\"https:\/\/psol50.org.br\/dirigente-do-psol-amazonas-falece-de-covid-19-luiz-fernando-presente\/\",\"url\":\"https:\/\/psol50.org.br\/dirigente-do-psol-amazonas-falece-de-covid-19-luiz-fernando-presente\/\",\"name\":\"Dirigente do PSOL Amazonas falece de Covid-19. Luiz Fernando, presente!\",\"isPartOf\":{\"@id\":\"https:\/\/psol50.org.br\/#website\"},\"primaryImageOfPage\":{\"@id\":\"https:\/\/psol50.org.br\/dirigente-do-psol-amazonas-falece-de-covid-19-luiz-fernando-presente\/#primaryimage\"},\"image\":{\"@id\":\"https:\/\/psol50.org.br\/dirigente-do-psol-amazonas-falece-de-covid-19-luiz-fernando-presente\/#primaryimage\"},\"thumbnailUrl\":\"https:\/\/psol50.org.br\/inc\/uploads\/2021\/03\/JLC8837_00121036_0-scaled-1.jpg\",\"datePublished\":\"2021-03-12T19:54:27+00:00\",\"description\":\"O Partido Socialismo e Liberdade est\u00e1 de luto e solidariza-se com a fam\u00edlia e amigos do Prof. Dr. Luiz Fernando de Souza Santos.\",\"breadcrumb\":{\"@id\":\"https:\/\/psol50.org.br\/dirigente-do-psol-amazonas-falece-de-covid-19-luiz-fernando-presente\/#breadcrumb\"},\"inLanguage\":\"pt-BR\",\"potentialAction\":[{\"@type\":\"ReadAction\",\"target\":[\"https:\/\/psol50.org.br\/dirigente-do-psol-amazonas-falece-de-covid-19-luiz-fernando-presente\/\"]}]},{\"@type\":\"ImageObject\",\"inLanguage\":\"pt-BR\",\"@id\":\"https:\/\/psol50.org.br\/dirigente-do-psol-amazonas-falece-de-covid-19-luiz-fernando-presente\/#primaryimage\",\"url\":\"https:\/\/psol50.org.br\/inc\/uploads\/2021\/03\/JLC8837_00121036_0-scaled-1.jpg\",\"contentUrl\":\"https:\/\/psol50.org.br\/inc\/uploads\/2021\/03\/JLC8837_00121036_0-scaled-1.jpg\",\"width\":1920,\"height\":1275},{\"@type\":\"BreadcrumbList\",\"@id\":\"https:\/\/psol50.org.br\/dirigente-do-psol-amazonas-falece-de-covid-19-luiz-fernando-presente\/#breadcrumb\",\"itemListElement\":[{\"@type\":\"ListItem\",\"position\":1,\"name\":\"In\u00edcio\",\"item\":\"https:\/\/psol50.org.br\/\"},{\"@type\":\"ListItem\",\"position\":2,\"name\":\"Dirigente do PSOL Amazonas falece de Covid-19. Luiz Fernando, presente!\"}]},{\"@type\":\"WebSite\",\"@id\":\"https:\/\/psol50.org.br\/#website\",\"url\":\"https:\/\/psol50.org.br\/\",\"name\":\"PSOL 50\",\"description\":\"Site oficial do Partido Socialismo e Liberdade\",\"publisher\":{\"@id\":\"https:\/\/psol50.org.br\/#organization\"},\"alternateName\":\"PSOL50\",\"potentialAction\":[{\"@type\":\"SearchAction\",\"target\":{\"@type\":\"EntryPoint\",\"urlTemplate\":\"https:\/\/psol50.org.br\/?s={search_term_string}\"},\"query-input\":{\"@type\":\"PropertyValueSpecification\",\"valueRequired\":true,\"valueName\":\"search_term_string\"}}],\"inLanguage\":\"pt-BR\"},{\"@type\":\"Organization\",\"@id\":\"https:\/\/psol50.org.br\/#organization\",\"name\":\"PSOL 50\",\"alternateName\":\"PSOL 50\",\"url\":\"https:\/\/psol50.org.br\/\",\"logo\":{\"@type\":\"ImageObject\",\"inLanguage\":\"pt-BR\",\"@id\":\"https:\/\/psol50.org.br\/#\/schema\/logo\/image\/\",\"url\":\"https:\/\/psol50.org.br\/inc\/uploads\/2018\/07\/capa.png\",\"contentUrl\":\"https:\/\/psol50.org.br\/inc\/uploads\/2018\/07\/capa.png\",\"width\":1350,\"height\":900,\"caption\":\"PSOL 50\"},\"image\":{\"@id\":\"https:\/\/psol50.org.br\/#\/schema\/logo\/image\/\"},\"sameAs\":[\"https:\/\/www.facebook.com\/psol50\",\"https:\/\/x.com\/psol50\",\"https:\/\/www.instagram.com\/psol50\/\",\"https:\/\/www.youtube.com\/channel\/UC7SnJS5o1os7a6CaiNabzcg\"]},{\"@type\":\"Person\",\"@id\":\"https:\/\/psol50.org.br\/#\/schema\/person\/475dfa57d0b815993c714c2e96491fcd\",\"name\":\"Comunica\u00e7\u00e3o PSOL\",\"image\":{\"@type\":\"ImageObject\",\"inLanguage\":\"pt-BR\",\"@id\":\"https:\/\/psol50.org.br\/#\/schema\/person\/image\/\",\"url\":\"https:\/\/secure.gravatar.com\/avatar\/b34fc4f4e468a4e51785917065a3db57b841f5c95dba6ad8c73aaf8f66f8f9bf?s=96&d=mm&r=g\",\"contentUrl\":\"https:\/\/secure.gravatar.com\/avatar\/b34fc4f4e468a4e51785917065a3db57b841f5c95dba6ad8c73aaf8f66f8f9bf?s=96&d=mm&r=g\",\"caption\":\"Comunica\u00e7\u00e3o PSOL\"}}]}<\/script>\n<!-- \/ Yoast SEO plugin. -->","yoast_head_json":{"title":"Dirigente do PSOL Amazonas falece de Covid-19. Luiz Fernando, presente!","description":"O Partido Socialismo e Liberdade est\u00e1 de luto e solidariza-se com a fam\u00edlia e amigos do Prof. Dr. Luiz Fernando de Souza Santos.","robots":{"index":"index","follow":"follow","max-snippet":"max-snippet:-1","max-image-preview":"max-image-preview:large","max-video-preview":"max-video-preview:-1"},"canonical":"https:\/\/psol50.org.br\/dirigente-do-psol-amazonas-falece-de-covid-19-luiz-fernando-presente\/","og_locale":"pt_BR","og_type":"article","og_title":"Dirigente do PSOL Amazonas falece de Covid-19. Luiz Fernando, presente!","og_description":"O Partido Socialismo e Liberdade est\u00e1 de luto e solidariza-se com a fam\u00edlia e amigos do Prof. Dr. Luiz Fernando de Souza Santos.","og_url":"https:\/\/psol50.org.br\/dirigente-do-psol-amazonas-falece-de-covid-19-luiz-fernando-presente\/","og_site_name":"PSOL 50","article_publisher":"https:\/\/www.facebook.com\/psol50","article_published_time":"2021-03-12T19:54:27+00:00","og_image":[{"width":1920,"height":1275,"url":"https:\/\/psol50.org.br\/inc\/uploads\/2021\/03\/JLC8837_00121036_0-scaled-1.jpg","type":"image\/jpeg"}],"author":"Comunica\u00e7\u00e3o PSOL","twitter_card":"summary_large_image","twitter_title":"Dirigente do PSOL Amazonas falece de Covid-19. Luiz Fernando, presente!","twitter_description":"O Partido Socialismo e Liberdade est\u00e1 de luto e solidariza-se com a fam\u00edlia e amigos do Prof. Dr. Luiz Fernando de Souza Santos.","twitter_image":"https:\/\/psol50.org.br\/inc\/uploads\/2021\/03\/JLC8837_00121036_0-scaled-1.jpg","twitter_creator":"@psol50","twitter_site":"@psol50","twitter_misc":{"Escrito por":"Comunica\u00e7\u00e3o PSOL","Est. tempo de leitura":"1 minuto"},"schema":{"@context":"https:\/\/schema.org","@graph":[{"@type":"Article","@id":"https:\/\/psol50.org.br\/dirigente-do-psol-amazonas-falece-de-covid-19-luiz-fernando-presente\/#article","isPartOf":{"@id":"https:\/\/psol50.org.br\/dirigente-do-psol-amazonas-falece-de-covid-19-luiz-fernando-presente\/"},"author":{"name":"Comunica\u00e7\u00e3o PSOL","@id":"https:\/\/psol50.org.br\/#\/schema\/person\/475dfa57d0b815993c714c2e96491fcd"},"headline":"Dirigente do PSOL Amazonas falece de Covid-19. Luiz Fernando, presente!","datePublished":"2021-03-12T19:54:27+00:00","mainEntityOfPage":{"@id":"https:\/\/psol50.org.br\/dirigente-do-psol-amazonas-falece-de-covid-19-luiz-fernando-presente\/"},"wordCount":121,"publisher":{"@id":"https:\/\/psol50.org.br\/#organization"},"image":{"@id":"https:\/\/psol50.org.br\/dirigente-do-psol-amazonas-falece-de-covid-19-luiz-fernando-presente\/#primaryimage"},"thumbnailUrl":"https:\/\/psol50.org.br\/inc\/uploads\/2021\/03\/JLC8837_00121036_0-scaled-1.jpg","keywords":["Amazonas","covid-19","luiz fernando","nota","PSOL"],"articleSection":["Notas","Not\u00edcias"],"inLanguage":"pt-BR"},{"@type":"WebPage","@id":"https:\/\/psol50.org.br\/dirigente-do-psol-amazonas-falece-de-covid-19-luiz-fernando-presente\/","url":"https:\/\/psol50.org.br\/dirigente-do-psol-amazonas-falece-de-covid-19-luiz-fernando-presente\/","name":"Dirigente do PSOL Amazonas falece de Covid-19. Luiz Fernando, presente!","isPartOf":{"@id":"https:\/\/psol50.org.br\/#website"},"primaryImageOfPage":{"@id":"https:\/\/psol50.org.br\/dirigente-do-psol-amazonas-falece-de-covid-19-luiz-fernando-presente\/#primaryimage"},"image":{"@id":"https:\/\/psol50.org.br\/dirigente-do-psol-amazonas-falece-de-covid-19-luiz-fernando-presente\/#primaryimage"},"thumbnailUrl":"https:\/\/psol50.org.br\/inc\/uploads\/2021\/03\/JLC8837_00121036_0-scaled-1.jpg","datePublished":"2021-03-12T19:54:27+00:00","description":"O Partido Socialismo e Liberdade est\u00e1 de luto e solidariza-se com a fam\u00edlia e amigos do Prof. Dr. Luiz Fernando de Souza Santos.","breadcrumb":{"@id":"https:\/\/psol50.org.br\/dirigente-do-psol-amazonas-falece-de-covid-19-luiz-fernando-presente\/#breadcrumb"},"inLanguage":"pt-BR","potentialAction":[{"@type":"ReadAction","target":["https:\/\/psol50.org.br\/dirigente-do-psol-amazonas-falece-de-covid-19-luiz-fernando-presente\/"]}]},{"@type":"ImageObject","inLanguage":"pt-BR","@id":"https:\/\/psol50.org.br\/dirigente-do-psol-amazonas-falece-de-covid-19-luiz-fernando-presente\/#primaryimage","url":"https:\/\/psol50.org.br\/inc\/uploads\/2021\/03\/JLC8837_00121036_0-scaled-1.jpg","contentUrl":"https:\/\/psol50.org.br\/inc\/uploads\/2021\/03\/JLC8837_00121036_0-scaled-1.jpg","width":1920,"height":1275},{"@type":"BreadcrumbList","@id":"https:\/\/psol50.org.br\/dirigente-do-psol-amazonas-falece-de-covid-19-luiz-fernando-presente\/#breadcrumb","itemListElement":[{"@type":"ListItem","position":1,"name":"In\u00edcio","item":"https:\/\/psol50.org.br\/"},{"@type":"ListItem","position":2,"name":"Dirigente do PSOL Amazonas falece de Covid-19. Luiz Fernando, presente!"}]},{"@type":"WebSite","@id":"https:\/\/psol50.org.br\/#website","url":"https:\/\/psol50.org.br\/","name":"PSOL 50","description":"Site oficial do Partido Socialismo e Liberdade","publisher":{"@id":"https:\/\/psol50.org.br\/#organization"},"alternateName":"PSOL50","potentialAction":[{"@type":"SearchAction","target":{"@type":"EntryPoint","urlTemplate":"https:\/\/psol50.org.br\/?s={search_term_string}"},"query-input":{"@type":"PropertyValueSpecification","valueRequired":true,"valueName":"search_term_string"}}],"inLanguage":"pt-BR"},{"@type":"Organization","@id":"https:\/\/psol50.org.br\/#organization","name":"PSOL 50","alternateName":"PSOL 50","url":"https:\/\/psol50.org.br\/","logo":{"@type":"ImageObject","inLanguage":"pt-BR","@id":"https:\/\/psol50.org.br\/#\/schema\/logo\/image\/","url":"https:\/\/psol50.org.br\/inc\/uploads\/2018\/07\/capa.png","contentUrl":"https:\/\/psol50.org.br\/inc\/uploads\/2018\/07\/capa.png","width":1350,"height":900,"caption":"PSOL 50"},"image":{"@id":"https:\/\/psol50.org.br\/#\/schema\/logo\/image\/"},"sameAs":["https:\/\/www.facebook.com\/psol50","https:\/\/x.com\/psol50","https:\/\/www.instagram.com\/psol50\/","https:\/\/www.youtube.com\/channel\/UC7SnJS5o1os7a6CaiNabzcg"]},{"@type":"Person","@id":"https:\/\/psol50.org.br\/#\/schema\/person\/475dfa57d0b815993c714c2e96491fcd","name":"Comunica\u00e7\u00e3o PSOL","image":{"@type":"ImageObject","inLanguage":"pt-BR","@id":"https:\/\/psol50.org.br\/#\/schema\/person\/image\/","url":"https:\/\/secure.gravatar.com\/avatar\/b34fc4f4e468a4e51785917065a3db57b841f5c95dba6ad8c73aaf8f66f8f9bf?s=96&d=mm&r=g","contentUrl":"https:\/\/secure.gravatar.com\/avatar\/b34fc4f4e468a4e51785917065a3db57b841f5c95dba6ad8c73aaf8f66f8f9bf?s=96&d=mm&r=g","caption":"Comunica\u00e7\u00e3o PSOL"}}]}},"_links":{"self":[{"href":"https:\/\/psol50.org.br\/rest\/wp\/v2\/posts\/32093","targetHints":{"allow":["GET"]}}],"collection":[{"href":"https:\/\/psol50.org.br\/rest\/wp\/v2\/posts"}],"about":[{"href":"https:\/\/psol50.org.br\/rest\/wp\/v2\/types\/post"}],"author":[{"embeddable":true,"href":"https:\/\/psol50.org.br\/rest\/wp\/v2\/users\/2"}],"replies":[{"embeddable":true,"href":"https:\/\/psol50.org.br\/rest\/wp\/v2\/comments?post=32093"}],"version-history":[{"count":0,"href":"https:\/\/psol50.org.br\/rest\/wp\/v2\/posts\/32093\/revisions"}],"wp:featuredmedia":[{"embeddable":true,"href":"https:\/\/psol50.org.br\/rest\/wp\/v2\/media\/32094"}],"wp:attachment":[{"href":"https:\/\/psol50.org.br\/rest\/wp\/v2\/media?parent=32093"}],"wp:term":[{"taxonomy":"category","embeddable":true,"href":"https:\/\/psol50.org.br\/rest\/wp\/v2\/categories?post=32093"},{"taxonomy":"post_tag","embeddable":true,"href":"https:\/\/psol50.org.br\/rest\/wp\/v2\/tags?post=32093"}],"curies":[{"name":"wp","href":"https:\/\/api.w.org\/{rel}","templated":true}]}}