{"id":32104,"date":"2021-03-15T15:01:11","date_gmt":"2021-03-15T18:01:11","guid":{"rendered":"https:\/\/psol50.org.br\/?p=32104"},"modified":"2021-03-15T15:01:11","modified_gmt":"2021-03-15T18:01:11","slug":"edmilson-rodrigues-psol-decreta-lockdown-em-belem-pa-a-partir-desta-segunda-15","status":"publish","type":"post","link":"https:\/\/psol50.org.br\/edmilson-rodrigues-psol-decreta-lockdown-em-belem-pa-a-partir-desta-segunda-15\/","title":{"rendered":"Edmilson Rodrigues (PSOL) decreta lockdown em Bel\u00e9m (PA) a partir desta segunda (15)"},"content":{"rendered":"<p><a href=\"https:\/\/psol50.org.br\/vacinaja\/\" target=\"_blank\" rel=\"noopener\"><img loading=\"lazy\" decoding=\"async\" class=\"alignnone size-full wp-image-31535\" src=\"https:\/\/psol50.org.br\/inc\/uploads\/2020\/12\/Web-1920-\u2013-1.jpg\" alt=\"\" width=\"1920\" height=\"339\" srcset=\"https:\/\/psol50.org.br\/inc\/uploads\/2020\/12\/Web-1920-\u2013-1.jpg 1920w, https:\/\/psol50.org.br\/inc\/uploads\/2020\/12\/Web-1920-\u2013-1-300x53.jpg 300w, https:\/\/psol50.org.br\/inc\/uploads\/2020\/12\/Web-1920-\u2013-1-1024x181.jpg 1024w, https:\/\/psol50.org.br\/inc\/uploads\/2020\/12\/Web-1920-\u2013-1-768x136.jpg 768w, https:\/\/psol50.org.br\/inc\/uploads\/2020\/12\/Web-1920-\u2013-1-1536x271.jpg 1536w, https:\/\/psol50.org.br\/inc\/uploads\/2020\/12\/Web-1920-\u2013-1-150x26.jpg 150w, https:\/\/psol50.org.br\/inc\/uploads\/2020\/12\/Web-1920-\u2013-1-696x123.jpg 696w, https:\/\/psol50.org.br\/inc\/uploads\/2020\/12\/Web-1920-\u2013-1-1068x189.jpg 1068w\" sizes=\"auto, (max-width: 1920px) 100vw, 1920px\" \/><\/a><\/p>\n<p>O prefeito de Bel\u00e9m (PA), Edmilson Rodrigues, anunciou o in\u00edcio do lockdown &#8211; interrup\u00e7\u00e3o de todas as atividades n\u00e3o essenciais &#8211; na capital paraense a partir das 21h desta segunda-feira (15) para combater o avan\u00e7o do cont\u00e1gio pela Covid-19 na cidade. A decis\u00e3o foi tomada em conjunto com o governador do estado, Helder Barbalho, e valer\u00e1 para toda a regi\u00e3o metropolitana de Bel\u00e9m.<\/p>\n<p>&#8220;O lockdown \u00e9 uma medida extrema, sei, mas necess\u00e1ria. Infelizmente. Pe\u00e7o a contribui\u00e7\u00e3o e a uni\u00e3o de todos e todas nesse momento. Mantenham os cuidados, usem m\u00e1scara, n\u00e3o aglomerem e mantenham o distanciamento. Vamos vencer&#8221;, disse o prefeito do PSOL ao anunciar as novas regras.<\/p>\n<blockquote class=\"twitter-tweet\" data-width=\"550\" data-dnt=\"true\">\n<p lang=\"pt\" dir=\"ltr\">Em defesa da vida, a partir de segunda-feira, 15 de mar\u00e7o, \u00e0s 21h, entraremos em lockdown em Bel\u00e9m e toda a regi\u00e3o metropolitana, inicialmente por 7 dias. A Prefeitura de Bel\u00e9m tem trabalhado para abrir novos leitos, mas a demanda tem sido grande diante o avan\u00e7o do coronav\u00edrus + <a href=\"https:\/\/t.co\/m2w3CyNzMF\">pic.twitter.com\/m2w3CyNzMF<\/a><\/p>\n<p>&mdash; Edmilson Rodrigues (@EdmilsonPSOL) <a href=\"https:\/\/twitter.com\/EdmilsonPSOL\/status\/1370882490349596672?ref_src=twsrc%5Etfw\">March 13, 2021<\/a><\/p><\/blockquote>\n<p><script async src=\"https:\/\/platform.twitter.com\/widgets.js\" charset=\"utf-8\"><\/script><\/p>\n<h6>Mais leitos de UTI<\/h6>\n<p>A Secretaria Municipal de Sa\u00fade tamb\u00e9m anunciou que transformar\u00e1 o Pronto-Socorro do Guam\u00e1 em atendimento exclusivo para pacientes com Covid-19. Dessa forma, ser\u00e3o mais 52 leitos cl\u00ednicos e 25 de UTI para auxiliar no combate \u00e0 pandemia e o colapso no sistema de sa\u00fade. Outros 30 leitos cl\u00ednicos e 10 de UTI ser\u00e3o disponibilizados atrav\u00e9s do Hospital Barros Barreto e mais 19 cl\u00ednicos e 9 outros leitos de UTI em um hospital privado que ser\u00e3o disponibilizados para atendimento via SUS.<\/p>\n<h6>Bora Bel\u00e9m<\/h6>\n<p>Para auxiliar no cumprimento das medidas de restri\u00e7\u00e3o, a Prefeitura de Bel\u00e9m come\u00e7ou a pagar no \u00faltimo dia 8 de mar\u00e7o a primeira parcela do Bora Bel\u00e9m, programa que beneficiar\u00e1 at\u00e9 22 mil fam\u00edlias em situa\u00e7\u00e3o de pobreza na cidade no valor de at\u00e9 R$ 450 mensais. A Prefeitura tem trabalhado para disponibilizar o mais rapidamente poss\u00edvel os benef\u00edcios e garantir dignidade para que a popula\u00e7\u00e3o possa cumprir o lockdown.<\/p>\n<h6>Vacina\u00e7\u00e3o avan\u00e7ando<\/h6>\n<p>Bel\u00e9m tamb\u00e9m j\u00e1 est\u00e1 vacinando idosos abaixo dos 70 anos de idade e iniciando o processo de vacina\u00e7\u00e3o com a segunda dose. O prefeito Edmilson Rodrigues tem cobrado constantemente o governo federal atrav\u00e9s da Frente Nacional de Prefeitos (FNP), da qual faz parte e \u00e9 representante da regi\u00e3o norte do pa\u00eds, para que o processo de distribui\u00e7\u00e3o das doses de vacina pelo Brasil seja acelerado.<\/p>\n<p><a href=\"https:\/\/psol50.org.br\/rendajusta\/\" target=\"_blank\" rel=\"noopener\"><img loading=\"lazy\" decoding=\"async\" class=\"alignnone size-full wp-image-30552\" src=\"https:\/\/psol50.org.br\/inc\/uploads\/2020\/08\/21-08-2020_LancamentoRendaJusta-2.png\" alt=\"\" width=\"1920\" height=\"383\" srcset=\"https:\/\/psol50.org.br\/inc\/uploads\/2020\/08\/21-08-2020_LancamentoRendaJusta-2.png 1920w, https:\/\/psol50.org.br\/inc\/uploads\/2020\/08\/21-08-2020_LancamentoRendaJusta-2-300x60.png 300w, https:\/\/psol50.org.br\/inc\/uploads\/2020\/08\/21-08-2020_LancamentoRendaJusta-2-1024x204.png 1024w, https:\/\/psol50.org.br\/inc\/uploads\/2020\/08\/21-08-2020_LancamentoRendaJusta-2-768x153.png 768w, https:\/\/psol50.org.br\/inc\/uploads\/2020\/08\/21-08-2020_LancamentoRendaJusta-2-1536x306.png 1536w, https:\/\/psol50.org.br\/inc\/uploads\/2020\/08\/21-08-2020_LancamentoRendaJusta-2-150x30.png 150w, https:\/\/psol50.org.br\/inc\/uploads\/2020\/08\/21-08-2020_LancamentoRendaJusta-2-696x139.png 696w, https:\/\/psol50.org.br\/inc\/uploads\/2020\/08\/21-08-2020_LancamentoRendaJusta-2-1068x213.png 1068w\" sizes=\"auto, (max-width: 1920px) 100vw, 1920px\" \/><\/a><\/p>\n","protected":false},"excerpt":{"rendered":"<p>O prefeito de Bel\u00e9m (PA), Edmilson Rodrigues, anunciou o in\u00edcio do lockdown &#8211; interrup\u00e7\u00e3o de todas as atividades n\u00e3o essenciais &#8211; na capital paraense a partir das 21h desta segunda-feira (15) para combater o avan\u00e7o do cont\u00e1gio pela Covid-19 na cidade. A decis\u00e3o foi tomada em conjunto com o governador do estado, Helder Barbalho, e [&hellip;]<\/p>\n","protected":false},"author":2,"featured_media":32105,"comment_status":"closed","ping_status":"open","sticky":false,"template":"","format":"standard","meta":{"_acf_changed":false,"footnotes":""},"categories":[654,6],"tags":[643,1324,371,973,1446,367,50,173,1125],"class_list":{"0":"post-32104","1":"post","2":"type-post","3":"status-publish","4":"format-standard","5":"has-post-thumbnail","7":"category-estados","8":"category-noticias","9":"tag-belem","10":"tag-bora-belem","11":"tag-covid-19","12":"tag-edmilson-rodrigues","13":"tag-lockdown","14":"tag-pandemia","15":"tag-para","16":"tag-saude","17":"tag-vacina"},"acf":[],"yoast_head":"<!-- This site is optimized with the Yoast SEO plugin v26.5 - https:\/\/yoast.com\/wordpress\/plugins\/seo\/ -->\n<title>Edmilson Rodrigues (PSOL) decreta lockdown em Bel\u00e9m (PA) a partir desta segunda (15)<\/title>\n<meta name=\"description\" content=\"Decis\u00e3o foi tomada para combater colapso na sa\u00fade e \u00e9 acompanhada de novos leitos dispon\u00edveis, avan\u00e7o da vacina\u00e7\u00e3o e pagamento do Bora Bel\u00e9m.\" \/>\n<meta name=\"robots\" content=\"index, follow, max-snippet:-1, max-image-preview:large, max-video-preview:-1\" \/>\n<link rel=\"canonical\" href=\"https:\/\/psol50.org.br\/edmilson-rodrigues-psol-decreta-lockdown-em-belem-pa-a-partir-desta-segunda-15\/\" \/>\n<meta property=\"og:locale\" content=\"pt_BR\" \/>\n<meta property=\"og:type\" content=\"article\" \/>\n<meta property=\"og:title\" content=\"Edmilson Rodrigues (PSOL) decreta lockdown em Bel\u00e9m (PA) a partir desta segunda (15)\" \/>\n<meta property=\"og:description\" content=\"Decis\u00e3o foi tomada para combater colapso na sa\u00fade e \u00e9 acompanhada de novos leitos dispon\u00edveis, avan\u00e7o da vacina\u00e7\u00e3o e pagamento do Bora Bel\u00e9m.\" \/>\n<meta property=\"og:url\" content=\"https:\/\/psol50.org.br\/edmilson-rodrigues-psol-decreta-lockdown-em-belem-pa-a-partir-desta-segunda-15\/\" \/>\n<meta property=\"og:site_name\" content=\"PSOL 50\" \/>\n<meta property=\"article:publisher\" content=\"https:\/\/www.facebook.com\/psol50\" \/>\n<meta property=\"article:published_time\" content=\"2021-03-15T18:01:11+00:00\" \/>\n<meta property=\"og:image\" content=\"https:\/\/psol50.org.br\/inc\/uploads\/2021\/03\/a335ae55-b7b6-4764-a4a6-3473c63cb8fa.jpg\" \/>\n\t<meta property=\"og:image:width\" content=\"800\" \/>\n\t<meta property=\"og:image:height\" content=\"533\" \/>\n\t<meta property=\"og:image:type\" content=\"image\/jpeg\" \/>\n<meta name=\"author\" content=\"Comunica\u00e7\u00e3o PSOL\" \/>\n<meta name=\"twitter:card\" content=\"summary_large_image\" \/>\n<meta name=\"twitter:title\" content=\"Edmilson Rodrigues (PSOL) decreta lockdown em Bel\u00e9m (PA) a partir desta segunda (15)\" \/>\n<meta name=\"twitter:description\" content=\"Decis\u00e3o foi tomada para combater colapso na sa\u00fade e \u00e9 acompanhada de novos leitos dispon\u00edveis, avan\u00e7o da vacina\u00e7\u00e3o e pagamento do Bora Bel\u00e9m.\" \/>\n<meta name=\"twitter:image\" content=\"https:\/\/psol50.org.br\/inc\/uploads\/2021\/03\/a335ae55-b7b6-4764-a4a6-3473c63cb8fa.jpg\" \/>\n<meta name=\"twitter:creator\" content=\"@psol50\" \/>\n<meta name=\"twitter:site\" content=\"@psol50\" \/>\n<meta name=\"twitter:label1\" content=\"Escrito por\" \/>\n\t<meta name=\"twitter:data1\" content=\"Comunica\u00e7\u00e3o PSOL\" \/>\n\t<meta name=\"twitter:label2\" content=\"Est. tempo de leitura\" \/>\n\t<meta name=\"twitter:data2\" content=\"2 minutos\" \/>\n<script type=\"application\/ld+json\" class=\"yoast-schema-graph\">{\"@context\":\"https:\/\/schema.org\",\"@graph\":[{\"@type\":\"Article\",\"@id\":\"https:\/\/psol50.org.br\/edmilson-rodrigues-psol-decreta-lockdown-em-belem-pa-a-partir-desta-segunda-15\/#article\",\"isPartOf\":{\"@id\":\"https:\/\/psol50.org.br\/edmilson-rodrigues-psol-decreta-lockdown-em-belem-pa-a-partir-desta-segunda-15\/\"},\"author\":{\"name\":\"Comunica\u00e7\u00e3o PSOL\",\"@id\":\"https:\/\/psol50.org.br\/#\/schema\/person\/475dfa57d0b815993c714c2e96491fcd\"},\"headline\":\"Edmilson Rodrigues (PSOL) decreta lockdown em Bel\u00e9m (PA) a partir desta segunda (15)\",\"datePublished\":\"2021-03-15T18:01:11+00:00\",\"mainEntityOfPage\":{\"@id\":\"https:\/\/psol50.org.br\/edmilson-rodrigues-psol-decreta-lockdown-em-belem-pa-a-partir-desta-segunda-15\/\"},\"wordCount\":380,\"publisher\":{\"@id\":\"https:\/\/psol50.org.br\/#organization\"},\"image\":{\"@id\":\"https:\/\/psol50.org.br\/edmilson-rodrigues-psol-decreta-lockdown-em-belem-pa-a-partir-desta-segunda-15\/#primaryimage\"},\"thumbnailUrl\":\"https:\/\/psol50.org.br\/inc\/uploads\/2021\/03\/a335ae55-b7b6-4764-a4a6-3473c63cb8fa.jpg\",\"keywords\":[\"Bel\u00e9m\",\"bora bel\u00e9m\",\"covid-19\",\"Edmilson Rodrigues\",\"lockdown\",\"pandemia\",\"Par\u00e1\",\"sa\u00fade\",\"vacina\"],\"articleSection\":[\"Estados\",\"Not\u00edcias\"],\"inLanguage\":\"pt-BR\"},{\"@type\":\"WebPage\",\"@id\":\"https:\/\/psol50.org.br\/edmilson-rodrigues-psol-decreta-lockdown-em-belem-pa-a-partir-desta-segunda-15\/\",\"url\":\"https:\/\/psol50.org.br\/edmilson-rodrigues-psol-decreta-lockdown-em-belem-pa-a-partir-desta-segunda-15\/\",\"name\":\"Edmilson Rodrigues (PSOL) decreta lockdown em Bel\u00e9m (PA) a partir desta segunda (15)\",\"isPartOf\":{\"@id\":\"https:\/\/psol50.org.br\/#website\"},\"primaryImageOfPage\":{\"@id\":\"https:\/\/psol50.org.br\/edmilson-rodrigues-psol-decreta-lockdown-em-belem-pa-a-partir-desta-segunda-15\/#primaryimage\"},\"image\":{\"@id\":\"https:\/\/psol50.org.br\/edmilson-rodrigues-psol-decreta-lockdown-em-belem-pa-a-partir-desta-segunda-15\/#primaryimage\"},\"thumbnailUrl\":\"https:\/\/psol50.org.br\/inc\/uploads\/2021\/03\/a335ae55-b7b6-4764-a4a6-3473c63cb8fa.jpg\",\"datePublished\":\"2021-03-15T18:01:11+00:00\",\"description\":\"Decis\u00e3o foi tomada para combater colapso na sa\u00fade e \u00e9 acompanhada de novos leitos dispon\u00edveis, avan\u00e7o da vacina\u00e7\u00e3o e pagamento do Bora Bel\u00e9m.\",\"breadcrumb\":{\"@id\":\"https:\/\/psol50.org.br\/edmilson-rodrigues-psol-decreta-lockdown-em-belem-pa-a-partir-desta-segunda-15\/#breadcrumb\"},\"inLanguage\":\"pt-BR\",\"potentialAction\":[{\"@type\":\"ReadAction\",\"target\":[\"https:\/\/psol50.org.br\/edmilson-rodrigues-psol-decreta-lockdown-em-belem-pa-a-partir-desta-segunda-15\/\"]}]},{\"@type\":\"ImageObject\",\"inLanguage\":\"pt-BR\",\"@id\":\"https:\/\/psol50.org.br\/edmilson-rodrigues-psol-decreta-lockdown-em-belem-pa-a-partir-desta-segunda-15\/#primaryimage\",\"url\":\"https:\/\/psol50.org.br\/inc\/uploads\/2021\/03\/a335ae55-b7b6-4764-a4a6-3473c63cb8fa.jpg\",\"contentUrl\":\"https:\/\/psol50.org.br\/inc\/uploads\/2021\/03\/a335ae55-b7b6-4764-a4a6-3473c63cb8fa.jpg\",\"width\":800,\"height\":533},{\"@type\":\"BreadcrumbList\",\"@id\":\"https:\/\/psol50.org.br\/edmilson-rodrigues-psol-decreta-lockdown-em-belem-pa-a-partir-desta-segunda-15\/#breadcrumb\",\"itemListElement\":[{\"@type\":\"ListItem\",\"position\":1,\"name\":\"In\u00edcio\",\"item\":\"https:\/\/psol50.org.br\/\"},{\"@type\":\"ListItem\",\"position\":2,\"name\":\"Edmilson Rodrigues (PSOL) decreta lockdown em Bel\u00e9m (PA) a partir desta segunda (15)\"}]},{\"@type\":\"WebSite\",\"@id\":\"https:\/\/psol50.org.br\/#website\",\"url\":\"https:\/\/psol50.org.br\/\",\"name\":\"PSOL 50\",\"description\":\"Site oficial do Partido Socialismo e Liberdade\",\"publisher\":{\"@id\":\"https:\/\/psol50.org.br\/#organization\"},\"alternateName\":\"PSOL50\",\"potentialAction\":[{\"@type\":\"SearchAction\",\"target\":{\"@type\":\"EntryPoint\",\"urlTemplate\":\"https:\/\/psol50.org.br\/?s={search_term_string}\"},\"query-input\":{\"@type\":\"PropertyValueSpecification\",\"valueRequired\":true,\"valueName\":\"search_term_string\"}}],\"inLanguage\":\"pt-BR\"},{\"@type\":\"Organization\",\"@id\":\"https:\/\/psol50.org.br\/#organization\",\"name\":\"PSOL 50\",\"alternateName\":\"PSOL 50\",\"url\":\"https:\/\/psol50.org.br\/\",\"logo\":{\"@type\":\"ImageObject\",\"inLanguage\":\"pt-BR\",\"@id\":\"https:\/\/psol50.org.br\/#\/schema\/logo\/image\/\",\"url\":\"https:\/\/psol50.org.br\/inc\/uploads\/2018\/07\/capa.png\",\"contentUrl\":\"https:\/\/psol50.org.br\/inc\/uploads\/2018\/07\/capa.png\",\"width\":1350,\"height\":900,\"caption\":\"PSOL 50\"},\"image\":{\"@id\":\"https:\/\/psol50.org.br\/#\/schema\/logo\/image\/\"},\"sameAs\":[\"https:\/\/www.facebook.com\/psol50\",\"https:\/\/x.com\/psol50\",\"https:\/\/www.instagram.com\/psol50\/\",\"https:\/\/www.youtube.com\/channel\/UC7SnJS5o1os7a6CaiNabzcg\"]},{\"@type\":\"Person\",\"@id\":\"https:\/\/psol50.org.br\/#\/schema\/person\/475dfa57d0b815993c714c2e96491fcd\",\"name\":\"Comunica\u00e7\u00e3o PSOL\",\"image\":{\"@type\":\"ImageObject\",\"inLanguage\":\"pt-BR\",\"@id\":\"https:\/\/psol50.org.br\/#\/schema\/person\/image\/\",\"url\":\"https:\/\/secure.gravatar.com\/avatar\/b34fc4f4e468a4e51785917065a3db57b841f5c95dba6ad8c73aaf8f66f8f9bf?s=96&d=mm&r=g\",\"contentUrl\":\"https:\/\/secure.gravatar.com\/avatar\/b34fc4f4e468a4e51785917065a3db57b841f5c95dba6ad8c73aaf8f66f8f9bf?s=96&d=mm&r=g\",\"caption\":\"Comunica\u00e7\u00e3o PSOL\"}}]}<\/script>\n<!-- \/ Yoast SEO plugin. -->","yoast_head_json":{"title":"Edmilson Rodrigues (PSOL) decreta lockdown em Bel\u00e9m (PA) a partir desta segunda (15)","description":"Decis\u00e3o foi tomada para combater colapso na sa\u00fade e \u00e9 acompanhada de novos leitos dispon\u00edveis, avan\u00e7o da vacina\u00e7\u00e3o e pagamento do Bora Bel\u00e9m.","robots":{"index":"index","follow":"follow","max-snippet":"max-snippet:-1","max-image-preview":"max-image-preview:large","max-video-preview":"max-video-preview:-1"},"canonical":"https:\/\/psol50.org.br\/edmilson-rodrigues-psol-decreta-lockdown-em-belem-pa-a-partir-desta-segunda-15\/","og_locale":"pt_BR","og_type":"article","og_title":"Edmilson Rodrigues (PSOL) decreta lockdown em Bel\u00e9m (PA) a partir desta segunda (15)","og_description":"Decis\u00e3o foi tomada para combater colapso na sa\u00fade e \u00e9 acompanhada de novos leitos dispon\u00edveis, avan\u00e7o da vacina\u00e7\u00e3o e pagamento do Bora Bel\u00e9m.","og_url":"https:\/\/psol50.org.br\/edmilson-rodrigues-psol-decreta-lockdown-em-belem-pa-a-partir-desta-segunda-15\/","og_site_name":"PSOL 50","article_publisher":"https:\/\/www.facebook.com\/psol50","article_published_time":"2021-03-15T18:01:11+00:00","og_image":[{"width":800,"height":533,"url":"https:\/\/psol50.org.br\/inc\/uploads\/2021\/03\/a335ae55-b7b6-4764-a4a6-3473c63cb8fa.jpg","type":"image\/jpeg"}],"author":"Comunica\u00e7\u00e3o PSOL","twitter_card":"summary_large_image","twitter_title":"Edmilson Rodrigues (PSOL) decreta lockdown em Bel\u00e9m (PA) a partir desta segunda (15)","twitter_description":"Decis\u00e3o foi tomada para combater colapso na sa\u00fade e \u00e9 acompanhada de novos leitos dispon\u00edveis, avan\u00e7o da vacina\u00e7\u00e3o e pagamento do Bora Bel\u00e9m.","twitter_image":"https:\/\/psol50.org.br\/inc\/uploads\/2021\/03\/a335ae55-b7b6-4764-a4a6-3473c63cb8fa.jpg","twitter_creator":"@psol50","twitter_site":"@psol50","twitter_misc":{"Escrito por":"Comunica\u00e7\u00e3o PSOL","Est. tempo de leitura":"2 minutos"},"schema":{"@context":"https:\/\/schema.org","@graph":[{"@type":"Article","@id":"https:\/\/psol50.org.br\/edmilson-rodrigues-psol-decreta-lockdown-em-belem-pa-a-partir-desta-segunda-15\/#article","isPartOf":{"@id":"https:\/\/psol50.org.br\/edmilson-rodrigues-psol-decreta-lockdown-em-belem-pa-a-partir-desta-segunda-15\/"},"author":{"name":"Comunica\u00e7\u00e3o PSOL","@id":"https:\/\/psol50.org.br\/#\/schema\/person\/475dfa57d0b815993c714c2e96491fcd"},"headline":"Edmilson Rodrigues (PSOL) decreta lockdown em Bel\u00e9m (PA) a partir desta segunda (15)","datePublished":"2021-03-15T18:01:11+00:00","mainEntityOfPage":{"@id":"https:\/\/psol50.org.br\/edmilson-rodrigues-psol-decreta-lockdown-em-belem-pa-a-partir-desta-segunda-15\/"},"wordCount":380,"publisher":{"@id":"https:\/\/psol50.org.br\/#organization"},"image":{"@id":"https:\/\/psol50.org.br\/edmilson-rodrigues-psol-decreta-lockdown-em-belem-pa-a-partir-desta-segunda-15\/#primaryimage"},"thumbnailUrl":"https:\/\/psol50.org.br\/inc\/uploads\/2021\/03\/a335ae55-b7b6-4764-a4a6-3473c63cb8fa.jpg","keywords":["Bel\u00e9m","bora bel\u00e9m","covid-19","Edmilson Rodrigues","lockdown","pandemia","Par\u00e1","sa\u00fade","vacina"],"articleSection":["Estados","Not\u00edcias"],"inLanguage":"pt-BR"},{"@type":"WebPage","@id":"https:\/\/psol50.org.br\/edmilson-rodrigues-psol-decreta-lockdown-em-belem-pa-a-partir-desta-segunda-15\/","url":"https:\/\/psol50.org.br\/edmilson-rodrigues-psol-decreta-lockdown-em-belem-pa-a-partir-desta-segunda-15\/","name":"Edmilson Rodrigues (PSOL) decreta lockdown em Bel\u00e9m (PA) a partir desta segunda (15)","isPartOf":{"@id":"https:\/\/psol50.org.br\/#website"},"primaryImageOfPage":{"@id":"https:\/\/psol50.org.br\/edmilson-rodrigues-psol-decreta-lockdown-em-belem-pa-a-partir-desta-segunda-15\/#primaryimage"},"image":{"@id":"https:\/\/psol50.org.br\/edmilson-rodrigues-psol-decreta-lockdown-em-belem-pa-a-partir-desta-segunda-15\/#primaryimage"},"thumbnailUrl":"https:\/\/psol50.org.br\/inc\/uploads\/2021\/03\/a335ae55-b7b6-4764-a4a6-3473c63cb8fa.jpg","datePublished":"2021-03-15T18:01:11+00:00","description":"Decis\u00e3o foi tomada para combater colapso na sa\u00fade e \u00e9 acompanhada de novos leitos dispon\u00edveis, avan\u00e7o da vacina\u00e7\u00e3o e pagamento do Bora Bel\u00e9m.","breadcrumb":{"@id":"https:\/\/psol50.org.br\/edmilson-rodrigues-psol-decreta-lockdown-em-belem-pa-a-partir-desta-segunda-15\/#breadcrumb"},"inLanguage":"pt-BR","potentialAction":[{"@type":"ReadAction","target":["https:\/\/psol50.org.br\/edmilson-rodrigues-psol-decreta-lockdown-em-belem-pa-a-partir-desta-segunda-15\/"]}]},{"@type":"ImageObject","inLanguage":"pt-BR","@id":"https:\/\/psol50.org.br\/edmilson-rodrigues-psol-decreta-lockdown-em-belem-pa-a-partir-desta-segunda-15\/#primaryimage","url":"https:\/\/psol50.org.br\/inc\/uploads\/2021\/03\/a335ae55-b7b6-4764-a4a6-3473c63cb8fa.jpg","contentUrl":"https:\/\/psol50.org.br\/inc\/uploads\/2021\/03\/a335ae55-b7b6-4764-a4a6-3473c63cb8fa.jpg","width":800,"height":533},{"@type":"BreadcrumbList","@id":"https:\/\/psol50.org.br\/edmilson-rodrigues-psol-decreta-lockdown-em-belem-pa-a-partir-desta-segunda-15\/#breadcrumb","itemListElement":[{"@type":"ListItem","position":1,"name":"In\u00edcio","item":"https:\/\/psol50.org.br\/"},{"@type":"ListItem","position":2,"name":"Edmilson Rodrigues (PSOL) decreta lockdown em Bel\u00e9m (PA) a partir desta segunda (15)"}]},{"@type":"WebSite","@id":"https:\/\/psol50.org.br\/#website","url":"https:\/\/psol50.org.br\/","name":"PSOL 50","description":"Site oficial do Partido Socialismo e Liberdade","publisher":{"@id":"https:\/\/psol50.org.br\/#organization"},"alternateName":"PSOL50","potentialAction":[{"@type":"SearchAction","target":{"@type":"EntryPoint","urlTemplate":"https:\/\/psol50.org.br\/?s={search_term_string}"},"query-input":{"@type":"PropertyValueSpecification","valueRequired":true,"valueName":"search_term_string"}}],"inLanguage":"pt-BR"},{"@type":"Organization","@id":"https:\/\/psol50.org.br\/#organization","name":"PSOL 50","alternateName":"PSOL 50","url":"https:\/\/psol50.org.br\/","logo":{"@type":"ImageObject","inLanguage":"pt-BR","@id":"https:\/\/psol50.org.br\/#\/schema\/logo\/image\/","url":"https:\/\/psol50.org.br\/inc\/uploads\/2018\/07\/capa.png","contentUrl":"https:\/\/psol50.org.br\/inc\/uploads\/2018\/07\/capa.png","width":1350,"height":900,"caption":"PSOL 50"},"image":{"@id":"https:\/\/psol50.org.br\/#\/schema\/logo\/image\/"},"sameAs":["https:\/\/www.facebook.com\/psol50","https:\/\/x.com\/psol50","https:\/\/www.instagram.com\/psol50\/","https:\/\/www.youtube.com\/channel\/UC7SnJS5o1os7a6CaiNabzcg"]},{"@type":"Person","@id":"https:\/\/psol50.org.br\/#\/schema\/person\/475dfa57d0b815993c714c2e96491fcd","name":"Comunica\u00e7\u00e3o PSOL","image":{"@type":"ImageObject","inLanguage":"pt-BR","@id":"https:\/\/psol50.org.br\/#\/schema\/person\/image\/","url":"https:\/\/secure.gravatar.com\/avatar\/b34fc4f4e468a4e51785917065a3db57b841f5c95dba6ad8c73aaf8f66f8f9bf?s=96&d=mm&r=g","contentUrl":"https:\/\/secure.gravatar.com\/avatar\/b34fc4f4e468a4e51785917065a3db57b841f5c95dba6ad8c73aaf8f66f8f9bf?s=96&d=mm&r=g","caption":"Comunica\u00e7\u00e3o PSOL"}}]}},"_links":{"self":[{"href":"https:\/\/psol50.org.br\/rest\/wp\/v2\/posts\/32104","targetHints":{"allow":["GET"]}}],"collection":[{"href":"https:\/\/psol50.org.br\/rest\/wp\/v2\/posts"}],"about":[{"href":"https:\/\/psol50.org.br\/rest\/wp\/v2\/types\/post"}],"author":[{"embeddable":true,"href":"https:\/\/psol50.org.br\/rest\/wp\/v2\/users\/2"}],"replies":[{"embeddable":true,"href":"https:\/\/psol50.org.br\/rest\/wp\/v2\/comments?post=32104"}],"version-history":[{"count":0,"href":"https:\/\/psol50.org.br\/rest\/wp\/v2\/posts\/32104\/revisions"}],"wp:featuredmedia":[{"embeddable":true,"href":"https:\/\/psol50.org.br\/rest\/wp\/v2\/media\/32105"}],"wp:attachment":[{"href":"https:\/\/psol50.org.br\/rest\/wp\/v2\/media?parent=32104"}],"wp:term":[{"taxonomy":"category","embeddable":true,"href":"https:\/\/psol50.org.br\/rest\/wp\/v2\/categories?post=32104"},{"taxonomy":"post_tag","embeddable":true,"href":"https:\/\/psol50.org.br\/rest\/wp\/v2\/tags?post=32104"}],"curies":[{"name":"wp","href":"https:\/\/api.w.org\/{rel}","templated":true}]}}