{"id":3214,"date":"2015-04-06T00:00:00","date_gmt":"2015-04-06T15:04:08","guid":{"rendered":"http:\/\/psol50.org.br\/arquivo\/2015\/04\/06\/jornada-de-lutas-dos-servidores-federais-vai-cobrar-do-governo-atendimento-a-pauta-de-reivindicacoes\/"},"modified":"2015-04-06T00:00:00","modified_gmt":"2015-04-06T15:04:08","slug":"jornada-de-lutas-dos-servidores-federais-vai-cobrar-do-governo-atendimento-a-pauta-de-reivindicacoes","status":"publish","type":"post","link":"https:\/\/psol50.org.br\/jornada-de-lutas-dos-servidores-federais-vai-cobrar-do-governo-atendimento-a-pauta-de-reivindicacoes\/","title":{"rendered":"Jornada de Lutas dos servidores federais vai cobrar do governo atendimento \u00e0 pauta de reivindica\u00e7\u00f5es"},"content":{"rendered":"<div style=\"margin-bottom: 0cm; text-align: justify;\">\n\t<span style=\"font-family:arial,helvetica,sans-serif;\"><span style=\"font-size: 12px;\"><em>Do PSOL Nacional, Leonor Costa<\/em><\/p>\n<p>\tEsta semana \u00e9 de agenda cheia para os servidores p\u00fablicos federais. Como parte da campanha salarial unificada de 2015, as v\u00e1rias categorias do funcionalismo realizam a Semana Nacional de Lutas dos SPFs, de 7 a 9 de abril. Na programa\u00e7\u00e3o est\u00e3o manifesta\u00e7\u00f5es na Esplanada dos Minist\u00e9rios, em Bras\u00edlia, atos unificados e paralisa\u00e7\u00f5es, nos estados.<\/p>\n<p>\tNa \u00faltima quarta-feira (01), o F\u00f3rum das Entidades Nacionais dos SPF, composto por 32 entidades representativas das categorias, se reuniu para definir os \u00faltimos detalhes da organiza\u00e7\u00e3o da jornada em Bras\u00edlia. A expectativa \u00e9 que aproximadamente 2.500 servidores federais venham \u00e0 Bras\u00edlia no per\u00edodo de 7 a 9, para participar das manifesta\u00e7\u00f5es da Jornada de Lutas.<\/p>\n<p>\tCom o objetivo de fortalecer as press\u00f5es em cima do governo para que ele atenda a pauta de reivindica\u00e7\u00f5es dos servidores, apresentada em mar\u00e7o deste ano, v\u00e1rias categorias j\u00e1 confirmaram que acompanhar\u00e3o o calend\u00e1rio do F\u00f3rum de Entidades. Professores das universidades federais, organizados na base do Andes-SN, paralisar\u00e3o os trabalhos no dia 7, ter\u00e7a-feira, com possibilidade de continuarem em greve nos dias 8 e 9 de abril. J\u00e1 as demais categorias do funcionalismo p\u00fablico federal promover\u00e3o paralisa\u00e7\u00f5es parciais, atos e assembleias e tamb\u00e9m enviar\u00e3o delega\u00e7\u00f5es \u00e0 Bras\u00edlia.<\/p>\n<p>\tUma tenda de circo ser\u00e1 montada na Esplanada, em frente ao Minist\u00e9rio do Planejamento, Or\u00e7amento e Gest\u00e3o (MPOG), onde ser\u00e1 a concentra\u00e7\u00e3o de todas as atividades da Jornada de Lutas. <\/span><\/span><\/div>\n<div style=\"margin-bottom: 0cm; text-align: justify;\">\n\t&nbsp;<\/div>\n<div style=\"margin-bottom: 0cm; text-align: justify;\">\n\t<span style=\"font-family:arial,helvetica,sans-serif;\"><span style=\"font-size: 12px;\"><b>Terceiriza\u00e7\u00e3o<\/b><br \/>\n\tAl\u00e9m da pauta dos servidores federais, as centrais sindicais e entidades nacionais tamb\u00e9m tentar\u00e3o barrar mais um ataque que se avizinha contra a classe trabalhadora. Est\u00e1 na pauta do plen\u00e1rio da C\u00e2mara no dia 7 o PL 4330\/2004, que regulamenta a terceiriza\u00e7\u00e3o no setor privado e atinge o setor p\u00fablico que amplia seu processo de terceiriza\u00e7\u00e3o e precariza\u00e7\u00e3o dos servi\u00e7os. Com isso, o pa\u00eds corre o risco de ter legalizada a contrata\u00e7\u00e3o de servi\u00e7os terceirizados para qualquer \u00e1rea das empresas, inclusive para sua \u00e1rea-fim (hoje proibido ), o que ser\u00e1 um grande ataque \u00e0 garantia de direitos trabalhistas e seguran\u00e7a em rela\u00e7\u00e3o ao seu v\u00ednculo empregat\u00edcio.<\/p>\n<p>\tBarrar a aprova\u00e7\u00e3o desse projeto tamb\u00e9m \u00e9 uma das tarefas do movimento sindical dos servidores p\u00fablicos federais, ao lado de entidades e sindicatos dos trabalhadores do setor privado, tamb\u00e9m na luta contra as MP&#8217;s 664 e 665 que atacam o seguro-desemprego, o PIS e pens\u00e3o por morte dos trabalhadores.<\/p>\n<p>\t<b>Programa\u00e7\u00e3o da Jornada Nacional de Lutas dos SPFs, em Bras\u00edlia<\/b><br \/>\n\t<span style=\"font-weight: normal;\">Dia 7\/04<\/span><br \/>\n\t<span style=\"font-weight: normal;\">8h &#8211; Concentra\u00e7\u00e3o e credenciamento na tenda na Esplanada dos Minist\u00e9rios;<br \/>\n\t10h \u2013 Ato contra o PL 4330\/04 no Congresso Nacional;<br \/>\n\t17h \u2013 Previs\u00e3o de ato no Pal\u00e1cio da Alvorada (resid\u00eancia presidencial), vig\u00edlia com velas e tochas (essa programa\u00e7\u00e3o pode ser alterada, a depender da vota\u00e7\u00e3o do PL 4330\/04).<\/span><\/p>\n<p>\t<strong><span style=\"font-weight: normal;\">Dia 8\/04<\/span><\/strong><br \/>\n\t<span style=\"font-weight: normal;\">9h &#8211; Concentra\u00e7\u00e3o na tenda e sa\u00edda em passeata para ato no<\/span> <span style=\"font-weight: normal;\">Minist\u00e9rio do Trabalho e Emprego e em seguida para o MPOG, onde os servidores cobrar\u00e3o audi\u00eancia com o ministro do Planejamento e resposta \u00e0 pauta de reivindica\u00e7\u00f5es;<br \/>\n\tNoite: Reuni\u00e3o das entidades do F\u00f3rum Nacional para preparar a reuni\u00e3o ampliada do dia seguinte.<\/span><\/p>\n<p>\t<strong><span style=\"font-weight: normal;\">Dia 9\/04<\/span><\/strong><br \/>\n\t<span style=\"font-weight: normal;\">9h \u2013 Concentra\u00e7\u00e3o na tenda e<\/span> <span style=\"font-weight: normal;\">sa\u00edda em passeata para frente do Pal\u00e1cio do Planalto;<br \/>\n\t14h \u2013 Reuni\u00e3o ampliada na tenda para avalia\u00e7\u00e3o da jornada, discutir calend\u00e1rio de mobiliza\u00e7\u00e3o e indicativo de greve.<\/span> <\/span><\/span><\/div>\n<p style=\"margin-bottom: 0cm\">\n\t&nbsp;<\/p>\n<p style=\"margin-bottom: 0cm; font-weight: normal\">\n\t&nbsp;<\/p>\n<p style=\"margin-bottom: 0cm\">\n\t&nbsp;<\/p>\n","protected":false},"excerpt":{"rendered":"<p>De 7 a 9 de abril as diversas categorias do funcionalismo p\u00fablico federal promover\u00e3o paralisa\u00e7\u00f5es e v\u00e1rias atividades de mobiliza\u00e7\u00e3o como parte da campanha salarial unificada<\/p>\n","protected":false},"author":2,"featured_media":0,"comment_status":"open","ping_status":"open","sticky":false,"template":"","format":"standard","meta":{"_acf_changed":false,"footnotes":""},"categories":[6],"tags":[],"class_list":{"0":"post-3214","1":"post","2":"type-post","3":"status-publish","4":"format-standard","6":"category-noticias"},"acf":[],"yoast_head":"<!-- This site is optimized with the Yoast SEO plugin v26.5 - https:\/\/yoast.com\/wordpress\/plugins\/seo\/ -->\n<title>Jornada de Lutas dos servidores federais vai cobrar do governo atendimento \u00e0 pauta de reivindica\u00e7\u00f5es - PSOL 50<\/title>\n<meta name=\"robots\" content=\"index, follow, max-snippet:-1, max-image-preview:large, max-video-preview:-1\" \/>\n<link rel=\"canonical\" href=\"https:\/\/psol50.org.br\/jornada-de-lutas-dos-servidores-federais-vai-cobrar-do-governo-atendimento-a-pauta-de-reivindicacoes\/\" \/>\n<meta property=\"og:locale\" content=\"pt_BR\" \/>\n<meta property=\"og:type\" content=\"article\" \/>\n<meta property=\"og:title\" content=\"Jornada de Lutas dos servidores federais vai cobrar do governo atendimento \u00e0 pauta de reivindica\u00e7\u00f5es - PSOL 50\" \/>\n<meta property=\"og:description\" content=\"De 7 a 9 de abril as diversas categorias do funcionalismo p\u00fablico federal promover\u00e3o paralisa\u00e7\u00f5es e v\u00e1rias atividades de mobiliza\u00e7\u00e3o como parte da campanha salarial unificada\" \/>\n<meta property=\"og:url\" content=\"https:\/\/psol50.org.br\/jornada-de-lutas-dos-servidores-federais-vai-cobrar-do-governo-atendimento-a-pauta-de-reivindicacoes\/\" \/>\n<meta property=\"og:site_name\" content=\"PSOL 50\" \/>\n<meta property=\"article:publisher\" content=\"https:\/\/www.facebook.com\/psol50\" \/>\n<meta property=\"article:published_time\" content=\"2015-04-06T15:04:08+00:00\" \/>\n<meta property=\"og:image\" content=\"https:\/\/psol50.org.br\/inc\/uploads\/2018\/07\/capa.png\" \/>\n\t<meta property=\"og:image:width\" content=\"1350\" \/>\n\t<meta property=\"og:image:height\" content=\"900\" \/>\n\t<meta property=\"og:image:type\" content=\"image\/png\" \/>\n<meta name=\"author\" content=\"Comunica\u00e7\u00e3o PSOL\" \/>\n<meta name=\"twitter:card\" content=\"summary_large_image\" \/>\n<meta name=\"twitter:creator\" content=\"@psol50\" \/>\n<meta name=\"twitter:site\" content=\"@psol50\" \/>\n<meta name=\"twitter:label1\" content=\"Escrito por\" \/>\n\t<meta name=\"twitter:data1\" content=\"Comunica\u00e7\u00e3o PSOL\" \/>\n\t<meta name=\"twitter:label2\" content=\"Est. tempo de leitura\" \/>\n\t<meta name=\"twitter:data2\" content=\"3 minutos\" \/>\n<script type=\"application\/ld+json\" class=\"yoast-schema-graph\">{\"@context\":\"https:\/\/schema.org\",\"@graph\":[{\"@type\":\"Article\",\"@id\":\"https:\/\/psol50.org.br\/jornada-de-lutas-dos-servidores-federais-vai-cobrar-do-governo-atendimento-a-pauta-de-reivindicacoes\/#article\",\"isPartOf\":{\"@id\":\"https:\/\/psol50.org.br\/jornada-de-lutas-dos-servidores-federais-vai-cobrar-do-governo-atendimento-a-pauta-de-reivindicacoes\/\"},\"author\":{\"name\":\"Comunica\u00e7\u00e3o PSOL\",\"@id\":\"https:\/\/psol50.org.br\/#\/schema\/person\/475dfa57d0b815993c714c2e96491fcd\"},\"headline\":\"Jornada de Lutas dos servidores federais vai cobrar do governo atendimento \u00e0 pauta de reivindica\u00e7\u00f5es\",\"datePublished\":\"2015-04-06T15:04:08+00:00\",\"mainEntityOfPage\":{\"@id\":\"https:\/\/psol50.org.br\/jornada-de-lutas-dos-servidores-federais-vai-cobrar-do-governo-atendimento-a-pauta-de-reivindicacoes\/\"},\"wordCount\":611,\"commentCount\":0,\"publisher\":{\"@id\":\"https:\/\/psol50.org.br\/#organization\"},\"articleSection\":[\"Not\u00edcias\"],\"inLanguage\":\"pt-BR\",\"potentialAction\":[{\"@type\":\"CommentAction\",\"name\":\"Comment\",\"target\":[\"https:\/\/psol50.org.br\/jornada-de-lutas-dos-servidores-federais-vai-cobrar-do-governo-atendimento-a-pauta-de-reivindicacoes\/#respond\"]}]},{\"@type\":\"WebPage\",\"@id\":\"https:\/\/psol50.org.br\/jornada-de-lutas-dos-servidores-federais-vai-cobrar-do-governo-atendimento-a-pauta-de-reivindicacoes\/\",\"url\":\"https:\/\/psol50.org.br\/jornada-de-lutas-dos-servidores-federais-vai-cobrar-do-governo-atendimento-a-pauta-de-reivindicacoes\/\",\"name\":\"Jornada de Lutas dos servidores federais vai cobrar do governo atendimento \u00e0 pauta de reivindica\u00e7\u00f5es - PSOL 50\",\"isPartOf\":{\"@id\":\"https:\/\/psol50.org.br\/#website\"},\"datePublished\":\"2015-04-06T15:04:08+00:00\",\"breadcrumb\":{\"@id\":\"https:\/\/psol50.org.br\/jornada-de-lutas-dos-servidores-federais-vai-cobrar-do-governo-atendimento-a-pauta-de-reivindicacoes\/#breadcrumb\"},\"inLanguage\":\"pt-BR\",\"potentialAction\":[{\"@type\":\"ReadAction\",\"target\":[\"https:\/\/psol50.org.br\/jornada-de-lutas-dos-servidores-federais-vai-cobrar-do-governo-atendimento-a-pauta-de-reivindicacoes\/\"]}]},{\"@type\":\"BreadcrumbList\",\"@id\":\"https:\/\/psol50.org.br\/jornada-de-lutas-dos-servidores-federais-vai-cobrar-do-governo-atendimento-a-pauta-de-reivindicacoes\/#breadcrumb\",\"itemListElement\":[{\"@type\":\"ListItem\",\"position\":1,\"name\":\"In\u00edcio\",\"item\":\"https:\/\/psol50.org.br\/\"},{\"@type\":\"ListItem\",\"position\":2,\"name\":\"Jornada de Lutas dos servidores federais vai cobrar do governo atendimento \u00e0 pauta de reivindica\u00e7\u00f5es\"}]},{\"@type\":\"WebSite\",\"@id\":\"https:\/\/psol50.org.br\/#website\",\"url\":\"https:\/\/psol50.org.br\/\",\"name\":\"PSOL 50\",\"description\":\"Site oficial do Partido Socialismo e Liberdade\",\"publisher\":{\"@id\":\"https:\/\/psol50.org.br\/#organization\"},\"alternateName\":\"PSOL50\",\"potentialAction\":[{\"@type\":\"SearchAction\",\"target\":{\"@type\":\"EntryPoint\",\"urlTemplate\":\"https:\/\/psol50.org.br\/?s={search_term_string}\"},\"query-input\":{\"@type\":\"PropertyValueSpecification\",\"valueRequired\":true,\"valueName\":\"search_term_string\"}}],\"inLanguage\":\"pt-BR\"},{\"@type\":\"Organization\",\"@id\":\"https:\/\/psol50.org.br\/#organization\",\"name\":\"PSOL 50\",\"alternateName\":\"PSOL 50\",\"url\":\"https:\/\/psol50.org.br\/\",\"logo\":{\"@type\":\"ImageObject\",\"inLanguage\":\"pt-BR\",\"@id\":\"https:\/\/psol50.org.br\/#\/schema\/logo\/image\/\",\"url\":\"https:\/\/psol50.org.br\/inc\/uploads\/2018\/07\/capa.png\",\"contentUrl\":\"https:\/\/psol50.org.br\/inc\/uploads\/2018\/07\/capa.png\",\"width\":1350,\"height\":900,\"caption\":\"PSOL 50\"},\"image\":{\"@id\":\"https:\/\/psol50.org.br\/#\/schema\/logo\/image\/\"},\"sameAs\":[\"https:\/\/www.facebook.com\/psol50\",\"https:\/\/x.com\/psol50\",\"https:\/\/www.instagram.com\/psol50\/\",\"https:\/\/www.youtube.com\/channel\/UC7SnJS5o1os7a6CaiNabzcg\"]},{\"@type\":\"Person\",\"@id\":\"https:\/\/psol50.org.br\/#\/schema\/person\/475dfa57d0b815993c714c2e96491fcd\",\"name\":\"Comunica\u00e7\u00e3o PSOL\",\"image\":{\"@type\":\"ImageObject\",\"inLanguage\":\"pt-BR\",\"@id\":\"https:\/\/psol50.org.br\/#\/schema\/person\/image\/\",\"url\":\"https:\/\/secure.gravatar.com\/avatar\/b34fc4f4e468a4e51785917065a3db57b841f5c95dba6ad8c73aaf8f66f8f9bf?s=96&d=mm&r=g\",\"contentUrl\":\"https:\/\/secure.gravatar.com\/avatar\/b34fc4f4e468a4e51785917065a3db57b841f5c95dba6ad8c73aaf8f66f8f9bf?s=96&d=mm&r=g\",\"caption\":\"Comunica\u00e7\u00e3o PSOL\"}}]}<\/script>\n<!-- \/ Yoast SEO plugin. -->","yoast_head_json":{"title":"Jornada de Lutas dos servidores federais vai cobrar do governo atendimento \u00e0 pauta de reivindica\u00e7\u00f5es - PSOL 50","robots":{"index":"index","follow":"follow","max-snippet":"max-snippet:-1","max-image-preview":"max-image-preview:large","max-video-preview":"max-video-preview:-1"},"canonical":"https:\/\/psol50.org.br\/jornada-de-lutas-dos-servidores-federais-vai-cobrar-do-governo-atendimento-a-pauta-de-reivindicacoes\/","og_locale":"pt_BR","og_type":"article","og_title":"Jornada de Lutas dos servidores federais vai cobrar do governo atendimento \u00e0 pauta de reivindica\u00e7\u00f5es - PSOL 50","og_description":"De 7 a 9 de abril as diversas categorias do funcionalismo p\u00fablico federal promover\u00e3o paralisa\u00e7\u00f5es e v\u00e1rias atividades de mobiliza\u00e7\u00e3o como parte da campanha salarial unificada","og_url":"https:\/\/psol50.org.br\/jornada-de-lutas-dos-servidores-federais-vai-cobrar-do-governo-atendimento-a-pauta-de-reivindicacoes\/","og_site_name":"PSOL 50","article_publisher":"https:\/\/www.facebook.com\/psol50","article_published_time":"2015-04-06T15:04:08+00:00","og_image":[{"width":1350,"height":900,"url":"https:\/\/psol50.org.br\/inc\/uploads\/2018\/07\/capa.png","type":"image\/png"}],"author":"Comunica\u00e7\u00e3o PSOL","twitter_card":"summary_large_image","twitter_creator":"@psol50","twitter_site":"@psol50","twitter_misc":{"Escrito por":"Comunica\u00e7\u00e3o PSOL","Est. tempo de leitura":"3 minutos"},"schema":{"@context":"https:\/\/schema.org","@graph":[{"@type":"Article","@id":"https:\/\/psol50.org.br\/jornada-de-lutas-dos-servidores-federais-vai-cobrar-do-governo-atendimento-a-pauta-de-reivindicacoes\/#article","isPartOf":{"@id":"https:\/\/psol50.org.br\/jornada-de-lutas-dos-servidores-federais-vai-cobrar-do-governo-atendimento-a-pauta-de-reivindicacoes\/"},"author":{"name":"Comunica\u00e7\u00e3o PSOL","@id":"https:\/\/psol50.org.br\/#\/schema\/person\/475dfa57d0b815993c714c2e96491fcd"},"headline":"Jornada de Lutas dos servidores federais vai cobrar do governo atendimento \u00e0 pauta de reivindica\u00e7\u00f5es","datePublished":"2015-04-06T15:04:08+00:00","mainEntityOfPage":{"@id":"https:\/\/psol50.org.br\/jornada-de-lutas-dos-servidores-federais-vai-cobrar-do-governo-atendimento-a-pauta-de-reivindicacoes\/"},"wordCount":611,"commentCount":0,"publisher":{"@id":"https:\/\/psol50.org.br\/#organization"},"articleSection":["Not\u00edcias"],"inLanguage":"pt-BR","potentialAction":[{"@type":"CommentAction","name":"Comment","target":["https:\/\/psol50.org.br\/jornada-de-lutas-dos-servidores-federais-vai-cobrar-do-governo-atendimento-a-pauta-de-reivindicacoes\/#respond"]}]},{"@type":"WebPage","@id":"https:\/\/psol50.org.br\/jornada-de-lutas-dos-servidores-federais-vai-cobrar-do-governo-atendimento-a-pauta-de-reivindicacoes\/","url":"https:\/\/psol50.org.br\/jornada-de-lutas-dos-servidores-federais-vai-cobrar-do-governo-atendimento-a-pauta-de-reivindicacoes\/","name":"Jornada de Lutas dos servidores federais vai cobrar do governo atendimento \u00e0 pauta de reivindica\u00e7\u00f5es - PSOL 50","isPartOf":{"@id":"https:\/\/psol50.org.br\/#website"},"datePublished":"2015-04-06T15:04:08+00:00","breadcrumb":{"@id":"https:\/\/psol50.org.br\/jornada-de-lutas-dos-servidores-federais-vai-cobrar-do-governo-atendimento-a-pauta-de-reivindicacoes\/#breadcrumb"},"inLanguage":"pt-BR","potentialAction":[{"@type":"ReadAction","target":["https:\/\/psol50.org.br\/jornada-de-lutas-dos-servidores-federais-vai-cobrar-do-governo-atendimento-a-pauta-de-reivindicacoes\/"]}]},{"@type":"BreadcrumbList","@id":"https:\/\/psol50.org.br\/jornada-de-lutas-dos-servidores-federais-vai-cobrar-do-governo-atendimento-a-pauta-de-reivindicacoes\/#breadcrumb","itemListElement":[{"@type":"ListItem","position":1,"name":"In\u00edcio","item":"https:\/\/psol50.org.br\/"},{"@type":"ListItem","position":2,"name":"Jornada de Lutas dos servidores federais vai cobrar do governo atendimento \u00e0 pauta de reivindica\u00e7\u00f5es"}]},{"@type":"WebSite","@id":"https:\/\/psol50.org.br\/#website","url":"https:\/\/psol50.org.br\/","name":"PSOL 50","description":"Site oficial do Partido Socialismo e Liberdade","publisher":{"@id":"https:\/\/psol50.org.br\/#organization"},"alternateName":"PSOL50","potentialAction":[{"@type":"SearchAction","target":{"@type":"EntryPoint","urlTemplate":"https:\/\/psol50.org.br\/?s={search_term_string}"},"query-input":{"@type":"PropertyValueSpecification","valueRequired":true,"valueName":"search_term_string"}}],"inLanguage":"pt-BR"},{"@type":"Organization","@id":"https:\/\/psol50.org.br\/#organization","name":"PSOL 50","alternateName":"PSOL 50","url":"https:\/\/psol50.org.br\/","logo":{"@type":"ImageObject","inLanguage":"pt-BR","@id":"https:\/\/psol50.org.br\/#\/schema\/logo\/image\/","url":"https:\/\/psol50.org.br\/inc\/uploads\/2018\/07\/capa.png","contentUrl":"https:\/\/psol50.org.br\/inc\/uploads\/2018\/07\/capa.png","width":1350,"height":900,"caption":"PSOL 50"},"image":{"@id":"https:\/\/psol50.org.br\/#\/schema\/logo\/image\/"},"sameAs":["https:\/\/www.facebook.com\/psol50","https:\/\/x.com\/psol50","https:\/\/www.instagram.com\/psol50\/","https:\/\/www.youtube.com\/channel\/UC7SnJS5o1os7a6CaiNabzcg"]},{"@type":"Person","@id":"https:\/\/psol50.org.br\/#\/schema\/person\/475dfa57d0b815993c714c2e96491fcd","name":"Comunica\u00e7\u00e3o PSOL","image":{"@type":"ImageObject","inLanguage":"pt-BR","@id":"https:\/\/psol50.org.br\/#\/schema\/person\/image\/","url":"https:\/\/secure.gravatar.com\/avatar\/b34fc4f4e468a4e51785917065a3db57b841f5c95dba6ad8c73aaf8f66f8f9bf?s=96&d=mm&r=g","contentUrl":"https:\/\/secure.gravatar.com\/avatar\/b34fc4f4e468a4e51785917065a3db57b841f5c95dba6ad8c73aaf8f66f8f9bf?s=96&d=mm&r=g","caption":"Comunica\u00e7\u00e3o PSOL"}}]}},"_links":{"self":[{"href":"https:\/\/psol50.org.br\/rest\/wp\/v2\/posts\/3214","targetHints":{"allow":["GET"]}}],"collection":[{"href":"https:\/\/psol50.org.br\/rest\/wp\/v2\/posts"}],"about":[{"href":"https:\/\/psol50.org.br\/rest\/wp\/v2\/types\/post"}],"author":[{"embeddable":true,"href":"https:\/\/psol50.org.br\/rest\/wp\/v2\/users\/2"}],"replies":[{"embeddable":true,"href":"https:\/\/psol50.org.br\/rest\/wp\/v2\/comments?post=3214"}],"version-history":[{"count":0,"href":"https:\/\/psol50.org.br\/rest\/wp\/v2\/posts\/3214\/revisions"}],"wp:attachment":[{"href":"https:\/\/psol50.org.br\/rest\/wp\/v2\/media?parent=3214"}],"wp:term":[{"taxonomy":"category","embeddable":true,"href":"https:\/\/psol50.org.br\/rest\/wp\/v2\/categories?post=3214"},{"taxonomy":"post_tag","embeddable":true,"href":"https:\/\/psol50.org.br\/rest\/wp\/v2\/tags?post=3214"}],"curies":[{"name":"wp","href":"https:\/\/api.w.org\/{rel}","templated":true}]}}