{"id":32142,"date":"2021-03-18T12:24:27","date_gmt":"2021-03-18T15:24:27","guid":{"rendered":"https:\/\/psol50.org.br\/?p=32142"},"modified":"2021-03-18T12:24:27","modified_gmt":"2021-03-18T15:24:27","slug":"psol-cobra-explicacoes-sobre-inqueritos-contra-criticos-de-bolsonaro-em-outdoors","status":"publish","type":"post","link":"https:\/\/psol50.org.br\/psol-cobra-explicacoes-sobre-inqueritos-contra-criticos-de-bolsonaro-em-outdoors\/","title":{"rendered":"PSOL cobra explica\u00e7\u00f5es sobre inqu\u00e9ritos contra cr\u00edticos de Bolsonaro em outdoors"},"content":{"rendered":"<p><a href=\"https:\/\/psol50.org.br\/vacinaja\/\" target=\"_blank\" rel=\"noopener\"><img loading=\"lazy\" decoding=\"async\" class=\"alignnone size-full wp-image-31535\" src=\"https:\/\/psol50.org.br\/inc\/uploads\/2020\/12\/Web-1920-\u2013-1.jpg\" alt=\"\" width=\"1920\" height=\"339\" srcset=\"https:\/\/psol50.org.br\/inc\/uploads\/2020\/12\/Web-1920-\u2013-1.jpg 1920w, https:\/\/psol50.org.br\/inc\/uploads\/2020\/12\/Web-1920-\u2013-1-300x53.jpg 300w, https:\/\/psol50.org.br\/inc\/uploads\/2020\/12\/Web-1920-\u2013-1-1024x181.jpg 1024w, https:\/\/psol50.org.br\/inc\/uploads\/2020\/12\/Web-1920-\u2013-1-768x136.jpg 768w, https:\/\/psol50.org.br\/inc\/uploads\/2020\/12\/Web-1920-\u2013-1-1536x271.jpg 1536w, https:\/\/psol50.org.br\/inc\/uploads\/2020\/12\/Web-1920-\u2013-1-150x26.jpg 150w, https:\/\/psol50.org.br\/inc\/uploads\/2020\/12\/Web-1920-\u2013-1-696x123.jpg 696w, https:\/\/psol50.org.br\/inc\/uploads\/2020\/12\/Web-1920-\u2013-1-1068x189.jpg 1068w\" sizes=\"auto, (max-width: 1920px) 100vw, 1920px\" \/><\/a><\/p>\n<p>A bancada do PSOL protocolou na \u00faltima quarta-feira (17) um requerimento de informa\u00e7\u00f5es ao Minist\u00e9rio da Justi\u00e7a, comandado por Andr\u00e9 Mendon\u00e7a, para cobrar explica\u00e7\u00f5es sobre os inqu\u00e9ritos abertos pela Pol\u00edcia Federal, a pedido do Minist\u00e9rio, para investigar pessoas que utilizaram outdoors para criticar Jair Bolsonaro, em novos epis\u00f3dios da escalada autorit\u00e1ria do governo de Jair Bolsonaro.<\/p>\n<p>Um dos inqu\u00e9ritos \u00e9 contra a professora Erika Suruagy, da Universidade Federal Rural de Pernambuco. Nos outdoors, ela faz cr\u00edticas ao desempenho do governo na educa\u00e7\u00e3o e no combate \u00e0 pandemia. O outro \u00e9 contra o soci\u00f3logo e professor Tiago Costa Rodrigues e o empres\u00e1rio Roberval Ferreira de Jesus, dono de empresa de publicidade em Tocantins. Nas pe\u00e7as, al\u00e9m do pedido de impeachment, Bolsonaro \u00e9 comparado a um \u201cpequi ro\u00eddo\u201d, express\u00e3o regional que se refere a algo sem valor.<\/p>\n<p>Para a bancada, o presidente e o ministro da Justi\u00e7a utilizam do C\u00f3digo Penal e a estrutura da Pol\u00edcia Federal para exercer censuras e intimida\u00e7\u00f5es. &#8220;S\u00e3o pr\u00e1ticas reiteradas e permanentes de ataques ao Estado Democr\u00e1tico de Direito por parte dos representantes do Governo Federal. A l\u00f3gica do combate ao inimigo interno, t\u00edpica de regimes autorit\u00e1rios, est\u00e1 presente de forma constante no Governo Bolsonaro. A amea\u00e7a contra as liberdades democr\u00e1ticas \u00e9 o verdadeiro modus operandi da atua\u00e7\u00e3o desse Governo Federal&#8221;, apontam os parlamentares do PSOL.<\/p>\n<p><a href=\"https:\/\/psol50.org.br\/rendajusta\/\" target=\"_blank\" rel=\"noopener\"><img loading=\"lazy\" decoding=\"async\" class=\"alignnone size-full wp-image-30552\" src=\"https:\/\/psol50.org.br\/inc\/uploads\/2020\/08\/21-08-2020_LancamentoRendaJusta-2.png\" alt=\"\" width=\"1920\" height=\"383\" srcset=\"https:\/\/psol50.org.br\/inc\/uploads\/2020\/08\/21-08-2020_LancamentoRendaJusta-2.png 1920w, https:\/\/psol50.org.br\/inc\/uploads\/2020\/08\/21-08-2020_LancamentoRendaJusta-2-300x60.png 300w, https:\/\/psol50.org.br\/inc\/uploads\/2020\/08\/21-08-2020_LancamentoRendaJusta-2-1024x204.png 1024w, https:\/\/psol50.org.br\/inc\/uploads\/2020\/08\/21-08-2020_LancamentoRendaJusta-2-768x153.png 768w, https:\/\/psol50.org.br\/inc\/uploads\/2020\/08\/21-08-2020_LancamentoRendaJusta-2-1536x306.png 1536w, https:\/\/psol50.org.br\/inc\/uploads\/2020\/08\/21-08-2020_LancamentoRendaJusta-2-150x30.png 150w, https:\/\/psol50.org.br\/inc\/uploads\/2020\/08\/21-08-2020_LancamentoRendaJusta-2-696x139.png 696w, https:\/\/psol50.org.br\/inc\/uploads\/2020\/08\/21-08-2020_LancamentoRendaJusta-2-1068x213.png 1068w\" sizes=\"auto, (max-width: 1920px) 100vw, 1920px\" \/><\/a><\/p>\n","protected":false},"excerpt":{"rendered":"<p>A bancada do PSOL protocolou na \u00faltima quarta-feira (17) um requerimento de informa\u00e7\u00f5es ao Minist\u00e9rio da Justi\u00e7a, comandado por Andr\u00e9 Mendon\u00e7a, para cobrar explica\u00e7\u00f5es sobre os inqu\u00e9ritos abertos pela Pol\u00edcia Federal, a pedido do Minist\u00e9rio, para investigar pessoas que utilizaram outdoors para criticar Jair Bolsonaro, em novos epis\u00f3dios da escalada autorit\u00e1ria do governo de Jair [&hellip;]<\/p>\n","protected":false},"author":2,"featured_media":32147,"comment_status":"closed","ping_status":"open","sticky":false,"template":"","format":"standard","meta":{"_acf_changed":false,"footnotes":""},"categories":[10,6],"tags":[56,234,1462,54,1463,457],"class_list":{"0":"post-32142","1":"post","2":"type-post","3":"status-publish","4":"format-standard","5":"has-post-thumbnail","7":"category-acao-parlamentares","8":"category-noticias","9":"tag-bolsonaro","10":"tag-censura","11":"tag-criticas","12":"tag-justica","13":"tag-outdoors","14":"tag-policia-federal"},"acf":[],"yoast_head":"<!-- This site is optimized with the Yoast SEO plugin v26.5 - https:\/\/yoast.com\/wordpress\/plugins\/seo\/ -->\n<title>PSOL cobra explica\u00e7\u00f5es sobre inqu\u00e9ritos contra cr\u00edticos de Bolsonaro em outdoors<\/title>\n<meta name=\"description\" content=\"O presidente e o ministro da Justi\u00e7a utilizam do C\u00f3digo Penal e a estrutura da Pol\u00edcia Federal para exercer censuras e intimida\u00e7\u00f5es.\" \/>\n<meta name=\"robots\" content=\"index, follow, max-snippet:-1, max-image-preview:large, max-video-preview:-1\" \/>\n<link rel=\"canonical\" href=\"https:\/\/psol50.org.br\/psol-cobra-explicacoes-sobre-inqueritos-contra-criticos-de-bolsonaro-em-outdoors\/\" \/>\n<meta property=\"og:locale\" content=\"pt_BR\" \/>\n<meta property=\"og:type\" content=\"article\" \/>\n<meta property=\"og:title\" content=\"PSOL cobra explica\u00e7\u00f5es sobre inqu\u00e9ritos contra cr\u00edticos de Bolsonaro em outdoors\" \/>\n<meta property=\"og:description\" content=\"O presidente e o ministro da Justi\u00e7a utilizam do C\u00f3digo Penal e a estrutura da Pol\u00edcia Federal para exercer censuras e intimida\u00e7\u00f5es.\" \/>\n<meta property=\"og:url\" content=\"https:\/\/psol50.org.br\/psol-cobra-explicacoes-sobre-inqueritos-contra-criticos-de-bolsonaro-em-outdoors\/\" \/>\n<meta property=\"og:site_name\" content=\"PSOL 50\" \/>\n<meta property=\"article:publisher\" content=\"https:\/\/www.facebook.com\/psol50\" \/>\n<meta property=\"article:published_time\" content=\"2021-03-18T15:24:27+00:00\" \/>\n<meta property=\"og:image\" content=\"https:\/\/psol50.org.br\/inc\/uploads\/2021\/03\/Outdoor-Bolsonaro-02-1024x768-1.jpeg\" \/>\n\t<meta property=\"og:image:width\" content=\"640\" \/>\n\t<meta property=\"og:image:height\" content=\"480\" \/>\n\t<meta property=\"og:image:type\" content=\"image\/jpeg\" \/>\n<meta name=\"author\" content=\"Comunica\u00e7\u00e3o PSOL\" \/>\n<meta name=\"twitter:card\" content=\"summary_large_image\" \/>\n<meta name=\"twitter:title\" content=\"PSOL cobra explica\u00e7\u00f5es sobre inqu\u00e9ritos contra cr\u00edticos de Bolsonaro em outdoors\" \/>\n<meta name=\"twitter:description\" content=\"O presidente e o ministro da Justi\u00e7a utilizam do C\u00f3digo Penal e a estrutura da Pol\u00edcia Federal para exercer censuras e intimida\u00e7\u00f5es.\" \/>\n<meta name=\"twitter:image\" content=\"https:\/\/psol50.org.br\/inc\/uploads\/2021\/03\/Outdoor-Bolsonaro-02-1024x768-1.jpeg\" \/>\n<meta name=\"twitter:creator\" content=\"@psol50\" \/>\n<meta name=\"twitter:site\" content=\"@psol50\" \/>\n<meta name=\"twitter:label1\" content=\"Escrito por\" \/>\n\t<meta name=\"twitter:data1\" content=\"Comunica\u00e7\u00e3o PSOL\" \/>\n\t<meta name=\"twitter:label2\" content=\"Est. tempo de leitura\" \/>\n\t<meta name=\"twitter:data2\" content=\"2 minutos\" \/>\n<script type=\"application\/ld+json\" class=\"yoast-schema-graph\">{\"@context\":\"https:\/\/schema.org\",\"@graph\":[{\"@type\":\"Article\",\"@id\":\"https:\/\/psol50.org.br\/psol-cobra-explicacoes-sobre-inqueritos-contra-criticos-de-bolsonaro-em-outdoors\/#article\",\"isPartOf\":{\"@id\":\"https:\/\/psol50.org.br\/psol-cobra-explicacoes-sobre-inqueritos-contra-criticos-de-bolsonaro-em-outdoors\/\"},\"author\":{\"name\":\"Comunica\u00e7\u00e3o PSOL\",\"@id\":\"https:\/\/psol50.org.br\/#\/schema\/person\/475dfa57d0b815993c714c2e96491fcd\"},\"headline\":\"PSOL cobra explica\u00e7\u00f5es sobre inqu\u00e9ritos contra cr\u00edticos de Bolsonaro em outdoors\",\"datePublished\":\"2021-03-18T15:24:27+00:00\",\"mainEntityOfPage\":{\"@id\":\"https:\/\/psol50.org.br\/psol-cobra-explicacoes-sobre-inqueritos-contra-criticos-de-bolsonaro-em-outdoors\/\"},\"wordCount\":259,\"publisher\":{\"@id\":\"https:\/\/psol50.org.br\/#organization\"},\"image\":{\"@id\":\"https:\/\/psol50.org.br\/psol-cobra-explicacoes-sobre-inqueritos-contra-criticos-de-bolsonaro-em-outdoors\/#primaryimage\"},\"thumbnailUrl\":\"https:\/\/psol50.org.br\/inc\/uploads\/2021\/03\/Outdoor-Bolsonaro-02-1024x768-1.jpeg\",\"keywords\":[\"Bolsonaro\",\"censura\",\"cr\u00edticas\",\"justi\u00e7a\",\"outdoors\",\"Pol\u00edcia Federal\"],\"articleSection\":[\"A\u00e7\u00e3o Parlamentar\",\"Not\u00edcias\"],\"inLanguage\":\"pt-BR\"},{\"@type\":\"WebPage\",\"@id\":\"https:\/\/psol50.org.br\/psol-cobra-explicacoes-sobre-inqueritos-contra-criticos-de-bolsonaro-em-outdoors\/\",\"url\":\"https:\/\/psol50.org.br\/psol-cobra-explicacoes-sobre-inqueritos-contra-criticos-de-bolsonaro-em-outdoors\/\",\"name\":\"PSOL cobra explica\u00e7\u00f5es sobre inqu\u00e9ritos contra cr\u00edticos de Bolsonaro em outdoors\",\"isPartOf\":{\"@id\":\"https:\/\/psol50.org.br\/#website\"},\"primaryImageOfPage\":{\"@id\":\"https:\/\/psol50.org.br\/psol-cobra-explicacoes-sobre-inqueritos-contra-criticos-de-bolsonaro-em-outdoors\/#primaryimage\"},\"image\":{\"@id\":\"https:\/\/psol50.org.br\/psol-cobra-explicacoes-sobre-inqueritos-contra-criticos-de-bolsonaro-em-outdoors\/#primaryimage\"},\"thumbnailUrl\":\"https:\/\/psol50.org.br\/inc\/uploads\/2021\/03\/Outdoor-Bolsonaro-02-1024x768-1.jpeg\",\"datePublished\":\"2021-03-18T15:24:27+00:00\",\"description\":\"O presidente e o ministro da Justi\u00e7a utilizam do C\u00f3digo Penal e a estrutura da Pol\u00edcia Federal para exercer censuras e intimida\u00e7\u00f5es.\",\"breadcrumb\":{\"@id\":\"https:\/\/psol50.org.br\/psol-cobra-explicacoes-sobre-inqueritos-contra-criticos-de-bolsonaro-em-outdoors\/#breadcrumb\"},\"inLanguage\":\"pt-BR\",\"potentialAction\":[{\"@type\":\"ReadAction\",\"target\":[\"https:\/\/psol50.org.br\/psol-cobra-explicacoes-sobre-inqueritos-contra-criticos-de-bolsonaro-em-outdoors\/\"]}]},{\"@type\":\"ImageObject\",\"inLanguage\":\"pt-BR\",\"@id\":\"https:\/\/psol50.org.br\/psol-cobra-explicacoes-sobre-inqueritos-contra-criticos-de-bolsonaro-em-outdoors\/#primaryimage\",\"url\":\"https:\/\/psol50.org.br\/inc\/uploads\/2021\/03\/Outdoor-Bolsonaro-02-1024x768-1.jpeg\",\"contentUrl\":\"https:\/\/psol50.org.br\/inc\/uploads\/2021\/03\/Outdoor-Bolsonaro-02-1024x768-1.jpeg\",\"width\":640,\"height\":480},{\"@type\":\"BreadcrumbList\",\"@id\":\"https:\/\/psol50.org.br\/psol-cobra-explicacoes-sobre-inqueritos-contra-criticos-de-bolsonaro-em-outdoors\/#breadcrumb\",\"itemListElement\":[{\"@type\":\"ListItem\",\"position\":1,\"name\":\"In\u00edcio\",\"item\":\"https:\/\/psol50.org.br\/\"},{\"@type\":\"ListItem\",\"position\":2,\"name\":\"PSOL cobra explica\u00e7\u00f5es sobre inqu\u00e9ritos contra cr\u00edticos de Bolsonaro em outdoors\"}]},{\"@type\":\"WebSite\",\"@id\":\"https:\/\/psol50.org.br\/#website\",\"url\":\"https:\/\/psol50.org.br\/\",\"name\":\"PSOL 50\",\"description\":\"Site oficial do Partido Socialismo e Liberdade\",\"publisher\":{\"@id\":\"https:\/\/psol50.org.br\/#organization\"},\"alternateName\":\"PSOL50\",\"potentialAction\":[{\"@type\":\"SearchAction\",\"target\":{\"@type\":\"EntryPoint\",\"urlTemplate\":\"https:\/\/psol50.org.br\/?s={search_term_string}\"},\"query-input\":{\"@type\":\"PropertyValueSpecification\",\"valueRequired\":true,\"valueName\":\"search_term_string\"}}],\"inLanguage\":\"pt-BR\"},{\"@type\":\"Organization\",\"@id\":\"https:\/\/psol50.org.br\/#organization\",\"name\":\"PSOL 50\",\"alternateName\":\"PSOL 50\",\"url\":\"https:\/\/psol50.org.br\/\",\"logo\":{\"@type\":\"ImageObject\",\"inLanguage\":\"pt-BR\",\"@id\":\"https:\/\/psol50.org.br\/#\/schema\/logo\/image\/\",\"url\":\"https:\/\/psol50.org.br\/inc\/uploads\/2018\/07\/capa.png\",\"contentUrl\":\"https:\/\/psol50.org.br\/inc\/uploads\/2018\/07\/capa.png\",\"width\":1350,\"height\":900,\"caption\":\"PSOL 50\"},\"image\":{\"@id\":\"https:\/\/psol50.org.br\/#\/schema\/logo\/image\/\"},\"sameAs\":[\"https:\/\/www.facebook.com\/psol50\",\"https:\/\/x.com\/psol50\",\"https:\/\/www.instagram.com\/psol50\/\",\"https:\/\/www.youtube.com\/channel\/UC7SnJS5o1os7a6CaiNabzcg\"]},{\"@type\":\"Person\",\"@id\":\"https:\/\/psol50.org.br\/#\/schema\/person\/475dfa57d0b815993c714c2e96491fcd\",\"name\":\"Comunica\u00e7\u00e3o PSOL\",\"image\":{\"@type\":\"ImageObject\",\"inLanguage\":\"pt-BR\",\"@id\":\"https:\/\/psol50.org.br\/#\/schema\/person\/image\/\",\"url\":\"https:\/\/secure.gravatar.com\/avatar\/b34fc4f4e468a4e51785917065a3db57b841f5c95dba6ad8c73aaf8f66f8f9bf?s=96&d=mm&r=g\",\"contentUrl\":\"https:\/\/secure.gravatar.com\/avatar\/b34fc4f4e468a4e51785917065a3db57b841f5c95dba6ad8c73aaf8f66f8f9bf?s=96&d=mm&r=g\",\"caption\":\"Comunica\u00e7\u00e3o PSOL\"}}]}<\/script>\n<!-- \/ Yoast SEO plugin. -->","yoast_head_json":{"title":"PSOL cobra explica\u00e7\u00f5es sobre inqu\u00e9ritos contra cr\u00edticos de Bolsonaro em outdoors","description":"O presidente e o ministro da Justi\u00e7a utilizam do C\u00f3digo Penal e a estrutura da Pol\u00edcia Federal para exercer censuras e intimida\u00e7\u00f5es.","robots":{"index":"index","follow":"follow","max-snippet":"max-snippet:-1","max-image-preview":"max-image-preview:large","max-video-preview":"max-video-preview:-1"},"canonical":"https:\/\/psol50.org.br\/psol-cobra-explicacoes-sobre-inqueritos-contra-criticos-de-bolsonaro-em-outdoors\/","og_locale":"pt_BR","og_type":"article","og_title":"PSOL cobra explica\u00e7\u00f5es sobre inqu\u00e9ritos contra cr\u00edticos de Bolsonaro em outdoors","og_description":"O presidente e o ministro da Justi\u00e7a utilizam do C\u00f3digo Penal e a estrutura da Pol\u00edcia Federal para exercer censuras e intimida\u00e7\u00f5es.","og_url":"https:\/\/psol50.org.br\/psol-cobra-explicacoes-sobre-inqueritos-contra-criticos-de-bolsonaro-em-outdoors\/","og_site_name":"PSOL 50","article_publisher":"https:\/\/www.facebook.com\/psol50","article_published_time":"2021-03-18T15:24:27+00:00","og_image":[{"width":640,"height":480,"url":"https:\/\/psol50.org.br\/inc\/uploads\/2021\/03\/Outdoor-Bolsonaro-02-1024x768-1.jpeg","type":"image\/jpeg"}],"author":"Comunica\u00e7\u00e3o PSOL","twitter_card":"summary_large_image","twitter_title":"PSOL cobra explica\u00e7\u00f5es sobre inqu\u00e9ritos contra cr\u00edticos de Bolsonaro em outdoors","twitter_description":"O presidente e o ministro da Justi\u00e7a utilizam do C\u00f3digo Penal e a estrutura da Pol\u00edcia Federal para exercer censuras e intimida\u00e7\u00f5es.","twitter_image":"https:\/\/psol50.org.br\/inc\/uploads\/2021\/03\/Outdoor-Bolsonaro-02-1024x768-1.jpeg","twitter_creator":"@psol50","twitter_site":"@psol50","twitter_misc":{"Escrito por":"Comunica\u00e7\u00e3o PSOL","Est. tempo de leitura":"2 minutos"},"schema":{"@context":"https:\/\/schema.org","@graph":[{"@type":"Article","@id":"https:\/\/psol50.org.br\/psol-cobra-explicacoes-sobre-inqueritos-contra-criticos-de-bolsonaro-em-outdoors\/#article","isPartOf":{"@id":"https:\/\/psol50.org.br\/psol-cobra-explicacoes-sobre-inqueritos-contra-criticos-de-bolsonaro-em-outdoors\/"},"author":{"name":"Comunica\u00e7\u00e3o PSOL","@id":"https:\/\/psol50.org.br\/#\/schema\/person\/475dfa57d0b815993c714c2e96491fcd"},"headline":"PSOL cobra explica\u00e7\u00f5es sobre inqu\u00e9ritos contra cr\u00edticos de Bolsonaro em outdoors","datePublished":"2021-03-18T15:24:27+00:00","mainEntityOfPage":{"@id":"https:\/\/psol50.org.br\/psol-cobra-explicacoes-sobre-inqueritos-contra-criticos-de-bolsonaro-em-outdoors\/"},"wordCount":259,"publisher":{"@id":"https:\/\/psol50.org.br\/#organization"},"image":{"@id":"https:\/\/psol50.org.br\/psol-cobra-explicacoes-sobre-inqueritos-contra-criticos-de-bolsonaro-em-outdoors\/#primaryimage"},"thumbnailUrl":"https:\/\/psol50.org.br\/inc\/uploads\/2021\/03\/Outdoor-Bolsonaro-02-1024x768-1.jpeg","keywords":["Bolsonaro","censura","cr\u00edticas","justi\u00e7a","outdoors","Pol\u00edcia Federal"],"articleSection":["A\u00e7\u00e3o Parlamentar","Not\u00edcias"],"inLanguage":"pt-BR"},{"@type":"WebPage","@id":"https:\/\/psol50.org.br\/psol-cobra-explicacoes-sobre-inqueritos-contra-criticos-de-bolsonaro-em-outdoors\/","url":"https:\/\/psol50.org.br\/psol-cobra-explicacoes-sobre-inqueritos-contra-criticos-de-bolsonaro-em-outdoors\/","name":"PSOL cobra explica\u00e7\u00f5es sobre inqu\u00e9ritos contra cr\u00edticos de Bolsonaro em outdoors","isPartOf":{"@id":"https:\/\/psol50.org.br\/#website"},"primaryImageOfPage":{"@id":"https:\/\/psol50.org.br\/psol-cobra-explicacoes-sobre-inqueritos-contra-criticos-de-bolsonaro-em-outdoors\/#primaryimage"},"image":{"@id":"https:\/\/psol50.org.br\/psol-cobra-explicacoes-sobre-inqueritos-contra-criticos-de-bolsonaro-em-outdoors\/#primaryimage"},"thumbnailUrl":"https:\/\/psol50.org.br\/inc\/uploads\/2021\/03\/Outdoor-Bolsonaro-02-1024x768-1.jpeg","datePublished":"2021-03-18T15:24:27+00:00","description":"O presidente e o ministro da Justi\u00e7a utilizam do C\u00f3digo Penal e a estrutura da Pol\u00edcia Federal para exercer censuras e intimida\u00e7\u00f5es.","breadcrumb":{"@id":"https:\/\/psol50.org.br\/psol-cobra-explicacoes-sobre-inqueritos-contra-criticos-de-bolsonaro-em-outdoors\/#breadcrumb"},"inLanguage":"pt-BR","potentialAction":[{"@type":"ReadAction","target":["https:\/\/psol50.org.br\/psol-cobra-explicacoes-sobre-inqueritos-contra-criticos-de-bolsonaro-em-outdoors\/"]}]},{"@type":"ImageObject","inLanguage":"pt-BR","@id":"https:\/\/psol50.org.br\/psol-cobra-explicacoes-sobre-inqueritos-contra-criticos-de-bolsonaro-em-outdoors\/#primaryimage","url":"https:\/\/psol50.org.br\/inc\/uploads\/2021\/03\/Outdoor-Bolsonaro-02-1024x768-1.jpeg","contentUrl":"https:\/\/psol50.org.br\/inc\/uploads\/2021\/03\/Outdoor-Bolsonaro-02-1024x768-1.jpeg","width":640,"height":480},{"@type":"BreadcrumbList","@id":"https:\/\/psol50.org.br\/psol-cobra-explicacoes-sobre-inqueritos-contra-criticos-de-bolsonaro-em-outdoors\/#breadcrumb","itemListElement":[{"@type":"ListItem","position":1,"name":"In\u00edcio","item":"https:\/\/psol50.org.br\/"},{"@type":"ListItem","position":2,"name":"PSOL cobra explica\u00e7\u00f5es sobre inqu\u00e9ritos contra cr\u00edticos de Bolsonaro em outdoors"}]},{"@type":"WebSite","@id":"https:\/\/psol50.org.br\/#website","url":"https:\/\/psol50.org.br\/","name":"PSOL 50","description":"Site oficial do Partido Socialismo e Liberdade","publisher":{"@id":"https:\/\/psol50.org.br\/#organization"},"alternateName":"PSOL50","potentialAction":[{"@type":"SearchAction","target":{"@type":"EntryPoint","urlTemplate":"https:\/\/psol50.org.br\/?s={search_term_string}"},"query-input":{"@type":"PropertyValueSpecification","valueRequired":true,"valueName":"search_term_string"}}],"inLanguage":"pt-BR"},{"@type":"Organization","@id":"https:\/\/psol50.org.br\/#organization","name":"PSOL 50","alternateName":"PSOL 50","url":"https:\/\/psol50.org.br\/","logo":{"@type":"ImageObject","inLanguage":"pt-BR","@id":"https:\/\/psol50.org.br\/#\/schema\/logo\/image\/","url":"https:\/\/psol50.org.br\/inc\/uploads\/2018\/07\/capa.png","contentUrl":"https:\/\/psol50.org.br\/inc\/uploads\/2018\/07\/capa.png","width":1350,"height":900,"caption":"PSOL 50"},"image":{"@id":"https:\/\/psol50.org.br\/#\/schema\/logo\/image\/"},"sameAs":["https:\/\/www.facebook.com\/psol50","https:\/\/x.com\/psol50","https:\/\/www.instagram.com\/psol50\/","https:\/\/www.youtube.com\/channel\/UC7SnJS5o1os7a6CaiNabzcg"]},{"@type":"Person","@id":"https:\/\/psol50.org.br\/#\/schema\/person\/475dfa57d0b815993c714c2e96491fcd","name":"Comunica\u00e7\u00e3o PSOL","image":{"@type":"ImageObject","inLanguage":"pt-BR","@id":"https:\/\/psol50.org.br\/#\/schema\/person\/image\/","url":"https:\/\/secure.gravatar.com\/avatar\/b34fc4f4e468a4e51785917065a3db57b841f5c95dba6ad8c73aaf8f66f8f9bf?s=96&d=mm&r=g","contentUrl":"https:\/\/secure.gravatar.com\/avatar\/b34fc4f4e468a4e51785917065a3db57b841f5c95dba6ad8c73aaf8f66f8f9bf?s=96&d=mm&r=g","caption":"Comunica\u00e7\u00e3o PSOL"}}]}},"_links":{"self":[{"href":"https:\/\/psol50.org.br\/rest\/wp\/v2\/posts\/32142","targetHints":{"allow":["GET"]}}],"collection":[{"href":"https:\/\/psol50.org.br\/rest\/wp\/v2\/posts"}],"about":[{"href":"https:\/\/psol50.org.br\/rest\/wp\/v2\/types\/post"}],"author":[{"embeddable":true,"href":"https:\/\/psol50.org.br\/rest\/wp\/v2\/users\/2"}],"replies":[{"embeddable":true,"href":"https:\/\/psol50.org.br\/rest\/wp\/v2\/comments?post=32142"}],"version-history":[{"count":0,"href":"https:\/\/psol50.org.br\/rest\/wp\/v2\/posts\/32142\/revisions"}],"wp:featuredmedia":[{"embeddable":true,"href":"https:\/\/psol50.org.br\/rest\/wp\/v2\/media\/32147"}],"wp:attachment":[{"href":"https:\/\/psol50.org.br\/rest\/wp\/v2\/media?parent=32142"}],"wp:term":[{"taxonomy":"category","embeddable":true,"href":"https:\/\/psol50.org.br\/rest\/wp\/v2\/categories?post=32142"},{"taxonomy":"post_tag","embeddable":true,"href":"https:\/\/psol50.org.br\/rest\/wp\/v2\/tags?post=32142"}],"curies":[{"name":"wp","href":"https:\/\/api.w.org\/{rel}","templated":true}]}}