{"id":32195,"date":"2021-03-22T13:20:16","date_gmt":"2021-03-22T16:20:16","guid":{"rendered":"https:\/\/psol50.org.br\/?p=32195"},"modified":"2021-03-22T13:20:16","modified_gmt":"2021-03-22T16:20:16","slug":"belem-pa-governada-pelo-psol-sera-a-primeira-capital-brasileira-a-vacinar-todos-acima-de-60-anos-de-idade","status":"publish","type":"post","link":"https:\/\/psol50.org.br\/belem-pa-governada-pelo-psol-sera-a-primeira-capital-brasileira-a-vacinar-todos-acima-de-60-anos-de-idade\/","title":{"rendered":"Bel\u00e9m (PA), governada pelo PSOL, ser\u00e1 a primeira capital brasileira a vacinar todos acima de 60 anos de idade"},"content":{"rendered":"<p><a href=\"https:\/\/psol50.org.br\/vacinaja\/\" target=\"_blank\" rel=\"noopener\"><img loading=\"lazy\" decoding=\"async\" class=\"alignnone size-full wp-image-31535\" src=\"https:\/\/psol50.org.br\/inc\/uploads\/2020\/12\/Web-1920-\u2013-1.jpg\" alt=\"\" width=\"1920\" height=\"339\" srcset=\"https:\/\/psol50.org.br\/inc\/uploads\/2020\/12\/Web-1920-\u2013-1.jpg 1920w, https:\/\/psol50.org.br\/inc\/uploads\/2020\/12\/Web-1920-\u2013-1-300x53.jpg 300w, https:\/\/psol50.org.br\/inc\/uploads\/2020\/12\/Web-1920-\u2013-1-1024x181.jpg 1024w, https:\/\/psol50.org.br\/inc\/uploads\/2020\/12\/Web-1920-\u2013-1-768x136.jpg 768w, https:\/\/psol50.org.br\/inc\/uploads\/2020\/12\/Web-1920-\u2013-1-1536x271.jpg 1536w, https:\/\/psol50.org.br\/inc\/uploads\/2020\/12\/Web-1920-\u2013-1-150x26.jpg 150w, https:\/\/psol50.org.br\/inc\/uploads\/2020\/12\/Web-1920-\u2013-1-696x123.jpg 696w, https:\/\/psol50.org.br\/inc\/uploads\/2020\/12\/Web-1920-\u2013-1-1068x189.jpg 1068w\" sizes=\"auto, (max-width: 1920px) 100vw, 1920px\" \/><\/a><\/p>\n<p>O prefeito de Bel\u00e9m (PA), Edmilson Rodrigues (PSOL), anunciou no \u00faltimo domingo (21) que a cidade ser\u00e1 a primeira capital brasileira a ter toda a sua popula\u00e7\u00e3o acima de 60 anos de idade vacinada. A vacina\u00e7\u00e3o para a faixa entre 67 e 60 anos come\u00e7ar\u00e1 nesta quarta-feira (24) e at\u00e9 o pr\u00f3ximo domingo (28) a capital paraense j\u00e1 pode ter toda sua popula\u00e7\u00e3o idosa vacinada.<\/p>\n<p>Edmilson Rodrigues recebeu a garantia do governo do estado do Par\u00e1 que receber\u00e1 doses suficientes para imunizar as 101.798 pessoas que t\u00eam entre 60 e 67 anos em Bel\u00e9m. O calend\u00e1rio detalhado da vacina\u00e7\u00e3o ser\u00e1 divulgado pela Secretaria Municipal de Sa\u00fade (Sesma).<\/p>\n<blockquote class=\"twitter-tweet\" data-width=\"550\" data-dnt=\"true\">\n<p lang=\"pt\" dir=\"ltr\">Estima-se em 101.798 pessoas nesta faixa de idade. A vacina\u00e7\u00e3o ocorrer\u00e1 j\u00e1 a partir de quarta-feira, 24, indo at\u00e9 o pr\u00f3ximo domingo, conforme calend\u00e1rio que ser\u00e1 divulgado logo mais pela Sesma. Juntos, com a colabora\u00e7\u00e3o de todos, venceremos o Coronav\u00edrus.<\/p>\n<p>&mdash; Edmilson Rodrigues (@EdmilsonPSOL) <a href=\"https:\/\/twitter.com\/EdmilsonPSOL\/status\/1373703476832784393?ref_src=twsrc%5Etfw\">March 21, 2021<\/a><\/p><\/blockquote>\n<p><script async src=\"https:\/\/platform.twitter.com\/widgets.js\" charset=\"utf-8\"><\/script><\/p>\n<p>A cidade de Bel\u00e9m est\u00e1 em lockdown desde a \u00faltima segunda-feira (15), com a interrup\u00e7\u00e3o de todas as atividades n\u00e3o essenciais, para evitar a amplia\u00e7\u00e3o do cont\u00e1gio na capital paraense.<\/p>\n<p>Para auxiliar no cumprimento das medidas de restri\u00e7\u00e3o, a Prefeitura de Bel\u00e9m come\u00e7ou a pagar no \u00faltimo dia 8 de mar\u00e7o a primeira parcela do Bora Bel\u00e9m, programa que beneficiar\u00e1 at\u00e9 22 mil fam\u00edlias em situa\u00e7\u00e3o de pobreza na cidade no valor de at\u00e9 R$ 450 mensais.<\/p>\n<p><a href=\"https:\/\/psol50.org.br\/rendajusta\/\" target=\"_blank\" rel=\"noopener\"><img loading=\"lazy\" decoding=\"async\" class=\"size-full wp-image-30552 alignnone\" src=\"https:\/\/psol50.org.br\/inc\/uploads\/2020\/08\/21-08-2020_LancamentoRendaJusta-2.png\" alt=\"\" width=\"1920\" height=\"383\" srcset=\"https:\/\/psol50.org.br\/inc\/uploads\/2020\/08\/21-08-2020_LancamentoRendaJusta-2.png 1920w, https:\/\/psol50.org.br\/inc\/uploads\/2020\/08\/21-08-2020_LancamentoRendaJusta-2-300x60.png 300w, https:\/\/psol50.org.br\/inc\/uploads\/2020\/08\/21-08-2020_LancamentoRendaJusta-2-1024x204.png 1024w, https:\/\/psol50.org.br\/inc\/uploads\/2020\/08\/21-08-2020_LancamentoRendaJusta-2-768x153.png 768w, https:\/\/psol50.org.br\/inc\/uploads\/2020\/08\/21-08-2020_LancamentoRendaJusta-2-1536x306.png 1536w, https:\/\/psol50.org.br\/inc\/uploads\/2020\/08\/21-08-2020_LancamentoRendaJusta-2-150x30.png 150w, https:\/\/psol50.org.br\/inc\/uploads\/2020\/08\/21-08-2020_LancamentoRendaJusta-2-696x139.png 696w, https:\/\/psol50.org.br\/inc\/uploads\/2020\/08\/21-08-2020_LancamentoRendaJusta-2-1068x213.png 1068w\" sizes=\"auto, (max-width: 1920px) 100vw, 1920px\" \/><\/a><\/p>\n","protected":false},"excerpt":{"rendered":"<p>O prefeito de Bel\u00e9m (PA), Edmilson Rodrigues (PSOL), anunciou no \u00faltimo domingo (21) que a cidade ser\u00e1 a primeira capital brasileira a ter toda a sua popula\u00e7\u00e3o acima de 60 anos de idade vacinada. A vacina\u00e7\u00e3o para a faixa entre 67 e 60 anos come\u00e7ar\u00e1 nesta quarta-feira (24) e at\u00e9 o pr\u00f3ximo domingo (28) a [&hellip;]<\/p>\n","protected":false},"author":2,"featured_media":31297,"comment_status":"closed","ping_status":"open","sticky":false,"template":"","format":"standard","meta":{"_acf_changed":false,"footnotes":""},"categories":[654,6],"tags":[643,371,973,50,1125],"class_list":{"0":"post-32195","1":"post","2":"type-post","3":"status-publish","4":"format-standard","5":"has-post-thumbnail","7":"category-estados","8":"category-noticias","9":"tag-belem","10":"tag-covid-19","11":"tag-edmilson-rodrigues","12":"tag-para","13":"tag-vacina"},"acf":[],"yoast_head":"<!-- This site is optimized with the Yoast SEO plugin v26.5 - https:\/\/yoast.com\/wordpress\/plugins\/seo\/ -->\n<title>Bel\u00e9m (PA), governada pelo PSOL, ser\u00e1 a primeira capital brasileira a vacinar todos acima de 60 anos de idade<\/title>\n<meta name=\"description\" content=\"At\u00e9 o pr\u00f3ximo domingo (28), a capital paraense pode j\u00e1 ter vacinada toda sua popula\u00e7\u00e3o acima de 60 anos de idade.\" \/>\n<meta name=\"robots\" content=\"index, follow, max-snippet:-1, max-image-preview:large, max-video-preview:-1\" \/>\n<link rel=\"canonical\" href=\"https:\/\/psol50.org.br\/belem-pa-governada-pelo-psol-sera-a-primeira-capital-brasileira-a-vacinar-todos-acima-de-60-anos-de-idade\/\" \/>\n<meta property=\"og:locale\" content=\"pt_BR\" \/>\n<meta property=\"og:type\" content=\"article\" \/>\n<meta property=\"og:title\" content=\"Bel\u00e9m (PA), governada pelo PSOL, ser\u00e1 a primeira capital brasileira a vacinar todos acima de 60 anos de idade\" \/>\n<meta property=\"og:description\" content=\"At\u00e9 o pr\u00f3ximo domingo (28), a capital paraense pode j\u00e1 ter vacinada toda sua popula\u00e7\u00e3o acima de 60 anos de idade.\" \/>\n<meta property=\"og:url\" content=\"https:\/\/psol50.org.br\/belem-pa-governada-pelo-psol-sera-a-primeira-capital-brasileira-a-vacinar-todos-acima-de-60-anos-de-idade\/\" \/>\n<meta property=\"og:site_name\" content=\"PSOL 50\" \/>\n<meta property=\"article:publisher\" content=\"https:\/\/www.facebook.com\/psol50\" \/>\n<meta property=\"article:published_time\" content=\"2021-03-22T16:20:16+00:00\" \/>\n<meta property=\"og:image\" content=\"https:\/\/psol50.org.br\/inc\/uploads\/2020\/11\/ae-edmilson-rodrigues-2000-29112020173253419.jpeg\" \/>\n\t<meta property=\"og:image:width\" content=\"1500\" \/>\n\t<meta property=\"og:image:height\" content=\"1001\" \/>\n\t<meta property=\"og:image:type\" content=\"image\/jpeg\" \/>\n<meta name=\"author\" content=\"Comunica\u00e7\u00e3o PSOL\" \/>\n<meta name=\"twitter:card\" content=\"summary_large_image\" \/>\n<meta name=\"twitter:title\" content=\"Bel\u00e9m (PA), governada pelo PSOL, ser\u00e1 a primeira capital brasileira a vacinar todos acima de 60 anos de idade\" \/>\n<meta name=\"twitter:description\" content=\"At\u00e9 o pr\u00f3ximo domingo (28), a capital paraense pode j\u00e1 ter vacinada toda sua popula\u00e7\u00e3o acima de 60 anos de idade.\" \/>\n<meta name=\"twitter:image\" content=\"https:\/\/psol50.org.br\/inc\/uploads\/2020\/11\/ae-edmilson-rodrigues-2000-29112020173253419.jpeg\" \/>\n<meta name=\"twitter:creator\" content=\"@psol50\" \/>\n<meta name=\"twitter:site\" content=\"@psol50\" \/>\n<meta name=\"twitter:label1\" content=\"Escrito por\" \/>\n\t<meta name=\"twitter:data1\" content=\"Comunica\u00e7\u00e3o PSOL\" \/>\n\t<meta name=\"twitter:label2\" content=\"Est. tempo de leitura\" \/>\n\t<meta name=\"twitter:data2\" content=\"2 minutos\" \/>\n<script type=\"application\/ld+json\" class=\"yoast-schema-graph\">{\"@context\":\"https:\/\/schema.org\",\"@graph\":[{\"@type\":\"Article\",\"@id\":\"https:\/\/psol50.org.br\/belem-pa-governada-pelo-psol-sera-a-primeira-capital-brasileira-a-vacinar-todos-acima-de-60-anos-de-idade\/#article\",\"isPartOf\":{\"@id\":\"https:\/\/psol50.org.br\/belem-pa-governada-pelo-psol-sera-a-primeira-capital-brasileira-a-vacinar-todos-acima-de-60-anos-de-idade\/\"},\"author\":{\"name\":\"Comunica\u00e7\u00e3o PSOL\",\"@id\":\"https:\/\/psol50.org.br\/#\/schema\/person\/475dfa57d0b815993c714c2e96491fcd\"},\"headline\":\"Bel\u00e9m (PA), governada pelo PSOL, ser\u00e1 a primeira capital brasileira a vacinar todos acima de 60 anos de idade\",\"datePublished\":\"2021-03-22T16:20:16+00:00\",\"mainEntityOfPage\":{\"@id\":\"https:\/\/psol50.org.br\/belem-pa-governada-pelo-psol-sera-a-primeira-capital-brasileira-a-vacinar-todos-acima-de-60-anos-de-idade\/\"},\"wordCount\":218,\"publisher\":{\"@id\":\"https:\/\/psol50.org.br\/#organization\"},\"image\":{\"@id\":\"https:\/\/psol50.org.br\/belem-pa-governada-pelo-psol-sera-a-primeira-capital-brasileira-a-vacinar-todos-acima-de-60-anos-de-idade\/#primaryimage\"},\"thumbnailUrl\":\"https:\/\/psol50.org.br\/inc\/uploads\/2020\/11\/ae-edmilson-rodrigues-2000-29112020173253419.jpeg\",\"keywords\":[\"Bel\u00e9m\",\"covid-19\",\"Edmilson Rodrigues\",\"Par\u00e1\",\"vacina\"],\"articleSection\":[\"Estados\",\"Not\u00edcias\"],\"inLanguage\":\"pt-BR\"},{\"@type\":\"WebPage\",\"@id\":\"https:\/\/psol50.org.br\/belem-pa-governada-pelo-psol-sera-a-primeira-capital-brasileira-a-vacinar-todos-acima-de-60-anos-de-idade\/\",\"url\":\"https:\/\/psol50.org.br\/belem-pa-governada-pelo-psol-sera-a-primeira-capital-brasileira-a-vacinar-todos-acima-de-60-anos-de-idade\/\",\"name\":\"Bel\u00e9m (PA), governada pelo PSOL, ser\u00e1 a primeira capital brasileira a vacinar todos acima de 60 anos de idade\",\"isPartOf\":{\"@id\":\"https:\/\/psol50.org.br\/#website\"},\"primaryImageOfPage\":{\"@id\":\"https:\/\/psol50.org.br\/belem-pa-governada-pelo-psol-sera-a-primeira-capital-brasileira-a-vacinar-todos-acima-de-60-anos-de-idade\/#primaryimage\"},\"image\":{\"@id\":\"https:\/\/psol50.org.br\/belem-pa-governada-pelo-psol-sera-a-primeira-capital-brasileira-a-vacinar-todos-acima-de-60-anos-de-idade\/#primaryimage\"},\"thumbnailUrl\":\"https:\/\/psol50.org.br\/inc\/uploads\/2020\/11\/ae-edmilson-rodrigues-2000-29112020173253419.jpeg\",\"datePublished\":\"2021-03-22T16:20:16+00:00\",\"description\":\"At\u00e9 o pr\u00f3ximo domingo (28), a capital paraense pode j\u00e1 ter vacinada toda sua popula\u00e7\u00e3o acima de 60 anos de idade.\",\"breadcrumb\":{\"@id\":\"https:\/\/psol50.org.br\/belem-pa-governada-pelo-psol-sera-a-primeira-capital-brasileira-a-vacinar-todos-acima-de-60-anos-de-idade\/#breadcrumb\"},\"inLanguage\":\"pt-BR\",\"potentialAction\":[{\"@type\":\"ReadAction\",\"target\":[\"https:\/\/psol50.org.br\/belem-pa-governada-pelo-psol-sera-a-primeira-capital-brasileira-a-vacinar-todos-acima-de-60-anos-de-idade\/\"]}]},{\"@type\":\"ImageObject\",\"inLanguage\":\"pt-BR\",\"@id\":\"https:\/\/psol50.org.br\/belem-pa-governada-pelo-psol-sera-a-primeira-capital-brasileira-a-vacinar-todos-acima-de-60-anos-de-idade\/#primaryimage\",\"url\":\"https:\/\/psol50.org.br\/inc\/uploads\/2020\/11\/ae-edmilson-rodrigues-2000-29112020173253419.jpeg\",\"contentUrl\":\"https:\/\/psol50.org.br\/inc\/uploads\/2020\/11\/ae-edmilson-rodrigues-2000-29112020173253419.jpeg\",\"width\":1500,\"height\":1001},{\"@type\":\"BreadcrumbList\",\"@id\":\"https:\/\/psol50.org.br\/belem-pa-governada-pelo-psol-sera-a-primeira-capital-brasileira-a-vacinar-todos-acima-de-60-anos-de-idade\/#breadcrumb\",\"itemListElement\":[{\"@type\":\"ListItem\",\"position\":1,\"name\":\"In\u00edcio\",\"item\":\"https:\/\/psol50.org.br\/\"},{\"@type\":\"ListItem\",\"position\":2,\"name\":\"Bel\u00e9m (PA), governada pelo PSOL, ser\u00e1 a primeira capital brasileira a vacinar todos acima de 60 anos de idade\"}]},{\"@type\":\"WebSite\",\"@id\":\"https:\/\/psol50.org.br\/#website\",\"url\":\"https:\/\/psol50.org.br\/\",\"name\":\"PSOL 50\",\"description\":\"Site oficial do Partido Socialismo e Liberdade\",\"publisher\":{\"@id\":\"https:\/\/psol50.org.br\/#organization\"},\"alternateName\":\"PSOL50\",\"potentialAction\":[{\"@type\":\"SearchAction\",\"target\":{\"@type\":\"EntryPoint\",\"urlTemplate\":\"https:\/\/psol50.org.br\/?s={search_term_string}\"},\"query-input\":{\"@type\":\"PropertyValueSpecification\",\"valueRequired\":true,\"valueName\":\"search_term_string\"}}],\"inLanguage\":\"pt-BR\"},{\"@type\":\"Organization\",\"@id\":\"https:\/\/psol50.org.br\/#organization\",\"name\":\"PSOL 50\",\"alternateName\":\"PSOL 50\",\"url\":\"https:\/\/psol50.org.br\/\",\"logo\":{\"@type\":\"ImageObject\",\"inLanguage\":\"pt-BR\",\"@id\":\"https:\/\/psol50.org.br\/#\/schema\/logo\/image\/\",\"url\":\"https:\/\/psol50.org.br\/inc\/uploads\/2018\/07\/capa.png\",\"contentUrl\":\"https:\/\/psol50.org.br\/inc\/uploads\/2018\/07\/capa.png\",\"width\":1350,\"height\":900,\"caption\":\"PSOL 50\"},\"image\":{\"@id\":\"https:\/\/psol50.org.br\/#\/schema\/logo\/image\/\"},\"sameAs\":[\"https:\/\/www.facebook.com\/psol50\",\"https:\/\/x.com\/psol50\",\"https:\/\/www.instagram.com\/psol50\/\",\"https:\/\/www.youtube.com\/channel\/UC7SnJS5o1os7a6CaiNabzcg\"]},{\"@type\":\"Person\",\"@id\":\"https:\/\/psol50.org.br\/#\/schema\/person\/475dfa57d0b815993c714c2e96491fcd\",\"name\":\"Comunica\u00e7\u00e3o PSOL\",\"image\":{\"@type\":\"ImageObject\",\"inLanguage\":\"pt-BR\",\"@id\":\"https:\/\/psol50.org.br\/#\/schema\/person\/image\/\",\"url\":\"https:\/\/secure.gravatar.com\/avatar\/b34fc4f4e468a4e51785917065a3db57b841f5c95dba6ad8c73aaf8f66f8f9bf?s=96&d=mm&r=g\",\"contentUrl\":\"https:\/\/secure.gravatar.com\/avatar\/b34fc4f4e468a4e51785917065a3db57b841f5c95dba6ad8c73aaf8f66f8f9bf?s=96&d=mm&r=g\",\"caption\":\"Comunica\u00e7\u00e3o PSOL\"}}]}<\/script>\n<!-- \/ Yoast SEO plugin. -->","yoast_head_json":{"title":"Bel\u00e9m (PA), governada pelo PSOL, ser\u00e1 a primeira capital brasileira a vacinar todos acima de 60 anos de idade","description":"At\u00e9 o pr\u00f3ximo domingo (28), a capital paraense pode j\u00e1 ter vacinada toda sua popula\u00e7\u00e3o acima de 60 anos de idade.","robots":{"index":"index","follow":"follow","max-snippet":"max-snippet:-1","max-image-preview":"max-image-preview:large","max-video-preview":"max-video-preview:-1"},"canonical":"https:\/\/psol50.org.br\/belem-pa-governada-pelo-psol-sera-a-primeira-capital-brasileira-a-vacinar-todos-acima-de-60-anos-de-idade\/","og_locale":"pt_BR","og_type":"article","og_title":"Bel\u00e9m (PA), governada pelo PSOL, ser\u00e1 a primeira capital brasileira a vacinar todos acima de 60 anos de idade","og_description":"At\u00e9 o pr\u00f3ximo domingo (28), a capital paraense pode j\u00e1 ter vacinada toda sua popula\u00e7\u00e3o acima de 60 anos de idade.","og_url":"https:\/\/psol50.org.br\/belem-pa-governada-pelo-psol-sera-a-primeira-capital-brasileira-a-vacinar-todos-acima-de-60-anos-de-idade\/","og_site_name":"PSOL 50","article_publisher":"https:\/\/www.facebook.com\/psol50","article_published_time":"2021-03-22T16:20:16+00:00","og_image":[{"width":1500,"height":1001,"url":"https:\/\/psol50.org.br\/inc\/uploads\/2020\/11\/ae-edmilson-rodrigues-2000-29112020173253419.jpeg","type":"image\/jpeg"}],"author":"Comunica\u00e7\u00e3o PSOL","twitter_card":"summary_large_image","twitter_title":"Bel\u00e9m (PA), governada pelo PSOL, ser\u00e1 a primeira capital brasileira a vacinar todos acima de 60 anos de idade","twitter_description":"At\u00e9 o pr\u00f3ximo domingo (28), a capital paraense pode j\u00e1 ter vacinada toda sua popula\u00e7\u00e3o acima de 60 anos de idade.","twitter_image":"https:\/\/psol50.org.br\/inc\/uploads\/2020\/11\/ae-edmilson-rodrigues-2000-29112020173253419.jpeg","twitter_creator":"@psol50","twitter_site":"@psol50","twitter_misc":{"Escrito por":"Comunica\u00e7\u00e3o PSOL","Est. tempo de leitura":"2 minutos"},"schema":{"@context":"https:\/\/schema.org","@graph":[{"@type":"Article","@id":"https:\/\/psol50.org.br\/belem-pa-governada-pelo-psol-sera-a-primeira-capital-brasileira-a-vacinar-todos-acima-de-60-anos-de-idade\/#article","isPartOf":{"@id":"https:\/\/psol50.org.br\/belem-pa-governada-pelo-psol-sera-a-primeira-capital-brasileira-a-vacinar-todos-acima-de-60-anos-de-idade\/"},"author":{"name":"Comunica\u00e7\u00e3o PSOL","@id":"https:\/\/psol50.org.br\/#\/schema\/person\/475dfa57d0b815993c714c2e96491fcd"},"headline":"Bel\u00e9m (PA), governada pelo PSOL, ser\u00e1 a primeira capital brasileira a vacinar todos acima de 60 anos de idade","datePublished":"2021-03-22T16:20:16+00:00","mainEntityOfPage":{"@id":"https:\/\/psol50.org.br\/belem-pa-governada-pelo-psol-sera-a-primeira-capital-brasileira-a-vacinar-todos-acima-de-60-anos-de-idade\/"},"wordCount":218,"publisher":{"@id":"https:\/\/psol50.org.br\/#organization"},"image":{"@id":"https:\/\/psol50.org.br\/belem-pa-governada-pelo-psol-sera-a-primeira-capital-brasileira-a-vacinar-todos-acima-de-60-anos-de-idade\/#primaryimage"},"thumbnailUrl":"https:\/\/psol50.org.br\/inc\/uploads\/2020\/11\/ae-edmilson-rodrigues-2000-29112020173253419.jpeg","keywords":["Bel\u00e9m","covid-19","Edmilson Rodrigues","Par\u00e1","vacina"],"articleSection":["Estados","Not\u00edcias"],"inLanguage":"pt-BR"},{"@type":"WebPage","@id":"https:\/\/psol50.org.br\/belem-pa-governada-pelo-psol-sera-a-primeira-capital-brasileira-a-vacinar-todos-acima-de-60-anos-de-idade\/","url":"https:\/\/psol50.org.br\/belem-pa-governada-pelo-psol-sera-a-primeira-capital-brasileira-a-vacinar-todos-acima-de-60-anos-de-idade\/","name":"Bel\u00e9m (PA), governada pelo PSOL, ser\u00e1 a primeira capital brasileira a vacinar todos acima de 60 anos de idade","isPartOf":{"@id":"https:\/\/psol50.org.br\/#website"},"primaryImageOfPage":{"@id":"https:\/\/psol50.org.br\/belem-pa-governada-pelo-psol-sera-a-primeira-capital-brasileira-a-vacinar-todos-acima-de-60-anos-de-idade\/#primaryimage"},"image":{"@id":"https:\/\/psol50.org.br\/belem-pa-governada-pelo-psol-sera-a-primeira-capital-brasileira-a-vacinar-todos-acima-de-60-anos-de-idade\/#primaryimage"},"thumbnailUrl":"https:\/\/psol50.org.br\/inc\/uploads\/2020\/11\/ae-edmilson-rodrigues-2000-29112020173253419.jpeg","datePublished":"2021-03-22T16:20:16+00:00","description":"At\u00e9 o pr\u00f3ximo domingo (28), a capital paraense pode j\u00e1 ter vacinada toda sua popula\u00e7\u00e3o acima de 60 anos de idade.","breadcrumb":{"@id":"https:\/\/psol50.org.br\/belem-pa-governada-pelo-psol-sera-a-primeira-capital-brasileira-a-vacinar-todos-acima-de-60-anos-de-idade\/#breadcrumb"},"inLanguage":"pt-BR","potentialAction":[{"@type":"ReadAction","target":["https:\/\/psol50.org.br\/belem-pa-governada-pelo-psol-sera-a-primeira-capital-brasileira-a-vacinar-todos-acima-de-60-anos-de-idade\/"]}]},{"@type":"ImageObject","inLanguage":"pt-BR","@id":"https:\/\/psol50.org.br\/belem-pa-governada-pelo-psol-sera-a-primeira-capital-brasileira-a-vacinar-todos-acima-de-60-anos-de-idade\/#primaryimage","url":"https:\/\/psol50.org.br\/inc\/uploads\/2020\/11\/ae-edmilson-rodrigues-2000-29112020173253419.jpeg","contentUrl":"https:\/\/psol50.org.br\/inc\/uploads\/2020\/11\/ae-edmilson-rodrigues-2000-29112020173253419.jpeg","width":1500,"height":1001},{"@type":"BreadcrumbList","@id":"https:\/\/psol50.org.br\/belem-pa-governada-pelo-psol-sera-a-primeira-capital-brasileira-a-vacinar-todos-acima-de-60-anos-de-idade\/#breadcrumb","itemListElement":[{"@type":"ListItem","position":1,"name":"In\u00edcio","item":"https:\/\/psol50.org.br\/"},{"@type":"ListItem","position":2,"name":"Bel\u00e9m (PA), governada pelo PSOL, ser\u00e1 a primeira capital brasileira a vacinar todos acima de 60 anos de idade"}]},{"@type":"WebSite","@id":"https:\/\/psol50.org.br\/#website","url":"https:\/\/psol50.org.br\/","name":"PSOL 50","description":"Site oficial do Partido Socialismo e Liberdade","publisher":{"@id":"https:\/\/psol50.org.br\/#organization"},"alternateName":"PSOL50","potentialAction":[{"@type":"SearchAction","target":{"@type":"EntryPoint","urlTemplate":"https:\/\/psol50.org.br\/?s={search_term_string}"},"query-input":{"@type":"PropertyValueSpecification","valueRequired":true,"valueName":"search_term_string"}}],"inLanguage":"pt-BR"},{"@type":"Organization","@id":"https:\/\/psol50.org.br\/#organization","name":"PSOL 50","alternateName":"PSOL 50","url":"https:\/\/psol50.org.br\/","logo":{"@type":"ImageObject","inLanguage":"pt-BR","@id":"https:\/\/psol50.org.br\/#\/schema\/logo\/image\/","url":"https:\/\/psol50.org.br\/inc\/uploads\/2018\/07\/capa.png","contentUrl":"https:\/\/psol50.org.br\/inc\/uploads\/2018\/07\/capa.png","width":1350,"height":900,"caption":"PSOL 50"},"image":{"@id":"https:\/\/psol50.org.br\/#\/schema\/logo\/image\/"},"sameAs":["https:\/\/www.facebook.com\/psol50","https:\/\/x.com\/psol50","https:\/\/www.instagram.com\/psol50\/","https:\/\/www.youtube.com\/channel\/UC7SnJS5o1os7a6CaiNabzcg"]},{"@type":"Person","@id":"https:\/\/psol50.org.br\/#\/schema\/person\/475dfa57d0b815993c714c2e96491fcd","name":"Comunica\u00e7\u00e3o PSOL","image":{"@type":"ImageObject","inLanguage":"pt-BR","@id":"https:\/\/psol50.org.br\/#\/schema\/person\/image\/","url":"https:\/\/secure.gravatar.com\/avatar\/b34fc4f4e468a4e51785917065a3db57b841f5c95dba6ad8c73aaf8f66f8f9bf?s=96&d=mm&r=g","contentUrl":"https:\/\/secure.gravatar.com\/avatar\/b34fc4f4e468a4e51785917065a3db57b841f5c95dba6ad8c73aaf8f66f8f9bf?s=96&d=mm&r=g","caption":"Comunica\u00e7\u00e3o PSOL"}}]}},"_links":{"self":[{"href":"https:\/\/psol50.org.br\/rest\/wp\/v2\/posts\/32195","targetHints":{"allow":["GET"]}}],"collection":[{"href":"https:\/\/psol50.org.br\/rest\/wp\/v2\/posts"}],"about":[{"href":"https:\/\/psol50.org.br\/rest\/wp\/v2\/types\/post"}],"author":[{"embeddable":true,"href":"https:\/\/psol50.org.br\/rest\/wp\/v2\/users\/2"}],"replies":[{"embeddable":true,"href":"https:\/\/psol50.org.br\/rest\/wp\/v2\/comments?post=32195"}],"version-history":[{"count":0,"href":"https:\/\/psol50.org.br\/rest\/wp\/v2\/posts\/32195\/revisions"}],"wp:featuredmedia":[{"embeddable":true,"href":"https:\/\/psol50.org.br\/rest\/wp\/v2\/media\/31297"}],"wp:attachment":[{"href":"https:\/\/psol50.org.br\/rest\/wp\/v2\/media?parent=32195"}],"wp:term":[{"taxonomy":"category","embeddable":true,"href":"https:\/\/psol50.org.br\/rest\/wp\/v2\/categories?post=32195"},{"taxonomy":"post_tag","embeddable":true,"href":"https:\/\/psol50.org.br\/rest\/wp\/v2\/tags?post=32195"}],"curies":[{"name":"wp","href":"https:\/\/api.w.org\/{rel}","templated":true}]}}