{"id":32198,"date":"2021-03-22T15:04:39","date_gmt":"2021-03-22T18:04:39","guid":{"rendered":"https:\/\/psol50.org.br\/?p=32198"},"modified":"2021-03-22T15:04:39","modified_gmt":"2021-03-22T18:04:39","slug":"boulos-denuncia-doria-por-centenas-de-leitos-fechados-em-sao-paulo-em-plena-pandemia","status":"publish","type":"post","link":"https:\/\/psol50.org.br\/boulos-denuncia-doria-por-centenas-de-leitos-fechados-em-sao-paulo-em-plena-pandemia\/","title":{"rendered":"Boulos denuncia Doria por centenas de leitos fechados em S\u00e3o Paulo em plena pandemia"},"content":{"rendered":"<p><a href=\"https:\/\/psol50.org.br\/vacinaja\/\" target=\"_blank\" rel=\"noopener\"><img loading=\"lazy\" decoding=\"async\" class=\"alignnone size-full wp-image-31535\" src=\"https:\/\/psol50.org.br\/inc\/uploads\/2020\/12\/Web-1920-\u2013-1.jpg\" alt=\"\" width=\"1920\" height=\"339\" srcset=\"https:\/\/psol50.org.br\/inc\/uploads\/2020\/12\/Web-1920-\u2013-1.jpg 1920w, https:\/\/psol50.org.br\/inc\/uploads\/2020\/12\/Web-1920-\u2013-1-300x53.jpg 300w, https:\/\/psol50.org.br\/inc\/uploads\/2020\/12\/Web-1920-\u2013-1-1024x181.jpg 1024w, https:\/\/psol50.org.br\/inc\/uploads\/2020\/12\/Web-1920-\u2013-1-768x136.jpg 768w, https:\/\/psol50.org.br\/inc\/uploads\/2020\/12\/Web-1920-\u2013-1-1536x271.jpg 1536w, https:\/\/psol50.org.br\/inc\/uploads\/2020\/12\/Web-1920-\u2013-1-150x26.jpg 150w, https:\/\/psol50.org.br\/inc\/uploads\/2020\/12\/Web-1920-\u2013-1-696x123.jpg 696w, https:\/\/psol50.org.br\/inc\/uploads\/2020\/12\/Web-1920-\u2013-1-1068x189.jpg 1068w\" sizes=\"auto, (max-width: 1920px) 100vw, 1920px\" \/><\/a><\/p>\n<p>Guilherme Boulos, ex-candidato \u00e0 Prefeitura de S\u00e3o Paulo nas elei\u00e7\u00f5es 2020 pelo PSOL, acionou o Minist\u00e9rio P\u00fablico neste final de semana com uma den\u00fancia contra o governo estadual de Jo\u00e3o Doria (PSDB). Mesmo com o pico de contamina\u00e7\u00f5es e interna\u00e7\u00f5es no estado, ao menos tr\u00eas hospitais estaduais est\u00e3o funcionando com menor capacidade do que poderiam, como apresenta a den\u00fancia de Boulos.<\/p>\n<p>Os hospitais de Heli\u00f3polis, Em\u00edlio Ribas e Mandaqui, todos na capital de S\u00e3o Paulo, poderiam ter at\u00e9 mais 392 leitos dispon\u00edveis para o tratamento da pandemia. Jornais da cidade t\u00eam apresentado den\u00fancias de funcion\u00e1rios das unidades de sa\u00fade, como no caso de Heli\u00f3polis, onde o hospital est\u00e1 com 112 leitos em quatro alas desativadas da unidade. &#8220;\u00c9 um absurdo que tenhamos leitos fechados no meio do colapso&#8221;, apontou Boulos ao anunciar a a\u00e7\u00e3o.<\/p>\n<p>A a\u00e7\u00e3o de Boulos se soma a outras iniciativas do PSOL nacionalmente, como uma a\u00e7\u00e3o na Procuradoria Geral da Rep\u00fablica (PGR) para cobrar o governo federal de Jair Bolsonaro de um plano para evitar uma crise de falta de medicamentos necess\u00e1rios para intuba\u00e7\u00e3o, por exemplo.<\/p>\n<p><a href=\"https:\/\/psol50.org.br\/rendajusta\/\" target=\"_blank\" rel=\"noopener\"><img loading=\"lazy\" decoding=\"async\" class=\"alignnone size-full wp-image-30552\" src=\"https:\/\/psol50.org.br\/inc\/uploads\/2020\/08\/21-08-2020_LancamentoRendaJusta-2.png\" alt=\"\" width=\"1920\" height=\"383\" srcset=\"https:\/\/psol50.org.br\/inc\/uploads\/2020\/08\/21-08-2020_LancamentoRendaJusta-2.png 1920w, https:\/\/psol50.org.br\/inc\/uploads\/2020\/08\/21-08-2020_LancamentoRendaJusta-2-300x60.png 300w, https:\/\/psol50.org.br\/inc\/uploads\/2020\/08\/21-08-2020_LancamentoRendaJusta-2-1024x204.png 1024w, https:\/\/psol50.org.br\/inc\/uploads\/2020\/08\/21-08-2020_LancamentoRendaJusta-2-768x153.png 768w, https:\/\/psol50.org.br\/inc\/uploads\/2020\/08\/21-08-2020_LancamentoRendaJusta-2-1536x306.png 1536w, https:\/\/psol50.org.br\/inc\/uploads\/2020\/08\/21-08-2020_LancamentoRendaJusta-2-150x30.png 150w, https:\/\/psol50.org.br\/inc\/uploads\/2020\/08\/21-08-2020_LancamentoRendaJusta-2-696x139.png 696w, https:\/\/psol50.org.br\/inc\/uploads\/2020\/08\/21-08-2020_LancamentoRendaJusta-2-1068x213.png 1068w\" sizes=\"auto, (max-width: 1920px) 100vw, 1920px\" \/><\/a><\/p>\n","protected":false},"excerpt":{"rendered":"<p>Guilherme Boulos, ex-candidato \u00e0 Prefeitura de S\u00e3o Paulo nas elei\u00e7\u00f5es 2020 pelo PSOL, acionou o Minist\u00e9rio P\u00fablico neste final de semana com uma den\u00fancia contra o governo estadual de Jo\u00e3o Doria (PSDB). Mesmo com o pico de contamina\u00e7\u00f5es e interna\u00e7\u00f5es no estado, ao menos tr\u00eas hospitais estaduais est\u00e3o funcionando com menor capacidade do que poderiam, [&hellip;]<\/p>\n","protected":false},"author":2,"featured_media":31917,"comment_status":"closed","ping_status":"open","sticky":false,"template":"","format":"standard","meta":{"_acf_changed":false,"footnotes":""},"categories":[654,6,14],"tags":[342,371,113,428,367,117],"class_list":{"0":"post-32198","1":"post","2":"type-post","3":"status-publish","4":"format-standard","5":"has-post-thumbnail","7":"category-estados","8":"category-noticias","9":"category-partido","10":"tag-boulos","11":"tag-covid-19","12":"tag-doria","13":"tag-leitos","14":"tag-pandemia","15":"tag-sao-paulo"},"acf":[],"yoast_head":"<!-- This site is optimized with the Yoast SEO plugin v26.5 - https:\/\/yoast.com\/wordpress\/plugins\/seo\/ -->\n<title>Boulos denuncia Doria por centenas de leitos fechados em S\u00e3o Paulo em plena pandemia<\/title>\n<meta name=\"description\" content=\"Mesmo com o pico de contamina\u00e7\u00f5es e interna\u00e7\u00f5es no estado, ao menos tr\u00eas hospitais estaduais est\u00e3o funcionando com menor capacidade.\" \/>\n<meta name=\"robots\" content=\"index, follow, max-snippet:-1, max-image-preview:large, max-video-preview:-1\" \/>\n<link rel=\"canonical\" href=\"https:\/\/psol50.org.br\/boulos-denuncia-doria-por-centenas-de-leitos-fechados-em-sao-paulo-em-plena-pandemia\/\" \/>\n<meta property=\"og:locale\" content=\"pt_BR\" \/>\n<meta property=\"og:type\" content=\"article\" \/>\n<meta property=\"og:title\" content=\"Boulos denuncia Doria por centenas de leitos fechados em S\u00e3o Paulo em plena pandemia\" \/>\n<meta property=\"og:description\" content=\"Mesmo com o pico de contamina\u00e7\u00f5es e interna\u00e7\u00f5es no estado, ao menos tr\u00eas hospitais estaduais est\u00e3o funcionando com menor capacidade.\" \/>\n<meta property=\"og:url\" content=\"https:\/\/psol50.org.br\/boulos-denuncia-doria-por-centenas-de-leitos-fechados-em-sao-paulo-em-plena-pandemia\/\" \/>\n<meta property=\"og:site_name\" content=\"PSOL 50\" \/>\n<meta property=\"article:publisher\" content=\"https:\/\/www.facebook.com\/psol50\" \/>\n<meta property=\"article:published_time\" content=\"2021-03-22T18:04:39+00:00\" \/>\n<meta property=\"og:image\" content=\"https:\/\/psol50.org.br\/inc\/uploads\/2021\/02\/boulos-psol-1-868x644-1.jpg\" \/>\n\t<meta property=\"og:image:width\" content=\"868\" \/>\n\t<meta property=\"og:image:height\" content=\"644\" \/>\n\t<meta property=\"og:image:type\" content=\"image\/jpeg\" \/>\n<meta name=\"author\" content=\"Comunica\u00e7\u00e3o PSOL\" \/>\n<meta name=\"twitter:card\" content=\"summary_large_image\" \/>\n<meta name=\"twitter:title\" content=\"Boulos denuncia Doria por centenas de leitos fechados em S\u00e3o Paulo em plena pandemia\" \/>\n<meta name=\"twitter:description\" content=\"Mesmo com o pico de contamina\u00e7\u00f5es e interna\u00e7\u00f5es no estado, ao menos tr\u00eas hospitais estaduais est\u00e3o funcionando com menor capacidade.\" \/>\n<meta name=\"twitter:image\" content=\"https:\/\/psol50.org.br\/inc\/uploads\/2021\/02\/boulos-psol-1-868x644-1.jpg\" \/>\n<meta name=\"twitter:creator\" content=\"@psol50\" \/>\n<meta name=\"twitter:site\" content=\"@psol50\" \/>\n<meta name=\"twitter:label1\" content=\"Escrito por\" \/>\n\t<meta name=\"twitter:data1\" content=\"Comunica\u00e7\u00e3o PSOL\" \/>\n\t<meta name=\"twitter:label2\" content=\"Est. tempo de leitura\" \/>\n\t<meta name=\"twitter:data2\" content=\"2 minutos\" \/>\n<script type=\"application\/ld+json\" class=\"yoast-schema-graph\">{\"@context\":\"https:\/\/schema.org\",\"@graph\":[{\"@type\":\"Article\",\"@id\":\"https:\/\/psol50.org.br\/boulos-denuncia-doria-por-centenas-de-leitos-fechados-em-sao-paulo-em-plena-pandemia\/#article\",\"isPartOf\":{\"@id\":\"https:\/\/psol50.org.br\/boulos-denuncia-doria-por-centenas-de-leitos-fechados-em-sao-paulo-em-plena-pandemia\/\"},\"author\":{\"name\":\"Comunica\u00e7\u00e3o PSOL\",\"@id\":\"https:\/\/psol50.org.br\/#\/schema\/person\/475dfa57d0b815993c714c2e96491fcd\"},\"headline\":\"Boulos denuncia Doria por centenas de leitos fechados em S\u00e3o Paulo em plena pandemia\",\"datePublished\":\"2021-03-22T18:04:39+00:00\",\"mainEntityOfPage\":{\"@id\":\"https:\/\/psol50.org.br\/boulos-denuncia-doria-por-centenas-de-leitos-fechados-em-sao-paulo-em-plena-pandemia\/\"},\"wordCount\":215,\"publisher\":{\"@id\":\"https:\/\/psol50.org.br\/#organization\"},\"image\":{\"@id\":\"https:\/\/psol50.org.br\/boulos-denuncia-doria-por-centenas-de-leitos-fechados-em-sao-paulo-em-plena-pandemia\/#primaryimage\"},\"thumbnailUrl\":\"https:\/\/psol50.org.br\/inc\/uploads\/2021\/02\/boulos-psol-1-868x644-1.jpg\",\"keywords\":[\"Boulos\",\"covid-19\",\"doria\",\"leitos\",\"pandemia\",\"S\u00e3o Paulo\"],\"articleSection\":[\"Estados\",\"Not\u00edcias\",\"Partido\"],\"inLanguage\":\"pt-BR\"},{\"@type\":\"WebPage\",\"@id\":\"https:\/\/psol50.org.br\/boulos-denuncia-doria-por-centenas-de-leitos-fechados-em-sao-paulo-em-plena-pandemia\/\",\"url\":\"https:\/\/psol50.org.br\/boulos-denuncia-doria-por-centenas-de-leitos-fechados-em-sao-paulo-em-plena-pandemia\/\",\"name\":\"Boulos denuncia Doria por centenas de leitos fechados em S\u00e3o Paulo em plena pandemia\",\"isPartOf\":{\"@id\":\"https:\/\/psol50.org.br\/#website\"},\"primaryImageOfPage\":{\"@id\":\"https:\/\/psol50.org.br\/boulos-denuncia-doria-por-centenas-de-leitos-fechados-em-sao-paulo-em-plena-pandemia\/#primaryimage\"},\"image\":{\"@id\":\"https:\/\/psol50.org.br\/boulos-denuncia-doria-por-centenas-de-leitos-fechados-em-sao-paulo-em-plena-pandemia\/#primaryimage\"},\"thumbnailUrl\":\"https:\/\/psol50.org.br\/inc\/uploads\/2021\/02\/boulos-psol-1-868x644-1.jpg\",\"datePublished\":\"2021-03-22T18:04:39+00:00\",\"description\":\"Mesmo com o pico de contamina\u00e7\u00f5es e interna\u00e7\u00f5es no estado, ao menos tr\u00eas hospitais estaduais est\u00e3o funcionando com menor capacidade.\",\"breadcrumb\":{\"@id\":\"https:\/\/psol50.org.br\/boulos-denuncia-doria-por-centenas-de-leitos-fechados-em-sao-paulo-em-plena-pandemia\/#breadcrumb\"},\"inLanguage\":\"pt-BR\",\"potentialAction\":[{\"@type\":\"ReadAction\",\"target\":[\"https:\/\/psol50.org.br\/boulos-denuncia-doria-por-centenas-de-leitos-fechados-em-sao-paulo-em-plena-pandemia\/\"]}]},{\"@type\":\"ImageObject\",\"inLanguage\":\"pt-BR\",\"@id\":\"https:\/\/psol50.org.br\/boulos-denuncia-doria-por-centenas-de-leitos-fechados-em-sao-paulo-em-plena-pandemia\/#primaryimage\",\"url\":\"https:\/\/psol50.org.br\/inc\/uploads\/2021\/02\/boulos-psol-1-868x644-1.jpg\",\"contentUrl\":\"https:\/\/psol50.org.br\/inc\/uploads\/2021\/02\/boulos-psol-1-868x644-1.jpg\",\"width\":868,\"height\":644},{\"@type\":\"BreadcrumbList\",\"@id\":\"https:\/\/psol50.org.br\/boulos-denuncia-doria-por-centenas-de-leitos-fechados-em-sao-paulo-em-plena-pandemia\/#breadcrumb\",\"itemListElement\":[{\"@type\":\"ListItem\",\"position\":1,\"name\":\"In\u00edcio\",\"item\":\"https:\/\/psol50.org.br\/\"},{\"@type\":\"ListItem\",\"position\":2,\"name\":\"Boulos denuncia Doria por centenas de leitos fechados em S\u00e3o Paulo em plena pandemia\"}]},{\"@type\":\"WebSite\",\"@id\":\"https:\/\/psol50.org.br\/#website\",\"url\":\"https:\/\/psol50.org.br\/\",\"name\":\"PSOL 50\",\"description\":\"Site oficial do Partido Socialismo e Liberdade\",\"publisher\":{\"@id\":\"https:\/\/psol50.org.br\/#organization\"},\"alternateName\":\"PSOL50\",\"potentialAction\":[{\"@type\":\"SearchAction\",\"target\":{\"@type\":\"EntryPoint\",\"urlTemplate\":\"https:\/\/psol50.org.br\/?s={search_term_string}\"},\"query-input\":{\"@type\":\"PropertyValueSpecification\",\"valueRequired\":true,\"valueName\":\"search_term_string\"}}],\"inLanguage\":\"pt-BR\"},{\"@type\":\"Organization\",\"@id\":\"https:\/\/psol50.org.br\/#organization\",\"name\":\"PSOL 50\",\"alternateName\":\"PSOL 50\",\"url\":\"https:\/\/psol50.org.br\/\",\"logo\":{\"@type\":\"ImageObject\",\"inLanguage\":\"pt-BR\",\"@id\":\"https:\/\/psol50.org.br\/#\/schema\/logo\/image\/\",\"url\":\"https:\/\/psol50.org.br\/inc\/uploads\/2018\/07\/capa.png\",\"contentUrl\":\"https:\/\/psol50.org.br\/inc\/uploads\/2018\/07\/capa.png\",\"width\":1350,\"height\":900,\"caption\":\"PSOL 50\"},\"image\":{\"@id\":\"https:\/\/psol50.org.br\/#\/schema\/logo\/image\/\"},\"sameAs\":[\"https:\/\/www.facebook.com\/psol50\",\"https:\/\/x.com\/psol50\",\"https:\/\/www.instagram.com\/psol50\/\",\"https:\/\/www.youtube.com\/channel\/UC7SnJS5o1os7a6CaiNabzcg\"]},{\"@type\":\"Person\",\"@id\":\"https:\/\/psol50.org.br\/#\/schema\/person\/475dfa57d0b815993c714c2e96491fcd\",\"name\":\"Comunica\u00e7\u00e3o PSOL\",\"image\":{\"@type\":\"ImageObject\",\"inLanguage\":\"pt-BR\",\"@id\":\"https:\/\/psol50.org.br\/#\/schema\/person\/image\/\",\"url\":\"https:\/\/secure.gravatar.com\/avatar\/b34fc4f4e468a4e51785917065a3db57b841f5c95dba6ad8c73aaf8f66f8f9bf?s=96&d=mm&r=g\",\"contentUrl\":\"https:\/\/secure.gravatar.com\/avatar\/b34fc4f4e468a4e51785917065a3db57b841f5c95dba6ad8c73aaf8f66f8f9bf?s=96&d=mm&r=g\",\"caption\":\"Comunica\u00e7\u00e3o PSOL\"}}]}<\/script>\n<!-- \/ Yoast SEO plugin. -->","yoast_head_json":{"title":"Boulos denuncia Doria por centenas de leitos fechados em S\u00e3o Paulo em plena pandemia","description":"Mesmo com o pico de contamina\u00e7\u00f5es e interna\u00e7\u00f5es no estado, ao menos tr\u00eas hospitais estaduais est\u00e3o funcionando com menor capacidade.","robots":{"index":"index","follow":"follow","max-snippet":"max-snippet:-1","max-image-preview":"max-image-preview:large","max-video-preview":"max-video-preview:-1"},"canonical":"https:\/\/psol50.org.br\/boulos-denuncia-doria-por-centenas-de-leitos-fechados-em-sao-paulo-em-plena-pandemia\/","og_locale":"pt_BR","og_type":"article","og_title":"Boulos denuncia Doria por centenas de leitos fechados em S\u00e3o Paulo em plena pandemia","og_description":"Mesmo com o pico de contamina\u00e7\u00f5es e interna\u00e7\u00f5es no estado, ao menos tr\u00eas hospitais estaduais est\u00e3o funcionando com menor capacidade.","og_url":"https:\/\/psol50.org.br\/boulos-denuncia-doria-por-centenas-de-leitos-fechados-em-sao-paulo-em-plena-pandemia\/","og_site_name":"PSOL 50","article_publisher":"https:\/\/www.facebook.com\/psol50","article_published_time":"2021-03-22T18:04:39+00:00","og_image":[{"width":868,"height":644,"url":"https:\/\/psol50.org.br\/inc\/uploads\/2021\/02\/boulos-psol-1-868x644-1.jpg","type":"image\/jpeg"}],"author":"Comunica\u00e7\u00e3o PSOL","twitter_card":"summary_large_image","twitter_title":"Boulos denuncia Doria por centenas de leitos fechados em S\u00e3o Paulo em plena pandemia","twitter_description":"Mesmo com o pico de contamina\u00e7\u00f5es e interna\u00e7\u00f5es no estado, ao menos tr\u00eas hospitais estaduais est\u00e3o funcionando com menor capacidade.","twitter_image":"https:\/\/psol50.org.br\/inc\/uploads\/2021\/02\/boulos-psol-1-868x644-1.jpg","twitter_creator":"@psol50","twitter_site":"@psol50","twitter_misc":{"Escrito por":"Comunica\u00e7\u00e3o PSOL","Est. tempo de leitura":"2 minutos"},"schema":{"@context":"https:\/\/schema.org","@graph":[{"@type":"Article","@id":"https:\/\/psol50.org.br\/boulos-denuncia-doria-por-centenas-de-leitos-fechados-em-sao-paulo-em-plena-pandemia\/#article","isPartOf":{"@id":"https:\/\/psol50.org.br\/boulos-denuncia-doria-por-centenas-de-leitos-fechados-em-sao-paulo-em-plena-pandemia\/"},"author":{"name":"Comunica\u00e7\u00e3o PSOL","@id":"https:\/\/psol50.org.br\/#\/schema\/person\/475dfa57d0b815993c714c2e96491fcd"},"headline":"Boulos denuncia Doria por centenas de leitos fechados em S\u00e3o Paulo em plena pandemia","datePublished":"2021-03-22T18:04:39+00:00","mainEntityOfPage":{"@id":"https:\/\/psol50.org.br\/boulos-denuncia-doria-por-centenas-de-leitos-fechados-em-sao-paulo-em-plena-pandemia\/"},"wordCount":215,"publisher":{"@id":"https:\/\/psol50.org.br\/#organization"},"image":{"@id":"https:\/\/psol50.org.br\/boulos-denuncia-doria-por-centenas-de-leitos-fechados-em-sao-paulo-em-plena-pandemia\/#primaryimage"},"thumbnailUrl":"https:\/\/psol50.org.br\/inc\/uploads\/2021\/02\/boulos-psol-1-868x644-1.jpg","keywords":["Boulos","covid-19","doria","leitos","pandemia","S\u00e3o Paulo"],"articleSection":["Estados","Not\u00edcias","Partido"],"inLanguage":"pt-BR"},{"@type":"WebPage","@id":"https:\/\/psol50.org.br\/boulos-denuncia-doria-por-centenas-de-leitos-fechados-em-sao-paulo-em-plena-pandemia\/","url":"https:\/\/psol50.org.br\/boulos-denuncia-doria-por-centenas-de-leitos-fechados-em-sao-paulo-em-plena-pandemia\/","name":"Boulos denuncia Doria por centenas de leitos fechados em S\u00e3o Paulo em plena pandemia","isPartOf":{"@id":"https:\/\/psol50.org.br\/#website"},"primaryImageOfPage":{"@id":"https:\/\/psol50.org.br\/boulos-denuncia-doria-por-centenas-de-leitos-fechados-em-sao-paulo-em-plena-pandemia\/#primaryimage"},"image":{"@id":"https:\/\/psol50.org.br\/boulos-denuncia-doria-por-centenas-de-leitos-fechados-em-sao-paulo-em-plena-pandemia\/#primaryimage"},"thumbnailUrl":"https:\/\/psol50.org.br\/inc\/uploads\/2021\/02\/boulos-psol-1-868x644-1.jpg","datePublished":"2021-03-22T18:04:39+00:00","description":"Mesmo com o pico de contamina\u00e7\u00f5es e interna\u00e7\u00f5es no estado, ao menos tr\u00eas hospitais estaduais est\u00e3o funcionando com menor capacidade.","breadcrumb":{"@id":"https:\/\/psol50.org.br\/boulos-denuncia-doria-por-centenas-de-leitos-fechados-em-sao-paulo-em-plena-pandemia\/#breadcrumb"},"inLanguage":"pt-BR","potentialAction":[{"@type":"ReadAction","target":["https:\/\/psol50.org.br\/boulos-denuncia-doria-por-centenas-de-leitos-fechados-em-sao-paulo-em-plena-pandemia\/"]}]},{"@type":"ImageObject","inLanguage":"pt-BR","@id":"https:\/\/psol50.org.br\/boulos-denuncia-doria-por-centenas-de-leitos-fechados-em-sao-paulo-em-plena-pandemia\/#primaryimage","url":"https:\/\/psol50.org.br\/inc\/uploads\/2021\/02\/boulos-psol-1-868x644-1.jpg","contentUrl":"https:\/\/psol50.org.br\/inc\/uploads\/2021\/02\/boulos-psol-1-868x644-1.jpg","width":868,"height":644},{"@type":"BreadcrumbList","@id":"https:\/\/psol50.org.br\/boulos-denuncia-doria-por-centenas-de-leitos-fechados-em-sao-paulo-em-plena-pandemia\/#breadcrumb","itemListElement":[{"@type":"ListItem","position":1,"name":"In\u00edcio","item":"https:\/\/psol50.org.br\/"},{"@type":"ListItem","position":2,"name":"Boulos denuncia Doria por centenas de leitos fechados em S\u00e3o Paulo em plena pandemia"}]},{"@type":"WebSite","@id":"https:\/\/psol50.org.br\/#website","url":"https:\/\/psol50.org.br\/","name":"PSOL 50","description":"Site oficial do Partido Socialismo e Liberdade","publisher":{"@id":"https:\/\/psol50.org.br\/#organization"},"alternateName":"PSOL50","potentialAction":[{"@type":"SearchAction","target":{"@type":"EntryPoint","urlTemplate":"https:\/\/psol50.org.br\/?s={search_term_string}"},"query-input":{"@type":"PropertyValueSpecification","valueRequired":true,"valueName":"search_term_string"}}],"inLanguage":"pt-BR"},{"@type":"Organization","@id":"https:\/\/psol50.org.br\/#organization","name":"PSOL 50","alternateName":"PSOL 50","url":"https:\/\/psol50.org.br\/","logo":{"@type":"ImageObject","inLanguage":"pt-BR","@id":"https:\/\/psol50.org.br\/#\/schema\/logo\/image\/","url":"https:\/\/psol50.org.br\/inc\/uploads\/2018\/07\/capa.png","contentUrl":"https:\/\/psol50.org.br\/inc\/uploads\/2018\/07\/capa.png","width":1350,"height":900,"caption":"PSOL 50"},"image":{"@id":"https:\/\/psol50.org.br\/#\/schema\/logo\/image\/"},"sameAs":["https:\/\/www.facebook.com\/psol50","https:\/\/x.com\/psol50","https:\/\/www.instagram.com\/psol50\/","https:\/\/www.youtube.com\/channel\/UC7SnJS5o1os7a6CaiNabzcg"]},{"@type":"Person","@id":"https:\/\/psol50.org.br\/#\/schema\/person\/475dfa57d0b815993c714c2e96491fcd","name":"Comunica\u00e7\u00e3o PSOL","image":{"@type":"ImageObject","inLanguage":"pt-BR","@id":"https:\/\/psol50.org.br\/#\/schema\/person\/image\/","url":"https:\/\/secure.gravatar.com\/avatar\/b34fc4f4e468a4e51785917065a3db57b841f5c95dba6ad8c73aaf8f66f8f9bf?s=96&d=mm&r=g","contentUrl":"https:\/\/secure.gravatar.com\/avatar\/b34fc4f4e468a4e51785917065a3db57b841f5c95dba6ad8c73aaf8f66f8f9bf?s=96&d=mm&r=g","caption":"Comunica\u00e7\u00e3o PSOL"}}]}},"_links":{"self":[{"href":"https:\/\/psol50.org.br\/rest\/wp\/v2\/posts\/32198","targetHints":{"allow":["GET"]}}],"collection":[{"href":"https:\/\/psol50.org.br\/rest\/wp\/v2\/posts"}],"about":[{"href":"https:\/\/psol50.org.br\/rest\/wp\/v2\/types\/post"}],"author":[{"embeddable":true,"href":"https:\/\/psol50.org.br\/rest\/wp\/v2\/users\/2"}],"replies":[{"embeddable":true,"href":"https:\/\/psol50.org.br\/rest\/wp\/v2\/comments?post=32198"}],"version-history":[{"count":0,"href":"https:\/\/psol50.org.br\/rest\/wp\/v2\/posts\/32198\/revisions"}],"wp:featuredmedia":[{"embeddable":true,"href":"https:\/\/psol50.org.br\/rest\/wp\/v2\/media\/31917"}],"wp:attachment":[{"href":"https:\/\/psol50.org.br\/rest\/wp\/v2\/media?parent=32198"}],"wp:term":[{"taxonomy":"category","embeddable":true,"href":"https:\/\/psol50.org.br\/rest\/wp\/v2\/categories?post=32198"},{"taxonomy":"post_tag","embeddable":true,"href":"https:\/\/psol50.org.br\/rest\/wp\/v2\/tags?post=32198"}],"curies":[{"name":"wp","href":"https:\/\/api.w.org\/{rel}","templated":true}]}}