{"id":3220,"date":"2015-04-09T00:00:00","date_gmt":"2015-04-09T17:19:05","guid":{"rendered":"http:\/\/psol50.org.br\/arquivo\/2015\/04\/09\/movimentos-sociais-realizam-2o-encontro-nacional-pelo-direito-a-comunicacao\/"},"modified":"2015-04-09T00:00:00","modified_gmt":"2015-04-09T17:19:05","slug":"movimentos-sociais-realizam-2o-encontro-nacional-pelo-direito-a-comunicacao","status":"publish","type":"post","link":"https:\/\/psol50.org.br\/movimentos-sociais-realizam-2o-encontro-nacional-pelo-direito-a-comunicacao\/","title":{"rendered":"Movimentos sociais realizam 2\u00ba Encontro Nacional pelo Direito \u00e0 Comunica\u00e7\u00e3o"},"content":{"rendered":"<p style=\"text-align: justify;\">\n\t<span style=\"font-family:arial,helvetica,sans-serif;\"><span style=\"font-size:12px;\"><em>Fonte: FNDC<\/em><br \/>\n\t&nbsp;<br \/>\n\tCome\u00e7a nesta sexta-feira (10), em Belo Horizonte, o 2\u00ba Encontro Nacional pelo Direito \u00e0 Comunica\u00e7\u00e3o (ENDC), organizado pelo F\u00f3rum Nacional pela Democratiza\u00e7\u00e3o da Comunica\u00e7\u00e3o (FNDC) com o apoio de outras entidades e organiza\u00e7\u00f5es. O evento reunir\u00e1 militantes de movimentos sociais, sindicais, estudantes, acad\u00eamicos e ativistas e ter\u00e1 como eixo central a reivindica\u00e7\u00e3o de um novo marco regulat\u00f3rio para as comunica\u00e7\u00f5es no Brasil.<br \/>\n\t&nbsp;<br \/>\n\tPara fomentar o debate, o encontro contar\u00e1 com a participa\u00e7\u00e3o de diversos especialistas internacionais do campo das comunica\u00e7\u00f5es. O objetivo \u00e9 estimular a reflex\u00e3o sobre experi\u00eancias de pa\u00edses que avan\u00e7aram na revis\u00e3o e atualiza\u00e7\u00e3o de seus marcos legais para o setor, como o Uruguai e a Argentina, e debater o Projeto de Lei de Iniciativa Popular da M\u00eddia Democr\u00e1tica, elaborado pelos movimentos sociais brasileiros.<br \/>\n\t&nbsp;<br \/>\n\tJornalista, pesquisador e professor da Universidade de Buenos Aires e da Universidade Nacional de Quilmes, Mart\u00edn Becerra \u00e9 um dos mais proeminentes especialistas em sistemas de m\u00eddia na Am\u00e9rica Latina, incluindo processos de concentra\u00e7\u00e3o econ\u00f4mica nas comunica\u00e7\u00f5es. Autor de livros refer\u00eancia na \u00e1rea, como \u201cPeriodistas e Magnatas: estrutura e concentra\u00e7\u00e3o das ind\u00fastrias culturais\u201d e \u201cOs donos da palavra: acesso, estrutura e concentra\u00e7\u00e3o dos meios na Am\u00e9rica Latina do s\u00e9culo XXI\u201d, Becerra participar\u00e1 do encontro ao lado de outro colega argentino, tamb\u00e9m especialista no tema, Guillermo Mastrini, que participou da elabora\u00e7\u00e3o da Ley de Medios naquele pa\u00eds.<br \/>\n\t&nbsp;<br \/>\n\tDo Uruguai, vir\u00e1 o assessor de comunica\u00e7\u00e3o do ex-presidente Jos\u00e9 Pepe Mujica, Gustavo G\u00f3mez, um dos formuladores da rec\u00e9m sancionada Lei de Servi\u00e7os de Comunica\u00e7\u00e3o Audiovisual no Uruguai. G\u00f3mez vai narrar essa experi\u00eancia e discutir como os movimentos sociais enfrentaram o discurso conservador da grande imprensa contra a iniciativa de democratiza\u00e7\u00e3o do setor.<br \/>\n\t&nbsp;<br \/>\n\tTamb\u00e9m participar\u00e1 do debate o advogado canadense Toby Mendel, pesquisador em comunica\u00e7\u00e3o e consultor internacional da Organiza\u00e7\u00e3o das Na\u00e7\u00f5es Unidas para a Educa\u00e7\u00e3o, a Ci\u00eancia e a Cultura (Unesco). \u00c9 diretor-executivo do Centro de Direito e Democracia, organiza\u00e7\u00e3o internacional de direitos humanos com foco no fornecimento de conhecimento legal sobre direitos fundamentais para a democracia, incluindo o direito \u00e0 informa\u00e7\u00e3o, \u00e0 liberdade de express\u00e3o, de participa\u00e7\u00e3o e associa\u00e7\u00e3o. Mendel elaborou diversos projetos legislativos sobre regula\u00e7\u00e3o da m\u00eddia e publicou obras sobre o tema.<br \/>\n\t&nbsp;<br \/>\n\tO Encontro Nacional pelo Direito \u00e0 Comunica\u00e7\u00e3o contar\u00e1 ainda com a presen\u00e7a de representantes do Comit\u00ea Gestor da Internet no Brasil (CGI.br), do Minist\u00e9rio P\u00fablico Federal e da Secretaria de Telecomunica\u00e7\u00f5es do Minist\u00e9rio das Comunica\u00e7\u00f5es. Temas como o Plano Nacional de Banda Larga e regulamenta\u00e7\u00e3o do Marco Civil da Internet tamb\u00e9m est\u00e3o entre os debates do encontro. Cerca de 40 atividades autogestionadas, propostas por organiza\u00e7\u00f5es de todo o pa\u00eds, integram a programa\u00e7\u00e3o, que come\u00e7a na sexta-feira com um grande ato cultural na Pra\u00e7a da Liberdade, na capital mineira.&nbsp;<\/span><\/span><\/p>\n","protected":false},"excerpt":{"rendered":"<p>Evento em Belo Horizonte tem como eixo central a defesa de um novo marco regulat\u00f3rio para as comunica\u00e7\u00f5es no Brasil<\/p>\n","protected":false},"author":2,"featured_media":0,"comment_status":"open","ping_status":"open","sticky":false,"template":"","format":"standard","meta":{"_acf_changed":false,"footnotes":""},"categories":[6],"tags":[],"class_list":{"0":"post-3220","1":"post","2":"type-post","3":"status-publish","4":"format-standard","6":"category-noticias"},"acf":[],"yoast_head":"<!-- This site is optimized with the Yoast SEO plugin v26.5 - https:\/\/yoast.com\/wordpress\/plugins\/seo\/ -->\n<title>Movimentos sociais realizam 2\u00ba Encontro Nacional pelo Direito \u00e0 Comunica\u00e7\u00e3o - PSOL 50<\/title>\n<meta name=\"robots\" content=\"index, follow, max-snippet:-1, max-image-preview:large, max-video-preview:-1\" \/>\n<link rel=\"canonical\" href=\"https:\/\/psol50.org.br\/movimentos-sociais-realizam-2o-encontro-nacional-pelo-direito-a-comunicacao\/\" \/>\n<meta property=\"og:locale\" content=\"pt_BR\" \/>\n<meta property=\"og:type\" content=\"article\" \/>\n<meta property=\"og:title\" content=\"Movimentos sociais realizam 2\u00ba Encontro Nacional pelo Direito \u00e0 Comunica\u00e7\u00e3o - PSOL 50\" \/>\n<meta property=\"og:description\" content=\"Evento em Belo Horizonte tem como eixo central a defesa de um novo marco regulat\u00f3rio para as comunica\u00e7\u00f5es no Brasil\" \/>\n<meta property=\"og:url\" content=\"https:\/\/psol50.org.br\/movimentos-sociais-realizam-2o-encontro-nacional-pelo-direito-a-comunicacao\/\" \/>\n<meta property=\"og:site_name\" content=\"PSOL 50\" \/>\n<meta property=\"article:publisher\" content=\"https:\/\/www.facebook.com\/psol50\" \/>\n<meta property=\"article:published_time\" content=\"2015-04-09T17:19:05+00:00\" \/>\n<meta property=\"og:image\" content=\"https:\/\/psol50.org.br\/inc\/uploads\/2018\/07\/capa.png\" \/>\n\t<meta property=\"og:image:width\" content=\"1350\" \/>\n\t<meta property=\"og:image:height\" content=\"900\" \/>\n\t<meta property=\"og:image:type\" content=\"image\/png\" \/>\n<meta name=\"author\" content=\"Comunica\u00e7\u00e3o PSOL\" \/>\n<meta name=\"twitter:card\" content=\"summary_large_image\" \/>\n<meta name=\"twitter:creator\" content=\"@psol50\" \/>\n<meta name=\"twitter:site\" content=\"@psol50\" \/>\n<meta name=\"twitter:label1\" content=\"Escrito por\" \/>\n\t<meta name=\"twitter:data1\" content=\"Comunica\u00e7\u00e3o PSOL\" \/>\n\t<meta name=\"twitter:label2\" content=\"Est. tempo de leitura\" \/>\n\t<meta name=\"twitter:data2\" content=\"3 minutos\" \/>\n<script type=\"application\/ld+json\" class=\"yoast-schema-graph\">{\"@context\":\"https:\/\/schema.org\",\"@graph\":[{\"@type\":\"Article\",\"@id\":\"https:\/\/psol50.org.br\/movimentos-sociais-realizam-2o-encontro-nacional-pelo-direito-a-comunicacao\/#article\",\"isPartOf\":{\"@id\":\"https:\/\/psol50.org.br\/movimentos-sociais-realizam-2o-encontro-nacional-pelo-direito-a-comunicacao\/\"},\"author\":{\"name\":\"Comunica\u00e7\u00e3o PSOL\",\"@id\":\"https:\/\/psol50.org.br\/#\/schema\/person\/475dfa57d0b815993c714c2e96491fcd\"},\"headline\":\"Movimentos sociais realizam 2\u00ba Encontro Nacional pelo Direito \u00e0 Comunica\u00e7\u00e3o\",\"datePublished\":\"2015-04-09T17:19:05+00:00\",\"mainEntityOfPage\":{\"@id\":\"https:\/\/psol50.org.br\/movimentos-sociais-realizam-2o-encontro-nacional-pelo-direito-a-comunicacao\/\"},\"wordCount\":526,\"commentCount\":0,\"publisher\":{\"@id\":\"https:\/\/psol50.org.br\/#organization\"},\"articleSection\":[\"Not\u00edcias\"],\"inLanguage\":\"pt-BR\",\"potentialAction\":[{\"@type\":\"CommentAction\",\"name\":\"Comment\",\"target\":[\"https:\/\/psol50.org.br\/movimentos-sociais-realizam-2o-encontro-nacional-pelo-direito-a-comunicacao\/#respond\"]}]},{\"@type\":\"WebPage\",\"@id\":\"https:\/\/psol50.org.br\/movimentos-sociais-realizam-2o-encontro-nacional-pelo-direito-a-comunicacao\/\",\"url\":\"https:\/\/psol50.org.br\/movimentos-sociais-realizam-2o-encontro-nacional-pelo-direito-a-comunicacao\/\",\"name\":\"Movimentos sociais realizam 2\u00ba Encontro Nacional pelo Direito \u00e0 Comunica\u00e7\u00e3o - PSOL 50\",\"isPartOf\":{\"@id\":\"https:\/\/psol50.org.br\/#website\"},\"datePublished\":\"2015-04-09T17:19:05+00:00\",\"breadcrumb\":{\"@id\":\"https:\/\/psol50.org.br\/movimentos-sociais-realizam-2o-encontro-nacional-pelo-direito-a-comunicacao\/#breadcrumb\"},\"inLanguage\":\"pt-BR\",\"potentialAction\":[{\"@type\":\"ReadAction\",\"target\":[\"https:\/\/psol50.org.br\/movimentos-sociais-realizam-2o-encontro-nacional-pelo-direito-a-comunicacao\/\"]}]},{\"@type\":\"BreadcrumbList\",\"@id\":\"https:\/\/psol50.org.br\/movimentos-sociais-realizam-2o-encontro-nacional-pelo-direito-a-comunicacao\/#breadcrumb\",\"itemListElement\":[{\"@type\":\"ListItem\",\"position\":1,\"name\":\"In\u00edcio\",\"item\":\"https:\/\/psol50.org.br\/\"},{\"@type\":\"ListItem\",\"position\":2,\"name\":\"Movimentos sociais realizam 2\u00ba Encontro Nacional pelo Direito \u00e0 Comunica\u00e7\u00e3o\"}]},{\"@type\":\"WebSite\",\"@id\":\"https:\/\/psol50.org.br\/#website\",\"url\":\"https:\/\/psol50.org.br\/\",\"name\":\"PSOL 50\",\"description\":\"Site oficial do Partido Socialismo e Liberdade\",\"publisher\":{\"@id\":\"https:\/\/psol50.org.br\/#organization\"},\"alternateName\":\"PSOL50\",\"potentialAction\":[{\"@type\":\"SearchAction\",\"target\":{\"@type\":\"EntryPoint\",\"urlTemplate\":\"https:\/\/psol50.org.br\/?s={search_term_string}\"},\"query-input\":{\"@type\":\"PropertyValueSpecification\",\"valueRequired\":true,\"valueName\":\"search_term_string\"}}],\"inLanguage\":\"pt-BR\"},{\"@type\":\"Organization\",\"@id\":\"https:\/\/psol50.org.br\/#organization\",\"name\":\"PSOL 50\",\"alternateName\":\"PSOL 50\",\"url\":\"https:\/\/psol50.org.br\/\",\"logo\":{\"@type\":\"ImageObject\",\"inLanguage\":\"pt-BR\",\"@id\":\"https:\/\/psol50.org.br\/#\/schema\/logo\/image\/\",\"url\":\"https:\/\/psol50.org.br\/inc\/uploads\/2018\/07\/capa.png\",\"contentUrl\":\"https:\/\/psol50.org.br\/inc\/uploads\/2018\/07\/capa.png\",\"width\":1350,\"height\":900,\"caption\":\"PSOL 50\"},\"image\":{\"@id\":\"https:\/\/psol50.org.br\/#\/schema\/logo\/image\/\"},\"sameAs\":[\"https:\/\/www.facebook.com\/psol50\",\"https:\/\/x.com\/psol50\",\"https:\/\/www.instagram.com\/psol50\/\",\"https:\/\/www.youtube.com\/channel\/UC7SnJS5o1os7a6CaiNabzcg\"]},{\"@type\":\"Person\",\"@id\":\"https:\/\/psol50.org.br\/#\/schema\/person\/475dfa57d0b815993c714c2e96491fcd\",\"name\":\"Comunica\u00e7\u00e3o PSOL\",\"image\":{\"@type\":\"ImageObject\",\"inLanguage\":\"pt-BR\",\"@id\":\"https:\/\/psol50.org.br\/#\/schema\/person\/image\/\",\"url\":\"https:\/\/secure.gravatar.com\/avatar\/b34fc4f4e468a4e51785917065a3db57b841f5c95dba6ad8c73aaf8f66f8f9bf?s=96&d=mm&r=g\",\"contentUrl\":\"https:\/\/secure.gravatar.com\/avatar\/b34fc4f4e468a4e51785917065a3db57b841f5c95dba6ad8c73aaf8f66f8f9bf?s=96&d=mm&r=g\",\"caption\":\"Comunica\u00e7\u00e3o PSOL\"}}]}<\/script>\n<!-- \/ Yoast SEO plugin. -->","yoast_head_json":{"title":"Movimentos sociais realizam 2\u00ba Encontro Nacional pelo Direito \u00e0 Comunica\u00e7\u00e3o - PSOL 50","robots":{"index":"index","follow":"follow","max-snippet":"max-snippet:-1","max-image-preview":"max-image-preview:large","max-video-preview":"max-video-preview:-1"},"canonical":"https:\/\/psol50.org.br\/movimentos-sociais-realizam-2o-encontro-nacional-pelo-direito-a-comunicacao\/","og_locale":"pt_BR","og_type":"article","og_title":"Movimentos sociais realizam 2\u00ba Encontro Nacional pelo Direito \u00e0 Comunica\u00e7\u00e3o - PSOL 50","og_description":"Evento em Belo Horizonte tem como eixo central a defesa de um novo marco regulat\u00f3rio para as comunica\u00e7\u00f5es no Brasil","og_url":"https:\/\/psol50.org.br\/movimentos-sociais-realizam-2o-encontro-nacional-pelo-direito-a-comunicacao\/","og_site_name":"PSOL 50","article_publisher":"https:\/\/www.facebook.com\/psol50","article_published_time":"2015-04-09T17:19:05+00:00","og_image":[{"width":1350,"height":900,"url":"https:\/\/psol50.org.br\/inc\/uploads\/2018\/07\/capa.png","type":"image\/png"}],"author":"Comunica\u00e7\u00e3o PSOL","twitter_card":"summary_large_image","twitter_creator":"@psol50","twitter_site":"@psol50","twitter_misc":{"Escrito por":"Comunica\u00e7\u00e3o PSOL","Est. tempo de leitura":"3 minutos"},"schema":{"@context":"https:\/\/schema.org","@graph":[{"@type":"Article","@id":"https:\/\/psol50.org.br\/movimentos-sociais-realizam-2o-encontro-nacional-pelo-direito-a-comunicacao\/#article","isPartOf":{"@id":"https:\/\/psol50.org.br\/movimentos-sociais-realizam-2o-encontro-nacional-pelo-direito-a-comunicacao\/"},"author":{"name":"Comunica\u00e7\u00e3o PSOL","@id":"https:\/\/psol50.org.br\/#\/schema\/person\/475dfa57d0b815993c714c2e96491fcd"},"headline":"Movimentos sociais realizam 2\u00ba Encontro Nacional pelo Direito \u00e0 Comunica\u00e7\u00e3o","datePublished":"2015-04-09T17:19:05+00:00","mainEntityOfPage":{"@id":"https:\/\/psol50.org.br\/movimentos-sociais-realizam-2o-encontro-nacional-pelo-direito-a-comunicacao\/"},"wordCount":526,"commentCount":0,"publisher":{"@id":"https:\/\/psol50.org.br\/#organization"},"articleSection":["Not\u00edcias"],"inLanguage":"pt-BR","potentialAction":[{"@type":"CommentAction","name":"Comment","target":["https:\/\/psol50.org.br\/movimentos-sociais-realizam-2o-encontro-nacional-pelo-direito-a-comunicacao\/#respond"]}]},{"@type":"WebPage","@id":"https:\/\/psol50.org.br\/movimentos-sociais-realizam-2o-encontro-nacional-pelo-direito-a-comunicacao\/","url":"https:\/\/psol50.org.br\/movimentos-sociais-realizam-2o-encontro-nacional-pelo-direito-a-comunicacao\/","name":"Movimentos sociais realizam 2\u00ba Encontro Nacional pelo Direito \u00e0 Comunica\u00e7\u00e3o - PSOL 50","isPartOf":{"@id":"https:\/\/psol50.org.br\/#website"},"datePublished":"2015-04-09T17:19:05+00:00","breadcrumb":{"@id":"https:\/\/psol50.org.br\/movimentos-sociais-realizam-2o-encontro-nacional-pelo-direito-a-comunicacao\/#breadcrumb"},"inLanguage":"pt-BR","potentialAction":[{"@type":"ReadAction","target":["https:\/\/psol50.org.br\/movimentos-sociais-realizam-2o-encontro-nacional-pelo-direito-a-comunicacao\/"]}]},{"@type":"BreadcrumbList","@id":"https:\/\/psol50.org.br\/movimentos-sociais-realizam-2o-encontro-nacional-pelo-direito-a-comunicacao\/#breadcrumb","itemListElement":[{"@type":"ListItem","position":1,"name":"In\u00edcio","item":"https:\/\/psol50.org.br\/"},{"@type":"ListItem","position":2,"name":"Movimentos sociais realizam 2\u00ba Encontro Nacional pelo Direito \u00e0 Comunica\u00e7\u00e3o"}]},{"@type":"WebSite","@id":"https:\/\/psol50.org.br\/#website","url":"https:\/\/psol50.org.br\/","name":"PSOL 50","description":"Site oficial do Partido Socialismo e Liberdade","publisher":{"@id":"https:\/\/psol50.org.br\/#organization"},"alternateName":"PSOL50","potentialAction":[{"@type":"SearchAction","target":{"@type":"EntryPoint","urlTemplate":"https:\/\/psol50.org.br\/?s={search_term_string}"},"query-input":{"@type":"PropertyValueSpecification","valueRequired":true,"valueName":"search_term_string"}}],"inLanguage":"pt-BR"},{"@type":"Organization","@id":"https:\/\/psol50.org.br\/#organization","name":"PSOL 50","alternateName":"PSOL 50","url":"https:\/\/psol50.org.br\/","logo":{"@type":"ImageObject","inLanguage":"pt-BR","@id":"https:\/\/psol50.org.br\/#\/schema\/logo\/image\/","url":"https:\/\/psol50.org.br\/inc\/uploads\/2018\/07\/capa.png","contentUrl":"https:\/\/psol50.org.br\/inc\/uploads\/2018\/07\/capa.png","width":1350,"height":900,"caption":"PSOL 50"},"image":{"@id":"https:\/\/psol50.org.br\/#\/schema\/logo\/image\/"},"sameAs":["https:\/\/www.facebook.com\/psol50","https:\/\/x.com\/psol50","https:\/\/www.instagram.com\/psol50\/","https:\/\/www.youtube.com\/channel\/UC7SnJS5o1os7a6CaiNabzcg"]},{"@type":"Person","@id":"https:\/\/psol50.org.br\/#\/schema\/person\/475dfa57d0b815993c714c2e96491fcd","name":"Comunica\u00e7\u00e3o PSOL","image":{"@type":"ImageObject","inLanguage":"pt-BR","@id":"https:\/\/psol50.org.br\/#\/schema\/person\/image\/","url":"https:\/\/secure.gravatar.com\/avatar\/b34fc4f4e468a4e51785917065a3db57b841f5c95dba6ad8c73aaf8f66f8f9bf?s=96&d=mm&r=g","contentUrl":"https:\/\/secure.gravatar.com\/avatar\/b34fc4f4e468a4e51785917065a3db57b841f5c95dba6ad8c73aaf8f66f8f9bf?s=96&d=mm&r=g","caption":"Comunica\u00e7\u00e3o PSOL"}}]}},"_links":{"self":[{"href":"https:\/\/psol50.org.br\/rest\/wp\/v2\/posts\/3220","targetHints":{"allow":["GET"]}}],"collection":[{"href":"https:\/\/psol50.org.br\/rest\/wp\/v2\/posts"}],"about":[{"href":"https:\/\/psol50.org.br\/rest\/wp\/v2\/types\/post"}],"author":[{"embeddable":true,"href":"https:\/\/psol50.org.br\/rest\/wp\/v2\/users\/2"}],"replies":[{"embeddable":true,"href":"https:\/\/psol50.org.br\/rest\/wp\/v2\/comments?post=3220"}],"version-history":[{"count":0,"href":"https:\/\/psol50.org.br\/rest\/wp\/v2\/posts\/3220\/revisions"}],"wp:attachment":[{"href":"https:\/\/psol50.org.br\/rest\/wp\/v2\/media?parent=3220"}],"wp:term":[{"taxonomy":"category","embeddable":true,"href":"https:\/\/psol50.org.br\/rest\/wp\/v2\/categories?post=3220"},{"taxonomy":"post_tag","embeddable":true,"href":"https:\/\/psol50.org.br\/rest\/wp\/v2\/tags?post=3220"}],"curies":[{"name":"wp","href":"https:\/\/api.w.org\/{rel}","templated":true}]}}