{"id":3222,"date":"2015-04-10T00:00:00","date_gmt":"2015-04-10T15:31:26","guid":{"rendered":"http:\/\/psol50.org.br\/arquivo\/2015\/04\/10\/grandes-manifestacoes-contra-a-austeridade-marcaram-a-quinta-feira-na-franca\/"},"modified":"2015-04-10T00:00:00","modified_gmt":"2015-04-10T15:31:26","slug":"grandes-manifestacoes-contra-a-austeridade-marcaram-a-quinta-feira-na-franca","status":"publish","type":"post","link":"https:\/\/psol50.org.br\/grandes-manifestacoes-contra-a-austeridade-marcaram-a-quinta-feira-na-franca\/","title":{"rendered":"Grandes manifesta\u00e7\u00f5es contra a austeridade marcaram a quinta-feira na Fran\u00e7a"},"content":{"rendered":"<p style=\"text-align: justify;\">\n\t<span style=\"font-family:arial,helvetica,sans-serif;\"><span style=\"font-size: 12px;\">Esta quinta-feira (09), v\u00e1rias cidades da Fran\u00e7a foram palco de uma jornada nacional contra a austeridade, convocada por quatro centrais sindicais. O protesto incluiu manifesta\u00e7\u00f5es em 80 cidades, como Paris, Marselha, Bord\u00e9us, Metz, Nimes, Nancy, Rouen.<br \/>\n\t&nbsp;<br \/>\n\tSegundo o <a href=\"https:\/\/www.lepartidegauche.fr\/actualites\/actualite\/manifestation-9-avril-la-rue-pietine-la-loi-macron-32032\" target=\"_blank\" rel=\"noopener\">Parti de Gauche<\/a>, \u201ch\u00e1 muito\u201d que n\u00e3o se via tantas pessoas desfilarem nas ruas de Paris, mobilizadas pelas centrais sindicais.<br \/>\n\t&nbsp;<br \/>\n\tA jornada foi convocada para protestar contra a austeridade e a Lei Macron, que inclui medidas como a flexibiliza\u00e7\u00e3o que permite demiss\u00f5es coletivas, reestrutura\u00e7\u00e3o das empresas, privatiza\u00e7\u00e3o dos aeroportos de Nice e de Lyon e a liberaliza\u00e7\u00e3o do trabalho ao domingo e \u00e0 noite. <em>(ler not\u00edcia no Esquerda.net: <a href=\"http:\/\/www.esquerda.net\/artigo\/para-evitar-derrota-governo-frances-aprova-lei-de-austeridade-por-decreto\/35864\" target=\"_blank\" rel=\"noopener\">Para evitar derrota, governo franc\u00eas aprova lei de austeridade por decreto<\/a>)<\/em>.<br \/>\n\t&nbsp;<br \/>\n\tConsiderando que a jornada desta quinta-feira na Fran\u00e7a foi um sucesso, a organiza\u00e7\u00e3o pol\u00edtica <a href=\"http:\/\/www.npa2009.org\/actualite\/succes-des-manifestations-contre-la-loi-macron-et-lensemble-de-la-politique\" target=\"_blank\" rel=\"noopener\">NPA<\/a> afirma que al\u00e9m dos protestos contra a austeridade e a Lei Macron, os manifestantes gritaram contra o congelamento dos sal\u00e1rios e em defesa de melhores condi\u00e7\u00f5es de trabalho. Destaca tamb\u00e9m as marchas organizadas por trabalhadores de empresas, como Radio France, Appel 24, Sambre et Meuse, Carrefour Market, SNCM, Sanofi e a participa\u00e7\u00e3o de trabalhadores do com\u00e9rcio.<br \/>\n\t&nbsp;<br \/>\n\tUm dos adesivos mais usados pelos manifestantes dizia \u201cAvec les Grecs\u201d <em>(com os gregos)<\/em>, com os subt\u00edtulos \u201cpour une autre Europe\u201d ou \u201ccontre les diktats de la finance\u201d (por uma outra Europa ou contra os ditames do mercado financeiro).<\/span><\/span><\/p>\n<p>&nbsp;<\/p>\n","protected":false},"excerpt":{"rendered":"<p>Esta quinta-feira (09), v\u00e1rias cidades da Fran\u00e7a foram palco de uma jornada nacional contra a austeridade, convocada por quatro centrais sindicais. O protesto incluiu manifesta\u00e7\u00f5es em 80 cidades, como Paris, Marselha, Bord\u00e9us, Metz, Nimes, Nancy, Rouen. &nbsp; Segundo o Parti de Gauche, \u201ch\u00e1 muito\u201d que n\u00e3o se via tantas pessoas desfilarem nas ruas de Paris, [&hellip;]<\/p>\n","protected":false},"author":2,"featured_media":0,"comment_status":"open","ping_status":"open","sticky":false,"template":"","format":"standard","meta":{"_acf_changed":false,"footnotes":""},"categories":[6],"tags":[],"class_list":{"0":"post-3222","1":"post","2":"type-post","3":"status-publish","4":"format-standard","6":"category-noticias"},"acf":[],"yoast_head":"<!-- This site is optimized with the Yoast SEO plugin v26.5 - https:\/\/yoast.com\/wordpress\/plugins\/seo\/ -->\n<title>Grandes manifesta\u00e7\u00f5es contra a austeridade marcaram a quinta-feira na Fran\u00e7a - PSOL 50<\/title>\n<meta name=\"robots\" content=\"index, follow, max-snippet:-1, max-image-preview:large, max-video-preview:-1\" \/>\n<link rel=\"canonical\" href=\"https:\/\/psol50.org.br\/grandes-manifestacoes-contra-a-austeridade-marcaram-a-quinta-feira-na-franca\/\" \/>\n<meta property=\"og:locale\" content=\"pt_BR\" \/>\n<meta property=\"og:type\" content=\"article\" \/>\n<meta property=\"og:title\" content=\"Grandes manifesta\u00e7\u00f5es contra a austeridade marcaram a quinta-feira na Fran\u00e7a - PSOL 50\" \/>\n<meta property=\"og:description\" content=\"Esta quinta-feira (09), v\u00e1rias cidades da Fran\u00e7a foram palco de uma jornada nacional contra a austeridade, convocada por quatro centrais sindicais. O protesto incluiu manifesta\u00e7\u00f5es em 80 cidades, como Paris, Marselha, Bord\u00e9us, Metz, Nimes, Nancy, Rouen. &nbsp; Segundo o Parti de Gauche, \u201ch\u00e1 muito\u201d que n\u00e3o se via tantas pessoas desfilarem nas ruas de Paris, [&hellip;]\" \/>\n<meta property=\"og:url\" content=\"https:\/\/psol50.org.br\/grandes-manifestacoes-contra-a-austeridade-marcaram-a-quinta-feira-na-franca\/\" \/>\n<meta property=\"og:site_name\" content=\"PSOL 50\" \/>\n<meta property=\"article:publisher\" content=\"https:\/\/www.facebook.com\/psol50\" \/>\n<meta property=\"article:published_time\" content=\"2015-04-10T15:31:26+00:00\" \/>\n<meta property=\"og:image\" content=\"https:\/\/psol50.org.br\/inc\/uploads\/2018\/07\/capa.png\" \/>\n\t<meta property=\"og:image:width\" content=\"1350\" \/>\n\t<meta property=\"og:image:height\" content=\"900\" \/>\n\t<meta property=\"og:image:type\" content=\"image\/png\" \/>\n<meta name=\"author\" content=\"Comunica\u00e7\u00e3o PSOL\" \/>\n<meta name=\"twitter:card\" content=\"summary_large_image\" \/>\n<meta name=\"twitter:creator\" content=\"@psol50\" \/>\n<meta name=\"twitter:site\" content=\"@psol50\" \/>\n<meta name=\"twitter:label1\" content=\"Escrito por\" \/>\n\t<meta name=\"twitter:data1\" content=\"Comunica\u00e7\u00e3o PSOL\" \/>\n\t<meta name=\"twitter:label2\" content=\"Est. tempo de leitura\" \/>\n\t<meta name=\"twitter:data2\" content=\"1 minuto\" \/>\n<script type=\"application\/ld+json\" class=\"yoast-schema-graph\">{\"@context\":\"https:\/\/schema.org\",\"@graph\":[{\"@type\":\"Article\",\"@id\":\"https:\/\/psol50.org.br\/grandes-manifestacoes-contra-a-austeridade-marcaram-a-quinta-feira-na-franca\/#article\",\"isPartOf\":{\"@id\":\"https:\/\/psol50.org.br\/grandes-manifestacoes-contra-a-austeridade-marcaram-a-quinta-feira-na-franca\/\"},\"author\":{\"name\":\"Comunica\u00e7\u00e3o PSOL\",\"@id\":\"https:\/\/psol50.org.br\/#\/schema\/person\/475dfa57d0b815993c714c2e96491fcd\"},\"headline\":\"Grandes manifesta\u00e7\u00f5es contra a austeridade marcaram a quinta-feira na Fran\u00e7a\",\"datePublished\":\"2015-04-10T15:31:26+00:00\",\"mainEntityOfPage\":{\"@id\":\"https:\/\/psol50.org.br\/grandes-manifestacoes-contra-a-austeridade-marcaram-a-quinta-feira-na-franca\/\"},\"wordCount\":263,\"commentCount\":0,\"publisher\":{\"@id\":\"https:\/\/psol50.org.br\/#organization\"},\"articleSection\":[\"Not\u00edcias\"],\"inLanguage\":\"pt-BR\",\"potentialAction\":[{\"@type\":\"CommentAction\",\"name\":\"Comment\",\"target\":[\"https:\/\/psol50.org.br\/grandes-manifestacoes-contra-a-austeridade-marcaram-a-quinta-feira-na-franca\/#respond\"]}]},{\"@type\":\"WebPage\",\"@id\":\"https:\/\/psol50.org.br\/grandes-manifestacoes-contra-a-austeridade-marcaram-a-quinta-feira-na-franca\/\",\"url\":\"https:\/\/psol50.org.br\/grandes-manifestacoes-contra-a-austeridade-marcaram-a-quinta-feira-na-franca\/\",\"name\":\"Grandes manifesta\u00e7\u00f5es contra a austeridade marcaram a quinta-feira na Fran\u00e7a - PSOL 50\",\"isPartOf\":{\"@id\":\"https:\/\/psol50.org.br\/#website\"},\"datePublished\":\"2015-04-10T15:31:26+00:00\",\"breadcrumb\":{\"@id\":\"https:\/\/psol50.org.br\/grandes-manifestacoes-contra-a-austeridade-marcaram-a-quinta-feira-na-franca\/#breadcrumb\"},\"inLanguage\":\"pt-BR\",\"potentialAction\":[{\"@type\":\"ReadAction\",\"target\":[\"https:\/\/psol50.org.br\/grandes-manifestacoes-contra-a-austeridade-marcaram-a-quinta-feira-na-franca\/\"]}]},{\"@type\":\"BreadcrumbList\",\"@id\":\"https:\/\/psol50.org.br\/grandes-manifestacoes-contra-a-austeridade-marcaram-a-quinta-feira-na-franca\/#breadcrumb\",\"itemListElement\":[{\"@type\":\"ListItem\",\"position\":1,\"name\":\"In\u00edcio\",\"item\":\"https:\/\/psol50.org.br\/\"},{\"@type\":\"ListItem\",\"position\":2,\"name\":\"Grandes manifesta\u00e7\u00f5es contra a austeridade marcaram a quinta-feira na Fran\u00e7a\"}]},{\"@type\":\"WebSite\",\"@id\":\"https:\/\/psol50.org.br\/#website\",\"url\":\"https:\/\/psol50.org.br\/\",\"name\":\"PSOL 50\",\"description\":\"Site oficial do Partido Socialismo e Liberdade\",\"publisher\":{\"@id\":\"https:\/\/psol50.org.br\/#organization\"},\"alternateName\":\"PSOL50\",\"potentialAction\":[{\"@type\":\"SearchAction\",\"target\":{\"@type\":\"EntryPoint\",\"urlTemplate\":\"https:\/\/psol50.org.br\/?s={search_term_string}\"},\"query-input\":{\"@type\":\"PropertyValueSpecification\",\"valueRequired\":true,\"valueName\":\"search_term_string\"}}],\"inLanguage\":\"pt-BR\"},{\"@type\":\"Organization\",\"@id\":\"https:\/\/psol50.org.br\/#organization\",\"name\":\"PSOL 50\",\"alternateName\":\"PSOL 50\",\"url\":\"https:\/\/psol50.org.br\/\",\"logo\":{\"@type\":\"ImageObject\",\"inLanguage\":\"pt-BR\",\"@id\":\"https:\/\/psol50.org.br\/#\/schema\/logo\/image\/\",\"url\":\"https:\/\/psol50.org.br\/inc\/uploads\/2018\/07\/capa.png\",\"contentUrl\":\"https:\/\/psol50.org.br\/inc\/uploads\/2018\/07\/capa.png\",\"width\":1350,\"height\":900,\"caption\":\"PSOL 50\"},\"image\":{\"@id\":\"https:\/\/psol50.org.br\/#\/schema\/logo\/image\/\"},\"sameAs\":[\"https:\/\/www.facebook.com\/psol50\",\"https:\/\/x.com\/psol50\",\"https:\/\/www.instagram.com\/psol50\/\",\"https:\/\/www.youtube.com\/channel\/UC7SnJS5o1os7a6CaiNabzcg\"]},{\"@type\":\"Person\",\"@id\":\"https:\/\/psol50.org.br\/#\/schema\/person\/475dfa57d0b815993c714c2e96491fcd\",\"name\":\"Comunica\u00e7\u00e3o PSOL\",\"image\":{\"@type\":\"ImageObject\",\"inLanguage\":\"pt-BR\",\"@id\":\"https:\/\/psol50.org.br\/#\/schema\/person\/image\/\",\"url\":\"https:\/\/secure.gravatar.com\/avatar\/b34fc4f4e468a4e51785917065a3db57b841f5c95dba6ad8c73aaf8f66f8f9bf?s=96&d=mm&r=g\",\"contentUrl\":\"https:\/\/secure.gravatar.com\/avatar\/b34fc4f4e468a4e51785917065a3db57b841f5c95dba6ad8c73aaf8f66f8f9bf?s=96&d=mm&r=g\",\"caption\":\"Comunica\u00e7\u00e3o PSOL\"}}]}<\/script>\n<!-- \/ Yoast SEO plugin. -->","yoast_head_json":{"title":"Grandes manifesta\u00e7\u00f5es contra a austeridade marcaram a quinta-feira na Fran\u00e7a - PSOL 50","robots":{"index":"index","follow":"follow","max-snippet":"max-snippet:-1","max-image-preview":"max-image-preview:large","max-video-preview":"max-video-preview:-1"},"canonical":"https:\/\/psol50.org.br\/grandes-manifestacoes-contra-a-austeridade-marcaram-a-quinta-feira-na-franca\/","og_locale":"pt_BR","og_type":"article","og_title":"Grandes manifesta\u00e7\u00f5es contra a austeridade marcaram a quinta-feira na Fran\u00e7a - PSOL 50","og_description":"Esta quinta-feira (09), v\u00e1rias cidades da Fran\u00e7a foram palco de uma jornada nacional contra a austeridade, convocada por quatro centrais sindicais. O protesto incluiu manifesta\u00e7\u00f5es em 80 cidades, como Paris, Marselha, Bord\u00e9us, Metz, Nimes, Nancy, Rouen. &nbsp; Segundo o Parti de Gauche, \u201ch\u00e1 muito\u201d que n\u00e3o se via tantas pessoas desfilarem nas ruas de Paris, [&hellip;]","og_url":"https:\/\/psol50.org.br\/grandes-manifestacoes-contra-a-austeridade-marcaram-a-quinta-feira-na-franca\/","og_site_name":"PSOL 50","article_publisher":"https:\/\/www.facebook.com\/psol50","article_published_time":"2015-04-10T15:31:26+00:00","og_image":[{"width":1350,"height":900,"url":"https:\/\/psol50.org.br\/inc\/uploads\/2018\/07\/capa.png","type":"image\/png"}],"author":"Comunica\u00e7\u00e3o PSOL","twitter_card":"summary_large_image","twitter_creator":"@psol50","twitter_site":"@psol50","twitter_misc":{"Escrito por":"Comunica\u00e7\u00e3o PSOL","Est. tempo de leitura":"1 minuto"},"schema":{"@context":"https:\/\/schema.org","@graph":[{"@type":"Article","@id":"https:\/\/psol50.org.br\/grandes-manifestacoes-contra-a-austeridade-marcaram-a-quinta-feira-na-franca\/#article","isPartOf":{"@id":"https:\/\/psol50.org.br\/grandes-manifestacoes-contra-a-austeridade-marcaram-a-quinta-feira-na-franca\/"},"author":{"name":"Comunica\u00e7\u00e3o PSOL","@id":"https:\/\/psol50.org.br\/#\/schema\/person\/475dfa57d0b815993c714c2e96491fcd"},"headline":"Grandes manifesta\u00e7\u00f5es contra a austeridade marcaram a quinta-feira na Fran\u00e7a","datePublished":"2015-04-10T15:31:26+00:00","mainEntityOfPage":{"@id":"https:\/\/psol50.org.br\/grandes-manifestacoes-contra-a-austeridade-marcaram-a-quinta-feira-na-franca\/"},"wordCount":263,"commentCount":0,"publisher":{"@id":"https:\/\/psol50.org.br\/#organization"},"articleSection":["Not\u00edcias"],"inLanguage":"pt-BR","potentialAction":[{"@type":"CommentAction","name":"Comment","target":["https:\/\/psol50.org.br\/grandes-manifestacoes-contra-a-austeridade-marcaram-a-quinta-feira-na-franca\/#respond"]}]},{"@type":"WebPage","@id":"https:\/\/psol50.org.br\/grandes-manifestacoes-contra-a-austeridade-marcaram-a-quinta-feira-na-franca\/","url":"https:\/\/psol50.org.br\/grandes-manifestacoes-contra-a-austeridade-marcaram-a-quinta-feira-na-franca\/","name":"Grandes manifesta\u00e7\u00f5es contra a austeridade marcaram a quinta-feira na Fran\u00e7a - PSOL 50","isPartOf":{"@id":"https:\/\/psol50.org.br\/#website"},"datePublished":"2015-04-10T15:31:26+00:00","breadcrumb":{"@id":"https:\/\/psol50.org.br\/grandes-manifestacoes-contra-a-austeridade-marcaram-a-quinta-feira-na-franca\/#breadcrumb"},"inLanguage":"pt-BR","potentialAction":[{"@type":"ReadAction","target":["https:\/\/psol50.org.br\/grandes-manifestacoes-contra-a-austeridade-marcaram-a-quinta-feira-na-franca\/"]}]},{"@type":"BreadcrumbList","@id":"https:\/\/psol50.org.br\/grandes-manifestacoes-contra-a-austeridade-marcaram-a-quinta-feira-na-franca\/#breadcrumb","itemListElement":[{"@type":"ListItem","position":1,"name":"In\u00edcio","item":"https:\/\/psol50.org.br\/"},{"@type":"ListItem","position":2,"name":"Grandes manifesta\u00e7\u00f5es contra a austeridade marcaram a quinta-feira na Fran\u00e7a"}]},{"@type":"WebSite","@id":"https:\/\/psol50.org.br\/#website","url":"https:\/\/psol50.org.br\/","name":"PSOL 50","description":"Site oficial do Partido Socialismo e Liberdade","publisher":{"@id":"https:\/\/psol50.org.br\/#organization"},"alternateName":"PSOL50","potentialAction":[{"@type":"SearchAction","target":{"@type":"EntryPoint","urlTemplate":"https:\/\/psol50.org.br\/?s={search_term_string}"},"query-input":{"@type":"PropertyValueSpecification","valueRequired":true,"valueName":"search_term_string"}}],"inLanguage":"pt-BR"},{"@type":"Organization","@id":"https:\/\/psol50.org.br\/#organization","name":"PSOL 50","alternateName":"PSOL 50","url":"https:\/\/psol50.org.br\/","logo":{"@type":"ImageObject","inLanguage":"pt-BR","@id":"https:\/\/psol50.org.br\/#\/schema\/logo\/image\/","url":"https:\/\/psol50.org.br\/inc\/uploads\/2018\/07\/capa.png","contentUrl":"https:\/\/psol50.org.br\/inc\/uploads\/2018\/07\/capa.png","width":1350,"height":900,"caption":"PSOL 50"},"image":{"@id":"https:\/\/psol50.org.br\/#\/schema\/logo\/image\/"},"sameAs":["https:\/\/www.facebook.com\/psol50","https:\/\/x.com\/psol50","https:\/\/www.instagram.com\/psol50\/","https:\/\/www.youtube.com\/channel\/UC7SnJS5o1os7a6CaiNabzcg"]},{"@type":"Person","@id":"https:\/\/psol50.org.br\/#\/schema\/person\/475dfa57d0b815993c714c2e96491fcd","name":"Comunica\u00e7\u00e3o PSOL","image":{"@type":"ImageObject","inLanguage":"pt-BR","@id":"https:\/\/psol50.org.br\/#\/schema\/person\/image\/","url":"https:\/\/secure.gravatar.com\/avatar\/b34fc4f4e468a4e51785917065a3db57b841f5c95dba6ad8c73aaf8f66f8f9bf?s=96&d=mm&r=g","contentUrl":"https:\/\/secure.gravatar.com\/avatar\/b34fc4f4e468a4e51785917065a3db57b841f5c95dba6ad8c73aaf8f66f8f9bf?s=96&d=mm&r=g","caption":"Comunica\u00e7\u00e3o PSOL"}}]}},"_links":{"self":[{"href":"https:\/\/psol50.org.br\/rest\/wp\/v2\/posts\/3222","targetHints":{"allow":["GET"]}}],"collection":[{"href":"https:\/\/psol50.org.br\/rest\/wp\/v2\/posts"}],"about":[{"href":"https:\/\/psol50.org.br\/rest\/wp\/v2\/types\/post"}],"author":[{"embeddable":true,"href":"https:\/\/psol50.org.br\/rest\/wp\/v2\/users\/2"}],"replies":[{"embeddable":true,"href":"https:\/\/psol50.org.br\/rest\/wp\/v2\/comments?post=3222"}],"version-history":[{"count":0,"href":"https:\/\/psol50.org.br\/rest\/wp\/v2\/posts\/3222\/revisions"}],"wp:attachment":[{"href":"https:\/\/psol50.org.br\/rest\/wp\/v2\/media?parent=3222"}],"wp:term":[{"taxonomy":"category","embeddable":true,"href":"https:\/\/psol50.org.br\/rest\/wp\/v2\/categories?post=3222"},{"taxonomy":"post_tag","embeddable":true,"href":"https:\/\/psol50.org.br\/rest\/wp\/v2\/tags?post=3222"}],"curies":[{"name":"wp","href":"https:\/\/api.w.org\/{rel}","templated":true}]}}