{"id":3223,"date":"2015-04-10T00:00:00","date_gmt":"2015-04-10T16:20:58","guid":{"rendered":"http:\/\/psol50.org.br\/arquivo\/2015\/04\/10\/no-amapa-deputado-do-psol-vai-aos-municipios-apurar-necessidades-da-populacao\/"},"modified":"2015-04-10T00:00:00","modified_gmt":"2015-04-10T16:20:58","slug":"no-amapa-deputado-do-psol-vai-aos-municipios-apurar-necessidades-da-populacao","status":"publish","type":"post","link":"https:\/\/psol50.org.br\/no-amapa-deputado-do-psol-vai-aos-municipios-apurar-necessidades-da-populacao\/","title":{"rendered":"No Amap\u00e1, deputado do PSOL vai aos munic\u00edpios apurar necessidades da popula\u00e7\u00e3o"},"content":{"rendered":"<p style=\"text-align: justify;\">\n\t<span style=\"font-family:arial,helvetica,sans-serif;\"><span style=\"font-size:12px;\">O Gabinete Itinerante do mandato do deputado estadual do PSOL Paulo Lemos, no Amap\u00e1, est\u00e1 visitando v\u00e1rias cidades do interior do estado. O objetivo \u00e9 conhecer a realidade de cada localidade e, em seguida, desenvolver propostas que possam melhorar a vida da popula\u00e7\u00e3o.<br \/>\n\t&nbsp;<br \/>\n\tEm visita o munic\u00edpio de Mazag\u00e3o, Paulo Lemos acompanhou a sess\u00e3o ordin\u00e1ria na C\u00e2mara dos Vereadores, onde p\u00f4de conhecer um pouco dos problemas pelos quais o munic\u00edpio passa atualmente. O parlamentar aproveitou a viagem para visitar \u00f3rg\u00e3os p\u00fablicos e apurar as necessidades da popula\u00e7\u00e3o.<br \/>\n\t&nbsp;<br \/>\n\tNesta sexta-feira e no s\u00e1bado, dias 10 e 11, o Gabinete Itinerante estar\u00e1 nos munic\u00edpios de Ferreira Gomes e de Porto Grande, e comunidades do entorno.<br \/>\n\t&nbsp;<br \/>\n\tO Gabinete Itinerante ir\u00e1 percorrer todos os munic\u00edpios amapaenses, at\u00e9 o final deste semestre, para apurar as necessidades da popula\u00e7\u00e3o do interior e cobrar do Governo do Amap\u00e1 a\u00e7\u00f5es que visam melhorias na qualidade de vida das pessoas e das cidades. No Mazag\u00e3o, por exemplo, uma das maiores preocupa\u00e7\u00f5es detectadas pelos vereadores \u00e9 a paralisa\u00e7\u00e3o das obras da ponte sobre o Rio Matap\u00ed.<br \/>\n\t&nbsp;<br \/>\n\tAs obras da ponte est\u00e3o paralisadas, segundo a Secretaria de Estado da Infraestrutura (Seinf), por problemas t\u00e9cnicos no projeto original. Entretanto, o Governo do Estado do Amap\u00e1 n\u00e3o tem previs\u00e3o de retomar os trabalhos para finalizar a obra. \u201cSabemos que essas quest\u00f5es t\u00e9cnicas oneraram o valor da obra, mas o Governo precisa informar a popula\u00e7\u00e3o sobre a retomada dos trabalhos da ponte, de extrema import\u00e2ncia para desenvolvimento do munic\u00edpio\u201d, garante o deputado.<br \/>\n\t&nbsp;<br \/>\n\tOutros problemas constados pela equipe dizem respeito \u00e0 \u00e1rea da Sa\u00fade. O Hospital de Especialidades de Mazag\u00e3o, por exemplo, ainda que tenha passado por reforma em fevereiro, est\u00e1 com o forro comprometido em uma das enfermarias, e o lixo hospitalar n\u00e3o vem sendo recolhido desde fevereiro. O entulho est\u00e1 acumulado nos fundos do hospital, o que p\u00f5e em risco a vida dos pacientes internados. A unidade tamb\u00e9m sofre com a falta de combust\u00edvel para abastecer as ambul\u00e2ncias.<br \/>\n\t&nbsp;<br \/>\n\tSegundo a diretora da institui\u00e7\u00e3o, Nancy Calvinho, a irregularidade da coleta do lixo acontece porque o Governo ainda n\u00e3o contatou nova empresa para fazer o servi\u00e7o especializado, e que o processo para contrata\u00e7\u00e3o est\u00e1 em fase inicial na Comiss\u00e3o de Permanente de Licita\u00e7\u00e3o (CPL), da Secretaria de Estado da Sa\u00fade (Sesa). Paulo Lemos vai requere ao Governo do Estado do Amap\u00e1 agilidade na contrata\u00e7\u00e3o da empresa para regularizar a coleta do lixo no hospital.<br \/>\n\t&nbsp;<br \/>\n\tO deputado tamb\u00e9m esteve no pr\u00e9dio do SAMU de Mazag\u00e3o, constru\u00eddo na gest\u00e3o de Camilo Capiberibe, mas que ainda n\u00e3o foi inaugurado porque n\u00e3o h\u00e1 equipamentos e ambul\u00e2ncias para atender \u00e0 popula\u00e7\u00e3o. Os recursos para a constru\u00e7\u00e3o e compra dos equipamentos s\u00e3o do Minist\u00e9rio da Sa\u00fade, com contrapartida do Governo, viabilizados por meio de empr\u00e9stimo com o Banco Nacional do Desenvolvimento Social e Econ\u00f4mico (BNDES).<br \/>\n\t&nbsp;<br \/>\n\tPaulo Lemos visitou tamb\u00e9m a Escola Estadual Francisco de Oliveira Filho, na comunidade de Anauerapucu, na rodovia AP-010, j\u00e1 pr\u00f3ximo a Mazag\u00e3o. O parlamentar conversou com a coordena\u00e7\u00e3o pedag\u00f3gica que solicitou ajuda para intermediar com a Seinf a reconstru\u00e7\u00e3o do pr\u00e9dio, que est\u00e1 com a estrutura comprometida. \u201cA \u00faltima reforma aqui foi feita com a ajuda da comunidade. Essa escola s\u00f3 n\u00e3o cai sobre nossas cabe\u00e7as porque, com nosso esfor\u00e7o, n\u00e3o deixamos isso acontecer\u201d, diz o coordenador pedag\u00f3gico Alonso Le\u00e3o.<br \/>\n\t&nbsp;<br \/>\n\tPaulo Lemos garantiu que ir\u00e1 cobrar do Governo do Estado do Amap\u00e1 melhorias para a estrutura f\u00edsica da escola. A convite do deputado, os vereadores de Mazag\u00e3o ir\u00e3o usar a tribuna do Grande Expediente da Assembleia Legislativa, na pr\u00f3xima quarta-feira (15), para expor as demandas do munic\u00edpio aos parlamentares amapaenses.<\/span><\/span><\/p>\n<p>&nbsp;<\/p>\n","protected":false},"excerpt":{"rendered":"<p>Mandato percorre o estado com o programa Gabinete Itinerante<\/p>\n","protected":false},"author":2,"featured_media":0,"comment_status":"open","ping_status":"open","sticky":false,"template":"","format":"standard","meta":{"_acf_changed":false,"footnotes":""},"categories":[6],"tags":[22],"class_list":{"0":"post-3223","1":"post","2":"type-post","3":"status-publish","4":"format-standard","6":"category-noticias","7":"tag-psol"},"acf":[],"yoast_head":"<!-- This site is optimized with the Yoast SEO plugin v26.5 - https:\/\/yoast.com\/wordpress\/plugins\/seo\/ -->\n<title>No Amap\u00e1, deputado do PSOL vai aos munic\u00edpios apurar necessidades da popula\u00e7\u00e3o - PSOL 50<\/title>\n<meta name=\"robots\" content=\"index, follow, max-snippet:-1, max-image-preview:large, max-video-preview:-1\" \/>\n<link rel=\"canonical\" href=\"https:\/\/psol50.org.br\/no-amapa-deputado-do-psol-vai-aos-municipios-apurar-necessidades-da-populacao\/\" \/>\n<meta property=\"og:locale\" content=\"pt_BR\" \/>\n<meta property=\"og:type\" content=\"article\" \/>\n<meta property=\"og:title\" content=\"No Amap\u00e1, deputado do PSOL vai aos munic\u00edpios apurar necessidades da popula\u00e7\u00e3o - PSOL 50\" \/>\n<meta property=\"og:description\" content=\"Mandato percorre o estado com o programa Gabinete Itinerante\" \/>\n<meta property=\"og:url\" content=\"https:\/\/psol50.org.br\/no-amapa-deputado-do-psol-vai-aos-municipios-apurar-necessidades-da-populacao\/\" \/>\n<meta property=\"og:site_name\" content=\"PSOL 50\" \/>\n<meta property=\"article:publisher\" content=\"https:\/\/www.facebook.com\/psol50\" \/>\n<meta property=\"article:published_time\" content=\"2015-04-10T16:20:58+00:00\" \/>\n<meta property=\"og:image\" content=\"https:\/\/psol50.org.br\/inc\/uploads\/2018\/07\/capa.png\" \/>\n\t<meta property=\"og:image:width\" content=\"1350\" \/>\n\t<meta property=\"og:image:height\" content=\"900\" \/>\n\t<meta property=\"og:image:type\" content=\"image\/png\" \/>\n<meta name=\"author\" content=\"Comunica\u00e7\u00e3o PSOL\" \/>\n<meta name=\"twitter:card\" content=\"summary_large_image\" \/>\n<meta name=\"twitter:creator\" content=\"@psol50\" \/>\n<meta name=\"twitter:site\" content=\"@psol50\" \/>\n<meta name=\"twitter:label1\" content=\"Escrito por\" \/>\n\t<meta name=\"twitter:data1\" content=\"Comunica\u00e7\u00e3o PSOL\" \/>\n\t<meta name=\"twitter:label2\" content=\"Est. tempo de leitura\" \/>\n\t<meta name=\"twitter:data2\" content=\"3 minutos\" \/>\n<script type=\"application\/ld+json\" class=\"yoast-schema-graph\">{\"@context\":\"https:\/\/schema.org\",\"@graph\":[{\"@type\":\"Article\",\"@id\":\"https:\/\/psol50.org.br\/no-amapa-deputado-do-psol-vai-aos-municipios-apurar-necessidades-da-populacao\/#article\",\"isPartOf\":{\"@id\":\"https:\/\/psol50.org.br\/no-amapa-deputado-do-psol-vai-aos-municipios-apurar-necessidades-da-populacao\/\"},\"author\":{\"name\":\"Comunica\u00e7\u00e3o PSOL\",\"@id\":\"https:\/\/psol50.org.br\/#\/schema\/person\/475dfa57d0b815993c714c2e96491fcd\"},\"headline\":\"No Amap\u00e1, deputado do PSOL vai aos munic\u00edpios apurar necessidades da popula\u00e7\u00e3o\",\"datePublished\":\"2015-04-10T16:20:58+00:00\",\"mainEntityOfPage\":{\"@id\":\"https:\/\/psol50.org.br\/no-amapa-deputado-do-psol-vai-aos-municipios-apurar-necessidades-da-populacao\/\"},\"wordCount\":688,\"commentCount\":0,\"publisher\":{\"@id\":\"https:\/\/psol50.org.br\/#organization\"},\"keywords\":[\"PSOL\"],\"articleSection\":[\"Not\u00edcias\"],\"inLanguage\":\"pt-BR\",\"potentialAction\":[{\"@type\":\"CommentAction\",\"name\":\"Comment\",\"target\":[\"https:\/\/psol50.org.br\/no-amapa-deputado-do-psol-vai-aos-municipios-apurar-necessidades-da-populacao\/#respond\"]}]},{\"@type\":\"WebPage\",\"@id\":\"https:\/\/psol50.org.br\/no-amapa-deputado-do-psol-vai-aos-municipios-apurar-necessidades-da-populacao\/\",\"url\":\"https:\/\/psol50.org.br\/no-amapa-deputado-do-psol-vai-aos-municipios-apurar-necessidades-da-populacao\/\",\"name\":\"No Amap\u00e1, deputado do PSOL vai aos munic\u00edpios apurar necessidades da popula\u00e7\u00e3o - PSOL 50\",\"isPartOf\":{\"@id\":\"https:\/\/psol50.org.br\/#website\"},\"datePublished\":\"2015-04-10T16:20:58+00:00\",\"breadcrumb\":{\"@id\":\"https:\/\/psol50.org.br\/no-amapa-deputado-do-psol-vai-aos-municipios-apurar-necessidades-da-populacao\/#breadcrumb\"},\"inLanguage\":\"pt-BR\",\"potentialAction\":[{\"@type\":\"ReadAction\",\"target\":[\"https:\/\/psol50.org.br\/no-amapa-deputado-do-psol-vai-aos-municipios-apurar-necessidades-da-populacao\/\"]}]},{\"@type\":\"BreadcrumbList\",\"@id\":\"https:\/\/psol50.org.br\/no-amapa-deputado-do-psol-vai-aos-municipios-apurar-necessidades-da-populacao\/#breadcrumb\",\"itemListElement\":[{\"@type\":\"ListItem\",\"position\":1,\"name\":\"In\u00edcio\",\"item\":\"https:\/\/psol50.org.br\/\"},{\"@type\":\"ListItem\",\"position\":2,\"name\":\"No Amap\u00e1, deputado do PSOL vai aos munic\u00edpios apurar necessidades da popula\u00e7\u00e3o\"}]},{\"@type\":\"WebSite\",\"@id\":\"https:\/\/psol50.org.br\/#website\",\"url\":\"https:\/\/psol50.org.br\/\",\"name\":\"PSOL 50\",\"description\":\"Site oficial do Partido Socialismo e Liberdade\",\"publisher\":{\"@id\":\"https:\/\/psol50.org.br\/#organization\"},\"alternateName\":\"PSOL50\",\"potentialAction\":[{\"@type\":\"SearchAction\",\"target\":{\"@type\":\"EntryPoint\",\"urlTemplate\":\"https:\/\/psol50.org.br\/?s={search_term_string}\"},\"query-input\":{\"@type\":\"PropertyValueSpecification\",\"valueRequired\":true,\"valueName\":\"search_term_string\"}}],\"inLanguage\":\"pt-BR\"},{\"@type\":\"Organization\",\"@id\":\"https:\/\/psol50.org.br\/#organization\",\"name\":\"PSOL 50\",\"alternateName\":\"PSOL 50\",\"url\":\"https:\/\/psol50.org.br\/\",\"logo\":{\"@type\":\"ImageObject\",\"inLanguage\":\"pt-BR\",\"@id\":\"https:\/\/psol50.org.br\/#\/schema\/logo\/image\/\",\"url\":\"https:\/\/psol50.org.br\/inc\/uploads\/2018\/07\/capa.png\",\"contentUrl\":\"https:\/\/psol50.org.br\/inc\/uploads\/2018\/07\/capa.png\",\"width\":1350,\"height\":900,\"caption\":\"PSOL 50\"},\"image\":{\"@id\":\"https:\/\/psol50.org.br\/#\/schema\/logo\/image\/\"},\"sameAs\":[\"https:\/\/www.facebook.com\/psol50\",\"https:\/\/x.com\/psol50\",\"https:\/\/www.instagram.com\/psol50\/\",\"https:\/\/www.youtube.com\/channel\/UC7SnJS5o1os7a6CaiNabzcg\"]},{\"@type\":\"Person\",\"@id\":\"https:\/\/psol50.org.br\/#\/schema\/person\/475dfa57d0b815993c714c2e96491fcd\",\"name\":\"Comunica\u00e7\u00e3o PSOL\",\"image\":{\"@type\":\"ImageObject\",\"inLanguage\":\"pt-BR\",\"@id\":\"https:\/\/psol50.org.br\/#\/schema\/person\/image\/\",\"url\":\"https:\/\/secure.gravatar.com\/avatar\/b34fc4f4e468a4e51785917065a3db57b841f5c95dba6ad8c73aaf8f66f8f9bf?s=96&d=mm&r=g\",\"contentUrl\":\"https:\/\/secure.gravatar.com\/avatar\/b34fc4f4e468a4e51785917065a3db57b841f5c95dba6ad8c73aaf8f66f8f9bf?s=96&d=mm&r=g\",\"caption\":\"Comunica\u00e7\u00e3o PSOL\"}}]}<\/script>\n<!-- \/ Yoast SEO plugin. -->","yoast_head_json":{"title":"No Amap\u00e1, deputado do PSOL vai aos munic\u00edpios apurar necessidades da popula\u00e7\u00e3o - PSOL 50","robots":{"index":"index","follow":"follow","max-snippet":"max-snippet:-1","max-image-preview":"max-image-preview:large","max-video-preview":"max-video-preview:-1"},"canonical":"https:\/\/psol50.org.br\/no-amapa-deputado-do-psol-vai-aos-municipios-apurar-necessidades-da-populacao\/","og_locale":"pt_BR","og_type":"article","og_title":"No Amap\u00e1, deputado do PSOL vai aos munic\u00edpios apurar necessidades da popula\u00e7\u00e3o - PSOL 50","og_description":"Mandato percorre o estado com o programa Gabinete Itinerante","og_url":"https:\/\/psol50.org.br\/no-amapa-deputado-do-psol-vai-aos-municipios-apurar-necessidades-da-populacao\/","og_site_name":"PSOL 50","article_publisher":"https:\/\/www.facebook.com\/psol50","article_published_time":"2015-04-10T16:20:58+00:00","og_image":[{"width":1350,"height":900,"url":"https:\/\/psol50.org.br\/inc\/uploads\/2018\/07\/capa.png","type":"image\/png"}],"author":"Comunica\u00e7\u00e3o PSOL","twitter_card":"summary_large_image","twitter_creator":"@psol50","twitter_site":"@psol50","twitter_misc":{"Escrito por":"Comunica\u00e7\u00e3o PSOL","Est. tempo de leitura":"3 minutos"},"schema":{"@context":"https:\/\/schema.org","@graph":[{"@type":"Article","@id":"https:\/\/psol50.org.br\/no-amapa-deputado-do-psol-vai-aos-municipios-apurar-necessidades-da-populacao\/#article","isPartOf":{"@id":"https:\/\/psol50.org.br\/no-amapa-deputado-do-psol-vai-aos-municipios-apurar-necessidades-da-populacao\/"},"author":{"name":"Comunica\u00e7\u00e3o PSOL","@id":"https:\/\/psol50.org.br\/#\/schema\/person\/475dfa57d0b815993c714c2e96491fcd"},"headline":"No Amap\u00e1, deputado do PSOL vai aos munic\u00edpios apurar necessidades da popula\u00e7\u00e3o","datePublished":"2015-04-10T16:20:58+00:00","mainEntityOfPage":{"@id":"https:\/\/psol50.org.br\/no-amapa-deputado-do-psol-vai-aos-municipios-apurar-necessidades-da-populacao\/"},"wordCount":688,"commentCount":0,"publisher":{"@id":"https:\/\/psol50.org.br\/#organization"},"keywords":["PSOL"],"articleSection":["Not\u00edcias"],"inLanguage":"pt-BR","potentialAction":[{"@type":"CommentAction","name":"Comment","target":["https:\/\/psol50.org.br\/no-amapa-deputado-do-psol-vai-aos-municipios-apurar-necessidades-da-populacao\/#respond"]}]},{"@type":"WebPage","@id":"https:\/\/psol50.org.br\/no-amapa-deputado-do-psol-vai-aos-municipios-apurar-necessidades-da-populacao\/","url":"https:\/\/psol50.org.br\/no-amapa-deputado-do-psol-vai-aos-municipios-apurar-necessidades-da-populacao\/","name":"No Amap\u00e1, deputado do PSOL vai aos munic\u00edpios apurar necessidades da popula\u00e7\u00e3o - PSOL 50","isPartOf":{"@id":"https:\/\/psol50.org.br\/#website"},"datePublished":"2015-04-10T16:20:58+00:00","breadcrumb":{"@id":"https:\/\/psol50.org.br\/no-amapa-deputado-do-psol-vai-aos-municipios-apurar-necessidades-da-populacao\/#breadcrumb"},"inLanguage":"pt-BR","potentialAction":[{"@type":"ReadAction","target":["https:\/\/psol50.org.br\/no-amapa-deputado-do-psol-vai-aos-municipios-apurar-necessidades-da-populacao\/"]}]},{"@type":"BreadcrumbList","@id":"https:\/\/psol50.org.br\/no-amapa-deputado-do-psol-vai-aos-municipios-apurar-necessidades-da-populacao\/#breadcrumb","itemListElement":[{"@type":"ListItem","position":1,"name":"In\u00edcio","item":"https:\/\/psol50.org.br\/"},{"@type":"ListItem","position":2,"name":"No Amap\u00e1, deputado do PSOL vai aos munic\u00edpios apurar necessidades da popula\u00e7\u00e3o"}]},{"@type":"WebSite","@id":"https:\/\/psol50.org.br\/#website","url":"https:\/\/psol50.org.br\/","name":"PSOL 50","description":"Site oficial do Partido Socialismo e Liberdade","publisher":{"@id":"https:\/\/psol50.org.br\/#organization"},"alternateName":"PSOL50","potentialAction":[{"@type":"SearchAction","target":{"@type":"EntryPoint","urlTemplate":"https:\/\/psol50.org.br\/?s={search_term_string}"},"query-input":{"@type":"PropertyValueSpecification","valueRequired":true,"valueName":"search_term_string"}}],"inLanguage":"pt-BR"},{"@type":"Organization","@id":"https:\/\/psol50.org.br\/#organization","name":"PSOL 50","alternateName":"PSOL 50","url":"https:\/\/psol50.org.br\/","logo":{"@type":"ImageObject","inLanguage":"pt-BR","@id":"https:\/\/psol50.org.br\/#\/schema\/logo\/image\/","url":"https:\/\/psol50.org.br\/inc\/uploads\/2018\/07\/capa.png","contentUrl":"https:\/\/psol50.org.br\/inc\/uploads\/2018\/07\/capa.png","width":1350,"height":900,"caption":"PSOL 50"},"image":{"@id":"https:\/\/psol50.org.br\/#\/schema\/logo\/image\/"},"sameAs":["https:\/\/www.facebook.com\/psol50","https:\/\/x.com\/psol50","https:\/\/www.instagram.com\/psol50\/","https:\/\/www.youtube.com\/channel\/UC7SnJS5o1os7a6CaiNabzcg"]},{"@type":"Person","@id":"https:\/\/psol50.org.br\/#\/schema\/person\/475dfa57d0b815993c714c2e96491fcd","name":"Comunica\u00e7\u00e3o PSOL","image":{"@type":"ImageObject","inLanguage":"pt-BR","@id":"https:\/\/psol50.org.br\/#\/schema\/person\/image\/","url":"https:\/\/secure.gravatar.com\/avatar\/b34fc4f4e468a4e51785917065a3db57b841f5c95dba6ad8c73aaf8f66f8f9bf?s=96&d=mm&r=g","contentUrl":"https:\/\/secure.gravatar.com\/avatar\/b34fc4f4e468a4e51785917065a3db57b841f5c95dba6ad8c73aaf8f66f8f9bf?s=96&d=mm&r=g","caption":"Comunica\u00e7\u00e3o PSOL"}}]}},"_links":{"self":[{"href":"https:\/\/psol50.org.br\/rest\/wp\/v2\/posts\/3223","targetHints":{"allow":["GET"]}}],"collection":[{"href":"https:\/\/psol50.org.br\/rest\/wp\/v2\/posts"}],"about":[{"href":"https:\/\/psol50.org.br\/rest\/wp\/v2\/types\/post"}],"author":[{"embeddable":true,"href":"https:\/\/psol50.org.br\/rest\/wp\/v2\/users\/2"}],"replies":[{"embeddable":true,"href":"https:\/\/psol50.org.br\/rest\/wp\/v2\/comments?post=3223"}],"version-history":[{"count":0,"href":"https:\/\/psol50.org.br\/rest\/wp\/v2\/posts\/3223\/revisions"}],"wp:attachment":[{"href":"https:\/\/psol50.org.br\/rest\/wp\/v2\/media?parent=3223"}],"wp:term":[{"taxonomy":"category","embeddable":true,"href":"https:\/\/psol50.org.br\/rest\/wp\/v2\/categories?post=3223"},{"taxonomy":"post_tag","embeddable":true,"href":"https:\/\/psol50.org.br\/rest\/wp\/v2\/tags?post=3223"}],"curies":[{"name":"wp","href":"https:\/\/api.w.org\/{rel}","templated":true}]}}