{"id":32230,"date":"2021-03-26T13:50:01","date_gmt":"2021-03-26T16:50:01","guid":{"rendered":"https:\/\/psol50.org.br\/?p=32230"},"modified":"2021-03-26T13:50:01","modified_gmt":"2021-03-26T16:50:01","slug":"juliano-medeiros-era-possivel-evitar-a-tragedia","status":"publish","type":"post","link":"https:\/\/psol50.org.br\/juliano-medeiros-era-possivel-evitar-a-tragedia\/","title":{"rendered":"Juliano Medeiros: Era poss\u00edvel evitar a trag\u00e9dia?"},"content":{"rendered":"<p><em><a href=\"https:\/\/psol50.org.br\/vacinaja\/\" target=\"_blank\" rel=\"noopener\"><img loading=\"lazy\" decoding=\"async\" class=\"alignnone size-full wp-image-31535\" src=\"https:\/\/psol50.org.br\/inc\/uploads\/2020\/12\/Web-1920-\u2013-1.jpg\" alt=\"\" width=\"1920\" height=\"339\" srcset=\"https:\/\/psol50.org.br\/inc\/uploads\/2020\/12\/Web-1920-\u2013-1.jpg 1920w, https:\/\/psol50.org.br\/inc\/uploads\/2020\/12\/Web-1920-\u2013-1-300x53.jpg 300w, https:\/\/psol50.org.br\/inc\/uploads\/2020\/12\/Web-1920-\u2013-1-1024x181.jpg 1024w, https:\/\/psol50.org.br\/inc\/uploads\/2020\/12\/Web-1920-\u2013-1-768x136.jpg 768w, https:\/\/psol50.org.br\/inc\/uploads\/2020\/12\/Web-1920-\u2013-1-1536x271.jpg 1536w, https:\/\/psol50.org.br\/inc\/uploads\/2020\/12\/Web-1920-\u2013-1-150x26.jpg 150w, https:\/\/psol50.org.br\/inc\/uploads\/2020\/12\/Web-1920-\u2013-1-696x123.jpg 696w, https:\/\/psol50.org.br\/inc\/uploads\/2020\/12\/Web-1920-\u2013-1-1068x189.jpg 1068w\" sizes=\"auto, (max-width: 1920px) 100vw, 1920px\" \/><\/a><\/em><\/p>\n<p><em><a href=\"https:\/\/iree.org.br\/era-possivel-evitar-a-tragedia\/\" target=\"_blank\" rel=\"noopener\">Originalmente publicado no IREE<\/a><\/em><\/p>\n<p>O Brasil chegou na \u00faltima semana \u00e0 triste marca de 300 mil vidas perdidas v\u00edtimas da pandemia do novo coronav\u00edrus. N\u00e3o \u00e9 apenas um n\u00famero: s\u00e3o 300 mil m\u00e3es, pais, filhos, netos, av\u00f4s, av\u00f3s, amigos, amigas, colegas de trabalho\u2026 S\u00e3o 300 mil est\u00f3rias interrompidas. Uma trag\u00e9dia sem precedentes, que poderia ter sido evitada.<\/p>\n<p>Sim, ela poderia ter sido evitada. Primeiro, se o governo Bolsonaro reconhecesse a gravidade da crise; se inv\u00e9s de compara\u00e7\u00f5es est\u00fapidas \u2013 como aquela feita com as mortes por H1N1 que levaram o presidente a prever menos de 800 mortes por Covid-19 \u2013 o Executivo Federal tivesse seguido rigorosamente as orienta\u00e7\u00f5es da Organiza\u00e7\u00e3o Mundial da Sa\u00fade no lugar de incentivar uma cruzada negacionista que sabotou medidas indispens\u00e1veis para salvar vidas.<\/p>\n<p>A trag\u00e9dia poderia ter sido evitada se as medidas de isolamento n\u00e3o tivessem sido flexibilizadas precocemente por prefeitos e governadores que, pressionados pelas for\u00e7as do mercado, permitiram a retomada das atividades n\u00e3o essenciais antes do tempo, justificando que a pandemia estava sob controle, mesmo quando se sabia que ainda n\u00e3o havia vacina dispon\u00edvel.<\/p>\n<p>A trag\u00e9dia poderia ter sido evitada se o governo Bolsonaro n\u00e3o tivesse extinguido o Aux\u00edlio Emergencial, mesmo diante dos sinais claros de que haveria uma segunda onda de cont\u00e1gio, muito mais letal que a primeira. Essa atitude levou milh\u00f5es de brasileiros e brasileiras a sa\u00edrem de casa para buscar o que comer, ampliando o cont\u00e1gio e ceifando milhares de vidas.<\/p>\n<p>A trag\u00e9dia poderia ter sido evitada com a aquisi\u00e7\u00e3o r\u00e1pida de vacinas para dar in\u00edcio a uma eficiente campanha nacional de imuniza\u00e7\u00e3o. Se inv\u00e9s de lutar contra as vacinas, colocando em d\u00favida seus efeitos e propagando a efic\u00e1cia de medicamentos comprovadamente in\u00fateis no combate ao coronav\u00edrus, o governo Bolsonaro tivesse acelerado negocia\u00e7\u00f5es com empresas estrangeiras para a aquisi\u00e7\u00e3o de insumos, hoje poder\u00edamos ter acesso ao bem mais precioso do mundo em quantidade suficiente para salvar vidas e acelerar a supera\u00e7\u00e3o da crise.<\/p>\n<p>A trag\u00e9dia poderia ter sido evitada se o Supremo Tribunal Federal tivesse dado provimento \u00e0 ADPF 709, que pedia aten\u00e7\u00e3o aos povos ind\u00edgenas por sua condi\u00e7\u00e3o de vulnerabilidade. Ao inv\u00e9s disso, o ministro Lu\u00eds Roberto Barroso, relator da a\u00e7\u00e3o, ordenou a cria\u00e7\u00e3o de uma \u201csala de situa\u00e7\u00e3o\u201d para que o Ex\u00e9rcito elaborasse um plano para tratar da situa\u00e7\u00e3o. Durante meses, nada saiu do papel e a situa\u00e7\u00e3o dos ind\u00edgenas continuou vulner\u00e1vel frente \u00e0 pandemia.<\/p>\n<p>A trag\u00e9dia poderia ter sido evitada com a instala\u00e7\u00e3o do processo de impeachment contra Bolsonaro na C\u00e2mara dos Deputados. Diante dos in\u00fameros crimes de responsabilidade cometidos por ele e de sua manifesta disposi\u00e7\u00e3o de sabotar as medidas comprovadamente eficientes contra o coronav\u00edrus, o ent\u00e3o presidente da C\u00e2mara, Rodrigo Maia, deveria ter assumido a responsabilidade de formar maioria e levar adiante o afastamento. Ao optar por \u201cengavetar\u201d mais de 60 pedidos de impeachment, Maia tornou-se c\u00famplice do genoc\u00eddio.<\/p>\n<p>A trag\u00e9dia ainda poderia ter sido evitada no in\u00edcio deste ano se, no lugar de votar medidas para proteger a imunidade parlamentar ou para viabilizar a autonomia do Banco Central, o novo presidente da C\u00e2mara dos Deputados, Arthur Lira, tivesse priorizado uma agenda voltada \u00e0 garantia do Aux\u00edlio Emergencial de R$ 600,00 e \u00e0 aquisi\u00e7\u00e3o de vacinas. Ao contr\u00e1rio: al\u00e9m de manter a postura omissa de seu antecessor em rela\u00e7\u00e3o aos pedidos de impeachment, Lira trabalhou pela aprova\u00e7\u00e3o de uma Emenda Constitucional que promove um novo ajuste fiscal \u2013 em plena pandemia! \u2013 e concede um benef\u00edcio de apenas R$ 250,00 por quatro meses.<\/p>\n<p>Est\u00e1 mais do que evidente: a trag\u00e9dia poderia ter sido evitada. Para isso, bastava ter colocado limites \u00e0 a\u00e7\u00e3o de Bolsonaro. Quem poderia faz\u00ea-lo? Os demais poderes, claro. E por que n\u00e3o o fizeram? Provavelmente porque consideraram que a responsabilidade por erros na condu\u00e7\u00e3o da pandemia seriam atribu\u00eddos apenas ao presidente da Rep\u00fablica. Ledo engano.<\/p>\n<p>A hist\u00f3ria ser\u00e1 implac\u00e1vel com a leni\u00eancia daqueles que poderiam ter evitado a trag\u00e9dia.<\/p>\n<p><em><strong>Juliano Medeiros<\/strong><\/em><br \/>\n<em><strong>Historiador, Cientista Pol\u00edtico (PhD) e Presidente Nacional do PSOL<\/strong><\/em><\/p>\n<p><a href=\"https:\/\/psol50.org.br\/rendajusta\/\" target=\"_blank\" rel=\"noopener\"><img loading=\"lazy\" decoding=\"async\" class=\"alignnone size-full wp-image-30552\" src=\"https:\/\/psol50.org.br\/inc\/uploads\/2020\/08\/21-08-2020_LancamentoRendaJusta-2.png\" alt=\"\" width=\"1920\" height=\"383\" srcset=\"https:\/\/psol50.org.br\/inc\/uploads\/2020\/08\/21-08-2020_LancamentoRendaJusta-2.png 1920w, https:\/\/psol50.org.br\/inc\/uploads\/2020\/08\/21-08-2020_LancamentoRendaJusta-2-300x60.png 300w, https:\/\/psol50.org.br\/inc\/uploads\/2020\/08\/21-08-2020_LancamentoRendaJusta-2-1024x204.png 1024w, https:\/\/psol50.org.br\/inc\/uploads\/2020\/08\/21-08-2020_LancamentoRendaJusta-2-768x153.png 768w, https:\/\/psol50.org.br\/inc\/uploads\/2020\/08\/21-08-2020_LancamentoRendaJusta-2-1536x306.png 1536w, https:\/\/psol50.org.br\/inc\/uploads\/2020\/08\/21-08-2020_LancamentoRendaJusta-2-150x30.png 150w, https:\/\/psol50.org.br\/inc\/uploads\/2020\/08\/21-08-2020_LancamentoRendaJusta-2-696x139.png 696w, https:\/\/psol50.org.br\/inc\/uploads\/2020\/08\/21-08-2020_LancamentoRendaJusta-2-1068x213.png 1068w\" sizes=\"auto, (max-width: 1920px) 100vw, 1920px\" \/><\/a><\/p>\n","protected":false},"excerpt":{"rendered":"<p>Originalmente publicado no IREE O Brasil chegou na \u00faltima semana \u00e0 triste marca de 300 mil vidas perdidas v\u00edtimas da pandemia do novo coronav\u00edrus. N\u00e3o \u00e9 apenas um n\u00famero: s\u00e3o 300 mil m\u00e3es, pais, filhos, netos, av\u00f4s, av\u00f3s, amigos, amigas, colegas de trabalho\u2026 S\u00e3o 300 mil est\u00f3rias interrompidas. Uma trag\u00e9dia sem precedentes, que poderia ter [&hellip;]<\/p>\n","protected":false},"author":2,"featured_media":32231,"comment_status":"closed","ping_status":"open","sticky":false,"template":"","format":"standard","meta":{"_acf_changed":false,"footnotes":""},"categories":[3,6],"tags":[266,56,171,371,259,367,1492],"class_list":{"0":"post-32230","1":"post","2":"type-post","3":"status-publish","4":"format-standard","5":"has-post-thumbnail","7":"category-artigos-e-entrevistas","8":"category-noticias","9":"tag-artigo","10":"tag-bolsonaro","11":"tag-coronavirus","12":"tag-covid-19","13":"tag-juliano-medeiros","14":"tag-pandemia","15":"tag-tragedia"},"acf":[],"yoast_head":"<!-- This site is optimized with the Yoast SEO plugin v26.5 - https:\/\/yoast.com\/wordpress\/plugins\/seo\/ -->\n<title>Juliano Medeiros: Era poss\u00edvel evitar a trag\u00e9dia?<\/title>\n<meta name=\"description\" content=\"&quot;Est\u00e1 mais do que evidente: a trag\u00e9dia poderia ter sido evitada. Bastava ter colocado limites \u00e0 a\u00e7\u00e3o de Bolsonaro&quot;, aponta presidente do PSOL\" \/>\n<meta name=\"robots\" content=\"index, follow, max-snippet:-1, max-image-preview:large, max-video-preview:-1\" \/>\n<link rel=\"canonical\" href=\"https:\/\/psol50.org.br\/juliano-medeiros-era-possivel-evitar-a-tragedia\/\" \/>\n<meta property=\"og:locale\" content=\"pt_BR\" \/>\n<meta property=\"og:type\" content=\"article\" \/>\n<meta property=\"og:title\" content=\"Juliano Medeiros: Era poss\u00edvel evitar a trag\u00e9dia?\" \/>\n<meta property=\"og:description\" content=\"&quot;Est\u00e1 mais do que evidente: a trag\u00e9dia poderia ter sido evitada. Bastava ter colocado limites \u00e0 a\u00e7\u00e3o de Bolsonaro&quot;, aponta presidente do PSOL\" \/>\n<meta property=\"og:url\" content=\"https:\/\/psol50.org.br\/juliano-medeiros-era-possivel-evitar-a-tragedia\/\" \/>\n<meta property=\"og:site_name\" content=\"PSOL 50\" \/>\n<meta property=\"article:publisher\" content=\"https:\/\/www.facebook.com\/psol50\" \/>\n<meta property=\"article:published_time\" content=\"2021-03-26T16:50:01+00:00\" \/>\n<meta property=\"og:image\" content=\"https:\/\/psol50.org.br\/inc\/uploads\/2021\/03\/gettyimages-1214143112.jpg\" \/>\n\t<meta property=\"og:image:width\" content=\"1500\" \/>\n\t<meta property=\"og:image:height\" content=\"1000\" \/>\n\t<meta property=\"og:image:type\" content=\"image\/jpeg\" \/>\n<meta name=\"author\" content=\"Comunica\u00e7\u00e3o PSOL\" \/>\n<meta name=\"twitter:card\" content=\"summary_large_image\" \/>\n<meta name=\"twitter:title\" content=\"Juliano Medeiros: Era poss\u00edvel evitar a trag\u00e9dia?\" \/>\n<meta name=\"twitter:description\" content=\"&quot;Est\u00e1 mais do que evidente: a trag\u00e9dia poderia ter sido evitada. Bastava ter colocado limites \u00e0 a\u00e7\u00e3o de Bolsonaro&quot;, aponta presidente do PSOL\" \/>\n<meta name=\"twitter:image\" content=\"https:\/\/psol50.org.br\/inc\/uploads\/2021\/03\/gettyimages-1214143112.jpg\" \/>\n<meta name=\"twitter:creator\" content=\"@psol50\" \/>\n<meta name=\"twitter:site\" content=\"@psol50\" \/>\n<meta name=\"twitter:label1\" content=\"Escrito por\" \/>\n\t<meta name=\"twitter:data1\" content=\"Comunica\u00e7\u00e3o PSOL\" \/>\n\t<meta name=\"twitter:label2\" content=\"Est. tempo de leitura\" \/>\n\t<meta name=\"twitter:data2\" content=\"4 minutos\" \/>\n<script type=\"application\/ld+json\" class=\"yoast-schema-graph\">{\"@context\":\"https:\/\/schema.org\",\"@graph\":[{\"@type\":\"Article\",\"@id\":\"https:\/\/psol50.org.br\/juliano-medeiros-era-possivel-evitar-a-tragedia\/#article\",\"isPartOf\":{\"@id\":\"https:\/\/psol50.org.br\/juliano-medeiros-era-possivel-evitar-a-tragedia\/\"},\"author\":{\"name\":\"Comunica\u00e7\u00e3o PSOL\",\"@id\":\"https:\/\/psol50.org.br\/#\/schema\/person\/475dfa57d0b815993c714c2e96491fcd\"},\"headline\":\"Juliano Medeiros: Era poss\u00edvel evitar a trag\u00e9dia?\",\"datePublished\":\"2021-03-26T16:50:01+00:00\",\"mainEntityOfPage\":{\"@id\":\"https:\/\/psol50.org.br\/juliano-medeiros-era-possivel-evitar-a-tragedia\/\"},\"wordCount\":739,\"publisher\":{\"@id\":\"https:\/\/psol50.org.br\/#organization\"},\"image\":{\"@id\":\"https:\/\/psol50.org.br\/juliano-medeiros-era-possivel-evitar-a-tragedia\/#primaryimage\"},\"thumbnailUrl\":\"https:\/\/psol50.org.br\/inc\/uploads\/2021\/03\/gettyimages-1214143112.jpg\",\"keywords\":[\"artigo\",\"Bolsonaro\",\"coronav\u00edrus\",\"covid-19\",\"Juliano Medeiros\",\"pandemia\",\"trag\u00e9dia\"],\"articleSection\":[\"Artigos\",\"Not\u00edcias\"],\"inLanguage\":\"pt-BR\"},{\"@type\":\"WebPage\",\"@id\":\"https:\/\/psol50.org.br\/juliano-medeiros-era-possivel-evitar-a-tragedia\/\",\"url\":\"https:\/\/psol50.org.br\/juliano-medeiros-era-possivel-evitar-a-tragedia\/\",\"name\":\"Juliano Medeiros: Era poss\u00edvel evitar a trag\u00e9dia?\",\"isPartOf\":{\"@id\":\"https:\/\/psol50.org.br\/#website\"},\"primaryImageOfPage\":{\"@id\":\"https:\/\/psol50.org.br\/juliano-medeiros-era-possivel-evitar-a-tragedia\/#primaryimage\"},\"image\":{\"@id\":\"https:\/\/psol50.org.br\/juliano-medeiros-era-possivel-evitar-a-tragedia\/#primaryimage\"},\"thumbnailUrl\":\"https:\/\/psol50.org.br\/inc\/uploads\/2021\/03\/gettyimages-1214143112.jpg\",\"datePublished\":\"2021-03-26T16:50:01+00:00\",\"description\":\"\\\"Est\u00e1 mais do que evidente: a trag\u00e9dia poderia ter sido evitada. Bastava ter colocado limites \u00e0 a\u00e7\u00e3o de Bolsonaro\\\", aponta presidente do PSOL\",\"breadcrumb\":{\"@id\":\"https:\/\/psol50.org.br\/juliano-medeiros-era-possivel-evitar-a-tragedia\/#breadcrumb\"},\"inLanguage\":\"pt-BR\",\"potentialAction\":[{\"@type\":\"ReadAction\",\"target\":[\"https:\/\/psol50.org.br\/juliano-medeiros-era-possivel-evitar-a-tragedia\/\"]}]},{\"@type\":\"ImageObject\",\"inLanguage\":\"pt-BR\",\"@id\":\"https:\/\/psol50.org.br\/juliano-medeiros-era-possivel-evitar-a-tragedia\/#primaryimage\",\"url\":\"https:\/\/psol50.org.br\/inc\/uploads\/2021\/03\/gettyimages-1214143112.jpg\",\"contentUrl\":\"https:\/\/psol50.org.br\/inc\/uploads\/2021\/03\/gettyimages-1214143112.jpg\",\"width\":1500,\"height\":1000,\"caption\":\"Foto: Lucas Silva\/Getty Images\"},{\"@type\":\"BreadcrumbList\",\"@id\":\"https:\/\/psol50.org.br\/juliano-medeiros-era-possivel-evitar-a-tragedia\/#breadcrumb\",\"itemListElement\":[{\"@type\":\"ListItem\",\"position\":1,\"name\":\"In\u00edcio\",\"item\":\"https:\/\/psol50.org.br\/\"},{\"@type\":\"ListItem\",\"position\":2,\"name\":\"Juliano Medeiros: Era poss\u00edvel evitar a trag\u00e9dia?\"}]},{\"@type\":\"WebSite\",\"@id\":\"https:\/\/psol50.org.br\/#website\",\"url\":\"https:\/\/psol50.org.br\/\",\"name\":\"PSOL 50\",\"description\":\"Site oficial do Partido Socialismo e Liberdade\",\"publisher\":{\"@id\":\"https:\/\/psol50.org.br\/#organization\"},\"alternateName\":\"PSOL50\",\"potentialAction\":[{\"@type\":\"SearchAction\",\"target\":{\"@type\":\"EntryPoint\",\"urlTemplate\":\"https:\/\/psol50.org.br\/?s={search_term_string}\"},\"query-input\":{\"@type\":\"PropertyValueSpecification\",\"valueRequired\":true,\"valueName\":\"search_term_string\"}}],\"inLanguage\":\"pt-BR\"},{\"@type\":\"Organization\",\"@id\":\"https:\/\/psol50.org.br\/#organization\",\"name\":\"PSOL 50\",\"alternateName\":\"PSOL 50\",\"url\":\"https:\/\/psol50.org.br\/\",\"logo\":{\"@type\":\"ImageObject\",\"inLanguage\":\"pt-BR\",\"@id\":\"https:\/\/psol50.org.br\/#\/schema\/logo\/image\/\",\"url\":\"https:\/\/psol50.org.br\/inc\/uploads\/2018\/07\/capa.png\",\"contentUrl\":\"https:\/\/psol50.org.br\/inc\/uploads\/2018\/07\/capa.png\",\"width\":1350,\"height\":900,\"caption\":\"PSOL 50\"},\"image\":{\"@id\":\"https:\/\/psol50.org.br\/#\/schema\/logo\/image\/\"},\"sameAs\":[\"https:\/\/www.facebook.com\/psol50\",\"https:\/\/x.com\/psol50\",\"https:\/\/www.instagram.com\/psol50\/\",\"https:\/\/www.youtube.com\/channel\/UC7SnJS5o1os7a6CaiNabzcg\"]},{\"@type\":\"Person\",\"@id\":\"https:\/\/psol50.org.br\/#\/schema\/person\/475dfa57d0b815993c714c2e96491fcd\",\"name\":\"Comunica\u00e7\u00e3o PSOL\",\"image\":{\"@type\":\"ImageObject\",\"inLanguage\":\"pt-BR\",\"@id\":\"https:\/\/psol50.org.br\/#\/schema\/person\/image\/\",\"url\":\"https:\/\/secure.gravatar.com\/avatar\/b34fc4f4e468a4e51785917065a3db57b841f5c95dba6ad8c73aaf8f66f8f9bf?s=96&d=mm&r=g\",\"contentUrl\":\"https:\/\/secure.gravatar.com\/avatar\/b34fc4f4e468a4e51785917065a3db57b841f5c95dba6ad8c73aaf8f66f8f9bf?s=96&d=mm&r=g\",\"caption\":\"Comunica\u00e7\u00e3o PSOL\"}}]}<\/script>\n<!-- \/ Yoast SEO plugin. -->","yoast_head_json":{"title":"Juliano Medeiros: Era poss\u00edvel evitar a trag\u00e9dia?","description":"\"Est\u00e1 mais do que evidente: a trag\u00e9dia poderia ter sido evitada. Bastava ter colocado limites \u00e0 a\u00e7\u00e3o de Bolsonaro\", aponta presidente do PSOL","robots":{"index":"index","follow":"follow","max-snippet":"max-snippet:-1","max-image-preview":"max-image-preview:large","max-video-preview":"max-video-preview:-1"},"canonical":"https:\/\/psol50.org.br\/juliano-medeiros-era-possivel-evitar-a-tragedia\/","og_locale":"pt_BR","og_type":"article","og_title":"Juliano Medeiros: Era poss\u00edvel evitar a trag\u00e9dia?","og_description":"\"Est\u00e1 mais do que evidente: a trag\u00e9dia poderia ter sido evitada. Bastava ter colocado limites \u00e0 a\u00e7\u00e3o de Bolsonaro\", aponta presidente do PSOL","og_url":"https:\/\/psol50.org.br\/juliano-medeiros-era-possivel-evitar-a-tragedia\/","og_site_name":"PSOL 50","article_publisher":"https:\/\/www.facebook.com\/psol50","article_published_time":"2021-03-26T16:50:01+00:00","og_image":[{"width":1500,"height":1000,"url":"https:\/\/psol50.org.br\/inc\/uploads\/2021\/03\/gettyimages-1214143112.jpg","type":"image\/jpeg"}],"author":"Comunica\u00e7\u00e3o PSOL","twitter_card":"summary_large_image","twitter_title":"Juliano Medeiros: Era poss\u00edvel evitar a trag\u00e9dia?","twitter_description":"\"Est\u00e1 mais do que evidente: a trag\u00e9dia poderia ter sido evitada. Bastava ter colocado limites \u00e0 a\u00e7\u00e3o de Bolsonaro\", aponta presidente do PSOL","twitter_image":"https:\/\/psol50.org.br\/inc\/uploads\/2021\/03\/gettyimages-1214143112.jpg","twitter_creator":"@psol50","twitter_site":"@psol50","twitter_misc":{"Escrito por":"Comunica\u00e7\u00e3o PSOL","Est. tempo de leitura":"4 minutos"},"schema":{"@context":"https:\/\/schema.org","@graph":[{"@type":"Article","@id":"https:\/\/psol50.org.br\/juliano-medeiros-era-possivel-evitar-a-tragedia\/#article","isPartOf":{"@id":"https:\/\/psol50.org.br\/juliano-medeiros-era-possivel-evitar-a-tragedia\/"},"author":{"name":"Comunica\u00e7\u00e3o PSOL","@id":"https:\/\/psol50.org.br\/#\/schema\/person\/475dfa57d0b815993c714c2e96491fcd"},"headline":"Juliano Medeiros: Era poss\u00edvel evitar a trag\u00e9dia?","datePublished":"2021-03-26T16:50:01+00:00","mainEntityOfPage":{"@id":"https:\/\/psol50.org.br\/juliano-medeiros-era-possivel-evitar-a-tragedia\/"},"wordCount":739,"publisher":{"@id":"https:\/\/psol50.org.br\/#organization"},"image":{"@id":"https:\/\/psol50.org.br\/juliano-medeiros-era-possivel-evitar-a-tragedia\/#primaryimage"},"thumbnailUrl":"https:\/\/psol50.org.br\/inc\/uploads\/2021\/03\/gettyimages-1214143112.jpg","keywords":["artigo","Bolsonaro","coronav\u00edrus","covid-19","Juliano Medeiros","pandemia","trag\u00e9dia"],"articleSection":["Artigos","Not\u00edcias"],"inLanguage":"pt-BR"},{"@type":"WebPage","@id":"https:\/\/psol50.org.br\/juliano-medeiros-era-possivel-evitar-a-tragedia\/","url":"https:\/\/psol50.org.br\/juliano-medeiros-era-possivel-evitar-a-tragedia\/","name":"Juliano Medeiros: Era poss\u00edvel evitar a trag\u00e9dia?","isPartOf":{"@id":"https:\/\/psol50.org.br\/#website"},"primaryImageOfPage":{"@id":"https:\/\/psol50.org.br\/juliano-medeiros-era-possivel-evitar-a-tragedia\/#primaryimage"},"image":{"@id":"https:\/\/psol50.org.br\/juliano-medeiros-era-possivel-evitar-a-tragedia\/#primaryimage"},"thumbnailUrl":"https:\/\/psol50.org.br\/inc\/uploads\/2021\/03\/gettyimages-1214143112.jpg","datePublished":"2021-03-26T16:50:01+00:00","description":"\"Est\u00e1 mais do que evidente: a trag\u00e9dia poderia ter sido evitada. Bastava ter colocado limites \u00e0 a\u00e7\u00e3o de Bolsonaro\", aponta presidente do PSOL","breadcrumb":{"@id":"https:\/\/psol50.org.br\/juliano-medeiros-era-possivel-evitar-a-tragedia\/#breadcrumb"},"inLanguage":"pt-BR","potentialAction":[{"@type":"ReadAction","target":["https:\/\/psol50.org.br\/juliano-medeiros-era-possivel-evitar-a-tragedia\/"]}]},{"@type":"ImageObject","inLanguage":"pt-BR","@id":"https:\/\/psol50.org.br\/juliano-medeiros-era-possivel-evitar-a-tragedia\/#primaryimage","url":"https:\/\/psol50.org.br\/inc\/uploads\/2021\/03\/gettyimages-1214143112.jpg","contentUrl":"https:\/\/psol50.org.br\/inc\/uploads\/2021\/03\/gettyimages-1214143112.jpg","width":1500,"height":1000,"caption":"Foto: Lucas Silva\/Getty Images"},{"@type":"BreadcrumbList","@id":"https:\/\/psol50.org.br\/juliano-medeiros-era-possivel-evitar-a-tragedia\/#breadcrumb","itemListElement":[{"@type":"ListItem","position":1,"name":"In\u00edcio","item":"https:\/\/psol50.org.br\/"},{"@type":"ListItem","position":2,"name":"Juliano Medeiros: Era poss\u00edvel evitar a trag\u00e9dia?"}]},{"@type":"WebSite","@id":"https:\/\/psol50.org.br\/#website","url":"https:\/\/psol50.org.br\/","name":"PSOL 50","description":"Site oficial do Partido Socialismo e Liberdade","publisher":{"@id":"https:\/\/psol50.org.br\/#organization"},"alternateName":"PSOL50","potentialAction":[{"@type":"SearchAction","target":{"@type":"EntryPoint","urlTemplate":"https:\/\/psol50.org.br\/?s={search_term_string}"},"query-input":{"@type":"PropertyValueSpecification","valueRequired":true,"valueName":"search_term_string"}}],"inLanguage":"pt-BR"},{"@type":"Organization","@id":"https:\/\/psol50.org.br\/#organization","name":"PSOL 50","alternateName":"PSOL 50","url":"https:\/\/psol50.org.br\/","logo":{"@type":"ImageObject","inLanguage":"pt-BR","@id":"https:\/\/psol50.org.br\/#\/schema\/logo\/image\/","url":"https:\/\/psol50.org.br\/inc\/uploads\/2018\/07\/capa.png","contentUrl":"https:\/\/psol50.org.br\/inc\/uploads\/2018\/07\/capa.png","width":1350,"height":900,"caption":"PSOL 50"},"image":{"@id":"https:\/\/psol50.org.br\/#\/schema\/logo\/image\/"},"sameAs":["https:\/\/www.facebook.com\/psol50","https:\/\/x.com\/psol50","https:\/\/www.instagram.com\/psol50\/","https:\/\/www.youtube.com\/channel\/UC7SnJS5o1os7a6CaiNabzcg"]},{"@type":"Person","@id":"https:\/\/psol50.org.br\/#\/schema\/person\/475dfa57d0b815993c714c2e96491fcd","name":"Comunica\u00e7\u00e3o PSOL","image":{"@type":"ImageObject","inLanguage":"pt-BR","@id":"https:\/\/psol50.org.br\/#\/schema\/person\/image\/","url":"https:\/\/secure.gravatar.com\/avatar\/b34fc4f4e468a4e51785917065a3db57b841f5c95dba6ad8c73aaf8f66f8f9bf?s=96&d=mm&r=g","contentUrl":"https:\/\/secure.gravatar.com\/avatar\/b34fc4f4e468a4e51785917065a3db57b841f5c95dba6ad8c73aaf8f66f8f9bf?s=96&d=mm&r=g","caption":"Comunica\u00e7\u00e3o PSOL"}}]}},"_links":{"self":[{"href":"https:\/\/psol50.org.br\/rest\/wp\/v2\/posts\/32230","targetHints":{"allow":["GET"]}}],"collection":[{"href":"https:\/\/psol50.org.br\/rest\/wp\/v2\/posts"}],"about":[{"href":"https:\/\/psol50.org.br\/rest\/wp\/v2\/types\/post"}],"author":[{"embeddable":true,"href":"https:\/\/psol50.org.br\/rest\/wp\/v2\/users\/2"}],"replies":[{"embeddable":true,"href":"https:\/\/psol50.org.br\/rest\/wp\/v2\/comments?post=32230"}],"version-history":[{"count":0,"href":"https:\/\/psol50.org.br\/rest\/wp\/v2\/posts\/32230\/revisions"}],"wp:featuredmedia":[{"embeddable":true,"href":"https:\/\/psol50.org.br\/rest\/wp\/v2\/media\/32231"}],"wp:attachment":[{"href":"https:\/\/psol50.org.br\/rest\/wp\/v2\/media?parent=32230"}],"wp:term":[{"taxonomy":"category","embeddable":true,"href":"https:\/\/psol50.org.br\/rest\/wp\/v2\/categories?post=32230"},{"taxonomy":"post_tag","embeddable":true,"href":"https:\/\/psol50.org.br\/rest\/wp\/v2\/tags?post=32230"}],"curies":[{"name":"wp","href":"https:\/\/api.w.org\/{rel}","templated":true}]}}