{"id":32240,"date":"2021-03-30T10:01:32","date_gmt":"2021-03-30T13:01:32","guid":{"rendered":"https:\/\/psol50.org.br\/?p=32240"},"modified":"2021-03-30T10:01:32","modified_gmt":"2021-03-30T13:01:32","slug":"psol-pede-cassacao-do-mandato-de-bia-kicis-no-conselho-de-etica","status":"publish","type":"post","link":"https:\/\/psol50.org.br\/psol-pede-cassacao-do-mandato-de-bia-kicis-no-conselho-de-etica\/","title":{"rendered":"PSOL pede cassa\u00e7\u00e3o do mandato de Bia Kicis no Conselho de \u00c9tica"},"content":{"rendered":"<p><a href=\"https:\/\/psol50.org.br\/vacinaja\/\" target=\"_blank\" rel=\"noopener\"><img loading=\"lazy\" decoding=\"async\" class=\"alignnone size-full wp-image-31535\" src=\"https:\/\/psol50.org.br\/inc\/uploads\/2020\/12\/Web-1920-\u2013-1.jpg\" alt=\"\" width=\"1920\" height=\"339\" srcset=\"https:\/\/psol50.org.br\/inc\/uploads\/2020\/12\/Web-1920-\u2013-1.jpg 1920w, https:\/\/psol50.org.br\/inc\/uploads\/2020\/12\/Web-1920-\u2013-1-300x53.jpg 300w, https:\/\/psol50.org.br\/inc\/uploads\/2020\/12\/Web-1920-\u2013-1-1024x181.jpg 1024w, https:\/\/psol50.org.br\/inc\/uploads\/2020\/12\/Web-1920-\u2013-1-768x136.jpg 768w, https:\/\/psol50.org.br\/inc\/uploads\/2020\/12\/Web-1920-\u2013-1-1536x271.jpg 1536w, https:\/\/psol50.org.br\/inc\/uploads\/2020\/12\/Web-1920-\u2013-1-150x26.jpg 150w, https:\/\/psol50.org.br\/inc\/uploads\/2020\/12\/Web-1920-\u2013-1-696x123.jpg 696w, https:\/\/psol50.org.br\/inc\/uploads\/2020\/12\/Web-1920-\u2013-1-1068x189.jpg 1068w\" sizes=\"auto, (max-width: 1920px) 100vw, 1920px\" \/><\/a><\/p>\n<p>A bancada federal do PSOL protocolou nesta segunda-feira (29) uma representa\u00e7\u00e3o no Conselho de \u00c9tica da C\u00e2mara dos Deputados para pedir a cassa\u00e7\u00e3o do mandato da deputada bolsonarista Bia Kicis, que tamb\u00e9m \u00e9 presidente da CCJ &#8211; comiss\u00e3o mais importante da Casa. O partido convidou demais partidos da oposi\u00e7\u00e3o a assinarem a representa\u00e7\u00e3o.<\/p>\n<p>A parlamentar sugeriu, em post nas redes sociais, que a Pol\u00edcia Militar da Bahia se rebelasse ap\u00f3s a morte de um policial que, em aparente surto, amea\u00e7ou a popula\u00e7\u00e3o com um fuzil na m\u00e3o em Salvador e acabou morto.<\/p>\n<p>Para os parlamentares do PSOL, o post de Bia Kicis no \u00faltimo domingo (28), embora apagado horas depois, \u00e9 nitidamente uma tentativa de estimular um motim de cunho golpista.<\/p>\n<p>Esta n\u00e3o \u00e9 a primeira vez que Bia Kicis amea\u00e7a a democracia brasileira e faz amea\u00e7as. &#8220;A deputada federal Bia Kicis tem longo hist\u00f3rico de propaga\u00e7\u00e3o de not\u00edcias falsas, teorias da conspira\u00e7\u00e3o, bem como uso de ret\u00f3rica virulenta contra a democracia&#8221; , destaca a l\u00edder do PSOL na C\u00e2mara, deputada Tal\u00edria Petrone.<\/p>\n<p>O PSOL tamb\u00e9m sugere o afastamento de Bia Kicis da presid\u00eancia da CCJ logo ap\u00f3s a admiss\u00e3o da representa\u00e7\u00e3o no Conselho de \u00c9tica.<\/p>\n<p><a href=\"https:\/\/psol50.org.br\/rendajusta\/\" target=\"_blank\" rel=\"noopener\"><img loading=\"lazy\" decoding=\"async\" class=\"alignnone size-full wp-image-30552\" src=\"https:\/\/psol50.org.br\/inc\/uploads\/2020\/08\/21-08-2020_LancamentoRendaJusta-2.png\" alt=\"\" width=\"1920\" height=\"383\" srcset=\"https:\/\/psol50.org.br\/inc\/uploads\/2020\/08\/21-08-2020_LancamentoRendaJusta-2.png 1920w, https:\/\/psol50.org.br\/inc\/uploads\/2020\/08\/21-08-2020_LancamentoRendaJusta-2-300x60.png 300w, https:\/\/psol50.org.br\/inc\/uploads\/2020\/08\/21-08-2020_LancamentoRendaJusta-2-1024x204.png 1024w, https:\/\/psol50.org.br\/inc\/uploads\/2020\/08\/21-08-2020_LancamentoRendaJusta-2-768x153.png 768w, https:\/\/psol50.org.br\/inc\/uploads\/2020\/08\/21-08-2020_LancamentoRendaJusta-2-1536x306.png 1536w, https:\/\/psol50.org.br\/inc\/uploads\/2020\/08\/21-08-2020_LancamentoRendaJusta-2-150x30.png 150w, https:\/\/psol50.org.br\/inc\/uploads\/2020\/08\/21-08-2020_LancamentoRendaJusta-2-696x139.png 696w, https:\/\/psol50.org.br\/inc\/uploads\/2020\/08\/21-08-2020_LancamentoRendaJusta-2-1068x213.png 1068w\" sizes=\"auto, (max-width: 1920px) 100vw, 1920px\" \/><\/a><\/p>\n","protected":false},"excerpt":{"rendered":"<p>A bancada federal do PSOL protocolou nesta segunda-feira (29) uma representa\u00e7\u00e3o no Conselho de \u00c9tica da C\u00e2mara dos Deputados para pedir a cassa\u00e7\u00e3o do mandato da deputada bolsonarista Bia Kicis, que tamb\u00e9m \u00e9 presidente da CCJ &#8211; comiss\u00e3o mais importante da Casa. O partido convidou demais partidos da oposi\u00e7\u00e3o a assinarem a representa\u00e7\u00e3o. A parlamentar [&hellip;]<\/p>\n","protected":false},"author":2,"featured_media":32241,"comment_status":"closed","ping_status":"open","sticky":false,"template":"","format":"standard","meta":{"_acf_changed":false,"footnotes":""},"categories":[10,6],"tags":[37,784,278,593,338,1495,1496,115],"class_list":{"0":"post-32240","1":"post","2":"type-post","3":"status-publish","4":"format-standard","5":"has-post-thumbnail","7":"category-acao-parlamentares","8":"category-noticias","9":"tag-bahia","10":"tag-bia-kicis","11":"tag-cassacao","12":"tag-conselho-de-etica","13":"tag-fake-news","14":"tag-golpista","15":"tag-mandato","16":"tag-policia-militar"},"acf":[],"yoast_head":"<!-- This site is optimized with the Yoast SEO plugin v26.5 - https:\/\/yoast.com\/wordpress\/plugins\/seo\/ -->\n<title>PSOL pede cassa\u00e7\u00e3o do mandato de Bia Kicis no Conselho de \u00c9tica<\/title>\n<meta name=\"description\" content=\"A parlamentar sugeriu, em post nas redes sociais, que a Pol\u00edcia Militar da Bahia se rebelasse em um motim de cunho golpista.\" \/>\n<meta name=\"robots\" content=\"index, follow, max-snippet:-1, max-image-preview:large, max-video-preview:-1\" \/>\n<link rel=\"canonical\" href=\"https:\/\/psol50.org.br\/psol-pede-cassacao-do-mandato-de-bia-kicis-no-conselho-de-etica\/\" \/>\n<meta property=\"og:locale\" content=\"pt_BR\" \/>\n<meta property=\"og:type\" content=\"article\" \/>\n<meta property=\"og:title\" content=\"PSOL pede cassa\u00e7\u00e3o do mandato de Bia Kicis no Conselho de \u00c9tica\" \/>\n<meta property=\"og:description\" content=\"A parlamentar sugeriu, em post nas redes sociais, que a Pol\u00edcia Militar da Bahia se rebelasse em um motim de cunho golpista.\" \/>\n<meta property=\"og:url\" content=\"https:\/\/psol50.org.br\/psol-pede-cassacao-do-mandato-de-bia-kicis-no-conselho-de-etica\/\" \/>\n<meta property=\"og:site_name\" content=\"PSOL 50\" \/>\n<meta property=\"article:publisher\" content=\"https:\/\/www.facebook.com\/psol50\" \/>\n<meta property=\"article:published_time\" content=\"2021-03-30T13:01:32+00:00\" \/>\n<meta property=\"og:image\" content=\"https:\/\/psol50.org.br\/inc\/uploads\/2021\/03\/img20210310123526781-scaled-1.jpg\" \/>\n\t<meta property=\"og:image:width\" content=\"1920\" \/>\n\t<meta property=\"og:image:height\" content=\"1280\" \/>\n\t<meta property=\"og:image:type\" content=\"image\/jpeg\" \/>\n<meta name=\"author\" content=\"Comunica\u00e7\u00e3o PSOL\" \/>\n<meta name=\"twitter:card\" content=\"summary_large_image\" \/>\n<meta name=\"twitter:title\" content=\"PSOL pede cassa\u00e7\u00e3o do mandato de Bia Kicis no Conselho de \u00c9tica\" \/>\n<meta name=\"twitter:description\" content=\"A parlamentar sugeriu, em post nas redes sociais, que a Pol\u00edcia Militar da Bahia se rebelasse em um motim de cunho golpista.\" \/>\n<meta name=\"twitter:image\" content=\"https:\/\/psol50.org.br\/inc\/uploads\/2021\/03\/img20210310123526781-scaled-1.jpg\" \/>\n<meta name=\"twitter:creator\" content=\"@psol50\" \/>\n<meta name=\"twitter:site\" content=\"@psol50\" \/>\n<meta name=\"twitter:label1\" content=\"Escrito por\" \/>\n\t<meta name=\"twitter:data1\" content=\"Comunica\u00e7\u00e3o PSOL\" \/>\n\t<meta name=\"twitter:label2\" content=\"Est. tempo de leitura\" \/>\n\t<meta name=\"twitter:data2\" content=\"2 minutos\" \/>\n<script type=\"application\/ld+json\" class=\"yoast-schema-graph\">{\"@context\":\"https:\/\/schema.org\",\"@graph\":[{\"@type\":\"Article\",\"@id\":\"https:\/\/psol50.org.br\/psol-pede-cassacao-do-mandato-de-bia-kicis-no-conselho-de-etica\/#article\",\"isPartOf\":{\"@id\":\"https:\/\/psol50.org.br\/psol-pede-cassacao-do-mandato-de-bia-kicis-no-conselho-de-etica\/\"},\"author\":{\"name\":\"Comunica\u00e7\u00e3o PSOL\",\"@id\":\"https:\/\/psol50.org.br\/#\/schema\/person\/475dfa57d0b815993c714c2e96491fcd\"},\"headline\":\"PSOL pede cassa\u00e7\u00e3o do mandato de Bia Kicis no Conselho de \u00c9tica\",\"datePublished\":\"2021-03-30T13:01:32+00:00\",\"mainEntityOfPage\":{\"@id\":\"https:\/\/psol50.org.br\/psol-pede-cassacao-do-mandato-de-bia-kicis-no-conselho-de-etica\/\"},\"wordCount\":231,\"publisher\":{\"@id\":\"https:\/\/psol50.org.br\/#organization\"},\"image\":{\"@id\":\"https:\/\/psol50.org.br\/psol-pede-cassacao-do-mandato-de-bia-kicis-no-conselho-de-etica\/#primaryimage\"},\"thumbnailUrl\":\"https:\/\/psol50.org.br\/inc\/uploads\/2021\/03\/img20210310123526781-scaled-1.jpg\",\"keywords\":[\"Bahia\",\"bia kicis\",\"cassa\u00e7\u00e3o\",\"conselho de \u00e9tica\",\"fake news\",\"golpista\",\"mandato\",\"Pol\u00edcia Militar\"],\"articleSection\":[\"A\u00e7\u00e3o Parlamentar\",\"Not\u00edcias\"],\"inLanguage\":\"pt-BR\"},{\"@type\":\"WebPage\",\"@id\":\"https:\/\/psol50.org.br\/psol-pede-cassacao-do-mandato-de-bia-kicis-no-conselho-de-etica\/\",\"url\":\"https:\/\/psol50.org.br\/psol-pede-cassacao-do-mandato-de-bia-kicis-no-conselho-de-etica\/\",\"name\":\"PSOL pede cassa\u00e7\u00e3o do mandato de Bia Kicis no Conselho de \u00c9tica\",\"isPartOf\":{\"@id\":\"https:\/\/psol50.org.br\/#website\"},\"primaryImageOfPage\":{\"@id\":\"https:\/\/psol50.org.br\/psol-pede-cassacao-do-mandato-de-bia-kicis-no-conselho-de-etica\/#primaryimage\"},\"image\":{\"@id\":\"https:\/\/psol50.org.br\/psol-pede-cassacao-do-mandato-de-bia-kicis-no-conselho-de-etica\/#primaryimage\"},\"thumbnailUrl\":\"https:\/\/psol50.org.br\/inc\/uploads\/2021\/03\/img20210310123526781-scaled-1.jpg\",\"datePublished\":\"2021-03-30T13:01:32+00:00\",\"description\":\"A parlamentar sugeriu, em post nas redes sociais, que a Pol\u00edcia Militar da Bahia se rebelasse em um motim de cunho golpista.\",\"breadcrumb\":{\"@id\":\"https:\/\/psol50.org.br\/psol-pede-cassacao-do-mandato-de-bia-kicis-no-conselho-de-etica\/#breadcrumb\"},\"inLanguage\":\"pt-BR\",\"potentialAction\":[{\"@type\":\"ReadAction\",\"target\":[\"https:\/\/psol50.org.br\/psol-pede-cassacao-do-mandato-de-bia-kicis-no-conselho-de-etica\/\"]}]},{\"@type\":\"ImageObject\",\"inLanguage\":\"pt-BR\",\"@id\":\"https:\/\/psol50.org.br\/psol-pede-cassacao-do-mandato-de-bia-kicis-no-conselho-de-etica\/#primaryimage\",\"url\":\"https:\/\/psol50.org.br\/inc\/uploads\/2021\/03\/img20210310123526781-scaled-1.jpg\",\"contentUrl\":\"https:\/\/psol50.org.br\/inc\/uploads\/2021\/03\/img20210310123526781-scaled-1.jpg\",\"width\":1920,\"height\":1280,\"caption\":\"Foto: Cleia Viana\/C\u00e2mara dos Deputados\"},{\"@type\":\"BreadcrumbList\",\"@id\":\"https:\/\/psol50.org.br\/psol-pede-cassacao-do-mandato-de-bia-kicis-no-conselho-de-etica\/#breadcrumb\",\"itemListElement\":[{\"@type\":\"ListItem\",\"position\":1,\"name\":\"In\u00edcio\",\"item\":\"https:\/\/psol50.org.br\/\"},{\"@type\":\"ListItem\",\"position\":2,\"name\":\"PSOL pede cassa\u00e7\u00e3o do mandato de Bia Kicis no Conselho de \u00c9tica\"}]},{\"@type\":\"WebSite\",\"@id\":\"https:\/\/psol50.org.br\/#website\",\"url\":\"https:\/\/psol50.org.br\/\",\"name\":\"PSOL 50\",\"description\":\"Site oficial do Partido Socialismo e Liberdade\",\"publisher\":{\"@id\":\"https:\/\/psol50.org.br\/#organization\"},\"alternateName\":\"PSOL50\",\"potentialAction\":[{\"@type\":\"SearchAction\",\"target\":{\"@type\":\"EntryPoint\",\"urlTemplate\":\"https:\/\/psol50.org.br\/?s={search_term_string}\"},\"query-input\":{\"@type\":\"PropertyValueSpecification\",\"valueRequired\":true,\"valueName\":\"search_term_string\"}}],\"inLanguage\":\"pt-BR\"},{\"@type\":\"Organization\",\"@id\":\"https:\/\/psol50.org.br\/#organization\",\"name\":\"PSOL 50\",\"alternateName\":\"PSOL 50\",\"url\":\"https:\/\/psol50.org.br\/\",\"logo\":{\"@type\":\"ImageObject\",\"inLanguage\":\"pt-BR\",\"@id\":\"https:\/\/psol50.org.br\/#\/schema\/logo\/image\/\",\"url\":\"https:\/\/psol50.org.br\/inc\/uploads\/2018\/07\/capa.png\",\"contentUrl\":\"https:\/\/psol50.org.br\/inc\/uploads\/2018\/07\/capa.png\",\"width\":1350,\"height\":900,\"caption\":\"PSOL 50\"},\"image\":{\"@id\":\"https:\/\/psol50.org.br\/#\/schema\/logo\/image\/\"},\"sameAs\":[\"https:\/\/www.facebook.com\/psol50\",\"https:\/\/x.com\/psol50\",\"https:\/\/www.instagram.com\/psol50\/\",\"https:\/\/www.youtube.com\/channel\/UC7SnJS5o1os7a6CaiNabzcg\"]},{\"@type\":\"Person\",\"@id\":\"https:\/\/psol50.org.br\/#\/schema\/person\/475dfa57d0b815993c714c2e96491fcd\",\"name\":\"Comunica\u00e7\u00e3o PSOL\",\"image\":{\"@type\":\"ImageObject\",\"inLanguage\":\"pt-BR\",\"@id\":\"https:\/\/psol50.org.br\/#\/schema\/person\/image\/\",\"url\":\"https:\/\/secure.gravatar.com\/avatar\/b34fc4f4e468a4e51785917065a3db57b841f5c95dba6ad8c73aaf8f66f8f9bf?s=96&d=mm&r=g\",\"contentUrl\":\"https:\/\/secure.gravatar.com\/avatar\/b34fc4f4e468a4e51785917065a3db57b841f5c95dba6ad8c73aaf8f66f8f9bf?s=96&d=mm&r=g\",\"caption\":\"Comunica\u00e7\u00e3o PSOL\"}}]}<\/script>\n<!-- \/ Yoast SEO plugin. -->","yoast_head_json":{"title":"PSOL pede cassa\u00e7\u00e3o do mandato de Bia Kicis no Conselho de \u00c9tica","description":"A parlamentar sugeriu, em post nas redes sociais, que a Pol\u00edcia Militar da Bahia se rebelasse em um motim de cunho golpista.","robots":{"index":"index","follow":"follow","max-snippet":"max-snippet:-1","max-image-preview":"max-image-preview:large","max-video-preview":"max-video-preview:-1"},"canonical":"https:\/\/psol50.org.br\/psol-pede-cassacao-do-mandato-de-bia-kicis-no-conselho-de-etica\/","og_locale":"pt_BR","og_type":"article","og_title":"PSOL pede cassa\u00e7\u00e3o do mandato de Bia Kicis no Conselho de \u00c9tica","og_description":"A parlamentar sugeriu, em post nas redes sociais, que a Pol\u00edcia Militar da Bahia se rebelasse em um motim de cunho golpista.","og_url":"https:\/\/psol50.org.br\/psol-pede-cassacao-do-mandato-de-bia-kicis-no-conselho-de-etica\/","og_site_name":"PSOL 50","article_publisher":"https:\/\/www.facebook.com\/psol50","article_published_time":"2021-03-30T13:01:32+00:00","og_image":[{"width":1920,"height":1280,"url":"https:\/\/psol50.org.br\/inc\/uploads\/2021\/03\/img20210310123526781-scaled-1.jpg","type":"image\/jpeg"}],"author":"Comunica\u00e7\u00e3o PSOL","twitter_card":"summary_large_image","twitter_title":"PSOL pede cassa\u00e7\u00e3o do mandato de Bia Kicis no Conselho de \u00c9tica","twitter_description":"A parlamentar sugeriu, em post nas redes sociais, que a Pol\u00edcia Militar da Bahia se rebelasse em um motim de cunho golpista.","twitter_image":"https:\/\/psol50.org.br\/inc\/uploads\/2021\/03\/img20210310123526781-scaled-1.jpg","twitter_creator":"@psol50","twitter_site":"@psol50","twitter_misc":{"Escrito por":"Comunica\u00e7\u00e3o PSOL","Est. tempo de leitura":"2 minutos"},"schema":{"@context":"https:\/\/schema.org","@graph":[{"@type":"Article","@id":"https:\/\/psol50.org.br\/psol-pede-cassacao-do-mandato-de-bia-kicis-no-conselho-de-etica\/#article","isPartOf":{"@id":"https:\/\/psol50.org.br\/psol-pede-cassacao-do-mandato-de-bia-kicis-no-conselho-de-etica\/"},"author":{"name":"Comunica\u00e7\u00e3o PSOL","@id":"https:\/\/psol50.org.br\/#\/schema\/person\/475dfa57d0b815993c714c2e96491fcd"},"headline":"PSOL pede cassa\u00e7\u00e3o do mandato de Bia Kicis no Conselho de \u00c9tica","datePublished":"2021-03-30T13:01:32+00:00","mainEntityOfPage":{"@id":"https:\/\/psol50.org.br\/psol-pede-cassacao-do-mandato-de-bia-kicis-no-conselho-de-etica\/"},"wordCount":231,"publisher":{"@id":"https:\/\/psol50.org.br\/#organization"},"image":{"@id":"https:\/\/psol50.org.br\/psol-pede-cassacao-do-mandato-de-bia-kicis-no-conselho-de-etica\/#primaryimage"},"thumbnailUrl":"https:\/\/psol50.org.br\/inc\/uploads\/2021\/03\/img20210310123526781-scaled-1.jpg","keywords":["Bahia","bia kicis","cassa\u00e7\u00e3o","conselho de \u00e9tica","fake news","golpista","mandato","Pol\u00edcia Militar"],"articleSection":["A\u00e7\u00e3o Parlamentar","Not\u00edcias"],"inLanguage":"pt-BR"},{"@type":"WebPage","@id":"https:\/\/psol50.org.br\/psol-pede-cassacao-do-mandato-de-bia-kicis-no-conselho-de-etica\/","url":"https:\/\/psol50.org.br\/psol-pede-cassacao-do-mandato-de-bia-kicis-no-conselho-de-etica\/","name":"PSOL pede cassa\u00e7\u00e3o do mandato de Bia Kicis no Conselho de \u00c9tica","isPartOf":{"@id":"https:\/\/psol50.org.br\/#website"},"primaryImageOfPage":{"@id":"https:\/\/psol50.org.br\/psol-pede-cassacao-do-mandato-de-bia-kicis-no-conselho-de-etica\/#primaryimage"},"image":{"@id":"https:\/\/psol50.org.br\/psol-pede-cassacao-do-mandato-de-bia-kicis-no-conselho-de-etica\/#primaryimage"},"thumbnailUrl":"https:\/\/psol50.org.br\/inc\/uploads\/2021\/03\/img20210310123526781-scaled-1.jpg","datePublished":"2021-03-30T13:01:32+00:00","description":"A parlamentar sugeriu, em post nas redes sociais, que a Pol\u00edcia Militar da Bahia se rebelasse em um motim de cunho golpista.","breadcrumb":{"@id":"https:\/\/psol50.org.br\/psol-pede-cassacao-do-mandato-de-bia-kicis-no-conselho-de-etica\/#breadcrumb"},"inLanguage":"pt-BR","potentialAction":[{"@type":"ReadAction","target":["https:\/\/psol50.org.br\/psol-pede-cassacao-do-mandato-de-bia-kicis-no-conselho-de-etica\/"]}]},{"@type":"ImageObject","inLanguage":"pt-BR","@id":"https:\/\/psol50.org.br\/psol-pede-cassacao-do-mandato-de-bia-kicis-no-conselho-de-etica\/#primaryimage","url":"https:\/\/psol50.org.br\/inc\/uploads\/2021\/03\/img20210310123526781-scaled-1.jpg","contentUrl":"https:\/\/psol50.org.br\/inc\/uploads\/2021\/03\/img20210310123526781-scaled-1.jpg","width":1920,"height":1280,"caption":"Foto: Cleia Viana\/C\u00e2mara dos Deputados"},{"@type":"BreadcrumbList","@id":"https:\/\/psol50.org.br\/psol-pede-cassacao-do-mandato-de-bia-kicis-no-conselho-de-etica\/#breadcrumb","itemListElement":[{"@type":"ListItem","position":1,"name":"In\u00edcio","item":"https:\/\/psol50.org.br\/"},{"@type":"ListItem","position":2,"name":"PSOL pede cassa\u00e7\u00e3o do mandato de Bia Kicis no Conselho de \u00c9tica"}]},{"@type":"WebSite","@id":"https:\/\/psol50.org.br\/#website","url":"https:\/\/psol50.org.br\/","name":"PSOL 50","description":"Site oficial do Partido Socialismo e Liberdade","publisher":{"@id":"https:\/\/psol50.org.br\/#organization"},"alternateName":"PSOL50","potentialAction":[{"@type":"SearchAction","target":{"@type":"EntryPoint","urlTemplate":"https:\/\/psol50.org.br\/?s={search_term_string}"},"query-input":{"@type":"PropertyValueSpecification","valueRequired":true,"valueName":"search_term_string"}}],"inLanguage":"pt-BR"},{"@type":"Organization","@id":"https:\/\/psol50.org.br\/#organization","name":"PSOL 50","alternateName":"PSOL 50","url":"https:\/\/psol50.org.br\/","logo":{"@type":"ImageObject","inLanguage":"pt-BR","@id":"https:\/\/psol50.org.br\/#\/schema\/logo\/image\/","url":"https:\/\/psol50.org.br\/inc\/uploads\/2018\/07\/capa.png","contentUrl":"https:\/\/psol50.org.br\/inc\/uploads\/2018\/07\/capa.png","width":1350,"height":900,"caption":"PSOL 50"},"image":{"@id":"https:\/\/psol50.org.br\/#\/schema\/logo\/image\/"},"sameAs":["https:\/\/www.facebook.com\/psol50","https:\/\/x.com\/psol50","https:\/\/www.instagram.com\/psol50\/","https:\/\/www.youtube.com\/channel\/UC7SnJS5o1os7a6CaiNabzcg"]},{"@type":"Person","@id":"https:\/\/psol50.org.br\/#\/schema\/person\/475dfa57d0b815993c714c2e96491fcd","name":"Comunica\u00e7\u00e3o PSOL","image":{"@type":"ImageObject","inLanguage":"pt-BR","@id":"https:\/\/psol50.org.br\/#\/schema\/person\/image\/","url":"https:\/\/secure.gravatar.com\/avatar\/b34fc4f4e468a4e51785917065a3db57b841f5c95dba6ad8c73aaf8f66f8f9bf?s=96&d=mm&r=g","contentUrl":"https:\/\/secure.gravatar.com\/avatar\/b34fc4f4e468a4e51785917065a3db57b841f5c95dba6ad8c73aaf8f66f8f9bf?s=96&d=mm&r=g","caption":"Comunica\u00e7\u00e3o PSOL"}}]}},"_links":{"self":[{"href":"https:\/\/psol50.org.br\/rest\/wp\/v2\/posts\/32240","targetHints":{"allow":["GET"]}}],"collection":[{"href":"https:\/\/psol50.org.br\/rest\/wp\/v2\/posts"}],"about":[{"href":"https:\/\/psol50.org.br\/rest\/wp\/v2\/types\/post"}],"author":[{"embeddable":true,"href":"https:\/\/psol50.org.br\/rest\/wp\/v2\/users\/2"}],"replies":[{"embeddable":true,"href":"https:\/\/psol50.org.br\/rest\/wp\/v2\/comments?post=32240"}],"version-history":[{"count":0,"href":"https:\/\/psol50.org.br\/rest\/wp\/v2\/posts\/32240\/revisions"}],"wp:featuredmedia":[{"embeddable":true,"href":"https:\/\/psol50.org.br\/rest\/wp\/v2\/media\/32241"}],"wp:attachment":[{"href":"https:\/\/psol50.org.br\/rest\/wp\/v2\/media?parent=32240"}],"wp:term":[{"taxonomy":"category","embeddable":true,"href":"https:\/\/psol50.org.br\/rest\/wp\/v2\/categories?post=32240"},{"taxonomy":"post_tag","embeddable":true,"href":"https:\/\/psol50.org.br\/rest\/wp\/v2\/tags?post=32240"}],"curies":[{"name":"wp","href":"https:\/\/api.w.org\/{rel}","templated":true}]}}