{"id":32249,"date":"2021-03-31T11:37:06","date_gmt":"2021-03-31T14:37:06","guid":{"rendered":"https:\/\/psol50.org.br\/?p=32249"},"modified":"2021-03-31T11:37:06","modified_gmt":"2021-03-31T14:37:06","slug":"oposicao-apresenta-novo-pedido-de-impeachment-de-bolsonaro-por-uso-politico-das-forcas-armadas","status":"publish","type":"post","link":"https:\/\/psol50.org.br\/oposicao-apresenta-novo-pedido-de-impeachment-de-bolsonaro-por-uso-politico-das-forcas-armadas\/","title":{"rendered":"Oposi\u00e7\u00e3o apresenta novo pedido de impeachment de Bolsonaro por uso pol\u00edtico das For\u00e7as Armadas"},"content":{"rendered":"<p><a href=\"https:\/\/psol50.org.br\/vacinaja\/\" target=\"_blank\" rel=\"noopener\"><img loading=\"lazy\" decoding=\"async\" class=\"alignnone size-full wp-image-31535\" src=\"https:\/\/psol50.org.br\/inc\/uploads\/2020\/12\/Web-1920-\u2013-1.jpg\" alt=\"\" width=\"1920\" height=\"339\" srcset=\"https:\/\/psol50.org.br\/inc\/uploads\/2020\/12\/Web-1920-\u2013-1.jpg 1920w, https:\/\/psol50.org.br\/inc\/uploads\/2020\/12\/Web-1920-\u2013-1-300x53.jpg 300w, https:\/\/psol50.org.br\/inc\/uploads\/2020\/12\/Web-1920-\u2013-1-1024x181.jpg 1024w, https:\/\/psol50.org.br\/inc\/uploads\/2020\/12\/Web-1920-\u2013-1-768x136.jpg 768w, https:\/\/psol50.org.br\/inc\/uploads\/2020\/12\/Web-1920-\u2013-1-1536x271.jpg 1536w, https:\/\/psol50.org.br\/inc\/uploads\/2020\/12\/Web-1920-\u2013-1-150x26.jpg 150w, https:\/\/psol50.org.br\/inc\/uploads\/2020\/12\/Web-1920-\u2013-1-696x123.jpg 696w, https:\/\/psol50.org.br\/inc\/uploads\/2020\/12\/Web-1920-\u2013-1-1068x189.jpg 1068w\" sizes=\"auto, (max-width: 1920px) 100vw, 1920px\" \/><\/a><\/p>\n<p>Os l\u00edderes da minoria e da oposi\u00e7\u00e3o na C\u00e2mara e no Senado Federal, Marcelo Freixo (PSOL\/RJ), Alessandro Molon (PSB\/RJ), Jean Paul Prates (PT\/RN) e Randolfe Rodrigues (Rede\/AP), al\u00e9m do l\u00edder da minoria no Congresso Arlindo Chinaglia (PT-SP), apresentaram nesta quarta-feira (31) um novo pedido de impeachment de Jair Bolsonaro pelos crimes de responsabilidade cometidos pelo Presidente da Rep\u00fablica ao usar as for\u00e7as militares brasileiras para seus interesses pessoais de amea\u00e7a \u00e0 democracia brasileira.<\/p>\n<p>No documento, os parlamentares mostram que o Presidente da Rep\u00fablica est\u00e1 tentando, de forma autorit\u00e1ria, se apropriar indevidamente e para interesses pessoais das for\u00e7as militares do Brasil com amea\u00e7a evidente \u00e0 democracia.<\/p>\n<p>Nesta semana, 57 ap\u00f3s o golpe militar de 1964, Jair Bolsonaro demitiu o ent\u00e3o Ministro da Defesa Fernando Azevedo e Silva e colocou em seu lugar o general Braga Netto para ter maior controle pol\u00edtico sobre as For\u00e7as Armadas no pa\u00eds. Em resposta, os comandantes do Ex\u00e9rcito, Marinha e Aeron\u00e1utica entregaram seus cargos em reuni\u00e3o com o novo ministro na \u00faltima ter\u00e7a-feira (30), em um gesto in\u00e9dito na hist\u00f3ria do pa\u00eds.<\/p>\n<p>&#8220;Estamos diante de uma escalada da radicaliza\u00e7\u00e3o bolsonarista e o parlamento tem o dever de reagir para proteger a democracia. Impeachment j\u00e1!&#8221;, disse Marcelo Freixo, que representa o PSOL neste novo pedido de impeachment. Ao todo j\u00e1 s\u00e3o mais de 70 pedidos de impeachment contra Bolsonaro apresentados no Congresso Nacional.<\/p>\n<blockquote class=\"twitter-tweet\" data-width=\"550\" data-dnt=\"true\">\n<p lang=\"pt\" dir=\"ltr\">ACOMPANHEM AGORA AO VIVO A ENTREVISTA COLETIVA DOS L\u00cdDERES DA OPOSI\u00c7\u00c3O SOBRE O NOVO PEDIDO DE IMPEACHEMT CONTRA BOLSONARO!<a href=\"https:\/\/t.co\/DIfJDoSuBa\">https:\/\/t.co\/DIfJDoSuBa<\/a><\/p>\n<p>&mdash; Marcelo Freixo (@MarceloFreixo) <a href=\"https:\/\/twitter.com\/MarceloFreixo\/status\/1377262656449576961?ref_src=twsrc%5Etfw\">March 31, 2021<\/a><\/p><\/blockquote>\n<p><script async src=\"https:\/\/platform.twitter.com\/widgets.js\" charset=\"utf-8\"><\/script><\/p>\n<p><a href=\"https:\/\/psol50.org.br\/rendajusta\/\" target=\"_blank\" rel=\"noopener\"><img loading=\"lazy\" decoding=\"async\" class=\"alignnone size-full wp-image-30552\" src=\"https:\/\/psol50.org.br\/inc\/uploads\/2020\/08\/21-08-2020_LancamentoRendaJusta-2.png\" alt=\"\" width=\"1920\" height=\"383\" srcset=\"https:\/\/psol50.org.br\/inc\/uploads\/2020\/08\/21-08-2020_LancamentoRendaJusta-2.png 1920w, https:\/\/psol50.org.br\/inc\/uploads\/2020\/08\/21-08-2020_LancamentoRendaJusta-2-300x60.png 300w, https:\/\/psol50.org.br\/inc\/uploads\/2020\/08\/21-08-2020_LancamentoRendaJusta-2-1024x204.png 1024w, https:\/\/psol50.org.br\/inc\/uploads\/2020\/08\/21-08-2020_LancamentoRendaJusta-2-768x153.png 768w, https:\/\/psol50.org.br\/inc\/uploads\/2020\/08\/21-08-2020_LancamentoRendaJusta-2-1536x306.png 1536w, https:\/\/psol50.org.br\/inc\/uploads\/2020\/08\/21-08-2020_LancamentoRendaJusta-2-150x30.png 150w, https:\/\/psol50.org.br\/inc\/uploads\/2020\/08\/21-08-2020_LancamentoRendaJusta-2-696x139.png 696w, https:\/\/psol50.org.br\/inc\/uploads\/2020\/08\/21-08-2020_LancamentoRendaJusta-2-1068x213.png 1068w\" sizes=\"auto, (max-width: 1920px) 100vw, 1920px\" \/><\/a><\/p>\n","protected":false},"excerpt":{"rendered":"<p>Os l\u00edderes da minoria e da oposi\u00e7\u00e3o na C\u00e2mara e no Senado Federal, Marcelo Freixo (PSOL\/RJ), Alessandro Molon (PSB\/RJ), Jean Paul Prates (PT\/RN) e Randolfe Rodrigues (Rede\/AP), al\u00e9m do l\u00edder da minoria no Congresso Arlindo Chinaglia (PT-SP), apresentaram nesta quarta-feira (31) um novo pedido de impeachment de Jair Bolsonaro pelos crimes de responsabilidade cometidos pelo [&hellip;]<\/p>\n","protected":false},"author":2,"featured_media":32078,"comment_status":"closed","ping_status":"open","sticky":false,"template":"","format":"standard","meta":{"_acf_changed":false,"footnotes":""},"categories":[10,6],"tags":[56,87,1499,220,315],"class_list":{"0":"post-32249","1":"post","2":"type-post","3":"status-publish","4":"format-standard","5":"has-post-thumbnail","7":"category-acao-parlamentares","8":"category-noticias","9":"tag-bolsonaro","10":"tag-democracia","11":"tag-forcas-armadas","12":"tag-impeachment","13":"tag-oposicao"},"acf":[],"yoast_head":"<!-- This site is optimized with the Yoast SEO plugin v26.5 - https:\/\/yoast.com\/wordpress\/plugins\/seo\/ -->\n<title>Oposi\u00e7\u00e3o apresenta novo pedido de impeachment de Bolsonaro por uso pol\u00edtico das For\u00e7as Armadas<\/title>\n<meta name=\"description\" content=\"Parlamentares mostram que Bolsonaro tenta se apropriar das for\u00e7as militares do Brasil com amea\u00e7a evidente \u00e0 democracia.\" \/>\n<meta name=\"robots\" content=\"index, follow, max-snippet:-1, max-image-preview:large, max-video-preview:-1\" \/>\n<link rel=\"canonical\" href=\"https:\/\/psol50.org.br\/oposicao-apresenta-novo-pedido-de-impeachment-de-bolsonaro-por-uso-politico-das-forcas-armadas\/\" \/>\n<meta property=\"og:locale\" content=\"pt_BR\" \/>\n<meta property=\"og:type\" content=\"article\" \/>\n<meta property=\"og:title\" content=\"Oposi\u00e7\u00e3o apresenta novo pedido de impeachment de Bolsonaro por uso pol\u00edtico das For\u00e7as Armadas\" \/>\n<meta property=\"og:description\" content=\"Parlamentares mostram que Bolsonaro tenta se apropriar das for\u00e7as militares do Brasil com amea\u00e7a evidente \u00e0 democracia.\" \/>\n<meta property=\"og:url\" content=\"https:\/\/psol50.org.br\/oposicao-apresenta-novo-pedido-de-impeachment-de-bolsonaro-por-uso-politico-das-forcas-armadas\/\" \/>\n<meta property=\"og:site_name\" content=\"PSOL 50\" \/>\n<meta property=\"article:publisher\" content=\"https:\/\/www.facebook.com\/psol50\" \/>\n<meta property=\"article:published_time\" content=\"2021-03-31T14:37:06+00:00\" \/>\n<meta property=\"og:image\" content=\"https:\/\/psol50.org.br\/inc\/uploads\/2021\/03\/oito-dos-22-ministros-de-bolsonaro-sao-militares-a-maior-participacao-das-forcas-armadas-em-um-governo-desde-a-redemocratizacao-1553896440423_v2_976x549.jpg\" \/>\n\t<meta property=\"og:image:width\" content=\"976\" \/>\n\t<meta property=\"og:image:height\" content=\"549\" \/>\n\t<meta property=\"og:image:type\" content=\"image\/jpeg\" \/>\n<meta name=\"author\" content=\"Comunica\u00e7\u00e3o PSOL\" \/>\n<meta name=\"twitter:card\" content=\"summary_large_image\" \/>\n<meta name=\"twitter:title\" content=\"Oposi\u00e7\u00e3o apresenta novo pedido de impeachment de Bolsonaro por uso pol\u00edtico das For\u00e7as Armadas\" \/>\n<meta name=\"twitter:description\" content=\"Parlamentares mostram que Bolsonaro tenta se apropriar das for\u00e7as militares do Brasil com amea\u00e7a evidente \u00e0 democracia.\" \/>\n<meta name=\"twitter:image\" content=\"https:\/\/psol50.org.br\/inc\/uploads\/2021\/03\/oito-dos-22-ministros-de-bolsonaro-sao-militares-a-maior-participacao-das-forcas-armadas-em-um-governo-desde-a-redemocratizacao-1553896440423_v2_976x549.jpg\" \/>\n<meta name=\"twitter:creator\" content=\"@psol50\" \/>\n<meta name=\"twitter:site\" content=\"@psol50\" \/>\n<meta name=\"twitter:label1\" content=\"Escrito por\" \/>\n\t<meta name=\"twitter:data1\" content=\"Comunica\u00e7\u00e3o PSOL\" \/>\n\t<meta name=\"twitter:label2\" content=\"Est. tempo de leitura\" \/>\n\t<meta name=\"twitter:data2\" content=\"2 minutos\" \/>\n<script type=\"application\/ld+json\" class=\"yoast-schema-graph\">{\"@context\":\"https:\/\/schema.org\",\"@graph\":[{\"@type\":\"Article\",\"@id\":\"https:\/\/psol50.org.br\/oposicao-apresenta-novo-pedido-de-impeachment-de-bolsonaro-por-uso-politico-das-forcas-armadas\/#article\",\"isPartOf\":{\"@id\":\"https:\/\/psol50.org.br\/oposicao-apresenta-novo-pedido-de-impeachment-de-bolsonaro-por-uso-politico-das-forcas-armadas\/\"},\"author\":{\"name\":\"Comunica\u00e7\u00e3o PSOL\",\"@id\":\"https:\/\/psol50.org.br\/#\/schema\/person\/475dfa57d0b815993c714c2e96491fcd\"},\"headline\":\"Oposi\u00e7\u00e3o apresenta novo pedido de impeachment de Bolsonaro por uso pol\u00edtico das For\u00e7as Armadas\",\"datePublished\":\"2021-03-31T14:37:06+00:00\",\"mainEntityOfPage\":{\"@id\":\"https:\/\/psol50.org.br\/oposicao-apresenta-novo-pedido-de-impeachment-de-bolsonaro-por-uso-politico-das-forcas-armadas\/\"},\"wordCount\":271,\"publisher\":{\"@id\":\"https:\/\/psol50.org.br\/#organization\"},\"image\":{\"@id\":\"https:\/\/psol50.org.br\/oposicao-apresenta-novo-pedido-de-impeachment-de-bolsonaro-por-uso-politico-das-forcas-armadas\/#primaryimage\"},\"thumbnailUrl\":\"https:\/\/psol50.org.br\/inc\/uploads\/2021\/03\/oito-dos-22-ministros-de-bolsonaro-sao-militares-a-maior-participacao-das-forcas-armadas-em-um-governo-desde-a-redemocratizacao-1553896440423_v2_976x549.jpg\",\"keywords\":[\"Bolsonaro\",\"democracia\",\"For\u00e7as Armadas\",\"impeachment\",\"Oposi\u00e7\u00e3o\"],\"articleSection\":[\"A\u00e7\u00e3o Parlamentar\",\"Not\u00edcias\"],\"inLanguage\":\"pt-BR\"},{\"@type\":\"WebPage\",\"@id\":\"https:\/\/psol50.org.br\/oposicao-apresenta-novo-pedido-de-impeachment-de-bolsonaro-por-uso-politico-das-forcas-armadas\/\",\"url\":\"https:\/\/psol50.org.br\/oposicao-apresenta-novo-pedido-de-impeachment-de-bolsonaro-por-uso-politico-das-forcas-armadas\/\",\"name\":\"Oposi\u00e7\u00e3o apresenta novo pedido de impeachment de Bolsonaro por uso pol\u00edtico das For\u00e7as Armadas\",\"isPartOf\":{\"@id\":\"https:\/\/psol50.org.br\/#website\"},\"primaryImageOfPage\":{\"@id\":\"https:\/\/psol50.org.br\/oposicao-apresenta-novo-pedido-de-impeachment-de-bolsonaro-por-uso-politico-das-forcas-armadas\/#primaryimage\"},\"image\":{\"@id\":\"https:\/\/psol50.org.br\/oposicao-apresenta-novo-pedido-de-impeachment-de-bolsonaro-por-uso-politico-das-forcas-armadas\/#primaryimage\"},\"thumbnailUrl\":\"https:\/\/psol50.org.br\/inc\/uploads\/2021\/03\/oito-dos-22-ministros-de-bolsonaro-sao-militares-a-maior-participacao-das-forcas-armadas-em-um-governo-desde-a-redemocratizacao-1553896440423_v2_976x549.jpg\",\"datePublished\":\"2021-03-31T14:37:06+00:00\",\"description\":\"Parlamentares mostram que Bolsonaro tenta se apropriar das for\u00e7as militares do Brasil com amea\u00e7a evidente \u00e0 democracia.\",\"breadcrumb\":{\"@id\":\"https:\/\/psol50.org.br\/oposicao-apresenta-novo-pedido-de-impeachment-de-bolsonaro-por-uso-politico-das-forcas-armadas\/#breadcrumb\"},\"inLanguage\":\"pt-BR\",\"potentialAction\":[{\"@type\":\"ReadAction\",\"target\":[\"https:\/\/psol50.org.br\/oposicao-apresenta-novo-pedido-de-impeachment-de-bolsonaro-por-uso-politico-das-forcas-armadas\/\"]}]},{\"@type\":\"ImageObject\",\"inLanguage\":\"pt-BR\",\"@id\":\"https:\/\/psol50.org.br\/oposicao-apresenta-novo-pedido-de-impeachment-de-bolsonaro-por-uso-politico-das-forcas-armadas\/#primaryimage\",\"url\":\"https:\/\/psol50.org.br\/inc\/uploads\/2021\/03\/oito-dos-22-ministros-de-bolsonaro-sao-militares-a-maior-participacao-das-forcas-armadas-em-um-governo-desde-a-redemocratizacao-1553896440423_v2_976x549.jpg\",\"contentUrl\":\"https:\/\/psol50.org.br\/inc\/uploads\/2021\/03\/oito-dos-22-ministros-de-bolsonaro-sao-militares-a-maior-participacao-das-forcas-armadas-em-um-governo-desde-a-redemocratizacao-1553896440423_v2_976x549.jpg\",\"width\":976,\"height\":549},{\"@type\":\"BreadcrumbList\",\"@id\":\"https:\/\/psol50.org.br\/oposicao-apresenta-novo-pedido-de-impeachment-de-bolsonaro-por-uso-politico-das-forcas-armadas\/#breadcrumb\",\"itemListElement\":[{\"@type\":\"ListItem\",\"position\":1,\"name\":\"In\u00edcio\",\"item\":\"https:\/\/psol50.org.br\/\"},{\"@type\":\"ListItem\",\"position\":2,\"name\":\"Oposi\u00e7\u00e3o apresenta novo pedido de impeachment de Bolsonaro por uso pol\u00edtico das For\u00e7as Armadas\"}]},{\"@type\":\"WebSite\",\"@id\":\"https:\/\/psol50.org.br\/#website\",\"url\":\"https:\/\/psol50.org.br\/\",\"name\":\"PSOL 50\",\"description\":\"Site oficial do Partido Socialismo e Liberdade\",\"publisher\":{\"@id\":\"https:\/\/psol50.org.br\/#organization\"},\"alternateName\":\"PSOL50\",\"potentialAction\":[{\"@type\":\"SearchAction\",\"target\":{\"@type\":\"EntryPoint\",\"urlTemplate\":\"https:\/\/psol50.org.br\/?s={search_term_string}\"},\"query-input\":{\"@type\":\"PropertyValueSpecification\",\"valueRequired\":true,\"valueName\":\"search_term_string\"}}],\"inLanguage\":\"pt-BR\"},{\"@type\":\"Organization\",\"@id\":\"https:\/\/psol50.org.br\/#organization\",\"name\":\"PSOL 50\",\"alternateName\":\"PSOL 50\",\"url\":\"https:\/\/psol50.org.br\/\",\"logo\":{\"@type\":\"ImageObject\",\"inLanguage\":\"pt-BR\",\"@id\":\"https:\/\/psol50.org.br\/#\/schema\/logo\/image\/\",\"url\":\"https:\/\/psol50.org.br\/inc\/uploads\/2018\/07\/capa.png\",\"contentUrl\":\"https:\/\/psol50.org.br\/inc\/uploads\/2018\/07\/capa.png\",\"width\":1350,\"height\":900,\"caption\":\"PSOL 50\"},\"image\":{\"@id\":\"https:\/\/psol50.org.br\/#\/schema\/logo\/image\/\"},\"sameAs\":[\"https:\/\/www.facebook.com\/psol50\",\"https:\/\/x.com\/psol50\",\"https:\/\/www.instagram.com\/psol50\/\",\"https:\/\/www.youtube.com\/channel\/UC7SnJS5o1os7a6CaiNabzcg\"]},{\"@type\":\"Person\",\"@id\":\"https:\/\/psol50.org.br\/#\/schema\/person\/475dfa57d0b815993c714c2e96491fcd\",\"name\":\"Comunica\u00e7\u00e3o PSOL\",\"image\":{\"@type\":\"ImageObject\",\"inLanguage\":\"pt-BR\",\"@id\":\"https:\/\/psol50.org.br\/#\/schema\/person\/image\/\",\"url\":\"https:\/\/secure.gravatar.com\/avatar\/b34fc4f4e468a4e51785917065a3db57b841f5c95dba6ad8c73aaf8f66f8f9bf?s=96&d=mm&r=g\",\"contentUrl\":\"https:\/\/secure.gravatar.com\/avatar\/b34fc4f4e468a4e51785917065a3db57b841f5c95dba6ad8c73aaf8f66f8f9bf?s=96&d=mm&r=g\",\"caption\":\"Comunica\u00e7\u00e3o PSOL\"}}]}<\/script>\n<!-- \/ Yoast SEO plugin. -->","yoast_head_json":{"title":"Oposi\u00e7\u00e3o apresenta novo pedido de impeachment de Bolsonaro por uso pol\u00edtico das For\u00e7as Armadas","description":"Parlamentares mostram que Bolsonaro tenta se apropriar das for\u00e7as militares do Brasil com amea\u00e7a evidente \u00e0 democracia.","robots":{"index":"index","follow":"follow","max-snippet":"max-snippet:-1","max-image-preview":"max-image-preview:large","max-video-preview":"max-video-preview:-1"},"canonical":"https:\/\/psol50.org.br\/oposicao-apresenta-novo-pedido-de-impeachment-de-bolsonaro-por-uso-politico-das-forcas-armadas\/","og_locale":"pt_BR","og_type":"article","og_title":"Oposi\u00e7\u00e3o apresenta novo pedido de impeachment de Bolsonaro por uso pol\u00edtico das For\u00e7as Armadas","og_description":"Parlamentares mostram que Bolsonaro tenta se apropriar das for\u00e7as militares do Brasil com amea\u00e7a evidente \u00e0 democracia.","og_url":"https:\/\/psol50.org.br\/oposicao-apresenta-novo-pedido-de-impeachment-de-bolsonaro-por-uso-politico-das-forcas-armadas\/","og_site_name":"PSOL 50","article_publisher":"https:\/\/www.facebook.com\/psol50","article_published_time":"2021-03-31T14:37:06+00:00","og_image":[{"width":976,"height":549,"url":"https:\/\/psol50.org.br\/inc\/uploads\/2021\/03\/oito-dos-22-ministros-de-bolsonaro-sao-militares-a-maior-participacao-das-forcas-armadas-em-um-governo-desde-a-redemocratizacao-1553896440423_v2_976x549.jpg","type":"image\/jpeg"}],"author":"Comunica\u00e7\u00e3o PSOL","twitter_card":"summary_large_image","twitter_title":"Oposi\u00e7\u00e3o apresenta novo pedido de impeachment de Bolsonaro por uso pol\u00edtico das For\u00e7as Armadas","twitter_description":"Parlamentares mostram que Bolsonaro tenta se apropriar das for\u00e7as militares do Brasil com amea\u00e7a evidente \u00e0 democracia.","twitter_image":"https:\/\/psol50.org.br\/inc\/uploads\/2021\/03\/oito-dos-22-ministros-de-bolsonaro-sao-militares-a-maior-participacao-das-forcas-armadas-em-um-governo-desde-a-redemocratizacao-1553896440423_v2_976x549.jpg","twitter_creator":"@psol50","twitter_site":"@psol50","twitter_misc":{"Escrito por":"Comunica\u00e7\u00e3o PSOL","Est. tempo de leitura":"2 minutos"},"schema":{"@context":"https:\/\/schema.org","@graph":[{"@type":"Article","@id":"https:\/\/psol50.org.br\/oposicao-apresenta-novo-pedido-de-impeachment-de-bolsonaro-por-uso-politico-das-forcas-armadas\/#article","isPartOf":{"@id":"https:\/\/psol50.org.br\/oposicao-apresenta-novo-pedido-de-impeachment-de-bolsonaro-por-uso-politico-das-forcas-armadas\/"},"author":{"name":"Comunica\u00e7\u00e3o PSOL","@id":"https:\/\/psol50.org.br\/#\/schema\/person\/475dfa57d0b815993c714c2e96491fcd"},"headline":"Oposi\u00e7\u00e3o apresenta novo pedido de impeachment de Bolsonaro por uso pol\u00edtico das For\u00e7as Armadas","datePublished":"2021-03-31T14:37:06+00:00","mainEntityOfPage":{"@id":"https:\/\/psol50.org.br\/oposicao-apresenta-novo-pedido-de-impeachment-de-bolsonaro-por-uso-politico-das-forcas-armadas\/"},"wordCount":271,"publisher":{"@id":"https:\/\/psol50.org.br\/#organization"},"image":{"@id":"https:\/\/psol50.org.br\/oposicao-apresenta-novo-pedido-de-impeachment-de-bolsonaro-por-uso-politico-das-forcas-armadas\/#primaryimage"},"thumbnailUrl":"https:\/\/psol50.org.br\/inc\/uploads\/2021\/03\/oito-dos-22-ministros-de-bolsonaro-sao-militares-a-maior-participacao-das-forcas-armadas-em-um-governo-desde-a-redemocratizacao-1553896440423_v2_976x549.jpg","keywords":["Bolsonaro","democracia","For\u00e7as Armadas","impeachment","Oposi\u00e7\u00e3o"],"articleSection":["A\u00e7\u00e3o Parlamentar","Not\u00edcias"],"inLanguage":"pt-BR"},{"@type":"WebPage","@id":"https:\/\/psol50.org.br\/oposicao-apresenta-novo-pedido-de-impeachment-de-bolsonaro-por-uso-politico-das-forcas-armadas\/","url":"https:\/\/psol50.org.br\/oposicao-apresenta-novo-pedido-de-impeachment-de-bolsonaro-por-uso-politico-das-forcas-armadas\/","name":"Oposi\u00e7\u00e3o apresenta novo pedido de impeachment de Bolsonaro por uso pol\u00edtico das For\u00e7as Armadas","isPartOf":{"@id":"https:\/\/psol50.org.br\/#website"},"primaryImageOfPage":{"@id":"https:\/\/psol50.org.br\/oposicao-apresenta-novo-pedido-de-impeachment-de-bolsonaro-por-uso-politico-das-forcas-armadas\/#primaryimage"},"image":{"@id":"https:\/\/psol50.org.br\/oposicao-apresenta-novo-pedido-de-impeachment-de-bolsonaro-por-uso-politico-das-forcas-armadas\/#primaryimage"},"thumbnailUrl":"https:\/\/psol50.org.br\/inc\/uploads\/2021\/03\/oito-dos-22-ministros-de-bolsonaro-sao-militares-a-maior-participacao-das-forcas-armadas-em-um-governo-desde-a-redemocratizacao-1553896440423_v2_976x549.jpg","datePublished":"2021-03-31T14:37:06+00:00","description":"Parlamentares mostram que Bolsonaro tenta se apropriar das for\u00e7as militares do Brasil com amea\u00e7a evidente \u00e0 democracia.","breadcrumb":{"@id":"https:\/\/psol50.org.br\/oposicao-apresenta-novo-pedido-de-impeachment-de-bolsonaro-por-uso-politico-das-forcas-armadas\/#breadcrumb"},"inLanguage":"pt-BR","potentialAction":[{"@type":"ReadAction","target":["https:\/\/psol50.org.br\/oposicao-apresenta-novo-pedido-de-impeachment-de-bolsonaro-por-uso-politico-das-forcas-armadas\/"]}]},{"@type":"ImageObject","inLanguage":"pt-BR","@id":"https:\/\/psol50.org.br\/oposicao-apresenta-novo-pedido-de-impeachment-de-bolsonaro-por-uso-politico-das-forcas-armadas\/#primaryimage","url":"https:\/\/psol50.org.br\/inc\/uploads\/2021\/03\/oito-dos-22-ministros-de-bolsonaro-sao-militares-a-maior-participacao-das-forcas-armadas-em-um-governo-desde-a-redemocratizacao-1553896440423_v2_976x549.jpg","contentUrl":"https:\/\/psol50.org.br\/inc\/uploads\/2021\/03\/oito-dos-22-ministros-de-bolsonaro-sao-militares-a-maior-participacao-das-forcas-armadas-em-um-governo-desde-a-redemocratizacao-1553896440423_v2_976x549.jpg","width":976,"height":549},{"@type":"BreadcrumbList","@id":"https:\/\/psol50.org.br\/oposicao-apresenta-novo-pedido-de-impeachment-de-bolsonaro-por-uso-politico-das-forcas-armadas\/#breadcrumb","itemListElement":[{"@type":"ListItem","position":1,"name":"In\u00edcio","item":"https:\/\/psol50.org.br\/"},{"@type":"ListItem","position":2,"name":"Oposi\u00e7\u00e3o apresenta novo pedido de impeachment de Bolsonaro por uso pol\u00edtico das For\u00e7as Armadas"}]},{"@type":"WebSite","@id":"https:\/\/psol50.org.br\/#website","url":"https:\/\/psol50.org.br\/","name":"PSOL 50","description":"Site oficial do Partido Socialismo e Liberdade","publisher":{"@id":"https:\/\/psol50.org.br\/#organization"},"alternateName":"PSOL50","potentialAction":[{"@type":"SearchAction","target":{"@type":"EntryPoint","urlTemplate":"https:\/\/psol50.org.br\/?s={search_term_string}"},"query-input":{"@type":"PropertyValueSpecification","valueRequired":true,"valueName":"search_term_string"}}],"inLanguage":"pt-BR"},{"@type":"Organization","@id":"https:\/\/psol50.org.br\/#organization","name":"PSOL 50","alternateName":"PSOL 50","url":"https:\/\/psol50.org.br\/","logo":{"@type":"ImageObject","inLanguage":"pt-BR","@id":"https:\/\/psol50.org.br\/#\/schema\/logo\/image\/","url":"https:\/\/psol50.org.br\/inc\/uploads\/2018\/07\/capa.png","contentUrl":"https:\/\/psol50.org.br\/inc\/uploads\/2018\/07\/capa.png","width":1350,"height":900,"caption":"PSOL 50"},"image":{"@id":"https:\/\/psol50.org.br\/#\/schema\/logo\/image\/"},"sameAs":["https:\/\/www.facebook.com\/psol50","https:\/\/x.com\/psol50","https:\/\/www.instagram.com\/psol50\/","https:\/\/www.youtube.com\/channel\/UC7SnJS5o1os7a6CaiNabzcg"]},{"@type":"Person","@id":"https:\/\/psol50.org.br\/#\/schema\/person\/475dfa57d0b815993c714c2e96491fcd","name":"Comunica\u00e7\u00e3o PSOL","image":{"@type":"ImageObject","inLanguage":"pt-BR","@id":"https:\/\/psol50.org.br\/#\/schema\/person\/image\/","url":"https:\/\/secure.gravatar.com\/avatar\/b34fc4f4e468a4e51785917065a3db57b841f5c95dba6ad8c73aaf8f66f8f9bf?s=96&d=mm&r=g","contentUrl":"https:\/\/secure.gravatar.com\/avatar\/b34fc4f4e468a4e51785917065a3db57b841f5c95dba6ad8c73aaf8f66f8f9bf?s=96&d=mm&r=g","caption":"Comunica\u00e7\u00e3o PSOL"}}]}},"_links":{"self":[{"href":"https:\/\/psol50.org.br\/rest\/wp\/v2\/posts\/32249","targetHints":{"allow":["GET"]}}],"collection":[{"href":"https:\/\/psol50.org.br\/rest\/wp\/v2\/posts"}],"about":[{"href":"https:\/\/psol50.org.br\/rest\/wp\/v2\/types\/post"}],"author":[{"embeddable":true,"href":"https:\/\/psol50.org.br\/rest\/wp\/v2\/users\/2"}],"replies":[{"embeddable":true,"href":"https:\/\/psol50.org.br\/rest\/wp\/v2\/comments?post=32249"}],"version-history":[{"count":0,"href":"https:\/\/psol50.org.br\/rest\/wp\/v2\/posts\/32249\/revisions"}],"wp:featuredmedia":[{"embeddable":true,"href":"https:\/\/psol50.org.br\/rest\/wp\/v2\/media\/32078"}],"wp:attachment":[{"href":"https:\/\/psol50.org.br\/rest\/wp\/v2\/media?parent=32249"}],"wp:term":[{"taxonomy":"category","embeddable":true,"href":"https:\/\/psol50.org.br\/rest\/wp\/v2\/categories?post=32249"},{"taxonomy":"post_tag","embeddable":true,"href":"https:\/\/psol50.org.br\/rest\/wp\/v2\/tags?post=32249"}],"curies":[{"name":"wp","href":"https:\/\/api.w.org\/{rel}","templated":true}]}}