{"id":3225,"date":"2015-04-10T00:00:00","date_gmt":"2015-04-10T19:09:30","guid":{"rendered":"http:\/\/psol50.org.br\/arquivo\/2015\/04\/10\/executiva-nacional-do-psol-convoca-militancia-a-participar-das-mobilizacoes-do-dia-1504\/"},"modified":"2015-04-10T00:00:00","modified_gmt":"2015-04-10T19:09:30","slug":"executiva-nacional-do-psol-convoca-militancia-a-participar-das-mobilizacoes-do-dia-1504","status":"publish","type":"post","link":"https:\/\/psol50.org.br\/executiva-nacional-do-psol-convoca-militancia-a-participar-das-mobilizacoes-do-dia-1504\/","title":{"rendered":"Executiva Nacional do PSOL convoca milit\u00e2ncia a participar das mobiliza\u00e7\u00f5es do dia 15\/04"},"content":{"rendered":"<div style=\"text-align: justify;\">\n\tNa pr\u00f3xima quarta-feira, 15 de abril, trabalhadores do setor privado, servidores p\u00fablicos, estudantes e militantes sociais de v\u00e1rias organiza\u00e7\u00f5es de esquerda promover\u00e3o o Dia Nacional de Lutas. Nesse dia, quando haver\u00e1 greve, paralisa\u00e7\u00e3o em v\u00e1rios setores e atos p\u00fablicos, ser\u00e3o denunciadas as propostas que amea\u00e7am os direitos dos trabalhadores, entre os quais o PL 4330\/04 e as Medidas Provis\u00f3rias 664 e 665, e tamb\u00e9m as demais pautas conservadoras que trazem retrocesso para a sociedade.<br \/>\n\t&nbsp;<br \/>\n\tO PSOL vai participar da agenda unificada e convoca a sua milit\u00e2ncia a se integrar \u00e0s manifesta\u00e7\u00f5es que ocorrer\u00e3o em todo o pa\u00eds. Em nota, a Executiva Nacional do partido afirma que no dia 15, partidos de esquerda, organiza\u00e7\u00f5es sindicais e sociais ocupar\u00e3o as ruas contra o ajuste do governo Dilma e as propostas que retiram direitos.<br \/>\n\t&nbsp;<br \/>\n\tConfira abaixo a nota da Executiva Nacional do PSOL.<br \/>\n\t&nbsp;<br \/>\n\t<strong>PSOL nas ruas dia 15<\/strong><br \/>\n\t&nbsp;<br \/>\n\tOs ataques contra os direitos dos trabalhadores n\u00e3o cessam. Depois das MPs 664 e 665, que retiram direitos trabalhistas e previdenci\u00e1rios, editado pelo governo Dilma no final do ano passado, agora o ataque vem da C\u00e2mara dos Deputados: a aprova\u00e7\u00e3o do PL 4330\/04, que&nbsp;permite a terceiriza\u00e7\u00e3o de forma indiscriminada, a desregulamenta\u00e7\u00e3o do mundo do trabalho e o rebaixamento dos sal\u00e1rios.&nbsp;<br \/>\n\t&nbsp;<br \/>\n\tO PSOL tem enfrentado essas medidas nas ruas e no parlamento, combatendo os ataques aos trabalhadores e \u00e0 juventude, denunciando o avan\u00e7o da agenda conservadora e apontando claramente os culpados pela crise que o pa\u00eds enfrenta: os governos do PT\/PMDB, os governos estaduais, os patr\u00f5es e a direita.<br \/>\n\t&nbsp;<br \/>\n\tPor isso, o PSOL convoca sua milit\u00e2ncia em todo o Brasil para participar ativamente do Dia Nacional de Lutas, marcado para o pr\u00f3ximo 15 de abril. Esta jornada foi convocada&nbsp;e constru\u00edda pelo PSOL, MTST, CUT, CSP-Conlutas, Intersindical, Juntos, JSOL, Rua, MST, dentre outros movimentos sociais combativos. Ocuparemos as ruas contra o ajuste de Dilma e Levy, contra a direita e por mais direitos!<br \/>\n\t&nbsp;<br \/>\n\t<strong>Executiva Nacional do PSOL<br \/>\n\t10 de abril de 2015<\/strong><\/div>\n<p>&nbsp;<\/p>\n","protected":false},"excerpt":{"rendered":"<p>Na pr\u00f3xima quarta-feira, 15 de abril, trabalhadores do setor privado, servidores p\u00fablicos, estudantes e militantes sociais de v\u00e1rias organiza\u00e7\u00f5es de esquerda promover\u00e3o o Dia Nacional de Lutas. Nesse dia, quando haver\u00e1 greve, paralisa\u00e7\u00e3o em v\u00e1rios setores e atos p\u00fablicos, ser\u00e3o denunciadas as propostas que amea\u00e7am os direitos dos trabalhadores, entre os quais o PL 4330\/04 [&hellip;]<\/p>\n","protected":false},"author":2,"featured_media":0,"comment_status":"open","ping_status":"open","sticky":false,"template":"","format":"standard","meta":{"_acf_changed":false,"footnotes":""},"categories":[6],"tags":[22],"class_list":{"0":"post-3225","1":"post","2":"type-post","3":"status-publish","4":"format-standard","6":"category-noticias","7":"tag-psol"},"acf":[],"yoast_head":"<!-- This site is optimized with the Yoast SEO plugin v26.5 - https:\/\/yoast.com\/wordpress\/plugins\/seo\/ -->\n<title>Executiva Nacional do PSOL convoca milit\u00e2ncia a participar das mobiliza\u00e7\u00f5es do dia 15\/04 - PSOL 50<\/title>\n<meta name=\"robots\" content=\"index, follow, max-snippet:-1, max-image-preview:large, max-video-preview:-1\" \/>\n<link rel=\"canonical\" href=\"https:\/\/psol50.org.br\/executiva-nacional-do-psol-convoca-militancia-a-participar-das-mobilizacoes-do-dia-1504\/\" \/>\n<meta property=\"og:locale\" content=\"pt_BR\" \/>\n<meta property=\"og:type\" content=\"article\" \/>\n<meta property=\"og:title\" content=\"Executiva Nacional do PSOL convoca milit\u00e2ncia a participar das mobiliza\u00e7\u00f5es do dia 15\/04 - PSOL 50\" \/>\n<meta property=\"og:description\" content=\"Na pr\u00f3xima quarta-feira, 15 de abril, trabalhadores do setor privado, servidores p\u00fablicos, estudantes e militantes sociais de v\u00e1rias organiza\u00e7\u00f5es de esquerda promover\u00e3o o Dia Nacional de Lutas. Nesse dia, quando haver\u00e1 greve, paralisa\u00e7\u00e3o em v\u00e1rios setores e atos p\u00fablicos, ser\u00e3o denunciadas as propostas que amea\u00e7am os direitos dos trabalhadores, entre os quais o PL 4330\/04 [&hellip;]\" \/>\n<meta property=\"og:url\" content=\"https:\/\/psol50.org.br\/executiva-nacional-do-psol-convoca-militancia-a-participar-das-mobilizacoes-do-dia-1504\/\" \/>\n<meta property=\"og:site_name\" content=\"PSOL 50\" \/>\n<meta property=\"article:publisher\" content=\"https:\/\/www.facebook.com\/psol50\" \/>\n<meta property=\"article:published_time\" content=\"2015-04-10T19:09:30+00:00\" \/>\n<meta property=\"og:image\" content=\"https:\/\/psol50.org.br\/inc\/uploads\/2018\/07\/capa.png\" \/>\n\t<meta property=\"og:image:width\" content=\"1350\" \/>\n\t<meta property=\"og:image:height\" content=\"900\" \/>\n\t<meta property=\"og:image:type\" content=\"image\/png\" \/>\n<meta name=\"author\" content=\"Comunica\u00e7\u00e3o PSOL\" \/>\n<meta name=\"twitter:card\" content=\"summary_large_image\" \/>\n<meta name=\"twitter:creator\" content=\"@psol50\" \/>\n<meta name=\"twitter:site\" content=\"@psol50\" \/>\n<meta name=\"twitter:label1\" content=\"Escrito por\" \/>\n\t<meta name=\"twitter:data1\" content=\"Comunica\u00e7\u00e3o PSOL\" \/>\n\t<meta name=\"twitter:label2\" content=\"Est. tempo de leitura\" \/>\n\t<meta name=\"twitter:data2\" content=\"2 minutos\" \/>\n<script type=\"application\/ld+json\" class=\"yoast-schema-graph\">{\"@context\":\"https:\/\/schema.org\",\"@graph\":[{\"@type\":\"Article\",\"@id\":\"https:\/\/psol50.org.br\/executiva-nacional-do-psol-convoca-militancia-a-participar-das-mobilizacoes-do-dia-1504\/#article\",\"isPartOf\":{\"@id\":\"https:\/\/psol50.org.br\/executiva-nacional-do-psol-convoca-militancia-a-participar-das-mobilizacoes-do-dia-1504\/\"},\"author\":{\"name\":\"Comunica\u00e7\u00e3o PSOL\",\"@id\":\"https:\/\/psol50.org.br\/#\/schema\/person\/475dfa57d0b815993c714c2e96491fcd\"},\"headline\":\"Executiva Nacional do PSOL convoca milit\u00e2ncia a participar das mobiliza\u00e7\u00f5es do dia 15\/04\",\"datePublished\":\"2015-04-10T19:09:30+00:00\",\"mainEntityOfPage\":{\"@id\":\"https:\/\/psol50.org.br\/executiva-nacional-do-psol-convoca-militancia-a-participar-das-mobilizacoes-do-dia-1504\/\"},\"wordCount\":371,\"commentCount\":0,\"publisher\":{\"@id\":\"https:\/\/psol50.org.br\/#organization\"},\"keywords\":[\"PSOL\"],\"articleSection\":[\"Not\u00edcias\"],\"inLanguage\":\"pt-BR\",\"potentialAction\":[{\"@type\":\"CommentAction\",\"name\":\"Comment\",\"target\":[\"https:\/\/psol50.org.br\/executiva-nacional-do-psol-convoca-militancia-a-participar-das-mobilizacoes-do-dia-1504\/#respond\"]}]},{\"@type\":\"WebPage\",\"@id\":\"https:\/\/psol50.org.br\/executiva-nacional-do-psol-convoca-militancia-a-participar-das-mobilizacoes-do-dia-1504\/\",\"url\":\"https:\/\/psol50.org.br\/executiva-nacional-do-psol-convoca-militancia-a-participar-das-mobilizacoes-do-dia-1504\/\",\"name\":\"Executiva Nacional do PSOL convoca milit\u00e2ncia a participar das mobiliza\u00e7\u00f5es do dia 15\/04 - PSOL 50\",\"isPartOf\":{\"@id\":\"https:\/\/psol50.org.br\/#website\"},\"datePublished\":\"2015-04-10T19:09:30+00:00\",\"breadcrumb\":{\"@id\":\"https:\/\/psol50.org.br\/executiva-nacional-do-psol-convoca-militancia-a-participar-das-mobilizacoes-do-dia-1504\/#breadcrumb\"},\"inLanguage\":\"pt-BR\",\"potentialAction\":[{\"@type\":\"ReadAction\",\"target\":[\"https:\/\/psol50.org.br\/executiva-nacional-do-psol-convoca-militancia-a-participar-das-mobilizacoes-do-dia-1504\/\"]}]},{\"@type\":\"BreadcrumbList\",\"@id\":\"https:\/\/psol50.org.br\/executiva-nacional-do-psol-convoca-militancia-a-participar-das-mobilizacoes-do-dia-1504\/#breadcrumb\",\"itemListElement\":[{\"@type\":\"ListItem\",\"position\":1,\"name\":\"In\u00edcio\",\"item\":\"https:\/\/psol50.org.br\/\"},{\"@type\":\"ListItem\",\"position\":2,\"name\":\"Executiva Nacional do PSOL convoca milit\u00e2ncia a participar das mobiliza\u00e7\u00f5es do dia 15\/04\"}]},{\"@type\":\"WebSite\",\"@id\":\"https:\/\/psol50.org.br\/#website\",\"url\":\"https:\/\/psol50.org.br\/\",\"name\":\"PSOL 50\",\"description\":\"Site oficial do Partido Socialismo e Liberdade\",\"publisher\":{\"@id\":\"https:\/\/psol50.org.br\/#organization\"},\"alternateName\":\"PSOL50\",\"potentialAction\":[{\"@type\":\"SearchAction\",\"target\":{\"@type\":\"EntryPoint\",\"urlTemplate\":\"https:\/\/psol50.org.br\/?s={search_term_string}\"},\"query-input\":{\"@type\":\"PropertyValueSpecification\",\"valueRequired\":true,\"valueName\":\"search_term_string\"}}],\"inLanguage\":\"pt-BR\"},{\"@type\":\"Organization\",\"@id\":\"https:\/\/psol50.org.br\/#organization\",\"name\":\"PSOL 50\",\"alternateName\":\"PSOL 50\",\"url\":\"https:\/\/psol50.org.br\/\",\"logo\":{\"@type\":\"ImageObject\",\"inLanguage\":\"pt-BR\",\"@id\":\"https:\/\/psol50.org.br\/#\/schema\/logo\/image\/\",\"url\":\"https:\/\/psol50.org.br\/inc\/uploads\/2018\/07\/capa.png\",\"contentUrl\":\"https:\/\/psol50.org.br\/inc\/uploads\/2018\/07\/capa.png\",\"width\":1350,\"height\":900,\"caption\":\"PSOL 50\"},\"image\":{\"@id\":\"https:\/\/psol50.org.br\/#\/schema\/logo\/image\/\"},\"sameAs\":[\"https:\/\/www.facebook.com\/psol50\",\"https:\/\/x.com\/psol50\",\"https:\/\/www.instagram.com\/psol50\/\",\"https:\/\/www.youtube.com\/channel\/UC7SnJS5o1os7a6CaiNabzcg\"]},{\"@type\":\"Person\",\"@id\":\"https:\/\/psol50.org.br\/#\/schema\/person\/475dfa57d0b815993c714c2e96491fcd\",\"name\":\"Comunica\u00e7\u00e3o PSOL\",\"image\":{\"@type\":\"ImageObject\",\"inLanguage\":\"pt-BR\",\"@id\":\"https:\/\/psol50.org.br\/#\/schema\/person\/image\/\",\"url\":\"https:\/\/secure.gravatar.com\/avatar\/b34fc4f4e468a4e51785917065a3db57b841f5c95dba6ad8c73aaf8f66f8f9bf?s=96&d=mm&r=g\",\"contentUrl\":\"https:\/\/secure.gravatar.com\/avatar\/b34fc4f4e468a4e51785917065a3db57b841f5c95dba6ad8c73aaf8f66f8f9bf?s=96&d=mm&r=g\",\"caption\":\"Comunica\u00e7\u00e3o PSOL\"}}]}<\/script>\n<!-- \/ Yoast SEO plugin. -->","yoast_head_json":{"title":"Executiva Nacional do PSOL convoca milit\u00e2ncia a participar das mobiliza\u00e7\u00f5es do dia 15\/04 - PSOL 50","robots":{"index":"index","follow":"follow","max-snippet":"max-snippet:-1","max-image-preview":"max-image-preview:large","max-video-preview":"max-video-preview:-1"},"canonical":"https:\/\/psol50.org.br\/executiva-nacional-do-psol-convoca-militancia-a-participar-das-mobilizacoes-do-dia-1504\/","og_locale":"pt_BR","og_type":"article","og_title":"Executiva Nacional do PSOL convoca milit\u00e2ncia a participar das mobiliza\u00e7\u00f5es do dia 15\/04 - PSOL 50","og_description":"Na pr\u00f3xima quarta-feira, 15 de abril, trabalhadores do setor privado, servidores p\u00fablicos, estudantes e militantes sociais de v\u00e1rias organiza\u00e7\u00f5es de esquerda promover\u00e3o o Dia Nacional de Lutas. Nesse dia, quando haver\u00e1 greve, paralisa\u00e7\u00e3o em v\u00e1rios setores e atos p\u00fablicos, ser\u00e3o denunciadas as propostas que amea\u00e7am os direitos dos trabalhadores, entre os quais o PL 4330\/04 [&hellip;]","og_url":"https:\/\/psol50.org.br\/executiva-nacional-do-psol-convoca-militancia-a-participar-das-mobilizacoes-do-dia-1504\/","og_site_name":"PSOL 50","article_publisher":"https:\/\/www.facebook.com\/psol50","article_published_time":"2015-04-10T19:09:30+00:00","og_image":[{"width":1350,"height":900,"url":"https:\/\/psol50.org.br\/inc\/uploads\/2018\/07\/capa.png","type":"image\/png"}],"author":"Comunica\u00e7\u00e3o PSOL","twitter_card":"summary_large_image","twitter_creator":"@psol50","twitter_site":"@psol50","twitter_misc":{"Escrito por":"Comunica\u00e7\u00e3o PSOL","Est. tempo de leitura":"2 minutos"},"schema":{"@context":"https:\/\/schema.org","@graph":[{"@type":"Article","@id":"https:\/\/psol50.org.br\/executiva-nacional-do-psol-convoca-militancia-a-participar-das-mobilizacoes-do-dia-1504\/#article","isPartOf":{"@id":"https:\/\/psol50.org.br\/executiva-nacional-do-psol-convoca-militancia-a-participar-das-mobilizacoes-do-dia-1504\/"},"author":{"name":"Comunica\u00e7\u00e3o PSOL","@id":"https:\/\/psol50.org.br\/#\/schema\/person\/475dfa57d0b815993c714c2e96491fcd"},"headline":"Executiva Nacional do PSOL convoca milit\u00e2ncia a participar das mobiliza\u00e7\u00f5es do dia 15\/04","datePublished":"2015-04-10T19:09:30+00:00","mainEntityOfPage":{"@id":"https:\/\/psol50.org.br\/executiva-nacional-do-psol-convoca-militancia-a-participar-das-mobilizacoes-do-dia-1504\/"},"wordCount":371,"commentCount":0,"publisher":{"@id":"https:\/\/psol50.org.br\/#organization"},"keywords":["PSOL"],"articleSection":["Not\u00edcias"],"inLanguage":"pt-BR","potentialAction":[{"@type":"CommentAction","name":"Comment","target":["https:\/\/psol50.org.br\/executiva-nacional-do-psol-convoca-militancia-a-participar-das-mobilizacoes-do-dia-1504\/#respond"]}]},{"@type":"WebPage","@id":"https:\/\/psol50.org.br\/executiva-nacional-do-psol-convoca-militancia-a-participar-das-mobilizacoes-do-dia-1504\/","url":"https:\/\/psol50.org.br\/executiva-nacional-do-psol-convoca-militancia-a-participar-das-mobilizacoes-do-dia-1504\/","name":"Executiva Nacional do PSOL convoca milit\u00e2ncia a participar das mobiliza\u00e7\u00f5es do dia 15\/04 - PSOL 50","isPartOf":{"@id":"https:\/\/psol50.org.br\/#website"},"datePublished":"2015-04-10T19:09:30+00:00","breadcrumb":{"@id":"https:\/\/psol50.org.br\/executiva-nacional-do-psol-convoca-militancia-a-participar-das-mobilizacoes-do-dia-1504\/#breadcrumb"},"inLanguage":"pt-BR","potentialAction":[{"@type":"ReadAction","target":["https:\/\/psol50.org.br\/executiva-nacional-do-psol-convoca-militancia-a-participar-das-mobilizacoes-do-dia-1504\/"]}]},{"@type":"BreadcrumbList","@id":"https:\/\/psol50.org.br\/executiva-nacional-do-psol-convoca-militancia-a-participar-das-mobilizacoes-do-dia-1504\/#breadcrumb","itemListElement":[{"@type":"ListItem","position":1,"name":"In\u00edcio","item":"https:\/\/psol50.org.br\/"},{"@type":"ListItem","position":2,"name":"Executiva Nacional do PSOL convoca milit\u00e2ncia a participar das mobiliza\u00e7\u00f5es do dia 15\/04"}]},{"@type":"WebSite","@id":"https:\/\/psol50.org.br\/#website","url":"https:\/\/psol50.org.br\/","name":"PSOL 50","description":"Site oficial do Partido Socialismo e Liberdade","publisher":{"@id":"https:\/\/psol50.org.br\/#organization"},"alternateName":"PSOL50","potentialAction":[{"@type":"SearchAction","target":{"@type":"EntryPoint","urlTemplate":"https:\/\/psol50.org.br\/?s={search_term_string}"},"query-input":{"@type":"PropertyValueSpecification","valueRequired":true,"valueName":"search_term_string"}}],"inLanguage":"pt-BR"},{"@type":"Organization","@id":"https:\/\/psol50.org.br\/#organization","name":"PSOL 50","alternateName":"PSOL 50","url":"https:\/\/psol50.org.br\/","logo":{"@type":"ImageObject","inLanguage":"pt-BR","@id":"https:\/\/psol50.org.br\/#\/schema\/logo\/image\/","url":"https:\/\/psol50.org.br\/inc\/uploads\/2018\/07\/capa.png","contentUrl":"https:\/\/psol50.org.br\/inc\/uploads\/2018\/07\/capa.png","width":1350,"height":900,"caption":"PSOL 50"},"image":{"@id":"https:\/\/psol50.org.br\/#\/schema\/logo\/image\/"},"sameAs":["https:\/\/www.facebook.com\/psol50","https:\/\/x.com\/psol50","https:\/\/www.instagram.com\/psol50\/","https:\/\/www.youtube.com\/channel\/UC7SnJS5o1os7a6CaiNabzcg"]},{"@type":"Person","@id":"https:\/\/psol50.org.br\/#\/schema\/person\/475dfa57d0b815993c714c2e96491fcd","name":"Comunica\u00e7\u00e3o PSOL","image":{"@type":"ImageObject","inLanguage":"pt-BR","@id":"https:\/\/psol50.org.br\/#\/schema\/person\/image\/","url":"https:\/\/secure.gravatar.com\/avatar\/b34fc4f4e468a4e51785917065a3db57b841f5c95dba6ad8c73aaf8f66f8f9bf?s=96&d=mm&r=g","contentUrl":"https:\/\/secure.gravatar.com\/avatar\/b34fc4f4e468a4e51785917065a3db57b841f5c95dba6ad8c73aaf8f66f8f9bf?s=96&d=mm&r=g","caption":"Comunica\u00e7\u00e3o PSOL"}}]}},"_links":{"self":[{"href":"https:\/\/psol50.org.br\/rest\/wp\/v2\/posts\/3225","targetHints":{"allow":["GET"]}}],"collection":[{"href":"https:\/\/psol50.org.br\/rest\/wp\/v2\/posts"}],"about":[{"href":"https:\/\/psol50.org.br\/rest\/wp\/v2\/types\/post"}],"author":[{"embeddable":true,"href":"https:\/\/psol50.org.br\/rest\/wp\/v2\/users\/2"}],"replies":[{"embeddable":true,"href":"https:\/\/psol50.org.br\/rest\/wp\/v2\/comments?post=3225"}],"version-history":[{"count":0,"href":"https:\/\/psol50.org.br\/rest\/wp\/v2\/posts\/3225\/revisions"}],"wp:attachment":[{"href":"https:\/\/psol50.org.br\/rest\/wp\/v2\/media?parent=3225"}],"wp:term":[{"taxonomy":"category","embeddable":true,"href":"https:\/\/psol50.org.br\/rest\/wp\/v2\/categories?post=3225"},{"taxonomy":"post_tag","embeddable":true,"href":"https:\/\/psol50.org.br\/rest\/wp\/v2\/tags?post=3225"}],"curies":[{"name":"wp","href":"https:\/\/api.w.org\/{rel}","templated":true}]}}