{"id":3226,"date":"2015-04-13T00:00:00","date_gmt":"2015-04-13T17:49:30","guid":{"rendered":"http:\/\/psol50.org.br\/arquivo\/2015\/04\/13\/obra-de-eduardo-galeano-foi-referencia-para-intelectuais-latino-americanos\/"},"modified":"2015-04-13T00:00:00","modified_gmt":"2015-04-13T17:49:30","slug":"obra-de-eduardo-galeano-foi-referencia-para-intelectuais-latino-americanos","status":"publish","type":"post","link":"https:\/\/psol50.org.br\/obra-de-eduardo-galeano-foi-referencia-para-intelectuais-latino-americanos\/","title":{"rendered":"Obra de Eduardo Galeano foi refer\u00eancia para intelectuais latino-americanos"},"content":{"rendered":"<p style=\"text-align: justify;\">\n\t<span style=\"font-family:arial,helvetica,sans-serif;\"><span style=\"font-size: 12px;\">Fonte: <em>Ag\u00eancia Brasil<\/em><br \/>\n\t&nbsp;<br \/>\n\tO escritor e jornalista uruguaio Eduardo Galeano morreu nesta segunda-feira (13) aos 74 anos, em Montevid\u00e9u. Considerado um dos maiores autores da literatura latino-americana, estava internado em um hospital na capital uruguaia e morreu devido a complica\u00e7\u00f5es de um c\u00e2ncer de pulm\u00e3o, que j\u00e1 havia sido tratado em 2007.<br \/>\n\t&nbsp;<br \/>\n\tO escritor nasceu em 1940, em Montevid\u00e9u, em uma fam\u00edlia de classe m\u00e9dia. Come\u00e7ou no jornalismo na d\u00e9cada de 60, como chefe de reda\u00e7\u00e3o e diretor dos jornais <em>Marcha<\/em> e <em>\u00c9poca<\/em>, ambos na capital uruguaia. Em 1971, Galeano publica sua obra mais conhecida, <em>As Veias Abertas da Am\u00e9rica Latina<\/em>, que se torna refer\u00eancia para compreens\u00e3o das mazelas do Continente.<br \/>\n\t&nbsp;<br \/>\n\tCl\u00e1ssico entre os intelectuais da esquerda latino-americana, o livro analisa a Am\u00e9rica Latina desde sua origem. Na obra, Eduardo Galeano explica como a riqueza e a fartura de toda uma regi\u00e3o tornaram-se sua ru\u00edna.<br \/>\n\t&nbsp;<br \/>\n\t\u201cNossa derrota esteve sempre impl\u00edcita na vit\u00f3ria alheia. Nossa riqueza gerou sempre nossa pobreza para alimentar a prosperidade dos outros: os imp\u00e9rios e seus agentes nativos. [\u2026] o bem-estar de nossas classes dominantes \u2013 dominantes para dentro, dominados para fora \u2013 \u00e9 a maldi\u00e7\u00e3o de nossas multid\u00f5es, condenadas a uma vida de bestas de carga\u201d, diz o escritor.<br \/>\n\t&nbsp;<br \/>\n\tAp\u00f3s o golpe no Uruguai, em 1973, Galeano foi preso. Ao sair da cadeia, exilou-se na Argentina, onde dirigiu a revista <em>Crisis<\/em>, de vi\u00e9s pol\u00edtico e cultural. Em 1976, mudou-se para a Espanha, com medo da repress\u00e3o do regime militar do general argentino Jorge Videla.<br \/>\n\t&nbsp;<br \/>\n\tNa Europa, come\u00e7ou a escrever a trilogia <em>Mem\u00f3ria do Fogo<\/em>, com os livros <em>Os Nascimentos<\/em>, <em>as Caras e as M\u00e1scaras<\/em>&nbsp;e <em>O S\u00e9culo do Vento<\/em>. Com o fim da ditadura uruguaia, em 1985, ele retornou a Montevid\u00e9u.<br \/>\n\t&nbsp;<br \/>\n\tPoucos s\u00e3o aqueles que, d\u00e9cadas depois de entregar ao mundo uma grande cria\u00e7\u00e3o, lembram dela e simplesmente dizem que \u201cfoi uma etapa que est\u00e1 superada\u201d. Eduardo Galeano \u00e9 um desses. E nem isso faz com que sua obra-prima, <em>As veias abertas da Am\u00e9rica Latina<\/em>, seja menos reverenciada.<\/p>\n<p>\tO escritor lan\u00e7ou mais de 40 obras. Al\u00e9m das j\u00e1 citadas, algumas de suas principais publica\u00e7\u00f5es s\u00e3o <em>De Pernas pro Ar<\/em>, <em>Dias e Noites de Amor e de Guerra<\/em>, <em>Futebol ao Sol e \u00e0 Sombra<\/em>, <em>O Livro dos Abra\u00e7os<\/em>, <em>As Palavras Andantes<\/em>&nbsp;e <em>Vagamundo<\/em>.<br \/>\n\t&nbsp;<br \/>\n\tEm 1975 e 1978, Eduardo Galeano recebeu o pr\u00eamio <em>Casa de Las Am\u00e9ricas<\/em>. A trilogia <em>Mem\u00f3ria do Fogo<\/em>&nbsp;foi premiada pelo Minist\u00e9rio da Cultura do Uruguai em 1982, 1984 e 1986, anos de lan\u00e7amento de cada um dos tr\u00eas livros. Nos Estados Unidos, o escritor e jornalista foi homenageado com o <em>American Book Award<\/em>, em 1989, e com o Pr\u00eamio \u00e0 Liberdade Cultural, da Lannan Foundation, em 1999. Em 2001, recebeu o t\u00edtulo de Doutor Honoris Causa, concedido pela Universidade de Havana, em Cuba.<\/p>\n<p>\tGaleano esteve no Brasil em 2014, quando abriu a 2\u00aa Bienal do Livro de Bras\u00edlia. Na ocasi\u00e3o, ele surpreendeu todos ao informar que n\u00e3o leria novamente \u201c<em>As Veias Abertas<\/em>&#8230;\u201d. \u201cPara mim, a prosa da esquerda tradicional \u00e9 pesad\u00edssima. Meu f\u00edsico (atual) n\u00e3o aguentaria. Eu cairia desmaiado\u201d, brincou.<\/span><\/span><\/p>\n<p>\t&nbsp;<\/p>\n","protected":false},"excerpt":{"rendered":"<p>Fonte: Ag\u00eancia Brasil &nbsp; O escritor e jornalista uruguaio Eduardo Galeano morreu nesta segunda-feira (13) aos 74 anos, em Montevid\u00e9u. Considerado um dos maiores autores da literatura latino-americana, estava internado em um hospital na capital uruguaia e morreu devido a complica\u00e7\u00f5es de um c\u00e2ncer de pulm\u00e3o, que j\u00e1 havia sido tratado em 2007. &nbsp; O [&hellip;]<\/p>\n","protected":false},"author":2,"featured_media":0,"comment_status":"open","ping_status":"open","sticky":false,"template":"","format":"standard","meta":{"_acf_changed":false,"footnotes":""},"categories":[6],"tags":[],"class_list":{"0":"post-3226","1":"post","2":"type-post","3":"status-publish","4":"format-standard","6":"category-noticias"},"acf":[],"yoast_head":"<!-- This site is optimized with the Yoast SEO plugin v26.5 - https:\/\/yoast.com\/wordpress\/plugins\/seo\/ -->\n<title>Obra de Eduardo Galeano foi refer\u00eancia para intelectuais latino-americanos - PSOL 50<\/title>\n<meta name=\"robots\" content=\"index, follow, max-snippet:-1, max-image-preview:large, max-video-preview:-1\" \/>\n<link rel=\"canonical\" href=\"https:\/\/psol50.org.br\/obra-de-eduardo-galeano-foi-referencia-para-intelectuais-latino-americanos\/\" \/>\n<meta property=\"og:locale\" content=\"pt_BR\" \/>\n<meta property=\"og:type\" content=\"article\" \/>\n<meta property=\"og:title\" content=\"Obra de Eduardo Galeano foi refer\u00eancia para intelectuais latino-americanos - PSOL 50\" \/>\n<meta property=\"og:description\" content=\"Fonte: Ag\u00eancia Brasil &nbsp; O escritor e jornalista uruguaio Eduardo Galeano morreu nesta segunda-feira (13) aos 74 anos, em Montevid\u00e9u. Considerado um dos maiores autores da literatura latino-americana, estava internado em um hospital na capital uruguaia e morreu devido a complica\u00e7\u00f5es de um c\u00e2ncer de pulm\u00e3o, que j\u00e1 havia sido tratado em 2007. &nbsp; O [&hellip;]\" \/>\n<meta property=\"og:url\" content=\"https:\/\/psol50.org.br\/obra-de-eduardo-galeano-foi-referencia-para-intelectuais-latino-americanos\/\" \/>\n<meta property=\"og:site_name\" content=\"PSOL 50\" \/>\n<meta property=\"article:publisher\" content=\"https:\/\/www.facebook.com\/psol50\" \/>\n<meta property=\"article:published_time\" content=\"2015-04-13T17:49:30+00:00\" \/>\n<meta property=\"og:image\" content=\"https:\/\/psol50.org.br\/inc\/uploads\/2018\/07\/capa.png\" \/>\n\t<meta property=\"og:image:width\" content=\"1350\" \/>\n\t<meta property=\"og:image:height\" content=\"900\" \/>\n\t<meta property=\"og:image:type\" content=\"image\/png\" \/>\n<meta name=\"author\" content=\"Comunica\u00e7\u00e3o PSOL\" \/>\n<meta name=\"twitter:card\" content=\"summary_large_image\" \/>\n<meta name=\"twitter:creator\" content=\"@psol50\" \/>\n<meta name=\"twitter:site\" content=\"@psol50\" \/>\n<meta name=\"twitter:label1\" content=\"Escrito por\" \/>\n\t<meta name=\"twitter:data1\" content=\"Comunica\u00e7\u00e3o PSOL\" \/>\n\t<meta name=\"twitter:label2\" content=\"Est. tempo de leitura\" \/>\n\t<meta name=\"twitter:data2\" content=\"3 minutos\" \/>\n<script type=\"application\/ld+json\" class=\"yoast-schema-graph\">{\"@context\":\"https:\/\/schema.org\",\"@graph\":[{\"@type\":\"Article\",\"@id\":\"https:\/\/psol50.org.br\/obra-de-eduardo-galeano-foi-referencia-para-intelectuais-latino-americanos\/#article\",\"isPartOf\":{\"@id\":\"https:\/\/psol50.org.br\/obra-de-eduardo-galeano-foi-referencia-para-intelectuais-latino-americanos\/\"},\"author\":{\"name\":\"Comunica\u00e7\u00e3o PSOL\",\"@id\":\"https:\/\/psol50.org.br\/#\/schema\/person\/475dfa57d0b815993c714c2e96491fcd\"},\"headline\":\"Obra de Eduardo Galeano foi refer\u00eancia para intelectuais latino-americanos\",\"datePublished\":\"2015-04-13T17:49:30+00:00\",\"mainEntityOfPage\":{\"@id\":\"https:\/\/psol50.org.br\/obra-de-eduardo-galeano-foi-referencia-para-intelectuais-latino-americanos\/\"},\"wordCount\":556,\"commentCount\":0,\"publisher\":{\"@id\":\"https:\/\/psol50.org.br\/#organization\"},\"articleSection\":[\"Not\u00edcias\"],\"inLanguage\":\"pt-BR\",\"potentialAction\":[{\"@type\":\"CommentAction\",\"name\":\"Comment\",\"target\":[\"https:\/\/psol50.org.br\/obra-de-eduardo-galeano-foi-referencia-para-intelectuais-latino-americanos\/#respond\"]}]},{\"@type\":\"WebPage\",\"@id\":\"https:\/\/psol50.org.br\/obra-de-eduardo-galeano-foi-referencia-para-intelectuais-latino-americanos\/\",\"url\":\"https:\/\/psol50.org.br\/obra-de-eduardo-galeano-foi-referencia-para-intelectuais-latino-americanos\/\",\"name\":\"Obra de Eduardo Galeano foi refer\u00eancia para intelectuais latino-americanos - PSOL 50\",\"isPartOf\":{\"@id\":\"https:\/\/psol50.org.br\/#website\"},\"datePublished\":\"2015-04-13T17:49:30+00:00\",\"breadcrumb\":{\"@id\":\"https:\/\/psol50.org.br\/obra-de-eduardo-galeano-foi-referencia-para-intelectuais-latino-americanos\/#breadcrumb\"},\"inLanguage\":\"pt-BR\",\"potentialAction\":[{\"@type\":\"ReadAction\",\"target\":[\"https:\/\/psol50.org.br\/obra-de-eduardo-galeano-foi-referencia-para-intelectuais-latino-americanos\/\"]}]},{\"@type\":\"BreadcrumbList\",\"@id\":\"https:\/\/psol50.org.br\/obra-de-eduardo-galeano-foi-referencia-para-intelectuais-latino-americanos\/#breadcrumb\",\"itemListElement\":[{\"@type\":\"ListItem\",\"position\":1,\"name\":\"In\u00edcio\",\"item\":\"https:\/\/psol50.org.br\/\"},{\"@type\":\"ListItem\",\"position\":2,\"name\":\"Obra de Eduardo Galeano foi refer\u00eancia para intelectuais latino-americanos\"}]},{\"@type\":\"WebSite\",\"@id\":\"https:\/\/psol50.org.br\/#website\",\"url\":\"https:\/\/psol50.org.br\/\",\"name\":\"PSOL 50\",\"description\":\"Site oficial do Partido Socialismo e Liberdade\",\"publisher\":{\"@id\":\"https:\/\/psol50.org.br\/#organization\"},\"alternateName\":\"PSOL50\",\"potentialAction\":[{\"@type\":\"SearchAction\",\"target\":{\"@type\":\"EntryPoint\",\"urlTemplate\":\"https:\/\/psol50.org.br\/?s={search_term_string}\"},\"query-input\":{\"@type\":\"PropertyValueSpecification\",\"valueRequired\":true,\"valueName\":\"search_term_string\"}}],\"inLanguage\":\"pt-BR\"},{\"@type\":\"Organization\",\"@id\":\"https:\/\/psol50.org.br\/#organization\",\"name\":\"PSOL 50\",\"alternateName\":\"PSOL 50\",\"url\":\"https:\/\/psol50.org.br\/\",\"logo\":{\"@type\":\"ImageObject\",\"inLanguage\":\"pt-BR\",\"@id\":\"https:\/\/psol50.org.br\/#\/schema\/logo\/image\/\",\"url\":\"https:\/\/psol50.org.br\/inc\/uploads\/2018\/07\/capa.png\",\"contentUrl\":\"https:\/\/psol50.org.br\/inc\/uploads\/2018\/07\/capa.png\",\"width\":1350,\"height\":900,\"caption\":\"PSOL 50\"},\"image\":{\"@id\":\"https:\/\/psol50.org.br\/#\/schema\/logo\/image\/\"},\"sameAs\":[\"https:\/\/www.facebook.com\/psol50\",\"https:\/\/x.com\/psol50\",\"https:\/\/www.instagram.com\/psol50\/\",\"https:\/\/www.youtube.com\/channel\/UC7SnJS5o1os7a6CaiNabzcg\"]},{\"@type\":\"Person\",\"@id\":\"https:\/\/psol50.org.br\/#\/schema\/person\/475dfa57d0b815993c714c2e96491fcd\",\"name\":\"Comunica\u00e7\u00e3o PSOL\",\"image\":{\"@type\":\"ImageObject\",\"inLanguage\":\"pt-BR\",\"@id\":\"https:\/\/psol50.org.br\/#\/schema\/person\/image\/\",\"url\":\"https:\/\/secure.gravatar.com\/avatar\/b34fc4f4e468a4e51785917065a3db57b841f5c95dba6ad8c73aaf8f66f8f9bf?s=96&d=mm&r=g\",\"contentUrl\":\"https:\/\/secure.gravatar.com\/avatar\/b34fc4f4e468a4e51785917065a3db57b841f5c95dba6ad8c73aaf8f66f8f9bf?s=96&d=mm&r=g\",\"caption\":\"Comunica\u00e7\u00e3o PSOL\"}}]}<\/script>\n<!-- \/ Yoast SEO plugin. -->","yoast_head_json":{"title":"Obra de Eduardo Galeano foi refer\u00eancia para intelectuais latino-americanos - PSOL 50","robots":{"index":"index","follow":"follow","max-snippet":"max-snippet:-1","max-image-preview":"max-image-preview:large","max-video-preview":"max-video-preview:-1"},"canonical":"https:\/\/psol50.org.br\/obra-de-eduardo-galeano-foi-referencia-para-intelectuais-latino-americanos\/","og_locale":"pt_BR","og_type":"article","og_title":"Obra de Eduardo Galeano foi refer\u00eancia para intelectuais latino-americanos - PSOL 50","og_description":"Fonte: Ag\u00eancia Brasil &nbsp; O escritor e jornalista uruguaio Eduardo Galeano morreu nesta segunda-feira (13) aos 74 anos, em Montevid\u00e9u. Considerado um dos maiores autores da literatura latino-americana, estava internado em um hospital na capital uruguaia e morreu devido a complica\u00e7\u00f5es de um c\u00e2ncer de pulm\u00e3o, que j\u00e1 havia sido tratado em 2007. &nbsp; O [&hellip;]","og_url":"https:\/\/psol50.org.br\/obra-de-eduardo-galeano-foi-referencia-para-intelectuais-latino-americanos\/","og_site_name":"PSOL 50","article_publisher":"https:\/\/www.facebook.com\/psol50","article_published_time":"2015-04-13T17:49:30+00:00","og_image":[{"width":1350,"height":900,"url":"https:\/\/psol50.org.br\/inc\/uploads\/2018\/07\/capa.png","type":"image\/png"}],"author":"Comunica\u00e7\u00e3o PSOL","twitter_card":"summary_large_image","twitter_creator":"@psol50","twitter_site":"@psol50","twitter_misc":{"Escrito por":"Comunica\u00e7\u00e3o PSOL","Est. tempo de leitura":"3 minutos"},"schema":{"@context":"https:\/\/schema.org","@graph":[{"@type":"Article","@id":"https:\/\/psol50.org.br\/obra-de-eduardo-galeano-foi-referencia-para-intelectuais-latino-americanos\/#article","isPartOf":{"@id":"https:\/\/psol50.org.br\/obra-de-eduardo-galeano-foi-referencia-para-intelectuais-latino-americanos\/"},"author":{"name":"Comunica\u00e7\u00e3o PSOL","@id":"https:\/\/psol50.org.br\/#\/schema\/person\/475dfa57d0b815993c714c2e96491fcd"},"headline":"Obra de Eduardo Galeano foi refer\u00eancia para intelectuais latino-americanos","datePublished":"2015-04-13T17:49:30+00:00","mainEntityOfPage":{"@id":"https:\/\/psol50.org.br\/obra-de-eduardo-galeano-foi-referencia-para-intelectuais-latino-americanos\/"},"wordCount":556,"commentCount":0,"publisher":{"@id":"https:\/\/psol50.org.br\/#organization"},"articleSection":["Not\u00edcias"],"inLanguage":"pt-BR","potentialAction":[{"@type":"CommentAction","name":"Comment","target":["https:\/\/psol50.org.br\/obra-de-eduardo-galeano-foi-referencia-para-intelectuais-latino-americanos\/#respond"]}]},{"@type":"WebPage","@id":"https:\/\/psol50.org.br\/obra-de-eduardo-galeano-foi-referencia-para-intelectuais-latino-americanos\/","url":"https:\/\/psol50.org.br\/obra-de-eduardo-galeano-foi-referencia-para-intelectuais-latino-americanos\/","name":"Obra de Eduardo Galeano foi refer\u00eancia para intelectuais latino-americanos - PSOL 50","isPartOf":{"@id":"https:\/\/psol50.org.br\/#website"},"datePublished":"2015-04-13T17:49:30+00:00","breadcrumb":{"@id":"https:\/\/psol50.org.br\/obra-de-eduardo-galeano-foi-referencia-para-intelectuais-latino-americanos\/#breadcrumb"},"inLanguage":"pt-BR","potentialAction":[{"@type":"ReadAction","target":["https:\/\/psol50.org.br\/obra-de-eduardo-galeano-foi-referencia-para-intelectuais-latino-americanos\/"]}]},{"@type":"BreadcrumbList","@id":"https:\/\/psol50.org.br\/obra-de-eduardo-galeano-foi-referencia-para-intelectuais-latino-americanos\/#breadcrumb","itemListElement":[{"@type":"ListItem","position":1,"name":"In\u00edcio","item":"https:\/\/psol50.org.br\/"},{"@type":"ListItem","position":2,"name":"Obra de Eduardo Galeano foi refer\u00eancia para intelectuais latino-americanos"}]},{"@type":"WebSite","@id":"https:\/\/psol50.org.br\/#website","url":"https:\/\/psol50.org.br\/","name":"PSOL 50","description":"Site oficial do Partido Socialismo e Liberdade","publisher":{"@id":"https:\/\/psol50.org.br\/#organization"},"alternateName":"PSOL50","potentialAction":[{"@type":"SearchAction","target":{"@type":"EntryPoint","urlTemplate":"https:\/\/psol50.org.br\/?s={search_term_string}"},"query-input":{"@type":"PropertyValueSpecification","valueRequired":true,"valueName":"search_term_string"}}],"inLanguage":"pt-BR"},{"@type":"Organization","@id":"https:\/\/psol50.org.br\/#organization","name":"PSOL 50","alternateName":"PSOL 50","url":"https:\/\/psol50.org.br\/","logo":{"@type":"ImageObject","inLanguage":"pt-BR","@id":"https:\/\/psol50.org.br\/#\/schema\/logo\/image\/","url":"https:\/\/psol50.org.br\/inc\/uploads\/2018\/07\/capa.png","contentUrl":"https:\/\/psol50.org.br\/inc\/uploads\/2018\/07\/capa.png","width":1350,"height":900,"caption":"PSOL 50"},"image":{"@id":"https:\/\/psol50.org.br\/#\/schema\/logo\/image\/"},"sameAs":["https:\/\/www.facebook.com\/psol50","https:\/\/x.com\/psol50","https:\/\/www.instagram.com\/psol50\/","https:\/\/www.youtube.com\/channel\/UC7SnJS5o1os7a6CaiNabzcg"]},{"@type":"Person","@id":"https:\/\/psol50.org.br\/#\/schema\/person\/475dfa57d0b815993c714c2e96491fcd","name":"Comunica\u00e7\u00e3o PSOL","image":{"@type":"ImageObject","inLanguage":"pt-BR","@id":"https:\/\/psol50.org.br\/#\/schema\/person\/image\/","url":"https:\/\/secure.gravatar.com\/avatar\/b34fc4f4e468a4e51785917065a3db57b841f5c95dba6ad8c73aaf8f66f8f9bf?s=96&d=mm&r=g","contentUrl":"https:\/\/secure.gravatar.com\/avatar\/b34fc4f4e468a4e51785917065a3db57b841f5c95dba6ad8c73aaf8f66f8f9bf?s=96&d=mm&r=g","caption":"Comunica\u00e7\u00e3o PSOL"}}]}},"_links":{"self":[{"href":"https:\/\/psol50.org.br\/rest\/wp\/v2\/posts\/3226","targetHints":{"allow":["GET"]}}],"collection":[{"href":"https:\/\/psol50.org.br\/rest\/wp\/v2\/posts"}],"about":[{"href":"https:\/\/psol50.org.br\/rest\/wp\/v2\/types\/post"}],"author":[{"embeddable":true,"href":"https:\/\/psol50.org.br\/rest\/wp\/v2\/users\/2"}],"replies":[{"embeddable":true,"href":"https:\/\/psol50.org.br\/rest\/wp\/v2\/comments?post=3226"}],"version-history":[{"count":0,"href":"https:\/\/psol50.org.br\/rest\/wp\/v2\/posts\/3226\/revisions"}],"wp:attachment":[{"href":"https:\/\/psol50.org.br\/rest\/wp\/v2\/media?parent=3226"}],"wp:term":[{"taxonomy":"category","embeddable":true,"href":"https:\/\/psol50.org.br\/rest\/wp\/v2\/categories?post=3226"},{"taxonomy":"post_tag","embeddable":true,"href":"https:\/\/psol50.org.br\/rest\/wp\/v2\/tags?post=3226"}],"curies":[{"name":"wp","href":"https:\/\/api.w.org\/{rel}","templated":true}]}}