{"id":3231,"date":"2015-04-16T00:00:00","date_gmt":"2015-04-16T15:01:02","guid":{"rendered":"http:\/\/psol50.org.br\/arquivo\/2015\/04\/16\/edmilson-rodrigues-quer-esclarecimentos-de-cardozo-sobre-sistema-penitenciario\/"},"modified":"2015-04-16T00:00:00","modified_gmt":"2015-04-16T15:01:02","slug":"edmilson-rodrigues-quer-esclarecimentos-de-cardozo-sobre-sistema-penitenciario","status":"publish","type":"post","link":"https:\/\/psol50.org.br\/edmilson-rodrigues-quer-esclarecimentos-de-cardozo-sobre-sistema-penitenciario\/","title":{"rendered":"Edmilson Rodrigues quer esclarecimentos de Cardozo sobre sistema penitenci\u00e1rio"},"content":{"rendered":"<p style=\"text-align: justify;\">\n\t<span style=\"font-family:arial,helvetica,sans-serif;\"><span style=\"font-size:12px;\">O ministro da Justi\u00e7a, Jos\u00e9 Eduardo Cardozo, e o diretor-geral do Departamento Penitenci\u00e1rio Nacional (Depen), Renato Campos Pinto de Vitto, ser\u00e3o convidados pela C\u00e2mara dos Deputados a prestar informa\u00e7\u00f5es e esclarecimentos sobre as condi\u00e7\u00f5es gerais do Sistema Carcer\u00e1rio no Brasil. A decis\u00e3o resulta de requerimento do deputado Edmilson Rodrigues (PSOL\/PA), aprovado na reuni\u00e3o da CPI do Sistema Carcer\u00e1rio desta ter\u00e7a-feira (14). O convite ser\u00e1 feito em data a ser definida.&nbsp;<br \/>\n\t&nbsp;<br \/>\n\tO parlamentar paraense aprovou tamb\u00e9m, entre outros quatro requerimentos, um que designa uma comiss\u00e3o formada por deputados desta Comiss\u00e3o Parlamentar de Inqu\u00e9rito para realizar dilig\u00eancia <em>in loco<\/em> no estado do Par\u00e1. O objetivo \u00e9 verificar as condi\u00e7\u00f5es das unidades prisionais daquele estado. Em fevereiro, houve oito rebeli\u00f5es nos pres\u00eddios do estado, que tem atualmente uma popula\u00e7\u00e3o carcer\u00e1ria de 13.023 detentos para 7.789 vagas, situa\u00e7\u00e3o que evidencia um d\u00e9ficit de 41%.<br \/>\n\t&nbsp;<br \/>\n\tForam aprovados requerimentos para realiza\u00e7\u00e3o de tr\u00eas audi\u00eancias p\u00fablicas. Uma delas discutir\u00e1 a viol\u00eancia de g\u00eanero nos pres\u00eddios femininos e \u00e9 fruto de iniciativa conjunta com a deputada Erika Kokay (PT\/DF). Nas restantes, os temas ser\u00e3o a revista de visitantes nos pres\u00eddios e a criminaliza\u00e7\u00e3o e a situa\u00e7\u00e3o prisional de \u00edndios no Brasil.<br \/>\n\t&nbsp;<br \/>\n\tPara discutir a realidade dos \u00edndios nos pres\u00eddios, a audi\u00eancia ser\u00e1 realizada em conjunto com a Comiss\u00e3o Especial da PEC 215, que trata da demarca\u00e7\u00e3o de terras ind\u00edgenas. Ser\u00e3o convidados membros da Articula\u00e7\u00e3o dos Povos Ind\u00edgenas no Brasil, do Instituto Socioambiental, da Funai, do Minist\u00e9rio da Justi\u00e7a e Conselho Mission\u00e1rio Indigenista.<br \/>\n\t&nbsp;<br \/>\n\tPara debater a revista \u00edntima, est\u00e3o previstas as presen\u00e7as do Defensor P\u00fablico no Estado do Par\u00e1, Fernando Albuquerque, de um representante do Depen e outro da Secretaria Especial de Pol\u00edticas para as Mulheres (SPM) do Minist\u00e9rio da Justi\u00e7a.<\/span><\/span><\/p>\n<p>&nbsp;<\/p>\n","protected":false},"excerpt":{"rendered":"<p>CPI do Sistema Carcer\u00e1rio aprovou requerimento para que o ministro da Justi\u00e7a seja convidado a comparecer \u00e0 C\u00e2mara dos Deputados<\/p>\n","protected":false},"author":2,"featured_media":0,"comment_status":"open","ping_status":"open","sticky":false,"template":"","format":"standard","meta":{"_acf_changed":false,"footnotes":""},"categories":[10,6],"tags":[973],"class_list":{"0":"post-3231","1":"post","2":"type-post","3":"status-publish","4":"format-standard","6":"category-acao-parlamentares","7":"category-noticias","8":"tag-edmilson-rodrigues"},"acf":[],"yoast_head":"<!-- This site is optimized with the Yoast SEO plugin v26.5 - https:\/\/yoast.com\/wordpress\/plugins\/seo\/ -->\n<title>Edmilson Rodrigues quer esclarecimentos de Cardozo sobre sistema penitenci\u00e1rio - PSOL 50<\/title>\n<meta name=\"robots\" content=\"index, follow, max-snippet:-1, max-image-preview:large, max-video-preview:-1\" \/>\n<link rel=\"canonical\" href=\"https:\/\/psol50.org.br\/edmilson-rodrigues-quer-esclarecimentos-de-cardozo-sobre-sistema-penitenciario\/\" \/>\n<meta property=\"og:locale\" content=\"pt_BR\" \/>\n<meta property=\"og:type\" content=\"article\" \/>\n<meta property=\"og:title\" content=\"Edmilson Rodrigues quer esclarecimentos de Cardozo sobre sistema penitenci\u00e1rio - PSOL 50\" \/>\n<meta property=\"og:description\" content=\"CPI do Sistema Carcer\u00e1rio aprovou requerimento para que o ministro da Justi\u00e7a seja convidado a comparecer \u00e0 C\u00e2mara dos Deputados\" \/>\n<meta property=\"og:url\" content=\"https:\/\/psol50.org.br\/edmilson-rodrigues-quer-esclarecimentos-de-cardozo-sobre-sistema-penitenciario\/\" \/>\n<meta property=\"og:site_name\" content=\"PSOL 50\" \/>\n<meta property=\"article:publisher\" content=\"https:\/\/www.facebook.com\/psol50\" \/>\n<meta property=\"article:published_time\" content=\"2015-04-16T15:01:02+00:00\" \/>\n<meta property=\"og:image\" content=\"https:\/\/psol50.org.br\/inc\/uploads\/2018\/07\/capa.png\" \/>\n\t<meta property=\"og:image:width\" content=\"1350\" \/>\n\t<meta property=\"og:image:height\" content=\"900\" \/>\n\t<meta property=\"og:image:type\" content=\"image\/png\" \/>\n<meta name=\"author\" content=\"Comunica\u00e7\u00e3o PSOL\" \/>\n<meta name=\"twitter:card\" content=\"summary_large_image\" \/>\n<meta name=\"twitter:creator\" content=\"@psol50\" \/>\n<meta name=\"twitter:site\" content=\"@psol50\" \/>\n<meta name=\"twitter:label1\" content=\"Escrito por\" \/>\n\t<meta name=\"twitter:data1\" content=\"Comunica\u00e7\u00e3o PSOL\" \/>\n\t<meta name=\"twitter:label2\" content=\"Est. tempo de leitura\" \/>\n\t<meta name=\"twitter:data2\" content=\"2 minutos\" \/>\n<script type=\"application\/ld+json\" class=\"yoast-schema-graph\">{\"@context\":\"https:\/\/schema.org\",\"@graph\":[{\"@type\":\"Article\",\"@id\":\"https:\/\/psol50.org.br\/edmilson-rodrigues-quer-esclarecimentos-de-cardozo-sobre-sistema-penitenciario\/#article\",\"isPartOf\":{\"@id\":\"https:\/\/psol50.org.br\/edmilson-rodrigues-quer-esclarecimentos-de-cardozo-sobre-sistema-penitenciario\/\"},\"author\":{\"name\":\"Comunica\u00e7\u00e3o PSOL\",\"@id\":\"https:\/\/psol50.org.br\/#\/schema\/person\/475dfa57d0b815993c714c2e96491fcd\"},\"headline\":\"Edmilson Rodrigues quer esclarecimentos de Cardozo sobre sistema penitenci\u00e1rio\",\"datePublished\":\"2015-04-16T15:01:02+00:00\",\"mainEntityOfPage\":{\"@id\":\"https:\/\/psol50.org.br\/edmilson-rodrigues-quer-esclarecimentos-de-cardozo-sobre-sistema-penitenciario\/\"},\"wordCount\":344,\"commentCount\":0,\"publisher\":{\"@id\":\"https:\/\/psol50.org.br\/#organization\"},\"keywords\":[\"Edmilson Rodrigues\"],\"articleSection\":[\"A\u00e7\u00e3o Parlamentar\",\"Not\u00edcias\"],\"inLanguage\":\"pt-BR\",\"potentialAction\":[{\"@type\":\"CommentAction\",\"name\":\"Comment\",\"target\":[\"https:\/\/psol50.org.br\/edmilson-rodrigues-quer-esclarecimentos-de-cardozo-sobre-sistema-penitenciario\/#respond\"]}]},{\"@type\":\"WebPage\",\"@id\":\"https:\/\/psol50.org.br\/edmilson-rodrigues-quer-esclarecimentos-de-cardozo-sobre-sistema-penitenciario\/\",\"url\":\"https:\/\/psol50.org.br\/edmilson-rodrigues-quer-esclarecimentos-de-cardozo-sobre-sistema-penitenciario\/\",\"name\":\"Edmilson Rodrigues quer esclarecimentos de Cardozo sobre sistema penitenci\u00e1rio - PSOL 50\",\"isPartOf\":{\"@id\":\"https:\/\/psol50.org.br\/#website\"},\"datePublished\":\"2015-04-16T15:01:02+00:00\",\"breadcrumb\":{\"@id\":\"https:\/\/psol50.org.br\/edmilson-rodrigues-quer-esclarecimentos-de-cardozo-sobre-sistema-penitenciario\/#breadcrumb\"},\"inLanguage\":\"pt-BR\",\"potentialAction\":[{\"@type\":\"ReadAction\",\"target\":[\"https:\/\/psol50.org.br\/edmilson-rodrigues-quer-esclarecimentos-de-cardozo-sobre-sistema-penitenciario\/\"]}]},{\"@type\":\"BreadcrumbList\",\"@id\":\"https:\/\/psol50.org.br\/edmilson-rodrigues-quer-esclarecimentos-de-cardozo-sobre-sistema-penitenciario\/#breadcrumb\",\"itemListElement\":[{\"@type\":\"ListItem\",\"position\":1,\"name\":\"In\u00edcio\",\"item\":\"https:\/\/psol50.org.br\/\"},{\"@type\":\"ListItem\",\"position\":2,\"name\":\"Edmilson Rodrigues quer esclarecimentos de Cardozo sobre sistema penitenci\u00e1rio\"}]},{\"@type\":\"WebSite\",\"@id\":\"https:\/\/psol50.org.br\/#website\",\"url\":\"https:\/\/psol50.org.br\/\",\"name\":\"PSOL 50\",\"description\":\"Site oficial do Partido Socialismo e Liberdade\",\"publisher\":{\"@id\":\"https:\/\/psol50.org.br\/#organization\"},\"alternateName\":\"PSOL50\",\"potentialAction\":[{\"@type\":\"SearchAction\",\"target\":{\"@type\":\"EntryPoint\",\"urlTemplate\":\"https:\/\/psol50.org.br\/?s={search_term_string}\"},\"query-input\":{\"@type\":\"PropertyValueSpecification\",\"valueRequired\":true,\"valueName\":\"search_term_string\"}}],\"inLanguage\":\"pt-BR\"},{\"@type\":\"Organization\",\"@id\":\"https:\/\/psol50.org.br\/#organization\",\"name\":\"PSOL 50\",\"alternateName\":\"PSOL 50\",\"url\":\"https:\/\/psol50.org.br\/\",\"logo\":{\"@type\":\"ImageObject\",\"inLanguage\":\"pt-BR\",\"@id\":\"https:\/\/psol50.org.br\/#\/schema\/logo\/image\/\",\"url\":\"https:\/\/psol50.org.br\/inc\/uploads\/2018\/07\/capa.png\",\"contentUrl\":\"https:\/\/psol50.org.br\/inc\/uploads\/2018\/07\/capa.png\",\"width\":1350,\"height\":900,\"caption\":\"PSOL 50\"},\"image\":{\"@id\":\"https:\/\/psol50.org.br\/#\/schema\/logo\/image\/\"},\"sameAs\":[\"https:\/\/www.facebook.com\/psol50\",\"https:\/\/x.com\/psol50\",\"https:\/\/www.instagram.com\/psol50\/\",\"https:\/\/www.youtube.com\/channel\/UC7SnJS5o1os7a6CaiNabzcg\"]},{\"@type\":\"Person\",\"@id\":\"https:\/\/psol50.org.br\/#\/schema\/person\/475dfa57d0b815993c714c2e96491fcd\",\"name\":\"Comunica\u00e7\u00e3o PSOL\",\"image\":{\"@type\":\"ImageObject\",\"inLanguage\":\"pt-BR\",\"@id\":\"https:\/\/psol50.org.br\/#\/schema\/person\/image\/\",\"url\":\"https:\/\/secure.gravatar.com\/avatar\/b34fc4f4e468a4e51785917065a3db57b841f5c95dba6ad8c73aaf8f66f8f9bf?s=96&d=mm&r=g\",\"contentUrl\":\"https:\/\/secure.gravatar.com\/avatar\/b34fc4f4e468a4e51785917065a3db57b841f5c95dba6ad8c73aaf8f66f8f9bf?s=96&d=mm&r=g\",\"caption\":\"Comunica\u00e7\u00e3o PSOL\"}}]}<\/script>\n<!-- \/ Yoast SEO plugin. -->","yoast_head_json":{"title":"Edmilson Rodrigues quer esclarecimentos de Cardozo sobre sistema penitenci\u00e1rio - PSOL 50","robots":{"index":"index","follow":"follow","max-snippet":"max-snippet:-1","max-image-preview":"max-image-preview:large","max-video-preview":"max-video-preview:-1"},"canonical":"https:\/\/psol50.org.br\/edmilson-rodrigues-quer-esclarecimentos-de-cardozo-sobre-sistema-penitenciario\/","og_locale":"pt_BR","og_type":"article","og_title":"Edmilson Rodrigues quer esclarecimentos de Cardozo sobre sistema penitenci\u00e1rio - PSOL 50","og_description":"CPI do Sistema Carcer\u00e1rio aprovou requerimento para que o ministro da Justi\u00e7a seja convidado a comparecer \u00e0 C\u00e2mara dos Deputados","og_url":"https:\/\/psol50.org.br\/edmilson-rodrigues-quer-esclarecimentos-de-cardozo-sobre-sistema-penitenciario\/","og_site_name":"PSOL 50","article_publisher":"https:\/\/www.facebook.com\/psol50","article_published_time":"2015-04-16T15:01:02+00:00","og_image":[{"width":1350,"height":900,"url":"https:\/\/psol50.org.br\/inc\/uploads\/2018\/07\/capa.png","type":"image\/png"}],"author":"Comunica\u00e7\u00e3o PSOL","twitter_card":"summary_large_image","twitter_creator":"@psol50","twitter_site":"@psol50","twitter_misc":{"Escrito por":"Comunica\u00e7\u00e3o PSOL","Est. tempo de leitura":"2 minutos"},"schema":{"@context":"https:\/\/schema.org","@graph":[{"@type":"Article","@id":"https:\/\/psol50.org.br\/edmilson-rodrigues-quer-esclarecimentos-de-cardozo-sobre-sistema-penitenciario\/#article","isPartOf":{"@id":"https:\/\/psol50.org.br\/edmilson-rodrigues-quer-esclarecimentos-de-cardozo-sobre-sistema-penitenciario\/"},"author":{"name":"Comunica\u00e7\u00e3o PSOL","@id":"https:\/\/psol50.org.br\/#\/schema\/person\/475dfa57d0b815993c714c2e96491fcd"},"headline":"Edmilson Rodrigues quer esclarecimentos de Cardozo sobre sistema penitenci\u00e1rio","datePublished":"2015-04-16T15:01:02+00:00","mainEntityOfPage":{"@id":"https:\/\/psol50.org.br\/edmilson-rodrigues-quer-esclarecimentos-de-cardozo-sobre-sistema-penitenciario\/"},"wordCount":344,"commentCount":0,"publisher":{"@id":"https:\/\/psol50.org.br\/#organization"},"keywords":["Edmilson Rodrigues"],"articleSection":["A\u00e7\u00e3o Parlamentar","Not\u00edcias"],"inLanguage":"pt-BR","potentialAction":[{"@type":"CommentAction","name":"Comment","target":["https:\/\/psol50.org.br\/edmilson-rodrigues-quer-esclarecimentos-de-cardozo-sobre-sistema-penitenciario\/#respond"]}]},{"@type":"WebPage","@id":"https:\/\/psol50.org.br\/edmilson-rodrigues-quer-esclarecimentos-de-cardozo-sobre-sistema-penitenciario\/","url":"https:\/\/psol50.org.br\/edmilson-rodrigues-quer-esclarecimentos-de-cardozo-sobre-sistema-penitenciario\/","name":"Edmilson Rodrigues quer esclarecimentos de Cardozo sobre sistema penitenci\u00e1rio - PSOL 50","isPartOf":{"@id":"https:\/\/psol50.org.br\/#website"},"datePublished":"2015-04-16T15:01:02+00:00","breadcrumb":{"@id":"https:\/\/psol50.org.br\/edmilson-rodrigues-quer-esclarecimentos-de-cardozo-sobre-sistema-penitenciario\/#breadcrumb"},"inLanguage":"pt-BR","potentialAction":[{"@type":"ReadAction","target":["https:\/\/psol50.org.br\/edmilson-rodrigues-quer-esclarecimentos-de-cardozo-sobre-sistema-penitenciario\/"]}]},{"@type":"BreadcrumbList","@id":"https:\/\/psol50.org.br\/edmilson-rodrigues-quer-esclarecimentos-de-cardozo-sobre-sistema-penitenciario\/#breadcrumb","itemListElement":[{"@type":"ListItem","position":1,"name":"In\u00edcio","item":"https:\/\/psol50.org.br\/"},{"@type":"ListItem","position":2,"name":"Edmilson Rodrigues quer esclarecimentos de Cardozo sobre sistema penitenci\u00e1rio"}]},{"@type":"WebSite","@id":"https:\/\/psol50.org.br\/#website","url":"https:\/\/psol50.org.br\/","name":"PSOL 50","description":"Site oficial do Partido Socialismo e Liberdade","publisher":{"@id":"https:\/\/psol50.org.br\/#organization"},"alternateName":"PSOL50","potentialAction":[{"@type":"SearchAction","target":{"@type":"EntryPoint","urlTemplate":"https:\/\/psol50.org.br\/?s={search_term_string}"},"query-input":{"@type":"PropertyValueSpecification","valueRequired":true,"valueName":"search_term_string"}}],"inLanguage":"pt-BR"},{"@type":"Organization","@id":"https:\/\/psol50.org.br\/#organization","name":"PSOL 50","alternateName":"PSOL 50","url":"https:\/\/psol50.org.br\/","logo":{"@type":"ImageObject","inLanguage":"pt-BR","@id":"https:\/\/psol50.org.br\/#\/schema\/logo\/image\/","url":"https:\/\/psol50.org.br\/inc\/uploads\/2018\/07\/capa.png","contentUrl":"https:\/\/psol50.org.br\/inc\/uploads\/2018\/07\/capa.png","width":1350,"height":900,"caption":"PSOL 50"},"image":{"@id":"https:\/\/psol50.org.br\/#\/schema\/logo\/image\/"},"sameAs":["https:\/\/www.facebook.com\/psol50","https:\/\/x.com\/psol50","https:\/\/www.instagram.com\/psol50\/","https:\/\/www.youtube.com\/channel\/UC7SnJS5o1os7a6CaiNabzcg"]},{"@type":"Person","@id":"https:\/\/psol50.org.br\/#\/schema\/person\/475dfa57d0b815993c714c2e96491fcd","name":"Comunica\u00e7\u00e3o PSOL","image":{"@type":"ImageObject","inLanguage":"pt-BR","@id":"https:\/\/psol50.org.br\/#\/schema\/person\/image\/","url":"https:\/\/secure.gravatar.com\/avatar\/b34fc4f4e468a4e51785917065a3db57b841f5c95dba6ad8c73aaf8f66f8f9bf?s=96&d=mm&r=g","contentUrl":"https:\/\/secure.gravatar.com\/avatar\/b34fc4f4e468a4e51785917065a3db57b841f5c95dba6ad8c73aaf8f66f8f9bf?s=96&d=mm&r=g","caption":"Comunica\u00e7\u00e3o PSOL"}}]}},"_links":{"self":[{"href":"https:\/\/psol50.org.br\/rest\/wp\/v2\/posts\/3231","targetHints":{"allow":["GET"]}}],"collection":[{"href":"https:\/\/psol50.org.br\/rest\/wp\/v2\/posts"}],"about":[{"href":"https:\/\/psol50.org.br\/rest\/wp\/v2\/types\/post"}],"author":[{"embeddable":true,"href":"https:\/\/psol50.org.br\/rest\/wp\/v2\/users\/2"}],"replies":[{"embeddable":true,"href":"https:\/\/psol50.org.br\/rest\/wp\/v2\/comments?post=3231"}],"version-history":[{"count":0,"href":"https:\/\/psol50.org.br\/rest\/wp\/v2\/posts\/3231\/revisions"}],"wp:attachment":[{"href":"https:\/\/psol50.org.br\/rest\/wp\/v2\/media?parent=3231"}],"wp:term":[{"taxonomy":"category","embeddable":true,"href":"https:\/\/psol50.org.br\/rest\/wp\/v2\/categories?post=3231"},{"taxonomy":"post_tag","embeddable":true,"href":"https:\/\/psol50.org.br\/rest\/wp\/v2\/tags?post=3231"}],"curies":[{"name":"wp","href":"https:\/\/api.w.org\/{rel}","templated":true}]}}