{"id":32311,"date":"2021-04-08T15:42:57","date_gmt":"2021-04-08T18:42:57","guid":{"rendered":"https:\/\/psol50.org.br\/?p=32311"},"modified":"2021-04-08T15:42:57","modified_gmt":"2021-04-08T18:42:57","slug":"em-belem-pa-capital-governada-pelo-psol-volta-as-aulas-presenciais-so-depois-da-vacinacao","status":"publish","type":"post","link":"https:\/\/psol50.org.br\/em-belem-pa-capital-governada-pelo-psol-volta-as-aulas-presenciais-so-depois-da-vacinacao\/","title":{"rendered":"Em Bel\u00e9m (PA), capital governada pelo PSOL, volta \u00e0s aulas presenciais s\u00f3 depois da vacina\u00e7\u00e3o"},"content":{"rendered":"<p><a href=\"https:\/\/psol50.org.br\/vacinaja\/\" target=\"_blank\" rel=\"noopener\"><img loading=\"lazy\" decoding=\"async\" class=\"alignnone size-full wp-image-31535\" src=\"https:\/\/psol50.org.br\/inc\/uploads\/2020\/12\/Web-1920-\u2013-1.jpg\" alt=\"\" width=\"1920\" height=\"339\" srcset=\"https:\/\/psol50.org.br\/inc\/uploads\/2020\/12\/Web-1920-\u2013-1.jpg 1920w, https:\/\/psol50.org.br\/inc\/uploads\/2020\/12\/Web-1920-\u2013-1-300x53.jpg 300w, https:\/\/psol50.org.br\/inc\/uploads\/2020\/12\/Web-1920-\u2013-1-1024x181.jpg 1024w, https:\/\/psol50.org.br\/inc\/uploads\/2020\/12\/Web-1920-\u2013-1-768x136.jpg 768w, https:\/\/psol50.org.br\/inc\/uploads\/2020\/12\/Web-1920-\u2013-1-1536x271.jpg 1536w, https:\/\/psol50.org.br\/inc\/uploads\/2020\/12\/Web-1920-\u2013-1-150x26.jpg 150w, https:\/\/psol50.org.br\/inc\/uploads\/2020\/12\/Web-1920-\u2013-1-696x123.jpg 696w, https:\/\/psol50.org.br\/inc\/uploads\/2020\/12\/Web-1920-\u2013-1-1068x189.jpg 1068w\" sizes=\"auto, (max-width: 1920px) 100vw, 1920px\" \/><\/a><br \/>\nEm entrevista concedida a uma emissora de TV, a titular da Secretaria de Educa\u00e7\u00e3o de Bel\u00e9m (SEMEC), professora M\u00e1rcia Bittencourt, descartou a possibilidade do retorno \u00e0s aulas presenciais na capital. \u201cAqui em Bel\u00e9m, s\u00f3 voltaremos depois da vacina. Estamos num per\u00edodo muito dif\u00edcil, todos os dias a gente perde pais, m\u00e3es, professores, professoras, funcion\u00e1rios, o que torna muito dif\u00edcil a volta sem que a vacina\u00e7\u00e3o esteja garantida&#8221;, disse a secret\u00e1ria da prefeitura governada por Edmilson Rodrigues (PSOL).<br \/>\nSegundo a secret\u00e1ria, os docentes est\u00e3o em teletrabalho desde o dia 4 de janeiro: \u201cquando assumimos a gest\u00e3o, a nossa primeira portaria foi afastar os professores que estavam em sala de aula.\u201d<br \/>\nO prefeito Edmilson Rodrigues j\u00e1 assumiu o compromisso de priorizar a vacina\u00e7\u00e3o dos trabalhadores e trabalhadoras de educa\u00e7\u00e3o, que s\u00e3o 12.330, e a categoria consta na fase posterior \u00e0s pessoas com comorbidades no Plano Municipal de Imuniza\u00e7\u00e3o, cujo processo deve ser iniciado com o pr\u00f3ximo lote de vacinas enviadas pelo governo federal ao Par\u00e1.<br \/>\nNa \u00faltima quarta-feira (7), representantes da SEMEC se reuniram com diretores e gestores da rede municipal de ensino. O encontro foi para compartilhar orienta\u00e7\u00f5es administrativas e pedag\u00f3gicas para o retorno das aulas n\u00e3o-presenciais, marcado para o pr\u00f3ximo dia 12 de abril.<br \/>\nA diretora de Educa\u00e7\u00e3o (Died) da Semec, professora Dorilene Melo, apresentou o calend\u00e1rio letivo 2021. \u201cNesta semana de 5 a 9 de abril, orientamos que os diretores e gestores organizem as escolas para o in\u00edcio do ano letivo, referente \u00e0 limpeza dos espa\u00e7os para realizar a entrega dos kits aliment\u00edcios e pedag\u00f3gicos aos pais, a partir do dia 12 de abril. E para isso \u00e9 preciso mobilizar a comunidade escolar para este retorno. As equipe da Diretoria de Educa\u00e7\u00e3o e de Administra\u00e7\u00e3o da Semec est\u00e3o \u00e0 disposi\u00e7\u00e3o para acolher as d\u00favidas das escolas municipais&#8221;, garantiu a professora.<br \/>\n<a href=\"https:\/\/psol50.org.br\/rendajusta\/\" target=\"_blank\" rel=\"noopener\"><img loading=\"lazy\" decoding=\"async\" class=\"alignnone size-full wp-image-30552\" src=\"https:\/\/psol50.org.br\/inc\/uploads\/2020\/08\/21-08-2020_LancamentoRendaJusta-2.png\" alt=\"\" width=\"1920\" height=\"383\" srcset=\"https:\/\/psol50.org.br\/inc\/uploads\/2020\/08\/21-08-2020_LancamentoRendaJusta-2.png 1920w, https:\/\/psol50.org.br\/inc\/uploads\/2020\/08\/21-08-2020_LancamentoRendaJusta-2-300x60.png 300w, https:\/\/psol50.org.br\/inc\/uploads\/2020\/08\/21-08-2020_LancamentoRendaJusta-2-1024x204.png 1024w, https:\/\/psol50.org.br\/inc\/uploads\/2020\/08\/21-08-2020_LancamentoRendaJusta-2-768x153.png 768w, https:\/\/psol50.org.br\/inc\/uploads\/2020\/08\/21-08-2020_LancamentoRendaJusta-2-1536x306.png 1536w, https:\/\/psol50.org.br\/inc\/uploads\/2020\/08\/21-08-2020_LancamentoRendaJusta-2-150x30.png 150w, https:\/\/psol50.org.br\/inc\/uploads\/2020\/08\/21-08-2020_LancamentoRendaJusta-2-696x139.png 696w, https:\/\/psol50.org.br\/inc\/uploads\/2020\/08\/21-08-2020_LancamentoRendaJusta-2-1068x213.png 1068w\" sizes=\"auto, (max-width: 1920px) 100vw, 1920px\" \/><\/a><\/p>\n","protected":false},"excerpt":{"rendered":"<p>Em entrevista concedida a uma emissora de TV, a titular da Secretaria de Educa\u00e7\u00e3o de Bel\u00e9m (SEMEC), professora M\u00e1rcia Bittencourt, descartou a possibilidade do retorno \u00e0s aulas presenciais na capital. \u201cAqui em Bel\u00e9m, s\u00f3 voltaremos depois da vacina. Estamos num per\u00edodo muito dif\u00edcil, todos os dias a gente perde pais, m\u00e3es, professores, professoras, funcion\u00e1rios, o [&hellip;]<\/p>\n","protected":false},"author":2,"featured_media":32312,"comment_status":"closed","ping_status":"open","sticky":false,"template":"","format":"standard","meta":{"_acf_changed":false,"footnotes":""},"categories":[654,6],"tags":[1521,643,371,164,1522,367,50,22],"class_list":{"0":"post-32311","1":"post","2":"type-post","3":"status-publish","4":"format-standard","5":"has-post-thumbnail","7":"category-estados","8":"category-noticias","9":"tag-aulas-presenciais","10":"tag-belem","11":"tag-covid-19","12":"tag-educacao","13":"tag-marcia-bittencourt","14":"tag-pandemia","15":"tag-para","16":"tag-psol"},"acf":[],"yoast_head":"<!-- This site is optimized with the Yoast SEO plugin v26.5 - https:\/\/yoast.com\/wordpress\/plugins\/seo\/ -->\n<title>Em Bel\u00e9m (PA), capital governada pelo PSOL, volta \u00e0s aulas presenciais s\u00f3 depois da vacina\u00e7\u00e3o<\/title>\n<meta name=\"description\" content=\"A Secret\u00e1ria de Educa\u00e7\u00e3o de Bel\u00e9m, professora M\u00e1rcia Bittencourt, descartou a possibilidade do retorno \u00e0s aulas presenciais na capital.\" \/>\n<meta name=\"robots\" content=\"index, follow, max-snippet:-1, max-image-preview:large, max-video-preview:-1\" \/>\n<link rel=\"canonical\" href=\"https:\/\/psol50.org.br\/em-belem-pa-capital-governada-pelo-psol-volta-as-aulas-presenciais-so-depois-da-vacinacao\/\" \/>\n<meta property=\"og:locale\" content=\"pt_BR\" \/>\n<meta property=\"og:type\" content=\"article\" \/>\n<meta property=\"og:title\" content=\"Em Bel\u00e9m (PA), capital governada pelo PSOL, volta \u00e0s aulas presenciais s\u00f3 depois da vacina\u00e7\u00e3o\" \/>\n<meta property=\"og:description\" content=\"A Secret\u00e1ria de Educa\u00e7\u00e3o de Bel\u00e9m, professora M\u00e1rcia Bittencourt, descartou a possibilidade do retorno \u00e0s aulas presenciais na capital.\" \/>\n<meta property=\"og:url\" content=\"https:\/\/psol50.org.br\/em-belem-pa-capital-governada-pelo-psol-volta-as-aulas-presenciais-so-depois-da-vacinacao\/\" \/>\n<meta property=\"og:site_name\" content=\"PSOL 50\" \/>\n<meta property=\"article:publisher\" content=\"https:\/\/www.facebook.com\/psol50\" \/>\n<meta property=\"article:published_time\" content=\"2021-04-08T18:42:57+00:00\" \/>\n<meta property=\"og:image\" content=\"https:\/\/psol50.org.br\/inc\/uploads\/2021\/04\/semec.jpeg\" \/>\n\t<meta property=\"og:image:width\" content=\"984\" \/>\n\t<meta property=\"og:image:height\" content=\"656\" \/>\n\t<meta property=\"og:image:type\" content=\"image\/jpeg\" \/>\n<meta name=\"author\" content=\"Comunica\u00e7\u00e3o PSOL\" \/>\n<meta name=\"twitter:card\" content=\"summary_large_image\" \/>\n<meta name=\"twitter:title\" content=\"Em Bel\u00e9m (PA), capital governada pelo PSOL, volta \u00e0s aulas presenciais s\u00f3 depois da vacina\u00e7\u00e3o\" \/>\n<meta name=\"twitter:description\" content=\"A Secret\u00e1ria de Educa\u00e7\u00e3o de Bel\u00e9m, professora M\u00e1rcia Bittencourt, descartou a possibilidade do retorno \u00e0s aulas presenciais na capital.\" \/>\n<meta name=\"twitter:image\" content=\"https:\/\/psol50.org.br\/inc\/uploads\/2021\/04\/semec.jpeg\" \/>\n<meta name=\"twitter:creator\" content=\"@psol50\" \/>\n<meta name=\"twitter:site\" content=\"@psol50\" \/>\n<meta name=\"twitter:label1\" content=\"Escrito por\" \/>\n\t<meta name=\"twitter:data1\" content=\"Comunica\u00e7\u00e3o PSOL\" \/>\n\t<meta name=\"twitter:label2\" content=\"Est. tempo de leitura\" \/>\n\t<meta name=\"twitter:data2\" content=\"2 minutos\" \/>\n<script type=\"application\/ld+json\" class=\"yoast-schema-graph\">{\"@context\":\"https:\/\/schema.org\",\"@graph\":[{\"@type\":\"Article\",\"@id\":\"https:\/\/psol50.org.br\/em-belem-pa-capital-governada-pelo-psol-volta-as-aulas-presenciais-so-depois-da-vacinacao\/#article\",\"isPartOf\":{\"@id\":\"https:\/\/psol50.org.br\/em-belem-pa-capital-governada-pelo-psol-volta-as-aulas-presenciais-so-depois-da-vacinacao\/\"},\"author\":{\"name\":\"Comunica\u00e7\u00e3o PSOL\",\"@id\":\"https:\/\/psol50.org.br\/#\/schema\/person\/475dfa57d0b815993c714c2e96491fcd\"},\"headline\":\"Em Bel\u00e9m (PA), capital governada pelo PSOL, volta \u00e0s aulas presenciais s\u00f3 depois da vacina\u00e7\u00e3o\",\"datePublished\":\"2021-04-08T18:42:57+00:00\",\"mainEntityOfPage\":{\"@id\":\"https:\/\/psol50.org.br\/em-belem-pa-capital-governada-pelo-psol-volta-as-aulas-presenciais-so-depois-da-vacinacao\/\"},\"wordCount\":341,\"publisher\":{\"@id\":\"https:\/\/psol50.org.br\/#organization\"},\"image\":{\"@id\":\"https:\/\/psol50.org.br\/em-belem-pa-capital-governada-pelo-psol-volta-as-aulas-presenciais-so-depois-da-vacinacao\/#primaryimage\"},\"thumbnailUrl\":\"https:\/\/psol50.org.br\/inc\/uploads\/2021\/04\/semec.jpeg\",\"keywords\":[\"aulas presenciais\",\"Bel\u00e9m\",\"covid-19\",\"Educa\u00e7\u00e3o\",\"m\u00e1rcia bittencourt\",\"pandemia\",\"Par\u00e1\",\"PSOL\"],\"articleSection\":[\"Estados\",\"Not\u00edcias\"],\"inLanguage\":\"pt-BR\"},{\"@type\":\"WebPage\",\"@id\":\"https:\/\/psol50.org.br\/em-belem-pa-capital-governada-pelo-psol-volta-as-aulas-presenciais-so-depois-da-vacinacao\/\",\"url\":\"https:\/\/psol50.org.br\/em-belem-pa-capital-governada-pelo-psol-volta-as-aulas-presenciais-so-depois-da-vacinacao\/\",\"name\":\"Em Bel\u00e9m (PA), capital governada pelo PSOL, volta \u00e0s aulas presenciais s\u00f3 depois da vacina\u00e7\u00e3o\",\"isPartOf\":{\"@id\":\"https:\/\/psol50.org.br\/#website\"},\"primaryImageOfPage\":{\"@id\":\"https:\/\/psol50.org.br\/em-belem-pa-capital-governada-pelo-psol-volta-as-aulas-presenciais-so-depois-da-vacinacao\/#primaryimage\"},\"image\":{\"@id\":\"https:\/\/psol50.org.br\/em-belem-pa-capital-governada-pelo-psol-volta-as-aulas-presenciais-so-depois-da-vacinacao\/#primaryimage\"},\"thumbnailUrl\":\"https:\/\/psol50.org.br\/inc\/uploads\/2021\/04\/semec.jpeg\",\"datePublished\":\"2021-04-08T18:42:57+00:00\",\"description\":\"A Secret\u00e1ria de Educa\u00e7\u00e3o de Bel\u00e9m, professora M\u00e1rcia Bittencourt, descartou a possibilidade do retorno \u00e0s aulas presenciais na capital.\",\"breadcrumb\":{\"@id\":\"https:\/\/psol50.org.br\/em-belem-pa-capital-governada-pelo-psol-volta-as-aulas-presenciais-so-depois-da-vacinacao\/#breadcrumb\"},\"inLanguage\":\"pt-BR\",\"potentialAction\":[{\"@type\":\"ReadAction\",\"target\":[\"https:\/\/psol50.org.br\/em-belem-pa-capital-governada-pelo-psol-volta-as-aulas-presenciais-so-depois-da-vacinacao\/\"]}]},{\"@type\":\"ImageObject\",\"inLanguage\":\"pt-BR\",\"@id\":\"https:\/\/psol50.org.br\/em-belem-pa-capital-governada-pelo-psol-volta-as-aulas-presenciais-so-depois-da-vacinacao\/#primaryimage\",\"url\":\"https:\/\/psol50.org.br\/inc\/uploads\/2021\/04\/semec.jpeg\",\"contentUrl\":\"https:\/\/psol50.org.br\/inc\/uploads\/2021\/04\/semec.jpeg\",\"width\":984,\"height\":656},{\"@type\":\"BreadcrumbList\",\"@id\":\"https:\/\/psol50.org.br\/em-belem-pa-capital-governada-pelo-psol-volta-as-aulas-presenciais-so-depois-da-vacinacao\/#breadcrumb\",\"itemListElement\":[{\"@type\":\"ListItem\",\"position\":1,\"name\":\"In\u00edcio\",\"item\":\"https:\/\/psol50.org.br\/\"},{\"@type\":\"ListItem\",\"position\":2,\"name\":\"Em Bel\u00e9m (PA), capital governada pelo PSOL, volta \u00e0s aulas presenciais s\u00f3 depois da vacina\u00e7\u00e3o\"}]},{\"@type\":\"WebSite\",\"@id\":\"https:\/\/psol50.org.br\/#website\",\"url\":\"https:\/\/psol50.org.br\/\",\"name\":\"PSOL 50\",\"description\":\"Site oficial do Partido Socialismo e Liberdade\",\"publisher\":{\"@id\":\"https:\/\/psol50.org.br\/#organization\"},\"alternateName\":\"PSOL50\",\"potentialAction\":[{\"@type\":\"SearchAction\",\"target\":{\"@type\":\"EntryPoint\",\"urlTemplate\":\"https:\/\/psol50.org.br\/?s={search_term_string}\"},\"query-input\":{\"@type\":\"PropertyValueSpecification\",\"valueRequired\":true,\"valueName\":\"search_term_string\"}}],\"inLanguage\":\"pt-BR\"},{\"@type\":\"Organization\",\"@id\":\"https:\/\/psol50.org.br\/#organization\",\"name\":\"PSOL 50\",\"alternateName\":\"PSOL 50\",\"url\":\"https:\/\/psol50.org.br\/\",\"logo\":{\"@type\":\"ImageObject\",\"inLanguage\":\"pt-BR\",\"@id\":\"https:\/\/psol50.org.br\/#\/schema\/logo\/image\/\",\"url\":\"https:\/\/psol50.org.br\/inc\/uploads\/2018\/07\/capa.png\",\"contentUrl\":\"https:\/\/psol50.org.br\/inc\/uploads\/2018\/07\/capa.png\",\"width\":1350,\"height\":900,\"caption\":\"PSOL 50\"},\"image\":{\"@id\":\"https:\/\/psol50.org.br\/#\/schema\/logo\/image\/\"},\"sameAs\":[\"https:\/\/www.facebook.com\/psol50\",\"https:\/\/x.com\/psol50\",\"https:\/\/www.instagram.com\/psol50\/\",\"https:\/\/www.youtube.com\/channel\/UC7SnJS5o1os7a6CaiNabzcg\"]},{\"@type\":\"Person\",\"@id\":\"https:\/\/psol50.org.br\/#\/schema\/person\/475dfa57d0b815993c714c2e96491fcd\",\"name\":\"Comunica\u00e7\u00e3o PSOL\",\"image\":{\"@type\":\"ImageObject\",\"inLanguage\":\"pt-BR\",\"@id\":\"https:\/\/psol50.org.br\/#\/schema\/person\/image\/\",\"url\":\"https:\/\/secure.gravatar.com\/avatar\/b34fc4f4e468a4e51785917065a3db57b841f5c95dba6ad8c73aaf8f66f8f9bf?s=96&d=mm&r=g\",\"contentUrl\":\"https:\/\/secure.gravatar.com\/avatar\/b34fc4f4e468a4e51785917065a3db57b841f5c95dba6ad8c73aaf8f66f8f9bf?s=96&d=mm&r=g\",\"caption\":\"Comunica\u00e7\u00e3o PSOL\"}}]}<\/script>\n<!-- \/ Yoast SEO plugin. -->","yoast_head_json":{"title":"Em Bel\u00e9m (PA), capital governada pelo PSOL, volta \u00e0s aulas presenciais s\u00f3 depois da vacina\u00e7\u00e3o","description":"A Secret\u00e1ria de Educa\u00e7\u00e3o de Bel\u00e9m, professora M\u00e1rcia Bittencourt, descartou a possibilidade do retorno \u00e0s aulas presenciais na capital.","robots":{"index":"index","follow":"follow","max-snippet":"max-snippet:-1","max-image-preview":"max-image-preview:large","max-video-preview":"max-video-preview:-1"},"canonical":"https:\/\/psol50.org.br\/em-belem-pa-capital-governada-pelo-psol-volta-as-aulas-presenciais-so-depois-da-vacinacao\/","og_locale":"pt_BR","og_type":"article","og_title":"Em Bel\u00e9m (PA), capital governada pelo PSOL, volta \u00e0s aulas presenciais s\u00f3 depois da vacina\u00e7\u00e3o","og_description":"A Secret\u00e1ria de Educa\u00e7\u00e3o de Bel\u00e9m, professora M\u00e1rcia Bittencourt, descartou a possibilidade do retorno \u00e0s aulas presenciais na capital.","og_url":"https:\/\/psol50.org.br\/em-belem-pa-capital-governada-pelo-psol-volta-as-aulas-presenciais-so-depois-da-vacinacao\/","og_site_name":"PSOL 50","article_publisher":"https:\/\/www.facebook.com\/psol50","article_published_time":"2021-04-08T18:42:57+00:00","og_image":[{"width":984,"height":656,"url":"https:\/\/psol50.org.br\/inc\/uploads\/2021\/04\/semec.jpeg","type":"image\/jpeg"}],"author":"Comunica\u00e7\u00e3o PSOL","twitter_card":"summary_large_image","twitter_title":"Em Bel\u00e9m (PA), capital governada pelo PSOL, volta \u00e0s aulas presenciais s\u00f3 depois da vacina\u00e7\u00e3o","twitter_description":"A Secret\u00e1ria de Educa\u00e7\u00e3o de Bel\u00e9m, professora M\u00e1rcia Bittencourt, descartou a possibilidade do retorno \u00e0s aulas presenciais na capital.","twitter_image":"https:\/\/psol50.org.br\/inc\/uploads\/2021\/04\/semec.jpeg","twitter_creator":"@psol50","twitter_site":"@psol50","twitter_misc":{"Escrito por":"Comunica\u00e7\u00e3o PSOL","Est. tempo de leitura":"2 minutos"},"schema":{"@context":"https:\/\/schema.org","@graph":[{"@type":"Article","@id":"https:\/\/psol50.org.br\/em-belem-pa-capital-governada-pelo-psol-volta-as-aulas-presenciais-so-depois-da-vacinacao\/#article","isPartOf":{"@id":"https:\/\/psol50.org.br\/em-belem-pa-capital-governada-pelo-psol-volta-as-aulas-presenciais-so-depois-da-vacinacao\/"},"author":{"name":"Comunica\u00e7\u00e3o PSOL","@id":"https:\/\/psol50.org.br\/#\/schema\/person\/475dfa57d0b815993c714c2e96491fcd"},"headline":"Em Bel\u00e9m (PA), capital governada pelo PSOL, volta \u00e0s aulas presenciais s\u00f3 depois da vacina\u00e7\u00e3o","datePublished":"2021-04-08T18:42:57+00:00","mainEntityOfPage":{"@id":"https:\/\/psol50.org.br\/em-belem-pa-capital-governada-pelo-psol-volta-as-aulas-presenciais-so-depois-da-vacinacao\/"},"wordCount":341,"publisher":{"@id":"https:\/\/psol50.org.br\/#organization"},"image":{"@id":"https:\/\/psol50.org.br\/em-belem-pa-capital-governada-pelo-psol-volta-as-aulas-presenciais-so-depois-da-vacinacao\/#primaryimage"},"thumbnailUrl":"https:\/\/psol50.org.br\/inc\/uploads\/2021\/04\/semec.jpeg","keywords":["aulas presenciais","Bel\u00e9m","covid-19","Educa\u00e7\u00e3o","m\u00e1rcia bittencourt","pandemia","Par\u00e1","PSOL"],"articleSection":["Estados","Not\u00edcias"],"inLanguage":"pt-BR"},{"@type":"WebPage","@id":"https:\/\/psol50.org.br\/em-belem-pa-capital-governada-pelo-psol-volta-as-aulas-presenciais-so-depois-da-vacinacao\/","url":"https:\/\/psol50.org.br\/em-belem-pa-capital-governada-pelo-psol-volta-as-aulas-presenciais-so-depois-da-vacinacao\/","name":"Em Bel\u00e9m (PA), capital governada pelo PSOL, volta \u00e0s aulas presenciais s\u00f3 depois da vacina\u00e7\u00e3o","isPartOf":{"@id":"https:\/\/psol50.org.br\/#website"},"primaryImageOfPage":{"@id":"https:\/\/psol50.org.br\/em-belem-pa-capital-governada-pelo-psol-volta-as-aulas-presenciais-so-depois-da-vacinacao\/#primaryimage"},"image":{"@id":"https:\/\/psol50.org.br\/em-belem-pa-capital-governada-pelo-psol-volta-as-aulas-presenciais-so-depois-da-vacinacao\/#primaryimage"},"thumbnailUrl":"https:\/\/psol50.org.br\/inc\/uploads\/2021\/04\/semec.jpeg","datePublished":"2021-04-08T18:42:57+00:00","description":"A Secret\u00e1ria de Educa\u00e7\u00e3o de Bel\u00e9m, professora M\u00e1rcia Bittencourt, descartou a possibilidade do retorno \u00e0s aulas presenciais na capital.","breadcrumb":{"@id":"https:\/\/psol50.org.br\/em-belem-pa-capital-governada-pelo-psol-volta-as-aulas-presenciais-so-depois-da-vacinacao\/#breadcrumb"},"inLanguage":"pt-BR","potentialAction":[{"@type":"ReadAction","target":["https:\/\/psol50.org.br\/em-belem-pa-capital-governada-pelo-psol-volta-as-aulas-presenciais-so-depois-da-vacinacao\/"]}]},{"@type":"ImageObject","inLanguage":"pt-BR","@id":"https:\/\/psol50.org.br\/em-belem-pa-capital-governada-pelo-psol-volta-as-aulas-presenciais-so-depois-da-vacinacao\/#primaryimage","url":"https:\/\/psol50.org.br\/inc\/uploads\/2021\/04\/semec.jpeg","contentUrl":"https:\/\/psol50.org.br\/inc\/uploads\/2021\/04\/semec.jpeg","width":984,"height":656},{"@type":"BreadcrumbList","@id":"https:\/\/psol50.org.br\/em-belem-pa-capital-governada-pelo-psol-volta-as-aulas-presenciais-so-depois-da-vacinacao\/#breadcrumb","itemListElement":[{"@type":"ListItem","position":1,"name":"In\u00edcio","item":"https:\/\/psol50.org.br\/"},{"@type":"ListItem","position":2,"name":"Em Bel\u00e9m (PA), capital governada pelo PSOL, volta \u00e0s aulas presenciais s\u00f3 depois da vacina\u00e7\u00e3o"}]},{"@type":"WebSite","@id":"https:\/\/psol50.org.br\/#website","url":"https:\/\/psol50.org.br\/","name":"PSOL 50","description":"Site oficial do Partido Socialismo e Liberdade","publisher":{"@id":"https:\/\/psol50.org.br\/#organization"},"alternateName":"PSOL50","potentialAction":[{"@type":"SearchAction","target":{"@type":"EntryPoint","urlTemplate":"https:\/\/psol50.org.br\/?s={search_term_string}"},"query-input":{"@type":"PropertyValueSpecification","valueRequired":true,"valueName":"search_term_string"}}],"inLanguage":"pt-BR"},{"@type":"Organization","@id":"https:\/\/psol50.org.br\/#organization","name":"PSOL 50","alternateName":"PSOL 50","url":"https:\/\/psol50.org.br\/","logo":{"@type":"ImageObject","inLanguage":"pt-BR","@id":"https:\/\/psol50.org.br\/#\/schema\/logo\/image\/","url":"https:\/\/psol50.org.br\/inc\/uploads\/2018\/07\/capa.png","contentUrl":"https:\/\/psol50.org.br\/inc\/uploads\/2018\/07\/capa.png","width":1350,"height":900,"caption":"PSOL 50"},"image":{"@id":"https:\/\/psol50.org.br\/#\/schema\/logo\/image\/"},"sameAs":["https:\/\/www.facebook.com\/psol50","https:\/\/x.com\/psol50","https:\/\/www.instagram.com\/psol50\/","https:\/\/www.youtube.com\/channel\/UC7SnJS5o1os7a6CaiNabzcg"]},{"@type":"Person","@id":"https:\/\/psol50.org.br\/#\/schema\/person\/475dfa57d0b815993c714c2e96491fcd","name":"Comunica\u00e7\u00e3o PSOL","image":{"@type":"ImageObject","inLanguage":"pt-BR","@id":"https:\/\/psol50.org.br\/#\/schema\/person\/image\/","url":"https:\/\/secure.gravatar.com\/avatar\/b34fc4f4e468a4e51785917065a3db57b841f5c95dba6ad8c73aaf8f66f8f9bf?s=96&d=mm&r=g","contentUrl":"https:\/\/secure.gravatar.com\/avatar\/b34fc4f4e468a4e51785917065a3db57b841f5c95dba6ad8c73aaf8f66f8f9bf?s=96&d=mm&r=g","caption":"Comunica\u00e7\u00e3o PSOL"}}]}},"_links":{"self":[{"href":"https:\/\/psol50.org.br\/rest\/wp\/v2\/posts\/32311","targetHints":{"allow":["GET"]}}],"collection":[{"href":"https:\/\/psol50.org.br\/rest\/wp\/v2\/posts"}],"about":[{"href":"https:\/\/psol50.org.br\/rest\/wp\/v2\/types\/post"}],"author":[{"embeddable":true,"href":"https:\/\/psol50.org.br\/rest\/wp\/v2\/users\/2"}],"replies":[{"embeddable":true,"href":"https:\/\/psol50.org.br\/rest\/wp\/v2\/comments?post=32311"}],"version-history":[{"count":0,"href":"https:\/\/psol50.org.br\/rest\/wp\/v2\/posts\/32311\/revisions"}],"wp:featuredmedia":[{"embeddable":true,"href":"https:\/\/psol50.org.br\/rest\/wp\/v2\/media\/32312"}],"wp:attachment":[{"href":"https:\/\/psol50.org.br\/rest\/wp\/v2\/media?parent=32311"}],"wp:term":[{"taxonomy":"category","embeddable":true,"href":"https:\/\/psol50.org.br\/rest\/wp\/v2\/categories?post=32311"},{"taxonomy":"post_tag","embeddable":true,"href":"https:\/\/psol50.org.br\/rest\/wp\/v2\/tags?post=32311"}],"curies":[{"name":"wp","href":"https:\/\/api.w.org\/{rel}","templated":true}]}}