{"id":32327,"date":"2021-04-09T17:00:53","date_gmt":"2021-04-09T20:00:53","guid":{"rendered":"https:\/\/psol50.org.br\/?p=32327"},"modified":"2021-04-09T17:00:53","modified_gmt":"2021-04-09T20:00:53","slug":"guilherme-boulos-entra-na-justica-para-que-sao-paulo-tenha-100-da-frota-de-onibus-em-circulacao","status":"publish","type":"post","link":"https:\/\/psol50.org.br\/guilherme-boulos-entra-na-justica-para-que-sao-paulo-tenha-100-da-frota-de-onibus-em-circulacao\/","title":{"rendered":"Guilherme Boulos entra na Justi\u00e7a para que S\u00e3o Paulo tenha 100% da frota de \u00f4nibus em circula\u00e7\u00e3o"},"content":{"rendered":"<p><a href=\"https:\/\/psol50.org.br\/vacinaja\/\" target=\"_blank\" rel=\"noopener\"><img loading=\"lazy\" decoding=\"async\" class=\"alignnone size-full wp-image-31535\" src=\"https:\/\/psol50.org.br\/inc\/uploads\/2020\/12\/Web-1920-\u2013-1.jpg\" alt=\"\" width=\"1920\" height=\"339\" srcset=\"https:\/\/psol50.org.br\/inc\/uploads\/2020\/12\/Web-1920-\u2013-1.jpg 1920w, https:\/\/psol50.org.br\/inc\/uploads\/2020\/12\/Web-1920-\u2013-1-300x53.jpg 300w, https:\/\/psol50.org.br\/inc\/uploads\/2020\/12\/Web-1920-\u2013-1-1024x181.jpg 1024w, https:\/\/psol50.org.br\/inc\/uploads\/2020\/12\/Web-1920-\u2013-1-768x136.jpg 768w, https:\/\/psol50.org.br\/inc\/uploads\/2020\/12\/Web-1920-\u2013-1-1536x271.jpg 1536w, https:\/\/psol50.org.br\/inc\/uploads\/2020\/12\/Web-1920-\u2013-1-150x26.jpg 150w, https:\/\/psol50.org.br\/inc\/uploads\/2020\/12\/Web-1920-\u2013-1-696x123.jpg 696w, https:\/\/psol50.org.br\/inc\/uploads\/2020\/12\/Web-1920-\u2013-1-1068x189.jpg 1068w\" sizes=\"auto, (max-width: 1920px) 100vw, 1920px\" \/><\/a><br \/>\nGuilherme Boulos, ex-candidato \u00e0 Prefeitura de S\u00e3o Paulo pelo PSOL nas elei\u00e7\u00f5es municipais de 2020, apresentou na \u00faltima quinta-feira (8) uma a\u00e7\u00e3o popular no Tribunal de Justi\u00e7a de S\u00e3o Paulo para que a gest\u00e3o de Bruno Covas seja obrigada a colocar em circula\u00e7\u00e3o 100% da frota de \u00f4nibus municipal.<br \/>\nBoulos aponta que a redu\u00e7\u00e3o de frota tem feito com que as pessoas se aglomerem em hor\u00e1rios de pico, ampliando a dissemina\u00e7\u00e3o da Covid-19.<br \/>\nAl\u00e9m disso, lembra que, pela l\u00f3gica de remunera\u00e7\u00e3o das empresas, a diminui\u00e7\u00e3o da frota n\u00e3o tem resultado em redu\u00e7\u00e3o de custos para a prefeitura.<br \/>\n&#8220;\u00c9 absurdo ter aglomera\u00e7\u00e3o em \u00f4nibus lotados e 1.600 ve\u00edculos parados na garagem!&#8221;, exclama o militante do PSOL ao anunciar sua a\u00e7\u00e3o em defesa da sa\u00fade p\u00fablica.<br \/>\n<a href=\"https:\/\/psol50.org.br\/rendajusta\/\" target=\"_blank\" rel=\"noopener\"><img loading=\"lazy\" decoding=\"async\" class=\"alignnone size-full wp-image-30552\" src=\"https:\/\/psol50.org.br\/inc\/uploads\/2020\/08\/21-08-2020_LancamentoRendaJusta-2.png\" alt=\"\" width=\"1920\" height=\"383\" srcset=\"https:\/\/psol50.org.br\/inc\/uploads\/2020\/08\/21-08-2020_LancamentoRendaJusta-2.png 1920w, https:\/\/psol50.org.br\/inc\/uploads\/2020\/08\/21-08-2020_LancamentoRendaJusta-2-300x60.png 300w, https:\/\/psol50.org.br\/inc\/uploads\/2020\/08\/21-08-2020_LancamentoRendaJusta-2-1024x204.png 1024w, https:\/\/psol50.org.br\/inc\/uploads\/2020\/08\/21-08-2020_LancamentoRendaJusta-2-768x153.png 768w, https:\/\/psol50.org.br\/inc\/uploads\/2020\/08\/21-08-2020_LancamentoRendaJusta-2-1536x306.png 1536w, https:\/\/psol50.org.br\/inc\/uploads\/2020\/08\/21-08-2020_LancamentoRendaJusta-2-150x30.png 150w, https:\/\/psol50.org.br\/inc\/uploads\/2020\/08\/21-08-2020_LancamentoRendaJusta-2-696x139.png 696w, https:\/\/psol50.org.br\/inc\/uploads\/2020\/08\/21-08-2020_LancamentoRendaJusta-2-1068x213.png 1068w\" sizes=\"auto, (max-width: 1920px) 100vw, 1920px\" \/><\/a><\/p>\n","protected":false},"excerpt":{"rendered":"<p>Guilherme Boulos, ex-candidato \u00e0 Prefeitura de S\u00e3o Paulo pelo PSOL nas elei\u00e7\u00f5es municipais de 2020, apresentou na \u00faltima quinta-feira (8) uma a\u00e7\u00e3o popular no Tribunal de Justi\u00e7a de S\u00e3o Paulo para que a gest\u00e3o de Bruno Covas seja obrigada a colocar em circula\u00e7\u00e3o 100% da frota de \u00f4nibus municipal. Boulos aponta que a redu\u00e7\u00e3o de [&hellip;]<\/p>\n","protected":false},"author":2,"featured_media":32328,"comment_status":"closed","ping_status":"open","sticky":false,"template":"","format":"standard","meta":{"_acf_changed":false,"footnotes":""},"categories":[654,6],"tags":[342,371,54,1530,367,117,301],"class_list":{"0":"post-32327","1":"post","2":"type-post","3":"status-publish","4":"format-standard","5":"has-post-thumbnail","7":"category-estados","8":"category-noticias","9":"tag-boulos","10":"tag-covid-19","11":"tag-justica","12":"tag-onibus","13":"tag-pandemia","14":"tag-sao-paulo","15":"tag-transporte"},"acf":[],"yoast_head":"<!-- This site is optimized with the Yoast SEO plugin v26.5 - https:\/\/yoast.com\/wordpress\/plugins\/seo\/ -->\n<title>Guilherme Boulos entra na Justi\u00e7a para que S\u00e3o Paulo tenha 100% da frota de \u00f4nibus em circula\u00e7\u00e3o<\/title>\n<meta name=\"description\" content=\"Boulos aponta que a redu\u00e7\u00e3o de frota tem feito com que as pessoas se aglomerem em hor\u00e1rios de pico, ampliando a dissemina\u00e7\u00e3o da Covid-19.\" \/>\n<meta name=\"robots\" content=\"index, follow, max-snippet:-1, max-image-preview:large, max-video-preview:-1\" \/>\n<link rel=\"canonical\" href=\"https:\/\/psol50.org.br\/guilherme-boulos-entra-na-justica-para-que-sao-paulo-tenha-100-da-frota-de-onibus-em-circulacao\/\" \/>\n<meta property=\"og:locale\" content=\"pt_BR\" \/>\n<meta property=\"og:type\" content=\"article\" \/>\n<meta property=\"og:title\" content=\"Guilherme Boulos entra na Justi\u00e7a para que S\u00e3o Paulo tenha 100% da frota de \u00f4nibus em circula\u00e7\u00e3o\" \/>\n<meta property=\"og:description\" content=\"Boulos aponta que a redu\u00e7\u00e3o de frota tem feito com que as pessoas se aglomerem em hor\u00e1rios de pico, ampliando a dissemina\u00e7\u00e3o da Covid-19.\" \/>\n<meta property=\"og:url\" content=\"https:\/\/psol50.org.br\/guilherme-boulos-entra-na-justica-para-que-sao-paulo-tenha-100-da-frota-de-onibus-em-circulacao\/\" \/>\n<meta property=\"og:site_name\" content=\"PSOL 50\" \/>\n<meta property=\"article:publisher\" content=\"https:\/\/www.facebook.com\/psol50\" \/>\n<meta property=\"article:published_time\" content=\"2021-04-09T20:00:53+00:00\" \/>\n<meta property=\"og:image\" content=\"https:\/\/psol50.org.br\/inc\/uploads\/2021\/04\/boulos-2.jpg\" \/>\n\t<meta property=\"og:image:width\" content=\"1280\" \/>\n\t<meta property=\"og:image:height\" content=\"853\" \/>\n\t<meta property=\"og:image:type\" content=\"image\/jpeg\" \/>\n<meta name=\"author\" content=\"Comunica\u00e7\u00e3o PSOL\" \/>\n<meta name=\"twitter:card\" content=\"summary_large_image\" \/>\n<meta name=\"twitter:title\" content=\"Guilherme Boulos entra na Justi\u00e7a para que S\u00e3o Paulo tenha 100% da frota de \u00f4nibus em circula\u00e7\u00e3o\" \/>\n<meta name=\"twitter:description\" content=\"Boulos aponta que a redu\u00e7\u00e3o de frota tem feito com que as pessoas se aglomerem em hor\u00e1rios de pico, ampliando a dissemina\u00e7\u00e3o da Covid-19.\" \/>\n<meta name=\"twitter:image\" content=\"https:\/\/psol50.org.br\/inc\/uploads\/2021\/04\/boulos-2.jpg\" \/>\n<meta name=\"twitter:creator\" content=\"@psol50\" \/>\n<meta name=\"twitter:site\" content=\"@psol50\" \/>\n<meta name=\"twitter:label1\" content=\"Escrito por\" \/>\n\t<meta name=\"twitter:data1\" content=\"Comunica\u00e7\u00e3o PSOL\" \/>\n\t<meta name=\"twitter:label2\" content=\"Est. tempo de leitura\" \/>\n\t<meta name=\"twitter:data2\" content=\"1 minuto\" \/>\n<script type=\"application\/ld+json\" class=\"yoast-schema-graph\">{\"@context\":\"https:\/\/schema.org\",\"@graph\":[{\"@type\":\"Article\",\"@id\":\"https:\/\/psol50.org.br\/guilherme-boulos-entra-na-justica-para-que-sao-paulo-tenha-100-da-frota-de-onibus-em-circulacao\/#article\",\"isPartOf\":{\"@id\":\"https:\/\/psol50.org.br\/guilherme-boulos-entra-na-justica-para-que-sao-paulo-tenha-100-da-frota-de-onibus-em-circulacao\/\"},\"author\":{\"name\":\"Comunica\u00e7\u00e3o PSOL\",\"@id\":\"https:\/\/psol50.org.br\/#\/schema\/person\/475dfa57d0b815993c714c2e96491fcd\"},\"headline\":\"Guilherme Boulos entra na Justi\u00e7a para que S\u00e3o Paulo tenha 100% da frota de \u00f4nibus em circula\u00e7\u00e3o\",\"datePublished\":\"2021-04-09T20:00:53+00:00\",\"mainEntityOfPage\":{\"@id\":\"https:\/\/psol50.org.br\/guilherme-boulos-entra-na-justica-para-que-sao-paulo-tenha-100-da-frota-de-onibus-em-circulacao\/\"},\"wordCount\":158,\"publisher\":{\"@id\":\"https:\/\/psol50.org.br\/#organization\"},\"image\":{\"@id\":\"https:\/\/psol50.org.br\/guilherme-boulos-entra-na-justica-para-que-sao-paulo-tenha-100-da-frota-de-onibus-em-circulacao\/#primaryimage\"},\"thumbnailUrl\":\"https:\/\/psol50.org.br\/inc\/uploads\/2021\/04\/boulos-2.jpg\",\"keywords\":[\"Boulos\",\"covid-19\",\"justi\u00e7a\",\"\u00f4nibus\",\"pandemia\",\"S\u00e3o Paulo\",\"transporte\"],\"articleSection\":[\"Estados\",\"Not\u00edcias\"],\"inLanguage\":\"pt-BR\"},{\"@type\":\"WebPage\",\"@id\":\"https:\/\/psol50.org.br\/guilherme-boulos-entra-na-justica-para-que-sao-paulo-tenha-100-da-frota-de-onibus-em-circulacao\/\",\"url\":\"https:\/\/psol50.org.br\/guilherme-boulos-entra-na-justica-para-que-sao-paulo-tenha-100-da-frota-de-onibus-em-circulacao\/\",\"name\":\"Guilherme Boulos entra na Justi\u00e7a para que S\u00e3o Paulo tenha 100% da frota de \u00f4nibus em circula\u00e7\u00e3o\",\"isPartOf\":{\"@id\":\"https:\/\/psol50.org.br\/#website\"},\"primaryImageOfPage\":{\"@id\":\"https:\/\/psol50.org.br\/guilherme-boulos-entra-na-justica-para-que-sao-paulo-tenha-100-da-frota-de-onibus-em-circulacao\/#primaryimage\"},\"image\":{\"@id\":\"https:\/\/psol50.org.br\/guilherme-boulos-entra-na-justica-para-que-sao-paulo-tenha-100-da-frota-de-onibus-em-circulacao\/#primaryimage\"},\"thumbnailUrl\":\"https:\/\/psol50.org.br\/inc\/uploads\/2021\/04\/boulos-2.jpg\",\"datePublished\":\"2021-04-09T20:00:53+00:00\",\"description\":\"Boulos aponta que a redu\u00e7\u00e3o de frota tem feito com que as pessoas se aglomerem em hor\u00e1rios de pico, ampliando a dissemina\u00e7\u00e3o da Covid-19.\",\"breadcrumb\":{\"@id\":\"https:\/\/psol50.org.br\/guilherme-boulos-entra-na-justica-para-que-sao-paulo-tenha-100-da-frota-de-onibus-em-circulacao\/#breadcrumb\"},\"inLanguage\":\"pt-BR\",\"potentialAction\":[{\"@type\":\"ReadAction\",\"target\":[\"https:\/\/psol50.org.br\/guilherme-boulos-entra-na-justica-para-que-sao-paulo-tenha-100-da-frota-de-onibus-em-circulacao\/\"]}]},{\"@type\":\"ImageObject\",\"inLanguage\":\"pt-BR\",\"@id\":\"https:\/\/psol50.org.br\/guilherme-boulos-entra-na-justica-para-que-sao-paulo-tenha-100-da-frota-de-onibus-em-circulacao\/#primaryimage\",\"url\":\"https:\/\/psol50.org.br\/inc\/uploads\/2021\/04\/boulos-2.jpg\",\"contentUrl\":\"https:\/\/psol50.org.br\/inc\/uploads\/2021\/04\/boulos-2.jpg\",\"width\":1280,\"height\":853},{\"@type\":\"BreadcrumbList\",\"@id\":\"https:\/\/psol50.org.br\/guilherme-boulos-entra-na-justica-para-que-sao-paulo-tenha-100-da-frota-de-onibus-em-circulacao\/#breadcrumb\",\"itemListElement\":[{\"@type\":\"ListItem\",\"position\":1,\"name\":\"In\u00edcio\",\"item\":\"https:\/\/psol50.org.br\/\"},{\"@type\":\"ListItem\",\"position\":2,\"name\":\"Guilherme Boulos entra na Justi\u00e7a para que S\u00e3o Paulo tenha 100% da frota de \u00f4nibus em circula\u00e7\u00e3o\"}]},{\"@type\":\"WebSite\",\"@id\":\"https:\/\/psol50.org.br\/#website\",\"url\":\"https:\/\/psol50.org.br\/\",\"name\":\"PSOL 50\",\"description\":\"Site oficial do Partido Socialismo e Liberdade\",\"publisher\":{\"@id\":\"https:\/\/psol50.org.br\/#organization\"},\"alternateName\":\"PSOL50\",\"potentialAction\":[{\"@type\":\"SearchAction\",\"target\":{\"@type\":\"EntryPoint\",\"urlTemplate\":\"https:\/\/psol50.org.br\/?s={search_term_string}\"},\"query-input\":{\"@type\":\"PropertyValueSpecification\",\"valueRequired\":true,\"valueName\":\"search_term_string\"}}],\"inLanguage\":\"pt-BR\"},{\"@type\":\"Organization\",\"@id\":\"https:\/\/psol50.org.br\/#organization\",\"name\":\"PSOL 50\",\"alternateName\":\"PSOL 50\",\"url\":\"https:\/\/psol50.org.br\/\",\"logo\":{\"@type\":\"ImageObject\",\"inLanguage\":\"pt-BR\",\"@id\":\"https:\/\/psol50.org.br\/#\/schema\/logo\/image\/\",\"url\":\"https:\/\/psol50.org.br\/inc\/uploads\/2018\/07\/capa.png\",\"contentUrl\":\"https:\/\/psol50.org.br\/inc\/uploads\/2018\/07\/capa.png\",\"width\":1350,\"height\":900,\"caption\":\"PSOL 50\"},\"image\":{\"@id\":\"https:\/\/psol50.org.br\/#\/schema\/logo\/image\/\"},\"sameAs\":[\"https:\/\/www.facebook.com\/psol50\",\"https:\/\/x.com\/psol50\",\"https:\/\/www.instagram.com\/psol50\/\",\"https:\/\/www.youtube.com\/channel\/UC7SnJS5o1os7a6CaiNabzcg\"]},{\"@type\":\"Person\",\"@id\":\"https:\/\/psol50.org.br\/#\/schema\/person\/475dfa57d0b815993c714c2e96491fcd\",\"name\":\"Comunica\u00e7\u00e3o PSOL\",\"image\":{\"@type\":\"ImageObject\",\"inLanguage\":\"pt-BR\",\"@id\":\"https:\/\/psol50.org.br\/#\/schema\/person\/image\/\",\"url\":\"https:\/\/secure.gravatar.com\/avatar\/b34fc4f4e468a4e51785917065a3db57b841f5c95dba6ad8c73aaf8f66f8f9bf?s=96&d=mm&r=g\",\"contentUrl\":\"https:\/\/secure.gravatar.com\/avatar\/b34fc4f4e468a4e51785917065a3db57b841f5c95dba6ad8c73aaf8f66f8f9bf?s=96&d=mm&r=g\",\"caption\":\"Comunica\u00e7\u00e3o PSOL\"}}]}<\/script>\n<!-- \/ Yoast SEO plugin. -->","yoast_head_json":{"title":"Guilherme Boulos entra na Justi\u00e7a para que S\u00e3o Paulo tenha 100% da frota de \u00f4nibus em circula\u00e7\u00e3o","description":"Boulos aponta que a redu\u00e7\u00e3o de frota tem feito com que as pessoas se aglomerem em hor\u00e1rios de pico, ampliando a dissemina\u00e7\u00e3o da Covid-19.","robots":{"index":"index","follow":"follow","max-snippet":"max-snippet:-1","max-image-preview":"max-image-preview:large","max-video-preview":"max-video-preview:-1"},"canonical":"https:\/\/psol50.org.br\/guilherme-boulos-entra-na-justica-para-que-sao-paulo-tenha-100-da-frota-de-onibus-em-circulacao\/","og_locale":"pt_BR","og_type":"article","og_title":"Guilherme Boulos entra na Justi\u00e7a para que S\u00e3o Paulo tenha 100% da frota de \u00f4nibus em circula\u00e7\u00e3o","og_description":"Boulos aponta que a redu\u00e7\u00e3o de frota tem feito com que as pessoas se aglomerem em hor\u00e1rios de pico, ampliando a dissemina\u00e7\u00e3o da Covid-19.","og_url":"https:\/\/psol50.org.br\/guilherme-boulos-entra-na-justica-para-que-sao-paulo-tenha-100-da-frota-de-onibus-em-circulacao\/","og_site_name":"PSOL 50","article_publisher":"https:\/\/www.facebook.com\/psol50","article_published_time":"2021-04-09T20:00:53+00:00","og_image":[{"width":1280,"height":853,"url":"https:\/\/psol50.org.br\/inc\/uploads\/2021\/04\/boulos-2.jpg","type":"image\/jpeg"}],"author":"Comunica\u00e7\u00e3o PSOL","twitter_card":"summary_large_image","twitter_title":"Guilherme Boulos entra na Justi\u00e7a para que S\u00e3o Paulo tenha 100% da frota de \u00f4nibus em circula\u00e7\u00e3o","twitter_description":"Boulos aponta que a redu\u00e7\u00e3o de frota tem feito com que as pessoas se aglomerem em hor\u00e1rios de pico, ampliando a dissemina\u00e7\u00e3o da Covid-19.","twitter_image":"https:\/\/psol50.org.br\/inc\/uploads\/2021\/04\/boulos-2.jpg","twitter_creator":"@psol50","twitter_site":"@psol50","twitter_misc":{"Escrito por":"Comunica\u00e7\u00e3o PSOL","Est. tempo de leitura":"1 minuto"},"schema":{"@context":"https:\/\/schema.org","@graph":[{"@type":"Article","@id":"https:\/\/psol50.org.br\/guilherme-boulos-entra-na-justica-para-que-sao-paulo-tenha-100-da-frota-de-onibus-em-circulacao\/#article","isPartOf":{"@id":"https:\/\/psol50.org.br\/guilherme-boulos-entra-na-justica-para-que-sao-paulo-tenha-100-da-frota-de-onibus-em-circulacao\/"},"author":{"name":"Comunica\u00e7\u00e3o PSOL","@id":"https:\/\/psol50.org.br\/#\/schema\/person\/475dfa57d0b815993c714c2e96491fcd"},"headline":"Guilherme Boulos entra na Justi\u00e7a para que S\u00e3o Paulo tenha 100% da frota de \u00f4nibus em circula\u00e7\u00e3o","datePublished":"2021-04-09T20:00:53+00:00","mainEntityOfPage":{"@id":"https:\/\/psol50.org.br\/guilherme-boulos-entra-na-justica-para-que-sao-paulo-tenha-100-da-frota-de-onibus-em-circulacao\/"},"wordCount":158,"publisher":{"@id":"https:\/\/psol50.org.br\/#organization"},"image":{"@id":"https:\/\/psol50.org.br\/guilherme-boulos-entra-na-justica-para-que-sao-paulo-tenha-100-da-frota-de-onibus-em-circulacao\/#primaryimage"},"thumbnailUrl":"https:\/\/psol50.org.br\/inc\/uploads\/2021\/04\/boulos-2.jpg","keywords":["Boulos","covid-19","justi\u00e7a","\u00f4nibus","pandemia","S\u00e3o Paulo","transporte"],"articleSection":["Estados","Not\u00edcias"],"inLanguage":"pt-BR"},{"@type":"WebPage","@id":"https:\/\/psol50.org.br\/guilherme-boulos-entra-na-justica-para-que-sao-paulo-tenha-100-da-frota-de-onibus-em-circulacao\/","url":"https:\/\/psol50.org.br\/guilherme-boulos-entra-na-justica-para-que-sao-paulo-tenha-100-da-frota-de-onibus-em-circulacao\/","name":"Guilherme Boulos entra na Justi\u00e7a para que S\u00e3o Paulo tenha 100% da frota de \u00f4nibus em circula\u00e7\u00e3o","isPartOf":{"@id":"https:\/\/psol50.org.br\/#website"},"primaryImageOfPage":{"@id":"https:\/\/psol50.org.br\/guilherme-boulos-entra-na-justica-para-que-sao-paulo-tenha-100-da-frota-de-onibus-em-circulacao\/#primaryimage"},"image":{"@id":"https:\/\/psol50.org.br\/guilherme-boulos-entra-na-justica-para-que-sao-paulo-tenha-100-da-frota-de-onibus-em-circulacao\/#primaryimage"},"thumbnailUrl":"https:\/\/psol50.org.br\/inc\/uploads\/2021\/04\/boulos-2.jpg","datePublished":"2021-04-09T20:00:53+00:00","description":"Boulos aponta que a redu\u00e7\u00e3o de frota tem feito com que as pessoas se aglomerem em hor\u00e1rios de pico, ampliando a dissemina\u00e7\u00e3o da Covid-19.","breadcrumb":{"@id":"https:\/\/psol50.org.br\/guilherme-boulos-entra-na-justica-para-que-sao-paulo-tenha-100-da-frota-de-onibus-em-circulacao\/#breadcrumb"},"inLanguage":"pt-BR","potentialAction":[{"@type":"ReadAction","target":["https:\/\/psol50.org.br\/guilherme-boulos-entra-na-justica-para-que-sao-paulo-tenha-100-da-frota-de-onibus-em-circulacao\/"]}]},{"@type":"ImageObject","inLanguage":"pt-BR","@id":"https:\/\/psol50.org.br\/guilherme-boulos-entra-na-justica-para-que-sao-paulo-tenha-100-da-frota-de-onibus-em-circulacao\/#primaryimage","url":"https:\/\/psol50.org.br\/inc\/uploads\/2021\/04\/boulos-2.jpg","contentUrl":"https:\/\/psol50.org.br\/inc\/uploads\/2021\/04\/boulos-2.jpg","width":1280,"height":853},{"@type":"BreadcrumbList","@id":"https:\/\/psol50.org.br\/guilherme-boulos-entra-na-justica-para-que-sao-paulo-tenha-100-da-frota-de-onibus-em-circulacao\/#breadcrumb","itemListElement":[{"@type":"ListItem","position":1,"name":"In\u00edcio","item":"https:\/\/psol50.org.br\/"},{"@type":"ListItem","position":2,"name":"Guilherme Boulos entra na Justi\u00e7a para que S\u00e3o Paulo tenha 100% da frota de \u00f4nibus em circula\u00e7\u00e3o"}]},{"@type":"WebSite","@id":"https:\/\/psol50.org.br\/#website","url":"https:\/\/psol50.org.br\/","name":"PSOL 50","description":"Site oficial do Partido Socialismo e Liberdade","publisher":{"@id":"https:\/\/psol50.org.br\/#organization"},"alternateName":"PSOL50","potentialAction":[{"@type":"SearchAction","target":{"@type":"EntryPoint","urlTemplate":"https:\/\/psol50.org.br\/?s={search_term_string}"},"query-input":{"@type":"PropertyValueSpecification","valueRequired":true,"valueName":"search_term_string"}}],"inLanguage":"pt-BR"},{"@type":"Organization","@id":"https:\/\/psol50.org.br\/#organization","name":"PSOL 50","alternateName":"PSOL 50","url":"https:\/\/psol50.org.br\/","logo":{"@type":"ImageObject","inLanguage":"pt-BR","@id":"https:\/\/psol50.org.br\/#\/schema\/logo\/image\/","url":"https:\/\/psol50.org.br\/inc\/uploads\/2018\/07\/capa.png","contentUrl":"https:\/\/psol50.org.br\/inc\/uploads\/2018\/07\/capa.png","width":1350,"height":900,"caption":"PSOL 50"},"image":{"@id":"https:\/\/psol50.org.br\/#\/schema\/logo\/image\/"},"sameAs":["https:\/\/www.facebook.com\/psol50","https:\/\/x.com\/psol50","https:\/\/www.instagram.com\/psol50\/","https:\/\/www.youtube.com\/channel\/UC7SnJS5o1os7a6CaiNabzcg"]},{"@type":"Person","@id":"https:\/\/psol50.org.br\/#\/schema\/person\/475dfa57d0b815993c714c2e96491fcd","name":"Comunica\u00e7\u00e3o PSOL","image":{"@type":"ImageObject","inLanguage":"pt-BR","@id":"https:\/\/psol50.org.br\/#\/schema\/person\/image\/","url":"https:\/\/secure.gravatar.com\/avatar\/b34fc4f4e468a4e51785917065a3db57b841f5c95dba6ad8c73aaf8f66f8f9bf?s=96&d=mm&r=g","contentUrl":"https:\/\/secure.gravatar.com\/avatar\/b34fc4f4e468a4e51785917065a3db57b841f5c95dba6ad8c73aaf8f66f8f9bf?s=96&d=mm&r=g","caption":"Comunica\u00e7\u00e3o PSOL"}}]}},"_links":{"self":[{"href":"https:\/\/psol50.org.br\/rest\/wp\/v2\/posts\/32327","targetHints":{"allow":["GET"]}}],"collection":[{"href":"https:\/\/psol50.org.br\/rest\/wp\/v2\/posts"}],"about":[{"href":"https:\/\/psol50.org.br\/rest\/wp\/v2\/types\/post"}],"author":[{"embeddable":true,"href":"https:\/\/psol50.org.br\/rest\/wp\/v2\/users\/2"}],"replies":[{"embeddable":true,"href":"https:\/\/psol50.org.br\/rest\/wp\/v2\/comments?post=32327"}],"version-history":[{"count":0,"href":"https:\/\/psol50.org.br\/rest\/wp\/v2\/posts\/32327\/revisions"}],"wp:featuredmedia":[{"embeddable":true,"href":"https:\/\/psol50.org.br\/rest\/wp\/v2\/media\/32328"}],"wp:attachment":[{"href":"https:\/\/psol50.org.br\/rest\/wp\/v2\/media?parent=32327"}],"wp:term":[{"taxonomy":"category","embeddable":true,"href":"https:\/\/psol50.org.br\/rest\/wp\/v2\/categories?post=32327"},{"taxonomy":"post_tag","embeddable":true,"href":"https:\/\/psol50.org.br\/rest\/wp\/v2\/tags?post=32327"}],"curies":[{"name":"wp","href":"https:\/\/api.w.org\/{rel}","templated":true}]}}