{"id":32385,"date":"2021-04-14T17:54:25","date_gmt":"2021-04-14T20:54:25","guid":{"rendered":"https:\/\/psol50.org.br\/?p=32385"},"modified":"2021-04-14T17:54:25","modified_gmt":"2021-04-14T20:54:25","slug":"psol-aciona-stf-contra-execucoes-de-reintegracao-de-posse-e-despejos-durante-a-pandemia","status":"publish","type":"post","link":"https:\/\/psol50.org.br\/psol-aciona-stf-contra-execucoes-de-reintegracao-de-posse-e-despejos-durante-a-pandemia\/","title":{"rendered":"PSOL aciona STF contra execu\u00e7\u00f5es de reintegra\u00e7\u00e3o de posse e despejos durante a pandemia"},"content":{"rendered":"<p><a href=\"https:\/\/psol50.org.br\/vacinaja\/\" target=\"_blank\" rel=\"noopener\"><img loading=\"lazy\" decoding=\"async\" class=\"alignnone size-full wp-image-31535\" src=\"https:\/\/psol50.org.br\/inc\/uploads\/2020\/12\/Web-1920-\u2013-1.jpg\" alt=\"\" width=\"1920\" height=\"339\" srcset=\"https:\/\/psol50.org.br\/inc\/uploads\/2020\/12\/Web-1920-\u2013-1.jpg 1920w, https:\/\/psol50.org.br\/inc\/uploads\/2020\/12\/Web-1920-\u2013-1-300x53.jpg 300w, https:\/\/psol50.org.br\/inc\/uploads\/2020\/12\/Web-1920-\u2013-1-1024x181.jpg 1024w, https:\/\/psol50.org.br\/inc\/uploads\/2020\/12\/Web-1920-\u2013-1-768x136.jpg 768w, https:\/\/psol50.org.br\/inc\/uploads\/2020\/12\/Web-1920-\u2013-1-1536x271.jpg 1536w, https:\/\/psol50.org.br\/inc\/uploads\/2020\/12\/Web-1920-\u2013-1-150x26.jpg 150w, https:\/\/psol50.org.br\/inc\/uploads\/2020\/12\/Web-1920-\u2013-1-696x123.jpg 696w, https:\/\/psol50.org.br\/inc\/uploads\/2020\/12\/Web-1920-\u2013-1-1068x189.jpg 1068w\" sizes=\"auto, (max-width: 1920px) 100vw, 1920px\" \/><\/a><br \/>\nO PSOL apresentou, nesta quarta-feira (14), uma ADPF (Argui\u00e7\u00e3o de Descumprimento de Preceito Fundamental) no STF (Supremo Tribunal Federal) para pedir que sejam suspensas, em todo o Brasil, decis\u00f5es judiciais que ordenam desocupa\u00e7\u00f5es, reintegra\u00e7\u00f5es de posse ou despejos enquanto perdurar o estado de calamidade p\u00fablica promovido pela pandemia.<br \/>\nDe acordo com a a\u00e7\u00e3o, as opera\u00e7\u00f5es de remo\u00e7\u00e3o t\u00eam lesado preceitos fundamentais relativos ao direito social \u00e0 sa\u00fade, \u00e0 vida e \u00e0 dignidade da pessoa humana, tanto das fam\u00edlias despejadas, quanto dos profissionais que integram as opera\u00e7\u00f5es.<br \/>\nA iniciativa do partido ocorre depois de uma s\u00e9rie de opera\u00e7\u00f5es policiais em v\u00e1rias cidades para remo\u00e7\u00e3o for\u00e7ada de pessoas, justamente no momento mais tenso da pandemia, contribuindo para agravar a situa\u00e7\u00e3o de vulnerabilidade das fam\u00edlias e intensificar os riscos de cont\u00e1gio e o colapso da sa\u00fade em todo o territ\u00f3rio nacional.<br \/>\nSegundo a Campanha Despejo Zero, ao menos 9 mil fam\u00edlias foram removidas no Brasil durante a pandemia, sendo 3.004 no Amazonas e 2.852 em S\u00e3o Paulo. Outras 64.546 fam\u00edlias est\u00e3o amea\u00e7adas de remo\u00e7\u00e3o pelo pa\u00eds.<br \/>\nNa ADPF, o partido cita diversos desses casos, como um recente no Distrito Federal, onde o governo local, no dia 22 de mar\u00e7o, iniciou opera\u00e7\u00e3o para remover um grupo de mais de 30 fam\u00edlias que residem na \u00e1rea de cerrado nas proximidades do Centro Cultural Banco do Brasil, a \u201cOcupa\u00e7\u00e3o CCBB\u201d, sem qualquer notifica\u00e7\u00e3o pr\u00e9via ou possibilidade de defesa administrativa e judicial. Naquele momento, 375 pessoas aguardavam leitos de UTI no DF. A a\u00e7\u00e3o contrariou, inclusive, a lei 6.657\/2020, que estabeleceu em \u00e2mbito local um Plano Emergencial, determinando, entre outras coisas, a proibi\u00e7\u00e3o de se remover ocupa\u00e7\u00f5es, desde que a posse tenha se iniciado antes da pandemia, o que era o caso dessa ocupa\u00e7\u00e3o.<br \/>\n\u201cSob o argumento de manter a ordem p\u00fablica, vemos o pa\u00eds com a pior pol\u00edtica de conten\u00e7\u00e3o do v\u00edrus no mundo, expondo deliberadamente fam\u00edlias hipervulner\u00e1veis a uma situa\u00e7\u00e3o de alto risco e indignidade. Medidas como essa s\u00e3o higienistas e evidenciam que para determinados governos, algumas vidas valem mais do que outras\u201d afirma Juliano Medeiros, presidente nacional do PSOL.<br \/>\nGuilherme Boulos, coordenador nacional do Movimento dos Trabalhadores Sem Teto (MTST), afirma que essas ocupa\u00e7\u00f5es est\u00e3o instaladas h\u00e1 muito tempo e defende que a prioridade do poder p\u00fablico neste momento deve ser preservar vidas. \u201cAs pessoas n\u00e3o ocupam pr\u00e9dios ou terrenos vazios e vivem em moradias prec\u00e1rias porque querem, mas porque os governos se omitiram historicamente em efetivar pol\u00edticas p\u00fablicas de habita\u00e7\u00e3o popular. Ou seja, o que deveria estar sendo feito agora \u00e9 o exato oposto do despejo ou da desapropria\u00e7\u00e3o. Estas fam\u00edlias deveriam \u00e9 estar recebendo aux\u00edlio do Estado e n\u00e3o sendo mais expostas ao coronav\u00edrus.&#8221;<br \/>\nA l\u00edder da bancada do PSOL na C\u00e2mara, Tal\u00edria Petrone, definiu como &#8220;crueldade&#8221; as a\u00e7\u00f5es de despejo dos governos em tempos de pandemia. &#8220;Retirar fam\u00edlias de suas casas em pleno pico da pandemia \u00e9 uma crueldade absurda contra a vida dessas pessoas. Essa n\u00e3o deve ser a prioridade dos governos, quando estamos num momento em que o pa\u00eds todo sofre por falta de vagas em UTIs nos hospitais para tratar a Covid. Qualquer a\u00e7\u00e3o nesse sentido tem que ser n\u00e3o s\u00f3 repudiada, como tamb\u00e9m impedida. Queremos que o STF se posicione explicitamente contr\u00e1rio \u00e0s a\u00e7\u00f5es de reintegra\u00e7\u00e3o de posses e de despejos nesse momento tr\u00e1gico do pa\u00eds&#8221;, afirmou a deputada.<br \/>\nA ADPF pede ainda que os governos Federal, estaduais e municipais promovam o levantamento das fam\u00edlias necessitadas de moradia digna e criem Planos Emergenciais de Moradias Populares em car\u00e1ter provis\u00f3rio e pol\u00edticas p\u00fablicas de moradias populares em car\u00e1ter permanente com a devida participa\u00e7\u00e3o social e das fam\u00edlias envolvidas.<br \/>\n<a href=\"https:\/\/psol50.org.br\/rendajusta\/\" target=\"_blank\" rel=\"noopener\"><img loading=\"lazy\" decoding=\"async\" class=\"alignnone size-full wp-image-30552\" src=\"https:\/\/psol50.org.br\/inc\/uploads\/2020\/08\/21-08-2020_LancamentoRendaJusta-2.png\" alt=\"\" width=\"1920\" height=\"383\" srcset=\"https:\/\/psol50.org.br\/inc\/uploads\/2020\/08\/21-08-2020_LancamentoRendaJusta-2.png 1920w, https:\/\/psol50.org.br\/inc\/uploads\/2020\/08\/21-08-2020_LancamentoRendaJusta-2-300x60.png 300w, https:\/\/psol50.org.br\/inc\/uploads\/2020\/08\/21-08-2020_LancamentoRendaJusta-2-1024x204.png 1024w, https:\/\/psol50.org.br\/inc\/uploads\/2020\/08\/21-08-2020_LancamentoRendaJusta-2-768x153.png 768w, https:\/\/psol50.org.br\/inc\/uploads\/2020\/08\/21-08-2020_LancamentoRendaJusta-2-1536x306.png 1536w, https:\/\/psol50.org.br\/inc\/uploads\/2020\/08\/21-08-2020_LancamentoRendaJusta-2-150x30.png 150w, https:\/\/psol50.org.br\/inc\/uploads\/2020\/08\/21-08-2020_LancamentoRendaJusta-2-696x139.png 696w, https:\/\/psol50.org.br\/inc\/uploads\/2020\/08\/21-08-2020_LancamentoRendaJusta-2-1068x213.png 1068w\" sizes=\"auto, (max-width: 1920px) 100vw, 1920px\" \/><\/a><\/p>\n","protected":false},"excerpt":{"rendered":"<p>O PSOL apresentou, nesta quarta-feira (14), uma ADPF (Argui\u00e7\u00e3o de Descumprimento de Preceito Fundamental) no STF (Supremo Tribunal Federal) para pedir que sejam suspensas, em todo o Brasil, decis\u00f5es judiciais que ordenam desocupa\u00e7\u00f5es, reintegra\u00e7\u00f5es de posse ou despejos enquanto perdurar o estado de calamidade p\u00fablica promovido pela pandemia. De acordo com a a\u00e7\u00e3o, as opera\u00e7\u00f5es [&hellip;]<\/p>\n","protected":false},"author":2,"featured_media":32307,"comment_status":"closed","ping_status":"open","sticky":false,"template":"","format":"standard","meta":{"_acf_changed":false,"footnotes":""},"categories":[6,14],"tags":[1116,1539,367,1044,45],"class_list":{"0":"post-32385","1":"post","2":"type-post","3":"status-publish","4":"format-standard","5":"has-post-thumbnail","7":"category-noticias","8":"category-partido","9":"tag-adpf","10":"tag-despejos","11":"tag-pandemia","12":"tag-reintegracao-de-posse","13":"tag-stf"},"acf":[],"yoast_head":"<!-- This site is optimized with the Yoast SEO plugin v26.5 - https:\/\/yoast.com\/wordpress\/plugins\/seo\/ -->\n<title>PSOL aciona STF contra execu\u00e7\u00f5es de reintegra\u00e7\u00e3o de posse e despejos durante a pandemia<\/title>\n<meta name=\"description\" content=\"Iniciativa ocorre ap\u00f3s uma s\u00e9rie de opera\u00e7\u00f5es em v\u00e1rias cidades do Brasil no momento mais tenso da pandemia.\" \/>\n<meta name=\"robots\" content=\"index, follow, max-snippet:-1, max-image-preview:large, max-video-preview:-1\" \/>\n<link rel=\"canonical\" href=\"https:\/\/psol50.org.br\/psol-aciona-stf-contra-execucoes-de-reintegracao-de-posse-e-despejos-durante-a-pandemia\/\" \/>\n<meta property=\"og:locale\" content=\"pt_BR\" \/>\n<meta property=\"og:type\" content=\"article\" \/>\n<meta property=\"og:title\" content=\"PSOL aciona STF contra execu\u00e7\u00f5es de reintegra\u00e7\u00e3o de posse e despejos durante a pandemia\" \/>\n<meta property=\"og:description\" content=\"Iniciativa ocorre ap\u00f3s uma s\u00e9rie de opera\u00e7\u00f5es em v\u00e1rias cidades do Brasil no momento mais tenso da pandemia.\" \/>\n<meta property=\"og:url\" content=\"https:\/\/psol50.org.br\/psol-aciona-stf-contra-execucoes-de-reintegracao-de-posse-e-despejos-durante-a-pandemia\/\" \/>\n<meta property=\"og:site_name\" content=\"PSOL 50\" \/>\n<meta property=\"article:publisher\" content=\"https:\/\/www.facebook.com\/psol50\" \/>\n<meta property=\"article:published_time\" content=\"2021-04-14T20:54:25+00:00\" \/>\n<meta property=\"og:image\" content=\"https:\/\/psol50.org.br\/inc\/uploads\/2021\/04\/20210407174854_eynvry1wqaao7el-1-.jpg\" \/>\n\t<meta property=\"og:image:width\" content=\"766\" \/>\n\t<meta property=\"og:image:height\" content=\"514\" \/>\n\t<meta property=\"og:image:type\" content=\"image\/jpeg\" \/>\n<meta name=\"author\" content=\"Comunica\u00e7\u00e3o PSOL\" \/>\n<meta name=\"twitter:card\" content=\"summary_large_image\" \/>\n<meta name=\"twitter:title\" content=\"PSOL aciona STF contra execu\u00e7\u00f5es de reintegra\u00e7\u00e3o de posse e despejos durante a pandemia\" \/>\n<meta name=\"twitter:description\" content=\"Iniciativa ocorre ap\u00f3s uma s\u00e9rie de opera\u00e7\u00f5es em v\u00e1rias cidades do Brasil no momento mais tenso da pandemia.\" \/>\n<meta name=\"twitter:image\" content=\"https:\/\/psol50.org.br\/inc\/uploads\/2021\/04\/20210407174854_eynvry1wqaao7el-1-.jpg\" \/>\n<meta name=\"twitter:creator\" content=\"@psol50\" \/>\n<meta name=\"twitter:site\" content=\"@psol50\" \/>\n<meta name=\"twitter:label1\" content=\"Escrito por\" \/>\n\t<meta name=\"twitter:data1\" content=\"Comunica\u00e7\u00e3o PSOL\" \/>\n\t<meta name=\"twitter:label2\" content=\"Est. tempo de leitura\" \/>\n\t<meta name=\"twitter:data2\" content=\"4 minutos\" \/>\n<script type=\"application\/ld+json\" class=\"yoast-schema-graph\">{\"@context\":\"https:\/\/schema.org\",\"@graph\":[{\"@type\":\"Article\",\"@id\":\"https:\/\/psol50.org.br\/psol-aciona-stf-contra-execucoes-de-reintegracao-de-posse-e-despejos-durante-a-pandemia\/#article\",\"isPartOf\":{\"@id\":\"https:\/\/psol50.org.br\/psol-aciona-stf-contra-execucoes-de-reintegracao-de-posse-e-despejos-durante-a-pandemia\/\"},\"author\":{\"name\":\"Comunica\u00e7\u00e3o PSOL\",\"@id\":\"https:\/\/psol50.org.br\/#\/schema\/person\/475dfa57d0b815993c714c2e96491fcd\"},\"headline\":\"PSOL aciona STF contra execu\u00e7\u00f5es de reintegra\u00e7\u00e3o de posse e despejos durante a pandemia\",\"datePublished\":\"2021-04-14T20:54:25+00:00\",\"mainEntityOfPage\":{\"@id\":\"https:\/\/psol50.org.br\/psol-aciona-stf-contra-execucoes-de-reintegracao-de-posse-e-despejos-durante-a-pandemia\/\"},\"wordCount\":686,\"publisher\":{\"@id\":\"https:\/\/psol50.org.br\/#organization\"},\"image\":{\"@id\":\"https:\/\/psol50.org.br\/psol-aciona-stf-contra-execucoes-de-reintegracao-de-posse-e-despejos-durante-a-pandemia\/#primaryimage\"},\"thumbnailUrl\":\"https:\/\/psol50.org.br\/inc\/uploads\/2021\/04\/20210407174854_eynvry1wqaao7el-1-.jpg\",\"keywords\":[\"ADPF\",\"despejos\",\"pandemia\",\"reintegra\u00e7\u00e3o de posse\",\"STF\"],\"articleSection\":[\"Not\u00edcias\",\"Partido\"],\"inLanguage\":\"pt-BR\"},{\"@type\":\"WebPage\",\"@id\":\"https:\/\/psol50.org.br\/psol-aciona-stf-contra-execucoes-de-reintegracao-de-posse-e-despejos-durante-a-pandemia\/\",\"url\":\"https:\/\/psol50.org.br\/psol-aciona-stf-contra-execucoes-de-reintegracao-de-posse-e-despejos-durante-a-pandemia\/\",\"name\":\"PSOL aciona STF contra execu\u00e7\u00f5es de reintegra\u00e7\u00e3o de posse e despejos durante a pandemia\",\"isPartOf\":{\"@id\":\"https:\/\/psol50.org.br\/#website\"},\"primaryImageOfPage\":{\"@id\":\"https:\/\/psol50.org.br\/psol-aciona-stf-contra-execucoes-de-reintegracao-de-posse-e-despejos-durante-a-pandemia\/#primaryimage\"},\"image\":{\"@id\":\"https:\/\/psol50.org.br\/psol-aciona-stf-contra-execucoes-de-reintegracao-de-posse-e-despejos-durante-a-pandemia\/#primaryimage\"},\"thumbnailUrl\":\"https:\/\/psol50.org.br\/inc\/uploads\/2021\/04\/20210407174854_eynvry1wqaao7el-1-.jpg\",\"datePublished\":\"2021-04-14T20:54:25+00:00\",\"description\":\"Iniciativa ocorre ap\u00f3s uma s\u00e9rie de opera\u00e7\u00f5es em v\u00e1rias cidades do Brasil no momento mais tenso da pandemia.\",\"breadcrumb\":{\"@id\":\"https:\/\/psol50.org.br\/psol-aciona-stf-contra-execucoes-de-reintegracao-de-posse-e-despejos-durante-a-pandemia\/#breadcrumb\"},\"inLanguage\":\"pt-BR\",\"potentialAction\":[{\"@type\":\"ReadAction\",\"target\":[\"https:\/\/psol50.org.br\/psol-aciona-stf-contra-execucoes-de-reintegracao-de-posse-e-despejos-durante-a-pandemia\/\"]}]},{\"@type\":\"ImageObject\",\"inLanguage\":\"pt-BR\",\"@id\":\"https:\/\/psol50.org.br\/psol-aciona-stf-contra-execucoes-de-reintegracao-de-posse-e-despejos-durante-a-pandemia\/#primaryimage\",\"url\":\"https:\/\/psol50.org.br\/inc\/uploads\/2021\/04\/20210407174854_eynvry1wqaao7el-1-.jpg\",\"contentUrl\":\"https:\/\/psol50.org.br\/inc\/uploads\/2021\/04\/20210407174854_eynvry1wqaao7el-1-.jpg\",\"width\":766,\"height\":514},{\"@type\":\"BreadcrumbList\",\"@id\":\"https:\/\/psol50.org.br\/psol-aciona-stf-contra-execucoes-de-reintegracao-de-posse-e-despejos-durante-a-pandemia\/#breadcrumb\",\"itemListElement\":[{\"@type\":\"ListItem\",\"position\":1,\"name\":\"In\u00edcio\",\"item\":\"https:\/\/psol50.org.br\/\"},{\"@type\":\"ListItem\",\"position\":2,\"name\":\"PSOL aciona STF contra execu\u00e7\u00f5es de reintegra\u00e7\u00e3o de posse e despejos durante a pandemia\"}]},{\"@type\":\"WebSite\",\"@id\":\"https:\/\/psol50.org.br\/#website\",\"url\":\"https:\/\/psol50.org.br\/\",\"name\":\"PSOL 50\",\"description\":\"Site oficial do Partido Socialismo e Liberdade\",\"publisher\":{\"@id\":\"https:\/\/psol50.org.br\/#organization\"},\"alternateName\":\"PSOL50\",\"potentialAction\":[{\"@type\":\"SearchAction\",\"target\":{\"@type\":\"EntryPoint\",\"urlTemplate\":\"https:\/\/psol50.org.br\/?s={search_term_string}\"},\"query-input\":{\"@type\":\"PropertyValueSpecification\",\"valueRequired\":true,\"valueName\":\"search_term_string\"}}],\"inLanguage\":\"pt-BR\"},{\"@type\":\"Organization\",\"@id\":\"https:\/\/psol50.org.br\/#organization\",\"name\":\"PSOL 50\",\"alternateName\":\"PSOL 50\",\"url\":\"https:\/\/psol50.org.br\/\",\"logo\":{\"@type\":\"ImageObject\",\"inLanguage\":\"pt-BR\",\"@id\":\"https:\/\/psol50.org.br\/#\/schema\/logo\/image\/\",\"url\":\"https:\/\/psol50.org.br\/inc\/uploads\/2018\/07\/capa.png\",\"contentUrl\":\"https:\/\/psol50.org.br\/inc\/uploads\/2018\/07\/capa.png\",\"width\":1350,\"height\":900,\"caption\":\"PSOL 50\"},\"image\":{\"@id\":\"https:\/\/psol50.org.br\/#\/schema\/logo\/image\/\"},\"sameAs\":[\"https:\/\/www.facebook.com\/psol50\",\"https:\/\/x.com\/psol50\",\"https:\/\/www.instagram.com\/psol50\/\",\"https:\/\/www.youtube.com\/channel\/UC7SnJS5o1os7a6CaiNabzcg\"]},{\"@type\":\"Person\",\"@id\":\"https:\/\/psol50.org.br\/#\/schema\/person\/475dfa57d0b815993c714c2e96491fcd\",\"name\":\"Comunica\u00e7\u00e3o PSOL\",\"image\":{\"@type\":\"ImageObject\",\"inLanguage\":\"pt-BR\",\"@id\":\"https:\/\/psol50.org.br\/#\/schema\/person\/image\/\",\"url\":\"https:\/\/secure.gravatar.com\/avatar\/b34fc4f4e468a4e51785917065a3db57b841f5c95dba6ad8c73aaf8f66f8f9bf?s=96&d=mm&r=g\",\"contentUrl\":\"https:\/\/secure.gravatar.com\/avatar\/b34fc4f4e468a4e51785917065a3db57b841f5c95dba6ad8c73aaf8f66f8f9bf?s=96&d=mm&r=g\",\"caption\":\"Comunica\u00e7\u00e3o PSOL\"}}]}<\/script>\n<!-- \/ Yoast SEO plugin. -->","yoast_head_json":{"title":"PSOL aciona STF contra execu\u00e7\u00f5es de reintegra\u00e7\u00e3o de posse e despejos durante a pandemia","description":"Iniciativa ocorre ap\u00f3s uma s\u00e9rie de opera\u00e7\u00f5es em v\u00e1rias cidades do Brasil no momento mais tenso da pandemia.","robots":{"index":"index","follow":"follow","max-snippet":"max-snippet:-1","max-image-preview":"max-image-preview:large","max-video-preview":"max-video-preview:-1"},"canonical":"https:\/\/psol50.org.br\/psol-aciona-stf-contra-execucoes-de-reintegracao-de-posse-e-despejos-durante-a-pandemia\/","og_locale":"pt_BR","og_type":"article","og_title":"PSOL aciona STF contra execu\u00e7\u00f5es de reintegra\u00e7\u00e3o de posse e despejos durante a pandemia","og_description":"Iniciativa ocorre ap\u00f3s uma s\u00e9rie de opera\u00e7\u00f5es em v\u00e1rias cidades do Brasil no momento mais tenso da pandemia.","og_url":"https:\/\/psol50.org.br\/psol-aciona-stf-contra-execucoes-de-reintegracao-de-posse-e-despejos-durante-a-pandemia\/","og_site_name":"PSOL 50","article_publisher":"https:\/\/www.facebook.com\/psol50","article_published_time":"2021-04-14T20:54:25+00:00","og_image":[{"width":766,"height":514,"url":"https:\/\/psol50.org.br\/inc\/uploads\/2021\/04\/20210407174854_eynvry1wqaao7el-1-.jpg","type":"image\/jpeg"}],"author":"Comunica\u00e7\u00e3o PSOL","twitter_card":"summary_large_image","twitter_title":"PSOL aciona STF contra execu\u00e7\u00f5es de reintegra\u00e7\u00e3o de posse e despejos durante a pandemia","twitter_description":"Iniciativa ocorre ap\u00f3s uma s\u00e9rie de opera\u00e7\u00f5es em v\u00e1rias cidades do Brasil no momento mais tenso da pandemia.","twitter_image":"https:\/\/psol50.org.br\/inc\/uploads\/2021\/04\/20210407174854_eynvry1wqaao7el-1-.jpg","twitter_creator":"@psol50","twitter_site":"@psol50","twitter_misc":{"Escrito por":"Comunica\u00e7\u00e3o PSOL","Est. tempo de leitura":"4 minutos"},"schema":{"@context":"https:\/\/schema.org","@graph":[{"@type":"Article","@id":"https:\/\/psol50.org.br\/psol-aciona-stf-contra-execucoes-de-reintegracao-de-posse-e-despejos-durante-a-pandemia\/#article","isPartOf":{"@id":"https:\/\/psol50.org.br\/psol-aciona-stf-contra-execucoes-de-reintegracao-de-posse-e-despejos-durante-a-pandemia\/"},"author":{"name":"Comunica\u00e7\u00e3o PSOL","@id":"https:\/\/psol50.org.br\/#\/schema\/person\/475dfa57d0b815993c714c2e96491fcd"},"headline":"PSOL aciona STF contra execu\u00e7\u00f5es de reintegra\u00e7\u00e3o de posse e despejos durante a pandemia","datePublished":"2021-04-14T20:54:25+00:00","mainEntityOfPage":{"@id":"https:\/\/psol50.org.br\/psol-aciona-stf-contra-execucoes-de-reintegracao-de-posse-e-despejos-durante-a-pandemia\/"},"wordCount":686,"publisher":{"@id":"https:\/\/psol50.org.br\/#organization"},"image":{"@id":"https:\/\/psol50.org.br\/psol-aciona-stf-contra-execucoes-de-reintegracao-de-posse-e-despejos-durante-a-pandemia\/#primaryimage"},"thumbnailUrl":"https:\/\/psol50.org.br\/inc\/uploads\/2021\/04\/20210407174854_eynvry1wqaao7el-1-.jpg","keywords":["ADPF","despejos","pandemia","reintegra\u00e7\u00e3o de posse","STF"],"articleSection":["Not\u00edcias","Partido"],"inLanguage":"pt-BR"},{"@type":"WebPage","@id":"https:\/\/psol50.org.br\/psol-aciona-stf-contra-execucoes-de-reintegracao-de-posse-e-despejos-durante-a-pandemia\/","url":"https:\/\/psol50.org.br\/psol-aciona-stf-contra-execucoes-de-reintegracao-de-posse-e-despejos-durante-a-pandemia\/","name":"PSOL aciona STF contra execu\u00e7\u00f5es de reintegra\u00e7\u00e3o de posse e despejos durante a pandemia","isPartOf":{"@id":"https:\/\/psol50.org.br\/#website"},"primaryImageOfPage":{"@id":"https:\/\/psol50.org.br\/psol-aciona-stf-contra-execucoes-de-reintegracao-de-posse-e-despejos-durante-a-pandemia\/#primaryimage"},"image":{"@id":"https:\/\/psol50.org.br\/psol-aciona-stf-contra-execucoes-de-reintegracao-de-posse-e-despejos-durante-a-pandemia\/#primaryimage"},"thumbnailUrl":"https:\/\/psol50.org.br\/inc\/uploads\/2021\/04\/20210407174854_eynvry1wqaao7el-1-.jpg","datePublished":"2021-04-14T20:54:25+00:00","description":"Iniciativa ocorre ap\u00f3s uma s\u00e9rie de opera\u00e7\u00f5es em v\u00e1rias cidades do Brasil no momento mais tenso da pandemia.","breadcrumb":{"@id":"https:\/\/psol50.org.br\/psol-aciona-stf-contra-execucoes-de-reintegracao-de-posse-e-despejos-durante-a-pandemia\/#breadcrumb"},"inLanguage":"pt-BR","potentialAction":[{"@type":"ReadAction","target":["https:\/\/psol50.org.br\/psol-aciona-stf-contra-execucoes-de-reintegracao-de-posse-e-despejos-durante-a-pandemia\/"]}]},{"@type":"ImageObject","inLanguage":"pt-BR","@id":"https:\/\/psol50.org.br\/psol-aciona-stf-contra-execucoes-de-reintegracao-de-posse-e-despejos-durante-a-pandemia\/#primaryimage","url":"https:\/\/psol50.org.br\/inc\/uploads\/2021\/04\/20210407174854_eynvry1wqaao7el-1-.jpg","contentUrl":"https:\/\/psol50.org.br\/inc\/uploads\/2021\/04\/20210407174854_eynvry1wqaao7el-1-.jpg","width":766,"height":514},{"@type":"BreadcrumbList","@id":"https:\/\/psol50.org.br\/psol-aciona-stf-contra-execucoes-de-reintegracao-de-posse-e-despejos-durante-a-pandemia\/#breadcrumb","itemListElement":[{"@type":"ListItem","position":1,"name":"In\u00edcio","item":"https:\/\/psol50.org.br\/"},{"@type":"ListItem","position":2,"name":"PSOL aciona STF contra execu\u00e7\u00f5es de reintegra\u00e7\u00e3o de posse e despejos durante a pandemia"}]},{"@type":"WebSite","@id":"https:\/\/psol50.org.br\/#website","url":"https:\/\/psol50.org.br\/","name":"PSOL 50","description":"Site oficial do Partido Socialismo e Liberdade","publisher":{"@id":"https:\/\/psol50.org.br\/#organization"},"alternateName":"PSOL50","potentialAction":[{"@type":"SearchAction","target":{"@type":"EntryPoint","urlTemplate":"https:\/\/psol50.org.br\/?s={search_term_string}"},"query-input":{"@type":"PropertyValueSpecification","valueRequired":true,"valueName":"search_term_string"}}],"inLanguage":"pt-BR"},{"@type":"Organization","@id":"https:\/\/psol50.org.br\/#organization","name":"PSOL 50","alternateName":"PSOL 50","url":"https:\/\/psol50.org.br\/","logo":{"@type":"ImageObject","inLanguage":"pt-BR","@id":"https:\/\/psol50.org.br\/#\/schema\/logo\/image\/","url":"https:\/\/psol50.org.br\/inc\/uploads\/2018\/07\/capa.png","contentUrl":"https:\/\/psol50.org.br\/inc\/uploads\/2018\/07\/capa.png","width":1350,"height":900,"caption":"PSOL 50"},"image":{"@id":"https:\/\/psol50.org.br\/#\/schema\/logo\/image\/"},"sameAs":["https:\/\/www.facebook.com\/psol50","https:\/\/x.com\/psol50","https:\/\/www.instagram.com\/psol50\/","https:\/\/www.youtube.com\/channel\/UC7SnJS5o1os7a6CaiNabzcg"]},{"@type":"Person","@id":"https:\/\/psol50.org.br\/#\/schema\/person\/475dfa57d0b815993c714c2e96491fcd","name":"Comunica\u00e7\u00e3o PSOL","image":{"@type":"ImageObject","inLanguage":"pt-BR","@id":"https:\/\/psol50.org.br\/#\/schema\/person\/image\/","url":"https:\/\/secure.gravatar.com\/avatar\/b34fc4f4e468a4e51785917065a3db57b841f5c95dba6ad8c73aaf8f66f8f9bf?s=96&d=mm&r=g","contentUrl":"https:\/\/secure.gravatar.com\/avatar\/b34fc4f4e468a4e51785917065a3db57b841f5c95dba6ad8c73aaf8f66f8f9bf?s=96&d=mm&r=g","caption":"Comunica\u00e7\u00e3o PSOL"}}]}},"_links":{"self":[{"href":"https:\/\/psol50.org.br\/rest\/wp\/v2\/posts\/32385","targetHints":{"allow":["GET"]}}],"collection":[{"href":"https:\/\/psol50.org.br\/rest\/wp\/v2\/posts"}],"about":[{"href":"https:\/\/psol50.org.br\/rest\/wp\/v2\/types\/post"}],"author":[{"embeddable":true,"href":"https:\/\/psol50.org.br\/rest\/wp\/v2\/users\/2"}],"replies":[{"embeddable":true,"href":"https:\/\/psol50.org.br\/rest\/wp\/v2\/comments?post=32385"}],"version-history":[{"count":0,"href":"https:\/\/psol50.org.br\/rest\/wp\/v2\/posts\/32385\/revisions"}],"wp:featuredmedia":[{"embeddable":true,"href":"https:\/\/psol50.org.br\/rest\/wp\/v2\/media\/32307"}],"wp:attachment":[{"href":"https:\/\/psol50.org.br\/rest\/wp\/v2\/media?parent=32385"}],"wp:term":[{"taxonomy":"category","embeddable":true,"href":"https:\/\/psol50.org.br\/rest\/wp\/v2\/categories?post=32385"},{"taxonomy":"post_tag","embeddable":true,"href":"https:\/\/psol50.org.br\/rest\/wp\/v2\/tags?post=32385"}],"curies":[{"name":"wp","href":"https:\/\/api.w.org\/{rel}","templated":true}]}}