{"id":3240,"date":"2015-04-27T00:00:00","date_gmt":"2015-04-27T19:02:21","guid":{"rendered":"http:\/\/psol50.org.br\/arquivo\/2015\/04\/27\/comites-estaduais-organizam-o-evento-amanhecer-contra-a-reducao\/"},"modified":"2015-04-27T00:00:00","modified_gmt":"2015-04-27T19:02:21","slug":"comites-estaduais-organizam-o-evento-amanhecer-contra-a-reducao","status":"publish","type":"post","link":"https:\/\/psol50.org.br\/comites-estaduais-organizam-o-evento-amanhecer-contra-a-reducao\/","title":{"rendered":"Comit\u00eas estaduais organizam o evento \u201cAmanhecer contra a redu\u00e7\u00e3o\u201d"},"content":{"rendered":"<div style=\"text-align: justify;\">\n\t<em>Do PSOL Nacional, Leonor Costa<\/em><\/p>\n<p>\tOs comit\u00eas estaduais contra a redu\u00e7\u00e3o da maioridade penal fortaleceram, nas \u00faltimas semanas, a atua\u00e7\u00e3o contra a aprova\u00e7\u00e3o da mat\u00e9ria por meio da organiza\u00e7\u00e3o, em todo o pa\u00eds, do \u201cAmanhecer contra a redu\u00e7\u00e3o\u201d. A Proposta de Emenda \u00e0 Constitui\u00e7\u00e3o 171 foi aprovada na Comiss\u00e3o de Constitui\u00e7\u00e3o e Justi\u00e7a (CCJ) da C\u00e2mara, com votos contr\u00e1rios da bancada do PSOL, e agora est\u00e1 na Comiss\u00e3o Especial que debate o tema.<br \/>\n\t&nbsp;<br \/>\n\tSegundo os organizadores, que divulgam o evento especialmente a partir das redes sociais, ap\u00f3s uma intensa semana de articula\u00e7\u00e3o e mobiliza\u00e7\u00e3o, mais de 70 cidades em todo o Brasil j\u00e1 est\u00e3o empenhadas na iniciativa, que ocorrer\u00e1 no dia 29 de abril, quarta-feira. Nesse dia, a expectativa \u00e9 que o Brasil \u201camanhe\u00e7a\u201d&nbsp;decorado de motivos que expliquem porque ser contra a redu\u00e7\u00e3o da maioridade penal. &nbsp;Comit\u00eas de cidades como Belo Horizonte, Bras\u00edlia, Rio de Janeiro, Natal, S\u00e3o Paulo, Porto Alegre, Vit\u00f3ria, Maring\u00e1\/PR, Niter\u00f3i, Miracema do Norte\/TO, Novo Hamburgo\/RS, Maca\u00e9\/RJ j\u00e1 confirmaram a ades\u00e3o \u00e0 iniciativa.<br \/>\n\t&nbsp;<br \/>\n\tA redu\u00e7\u00e3o da idade penal ainda \u00e9 vista por muita gente como solu\u00e7\u00e3o contra a criminalidade. Entretanto, sobram raz\u00f5es contr\u00e1rias \u00e0 medida. Al\u00e9m de os crimes cometidos por menores de idade representarem uma taxa irris\u00f3ria em rela\u00e7\u00e3o ao percentual total de crimes, a educa\u00e7\u00e3o, e n\u00e3o a puni\u00e7\u00e3o, \u00e9 a melhor medida contra viol\u00eancia.<br \/>\n\t&nbsp;<br \/>\n\t\u201cTemos a convic\u00e7\u00e3o de que cadeia n\u00e3o recupera ningu\u00e9m, e n\u00e3o ser\u00e1 diferente com menores de 18 anos. Pelo contr\u00e1rio, o cen\u00e1rio penitenci\u00e1rio brasileiro constitui-se em uma escola superior do crime. A cultura do &#8216;penalismo&#8217; n\u00e3o resolve o problema da viol\u00eancia&#8221;, afirmou o l\u00edder do PSOL na C\u00e2mara, deputado Chico Alencar, durante a sess\u00e3o da CCJ que votou a PEC 171.<br \/>\n\t&nbsp;<br \/>\n\tO parlamentar destacou que n\u00e3o h\u00e1 dados que comprovem que o rebaixamento da idade penal reduza os \u00edndices de criminalidade juvenil e destacou que os jovens menores de 18 anos j\u00e1 est\u00e3o sujeitos \u00e0 aplica\u00e7\u00e3o da lei por ato infracional prevista no Estatuto da Crian\u00e7a e do Adolescente (ECA).&nbsp;<\/p>\n<p>\t&#8220;O ingresso antecipado no falido sistema penal brasileiro exp\u00f5e esses adolescentes a mecanismos e comportamentos reprodutores da viol\u00eancia, o que aumenta as chances de reincid\u00eancia, que \u00e9 de 70% nas penitenci\u00e1rias, enquanto est\u00e3o abaixo de 20% no sistema socioeducativo, o que ainda \u00e9 considerado alto, mas pode melhorar com a devida aplica\u00e7\u00e3o de todas as medidas&#8221;, explicou.<br \/>\n\t&nbsp;<br \/>\n\tOs organizadores prepararam um roteiro de iniciativas para o \u201cAmanhecer contra a redu\u00e7\u00e3o\u201d. Veja como voc\u00ea pode participar.<br \/>\n\t&nbsp;<br \/>\n\t1) Convide todos os seus amigos e amigas para o evento: <a href=\"https:\/\/www.facebook.com\/events\/477669805722755\/\">https:\/\/www.facebook.com\/events\/477669805722755\/<\/a><br \/>\n\t2) Troque sua capa de facebook:&nbsp;<a href=\"http:\/\/l.facebook.com\/l.php?u=http%3A%2F%2Fon.fb.me%2F1IcRN21&amp;h=nAQF6iAwE&amp;enc=AZMa3bDo4Ip3sANnq8et8r-9-yWByy4fI1cJjbk6ax9Zfgyp0CmNFOBrXkH_c3rnM5Y&amp;s=1\" target=\"_blank\" rel=\"noopener\">http:\/\/on.fb.me\/1IcRN21<\/a><br \/>\n\t3) Na madrugada do dia 28 para dia 29 de abril, cubra sua rua ou pra\u00e7a com materiais contra a redu\u00e7\u00e3o da maioridade penal. Veja aqui as orienta\u00e7\u00f5es para produ\u00e7\u00e3o de materiais:&nbsp;<a href=\"http:\/\/l.facebook.com\/l.php?u=http%3A%2F%2Fbit.ly%2Fmanualdoamanhecer&amp;h=kAQGyj43r&amp;enc=AZPOYKjTKwyVcGQxDuNpl5kkNW3h4ToBfzjZBJ0V38A0F8GMQVPK65_ER9PsvLSecdY&amp;s=1\" target=\"_blank\" rel=\"noopener\">http:\/\/bit.ly\/<wbr>manualdoamanhecer<\/wbr><\/a><br \/>\n\t<wbr><wbr><wbr><wbr><wbr><wbr><wbr><wbr><wbr>4) Fazer cobertura das a\u00e7\u00f5es, para que elas atinjam mais pessoas e pressionem os deputados! Veja como:&nbsp;<a href=\"http:\/\/l.facebook.com\/l.php?u=http%3A%2F%2Fbit.ly%2FCoberturaAmanhecer&amp;h=EAQEaBKJM&amp;enc=AZM_qb5vczBTOr4gn9WyxzxZL6QZkMzCp0DArswf1h1nUStLADZLVwVudfaSEbHY928&amp;s=1\" target=\"_blank\" rel=\"noopener\">http:\/\/bit.ly\/<wbr>CoberturaAmanhecer<\/wbr><\/a><br \/>\n\t<wbr><wbr><wbr><wbr><wbr><wbr><wbr><wbr>5) No dia 29 de abril, poste nas redes sociais um v\u00eddeo curto dizendo porque voc\u00ea \u00e9 contra a redu\u00e7\u00e3o da maioridade penal, com a hashtag #Redu\u00e7\u00e3oN\u00e3o\u00c9Solu\u00e7\u00e3o.<br \/>\n\t<wbr>&nbsp;<br \/>\n\tSe voc\u00ea ainda est\u00e1 em d\u00favida, acesso o link <a href=\"https:\/\/www.facebook.com\/l.php?u=https%3A%2F%2F18razoes.wordpress.com%2Fquem-somos%2F&amp;h=zAQG6XS0E&amp;enc=AZNvs1MWbX2G31cy_yp4oacN4r2P_GlVreWbQkI6W-gPm6Nxc5lRGR0E74xSjKukgMte3WYUyadnqzVlaDGud51fbHwOCZW94qR6TvIzTvwZBL1fW2PIPm5X2Io7uz1VaEYNOVL6X040CHIw9Iw2syRA-BWQS7ylhLXmFHRF5bXTuStl0-d2qraFX8qHiO8Iqt6t8V9O60YzYcOjhi6Eo_PK&amp;s=1\" target=\"_blank\" rel=\"noopener\">https:\/\/18razoes.wordpress.com\/quem-somos\/<\/a>&nbsp;e acompanhe argumentos que explicam a posi\u00e7\u00e3o do PSOL e daqueles lutam contra a redu\u00e7\u00e3o da maioridade penal.<\/wbr><\/wbr><\/wbr><\/wbr><\/wbr><\/wbr><\/wbr><\/wbr><\/wbr><\/wbr><\/wbr><\/wbr><\/wbr><\/wbr><\/wbr><\/wbr><\/wbr><\/wbr><\/div>\n<p><wbr><wbr><wbr><wbr><wbr><wbr><wbr><wbr><wbr><wbr><wbr><wbr><wbr><wbr><wbr><wbr><wbr><wbr><wbr><wbr><wbr><wbr><wbr><wbr><wbr><wbr><wbr><wbr><wbr><wbr><wbr><wbr><wbr><wbr><wbr><wbr><wbr><wbr><wbr><wbr><wbr><wbr><wbr><wbr><wbr><wbr><wbr><wbr><wbr><wbr><wbr><wbr><wbr><wbr><wbr><wbr><wbr><wbr><wbr><wbr><wbr><wbr><wbr><wbr><wbr><wbr><wbr><wbr><wbr><wbr><wbr><wbr><wbr><wbr><wbr><wbr><wbr><wbr><wbr><wbr><wbr><wbr><wbr><wbr><\/p>\n<p>\n\tLeia tamb\u00e9m:&nbsp;<span style=\"font-family:arial,helvetica,sans-serif;\"><span style=\"font-size:12px;\"><a href=\"http:\/\/www.psol50.org.br\/site\/noticias\/3210\/reducao-da-maioridade-penal-retrocesso-a-vista\"><span style=\"color: rgb(0, 0, 0);\">Redu\u00e7\u00e3o da maioridade penal: retrocesso \u00e0 vista<\/span><\/a><\/span><\/span><br \/>\n\t&nbsp;<\/p>\n<p><\/wbr><\/wbr><\/wbr><\/wbr><\/wbr><\/wbr><\/wbr><\/wbr><\/wbr><\/wbr><\/wbr><\/wbr><\/wbr><\/wbr><\/wbr><\/wbr><\/wbr><\/wbr><\/wbr><\/wbr><\/wbr><\/wbr><\/wbr><\/wbr><\/wbr><\/wbr><\/wbr><\/wbr><\/wbr><\/wbr><\/wbr><\/wbr><\/wbr><\/wbr><\/wbr><\/wbr><\/wbr><\/wbr><\/wbr><\/wbr><\/wbr><\/wbr><\/wbr><\/wbr><\/wbr><\/wbr><\/wbr><\/wbr><\/wbr><\/wbr><\/wbr><\/wbr><\/wbr><\/wbr><\/wbr><\/wbr><\/wbr><\/wbr><\/wbr><\/wbr><\/wbr><\/wbr><\/wbr><\/wbr><\/wbr><\/wbr><\/wbr><\/wbr><\/wbr><\/wbr><\/wbr><\/wbr><\/wbr><\/wbr><\/wbr><\/wbr><\/wbr><\/wbr><\/wbr><\/wbr><\/wbr><\/wbr><\/wbr><\/wbr><\/p>\n","protected":false},"excerpt":{"rendered":"<p>Na quarta-feira (29), em v\u00e1rias cidades ser\u00e3o realizadas iniciativas de protesto contra a PEC 171, que reduz a idade penal de 18 para 16 anos, aprovada na CCJ da C\u00e2mara. O objetivo dos organizadores \u00e9 conscientizar o maior n\u00famero poss\u00edvel de pessoas, em todo o pa\u00eds<\/p>\n","protected":false},"author":2,"featured_media":0,"comment_status":"open","ping_status":"open","sticky":false,"template":"","format":"standard","meta":{"_acf_changed":false,"footnotes":""},"categories":[6],"tags":[],"class_list":{"0":"post-3240","1":"post","2":"type-post","3":"status-publish","4":"format-standard","6":"category-noticias"},"acf":[],"yoast_head":"<!-- This site is optimized with the Yoast SEO plugin v26.5 - https:\/\/yoast.com\/wordpress\/plugins\/seo\/ -->\n<title>Comit\u00eas estaduais organizam o evento \u201cAmanhecer contra a redu\u00e7\u00e3o\u201d - PSOL 50<\/title>\n<meta name=\"robots\" content=\"index, follow, max-snippet:-1, max-image-preview:large, max-video-preview:-1\" \/>\n<link rel=\"canonical\" href=\"https:\/\/psol50.org.br\/comites-estaduais-organizam-o-evento-amanhecer-contra-a-reducao\/\" \/>\n<meta property=\"og:locale\" content=\"pt_BR\" \/>\n<meta property=\"og:type\" content=\"article\" \/>\n<meta property=\"og:title\" content=\"Comit\u00eas estaduais organizam o evento \u201cAmanhecer contra a redu\u00e7\u00e3o\u201d - PSOL 50\" \/>\n<meta property=\"og:description\" content=\"Na quarta-feira (29), em v\u00e1rias cidades ser\u00e3o realizadas iniciativas de protesto contra a PEC 171, que reduz a idade penal de 18 para 16 anos, aprovada na CCJ da C\u00e2mara. O objetivo dos organizadores \u00e9 conscientizar o maior n\u00famero poss\u00edvel de pessoas, em todo o pa\u00eds\" \/>\n<meta property=\"og:url\" content=\"https:\/\/psol50.org.br\/comites-estaduais-organizam-o-evento-amanhecer-contra-a-reducao\/\" \/>\n<meta property=\"og:site_name\" content=\"PSOL 50\" \/>\n<meta property=\"article:publisher\" content=\"https:\/\/www.facebook.com\/psol50\" \/>\n<meta property=\"article:published_time\" content=\"2015-04-27T19:02:21+00:00\" \/>\n<meta property=\"og:image\" content=\"https:\/\/psol50.org.br\/inc\/uploads\/2018\/07\/capa.png\" \/>\n\t<meta property=\"og:image:width\" content=\"1350\" \/>\n\t<meta property=\"og:image:height\" content=\"900\" \/>\n\t<meta property=\"og:image:type\" content=\"image\/png\" \/>\n<meta name=\"author\" content=\"Comunica\u00e7\u00e3o PSOL\" \/>\n<meta name=\"twitter:card\" content=\"summary_large_image\" \/>\n<meta name=\"twitter:creator\" content=\"@psol50\" \/>\n<meta name=\"twitter:site\" content=\"@psol50\" \/>\n<meta name=\"twitter:label1\" content=\"Escrito por\" \/>\n\t<meta name=\"twitter:data1\" content=\"Comunica\u00e7\u00e3o PSOL\" \/>\n\t<meta name=\"twitter:label2\" content=\"Est. tempo de leitura\" \/>\n\t<meta name=\"twitter:data2\" content=\"3 minutos\" \/>\n<script type=\"application\/ld+json\" class=\"yoast-schema-graph\">{\"@context\":\"https:\/\/schema.org\",\"@graph\":[{\"@type\":\"Article\",\"@id\":\"https:\/\/psol50.org.br\/comites-estaduais-organizam-o-evento-amanhecer-contra-a-reducao\/#article\",\"isPartOf\":{\"@id\":\"https:\/\/psol50.org.br\/comites-estaduais-organizam-o-evento-amanhecer-contra-a-reducao\/\"},\"author\":{\"name\":\"Comunica\u00e7\u00e3o PSOL\",\"@id\":\"https:\/\/psol50.org.br\/#\/schema\/person\/475dfa57d0b815993c714c2e96491fcd\"},\"headline\":\"Comit\u00eas estaduais organizam o evento \u201cAmanhecer contra a redu\u00e7\u00e3o\u201d\",\"datePublished\":\"2015-04-27T19:02:21+00:00\",\"mainEntityOfPage\":{\"@id\":\"https:\/\/psol50.org.br\/comites-estaduais-organizam-o-evento-amanhecer-contra-a-reducao\/\"},\"wordCount\":639,\"commentCount\":0,\"publisher\":{\"@id\":\"https:\/\/psol50.org.br\/#organization\"},\"articleSection\":[\"Not\u00edcias\"],\"inLanguage\":\"pt-BR\",\"potentialAction\":[{\"@type\":\"CommentAction\",\"name\":\"Comment\",\"target\":[\"https:\/\/psol50.org.br\/comites-estaduais-organizam-o-evento-amanhecer-contra-a-reducao\/#respond\"]}]},{\"@type\":\"WebPage\",\"@id\":\"https:\/\/psol50.org.br\/comites-estaduais-organizam-o-evento-amanhecer-contra-a-reducao\/\",\"url\":\"https:\/\/psol50.org.br\/comites-estaduais-organizam-o-evento-amanhecer-contra-a-reducao\/\",\"name\":\"Comit\u00eas estaduais organizam o evento \u201cAmanhecer contra a redu\u00e7\u00e3o\u201d - PSOL 50\",\"isPartOf\":{\"@id\":\"https:\/\/psol50.org.br\/#website\"},\"datePublished\":\"2015-04-27T19:02:21+00:00\",\"breadcrumb\":{\"@id\":\"https:\/\/psol50.org.br\/comites-estaduais-organizam-o-evento-amanhecer-contra-a-reducao\/#breadcrumb\"},\"inLanguage\":\"pt-BR\",\"potentialAction\":[{\"@type\":\"ReadAction\",\"target\":[\"https:\/\/psol50.org.br\/comites-estaduais-organizam-o-evento-amanhecer-contra-a-reducao\/\"]}]},{\"@type\":\"BreadcrumbList\",\"@id\":\"https:\/\/psol50.org.br\/comites-estaduais-organizam-o-evento-amanhecer-contra-a-reducao\/#breadcrumb\",\"itemListElement\":[{\"@type\":\"ListItem\",\"position\":1,\"name\":\"In\u00edcio\",\"item\":\"https:\/\/psol50.org.br\/\"},{\"@type\":\"ListItem\",\"position\":2,\"name\":\"Comit\u00eas estaduais organizam o evento \u201cAmanhecer contra a redu\u00e7\u00e3o\u201d\"}]},{\"@type\":\"WebSite\",\"@id\":\"https:\/\/psol50.org.br\/#website\",\"url\":\"https:\/\/psol50.org.br\/\",\"name\":\"PSOL 50\",\"description\":\"Site oficial do Partido Socialismo e Liberdade\",\"publisher\":{\"@id\":\"https:\/\/psol50.org.br\/#organization\"},\"alternateName\":\"PSOL50\",\"potentialAction\":[{\"@type\":\"SearchAction\",\"target\":{\"@type\":\"EntryPoint\",\"urlTemplate\":\"https:\/\/psol50.org.br\/?s={search_term_string}\"},\"query-input\":{\"@type\":\"PropertyValueSpecification\",\"valueRequired\":true,\"valueName\":\"search_term_string\"}}],\"inLanguage\":\"pt-BR\"},{\"@type\":\"Organization\",\"@id\":\"https:\/\/psol50.org.br\/#organization\",\"name\":\"PSOL 50\",\"alternateName\":\"PSOL 50\",\"url\":\"https:\/\/psol50.org.br\/\",\"logo\":{\"@type\":\"ImageObject\",\"inLanguage\":\"pt-BR\",\"@id\":\"https:\/\/psol50.org.br\/#\/schema\/logo\/image\/\",\"url\":\"https:\/\/psol50.org.br\/inc\/uploads\/2018\/07\/capa.png\",\"contentUrl\":\"https:\/\/psol50.org.br\/inc\/uploads\/2018\/07\/capa.png\",\"width\":1350,\"height\":900,\"caption\":\"PSOL 50\"},\"image\":{\"@id\":\"https:\/\/psol50.org.br\/#\/schema\/logo\/image\/\"},\"sameAs\":[\"https:\/\/www.facebook.com\/psol50\",\"https:\/\/x.com\/psol50\",\"https:\/\/www.instagram.com\/psol50\/\",\"https:\/\/www.youtube.com\/channel\/UC7SnJS5o1os7a6CaiNabzcg\"]},{\"@type\":\"Person\",\"@id\":\"https:\/\/psol50.org.br\/#\/schema\/person\/475dfa57d0b815993c714c2e96491fcd\",\"name\":\"Comunica\u00e7\u00e3o PSOL\",\"image\":{\"@type\":\"ImageObject\",\"inLanguage\":\"pt-BR\",\"@id\":\"https:\/\/psol50.org.br\/#\/schema\/person\/image\/\",\"url\":\"https:\/\/secure.gravatar.com\/avatar\/b34fc4f4e468a4e51785917065a3db57b841f5c95dba6ad8c73aaf8f66f8f9bf?s=96&d=mm&r=g\",\"contentUrl\":\"https:\/\/secure.gravatar.com\/avatar\/b34fc4f4e468a4e51785917065a3db57b841f5c95dba6ad8c73aaf8f66f8f9bf?s=96&d=mm&r=g\",\"caption\":\"Comunica\u00e7\u00e3o PSOL\"}}]}<\/script>\n<!-- \/ Yoast SEO plugin. -->","yoast_head_json":{"title":"Comit\u00eas estaduais organizam o evento \u201cAmanhecer contra a redu\u00e7\u00e3o\u201d - PSOL 50","robots":{"index":"index","follow":"follow","max-snippet":"max-snippet:-1","max-image-preview":"max-image-preview:large","max-video-preview":"max-video-preview:-1"},"canonical":"https:\/\/psol50.org.br\/comites-estaduais-organizam-o-evento-amanhecer-contra-a-reducao\/","og_locale":"pt_BR","og_type":"article","og_title":"Comit\u00eas estaduais organizam o evento \u201cAmanhecer contra a redu\u00e7\u00e3o\u201d - PSOL 50","og_description":"Na quarta-feira (29), em v\u00e1rias cidades ser\u00e3o realizadas iniciativas de protesto contra a PEC 171, que reduz a idade penal de 18 para 16 anos, aprovada na CCJ da C\u00e2mara. O objetivo dos organizadores \u00e9 conscientizar o maior n\u00famero poss\u00edvel de pessoas, em todo o pa\u00eds","og_url":"https:\/\/psol50.org.br\/comites-estaduais-organizam-o-evento-amanhecer-contra-a-reducao\/","og_site_name":"PSOL 50","article_publisher":"https:\/\/www.facebook.com\/psol50","article_published_time":"2015-04-27T19:02:21+00:00","og_image":[{"width":1350,"height":900,"url":"https:\/\/psol50.org.br\/inc\/uploads\/2018\/07\/capa.png","type":"image\/png"}],"author":"Comunica\u00e7\u00e3o PSOL","twitter_card":"summary_large_image","twitter_creator":"@psol50","twitter_site":"@psol50","twitter_misc":{"Escrito por":"Comunica\u00e7\u00e3o PSOL","Est. tempo de leitura":"3 minutos"},"schema":{"@context":"https:\/\/schema.org","@graph":[{"@type":"Article","@id":"https:\/\/psol50.org.br\/comites-estaduais-organizam-o-evento-amanhecer-contra-a-reducao\/#article","isPartOf":{"@id":"https:\/\/psol50.org.br\/comites-estaduais-organizam-o-evento-amanhecer-contra-a-reducao\/"},"author":{"name":"Comunica\u00e7\u00e3o PSOL","@id":"https:\/\/psol50.org.br\/#\/schema\/person\/475dfa57d0b815993c714c2e96491fcd"},"headline":"Comit\u00eas estaduais organizam o evento \u201cAmanhecer contra a redu\u00e7\u00e3o\u201d","datePublished":"2015-04-27T19:02:21+00:00","mainEntityOfPage":{"@id":"https:\/\/psol50.org.br\/comites-estaduais-organizam-o-evento-amanhecer-contra-a-reducao\/"},"wordCount":639,"commentCount":0,"publisher":{"@id":"https:\/\/psol50.org.br\/#organization"},"articleSection":["Not\u00edcias"],"inLanguage":"pt-BR","potentialAction":[{"@type":"CommentAction","name":"Comment","target":["https:\/\/psol50.org.br\/comites-estaduais-organizam-o-evento-amanhecer-contra-a-reducao\/#respond"]}]},{"@type":"WebPage","@id":"https:\/\/psol50.org.br\/comites-estaduais-organizam-o-evento-amanhecer-contra-a-reducao\/","url":"https:\/\/psol50.org.br\/comites-estaduais-organizam-o-evento-amanhecer-contra-a-reducao\/","name":"Comit\u00eas estaduais organizam o evento \u201cAmanhecer contra a redu\u00e7\u00e3o\u201d - PSOL 50","isPartOf":{"@id":"https:\/\/psol50.org.br\/#website"},"datePublished":"2015-04-27T19:02:21+00:00","breadcrumb":{"@id":"https:\/\/psol50.org.br\/comites-estaduais-organizam-o-evento-amanhecer-contra-a-reducao\/#breadcrumb"},"inLanguage":"pt-BR","potentialAction":[{"@type":"ReadAction","target":["https:\/\/psol50.org.br\/comites-estaduais-organizam-o-evento-amanhecer-contra-a-reducao\/"]}]},{"@type":"BreadcrumbList","@id":"https:\/\/psol50.org.br\/comites-estaduais-organizam-o-evento-amanhecer-contra-a-reducao\/#breadcrumb","itemListElement":[{"@type":"ListItem","position":1,"name":"In\u00edcio","item":"https:\/\/psol50.org.br\/"},{"@type":"ListItem","position":2,"name":"Comit\u00eas estaduais organizam o evento \u201cAmanhecer contra a redu\u00e7\u00e3o\u201d"}]},{"@type":"WebSite","@id":"https:\/\/psol50.org.br\/#website","url":"https:\/\/psol50.org.br\/","name":"PSOL 50","description":"Site oficial do Partido Socialismo e Liberdade","publisher":{"@id":"https:\/\/psol50.org.br\/#organization"},"alternateName":"PSOL50","potentialAction":[{"@type":"SearchAction","target":{"@type":"EntryPoint","urlTemplate":"https:\/\/psol50.org.br\/?s={search_term_string}"},"query-input":{"@type":"PropertyValueSpecification","valueRequired":true,"valueName":"search_term_string"}}],"inLanguage":"pt-BR"},{"@type":"Organization","@id":"https:\/\/psol50.org.br\/#organization","name":"PSOL 50","alternateName":"PSOL 50","url":"https:\/\/psol50.org.br\/","logo":{"@type":"ImageObject","inLanguage":"pt-BR","@id":"https:\/\/psol50.org.br\/#\/schema\/logo\/image\/","url":"https:\/\/psol50.org.br\/inc\/uploads\/2018\/07\/capa.png","contentUrl":"https:\/\/psol50.org.br\/inc\/uploads\/2018\/07\/capa.png","width":1350,"height":900,"caption":"PSOL 50"},"image":{"@id":"https:\/\/psol50.org.br\/#\/schema\/logo\/image\/"},"sameAs":["https:\/\/www.facebook.com\/psol50","https:\/\/x.com\/psol50","https:\/\/www.instagram.com\/psol50\/","https:\/\/www.youtube.com\/channel\/UC7SnJS5o1os7a6CaiNabzcg"]},{"@type":"Person","@id":"https:\/\/psol50.org.br\/#\/schema\/person\/475dfa57d0b815993c714c2e96491fcd","name":"Comunica\u00e7\u00e3o PSOL","image":{"@type":"ImageObject","inLanguage":"pt-BR","@id":"https:\/\/psol50.org.br\/#\/schema\/person\/image\/","url":"https:\/\/secure.gravatar.com\/avatar\/b34fc4f4e468a4e51785917065a3db57b841f5c95dba6ad8c73aaf8f66f8f9bf?s=96&d=mm&r=g","contentUrl":"https:\/\/secure.gravatar.com\/avatar\/b34fc4f4e468a4e51785917065a3db57b841f5c95dba6ad8c73aaf8f66f8f9bf?s=96&d=mm&r=g","caption":"Comunica\u00e7\u00e3o PSOL"}}]}},"_links":{"self":[{"href":"https:\/\/psol50.org.br\/rest\/wp\/v2\/posts\/3240","targetHints":{"allow":["GET"]}}],"collection":[{"href":"https:\/\/psol50.org.br\/rest\/wp\/v2\/posts"}],"about":[{"href":"https:\/\/psol50.org.br\/rest\/wp\/v2\/types\/post"}],"author":[{"embeddable":true,"href":"https:\/\/psol50.org.br\/rest\/wp\/v2\/users\/2"}],"replies":[{"embeddable":true,"href":"https:\/\/psol50.org.br\/rest\/wp\/v2\/comments?post=3240"}],"version-history":[{"count":0,"href":"https:\/\/psol50.org.br\/rest\/wp\/v2\/posts\/3240\/revisions"}],"wp:attachment":[{"href":"https:\/\/psol50.org.br\/rest\/wp\/v2\/media?parent=3240"}],"wp:term":[{"taxonomy":"category","embeddable":true,"href":"https:\/\/psol50.org.br\/rest\/wp\/v2\/categories?post=3240"},{"taxonomy":"post_tag","embeddable":true,"href":"https:\/\/psol50.org.br\/rest\/wp\/v2\/tags?post=3240"}],"curies":[{"name":"wp","href":"https:\/\/api.w.org\/{rel}","templated":true}]}}