{"id":3245,"date":"2015-04-30T00:00:00","date_gmt":"2015-04-30T17:14:05","guid":{"rendered":"http:\/\/psol50.org.br\/arquivo\/2015\/04\/30\/autoridades-precisam-assumir-responsabilidade-pela-violencia-contra-professores-no-parana\/"},"modified":"2015-04-30T00:00:00","modified_gmt":"2015-04-30T17:14:05","slug":"autoridades-precisam-assumir-responsabilidade-pela-violencia-contra-professores-no-parana","status":"publish","type":"post","link":"https:\/\/psol50.org.br\/autoridades-precisam-assumir-responsabilidade-pela-violencia-contra-professores-no-parana\/","title":{"rendered":"Autoridades precisam assumir responsabilidade pela viol\u00eancia contra professores no Paran\u00e1"},"content":{"rendered":"<div style=\"text-align: justify;\">\n\tFonte: <em>Anista Internacional<\/em><\/p>\n<p>\tO governador do estado do Paran\u00e1, Beto Richa, e o comando da pol\u00edcia militar do Estado precisam assumir total responsabilidade pela repress\u00e3o violenta \u00e0 manifesta\u00e7\u00e3o de professores realizada ontem (29\/04) em frente \u00e0 Assembleia Legislativa, afirmou a Anistia Internacional. As imagens em foto e v\u00eddeo mostram que a pol\u00edcia fez uso desproporcional da for\u00e7a para conter os manifestantes, resultando em mais de 200 feridos, entre professores, manifestantes e jornalistas, alguns em estado grave.<\/p>\n<p>\t\u201c\u00c9 fundamental que a viol\u00eancia de ontem seja investigada, de forma c\u00e9lere e independente, e que as autoridades do alto escal\u00e3o tamb\u00e9m sejam responsabilizadas pelo que ocorreu. A pol\u00edcia n\u00e3o age por conta pr\u00f3pria e as falas das autoridades mostram que para o governo a a\u00e7\u00e3o policial foi adequada. Isso \u00e9 uma agress\u00e3o \u00e0 liberdade de express\u00e3o e ao direito \u00e0 manifesta\u00e7\u00e3o pac\u00edfica\u201d, afirma Atila Roque, diretor executivo da Anistia Internacional Brasil. H\u00e1 informa\u00e7\u00f5es de que 17 policiais foram presos por se recusarem a reprimir a manifesta\u00e7\u00e3o dos professores.<\/p>\n<p>\tA pol\u00edcia militar do Paran\u00e1 usou balas de borracha, bombas de g\u00e1s lagrimog\u00eaneo, sprays de pimenta, jatos de \u00e1gua e cachorros para dispersar a manifesta\u00e7\u00e3o, que reuniu cerca de 20 mil pessoas. O uso abusivo das armas menos letais e o uso desproporcional da for\u00e7a para conter manifesta\u00e7\u00f5es pac\u00edficas tem sido um padr\u00e3o na atua\u00e7\u00e3o da pol\u00edcia no Brasil. A falta de investiga\u00e7\u00e3o e responsabiliza\u00e7\u00e3o por estes abusos \u00e9 como uma carta branca para o cont\u00ednuo uso desses instrumentos.<\/p>\n<p>\t\u201cA falta de regulamenta\u00e7\u00e3o para o uso das armas menos letais \u00e9 uma prioridade que o Brasil precisa encarar urgentemente. Os protestos de 2013 e tamb\u00e9m no ano passado, na Copa do Mundo, mostram que o uso desse armamento tem sido feita de maneira desproporcional e abusiva pelas for\u00e7as de seguran\u00e7a no Brasil, com v\u00edtimas entre manifestantes e jornalistas\u201d, ressalta Roque. No ano passado, a Anistia Internacional lan\u00e7ou o documento <a href=\"https:\/\/anistia.org.br\/direitos-humanos\/publicacoes\/eles-usam-uma-estrategia-de-medo-protecao-direito-ao-protesto-brasil\/\" target=\"_blank\" rel=\"noopener\"><em>Eles usam uma estrat\u00e9gia de medo<\/em><\/a>, sobre a prote\u00e7\u00e3o ao direito ao protesto no Brasil.<\/p>\n<p>\tNo relat\u00f3rio<a href=\"https:\/\/anistia.org.br\/direitos-humanos\/publicacoes\/armas-menos-letais-o-impacto-sobre-direitos-humanos\/\" target=\"_blank\" rel=\"noopener\"><em> O impacto das armas e equipamentos \u2018menos letais\u2019 nos direitos humanos<\/em><\/a>, lan\u00e7ado pela Anistia Internacional e a Funda\u00e7\u00e3o Omega este m\u00eas, ficam claros os riscos m\u00e9dicos (de ferimentos graves at\u00e9 a morte) do uso de uma grande variedade de armas e equipamentos utilizados no policiamento, incluindo o controle da multid\u00e3o durante manifesta\u00e7\u00f5es. A Anistia Internacional tamb\u00e9m tem um <a href=\"https:\/\/anistia.org.br\/?p=5725\" target=\"_blank\" rel=\"noopener\">guia de boas pr\u00e1ticas para o policiamento de manifesta\u00e7\u00f5es pac\u00edficas.<\/a><\/div>\n<p class=\"tituloNoticiaHome\">\n\t<span style=\"font-family:arial,helvetica,sans-serif;\"><span style=\"font-size: 12px;\">Leia mat\u00e9ria do PSOL sobre a\u00e7\u00e3o da PM no Paran\u00e1: <\/span><\/span><a href=\"http:\/\/www.psol50.org.br\/site\/noticias\/3243\/professores-do-parana-sao-duramente-agredidos-pela-pm-do-governo-tucano-de-beto-richa\"><span style=\"font-family:arial,helvetica,sans-serif;\"><span style=\"font-size: 12px;\"><span id=\"Titulo\">Professores do Paran\u00e1 s\u00e3o duramente agredidos pela PM do governo tucano de Beto Richa<\/span><\/span><\/span><\/a><\/p>\n<p class=\"tituloNoticiaHome\">\n\t&nbsp;<\/p>\n","protected":false},"excerpt":{"rendered":"<p>Fonte: Anista Internacional O governador do estado do Paran\u00e1, Beto Richa, e o comando da pol\u00edcia militar do Estado precisam assumir total responsabilidade pela repress\u00e3o violenta \u00e0 manifesta\u00e7\u00e3o de professores realizada ontem (29\/04) em frente \u00e0 Assembleia Legislativa, afirmou a Anistia Internacional. As imagens em foto e v\u00eddeo mostram que a pol\u00edcia fez uso desproporcional [&hellip;]<\/p>\n","protected":false},"author":2,"featured_media":0,"comment_status":"open","ping_status":"open","sticky":false,"template":"","format":"standard","meta":{"_acf_changed":false,"footnotes":""},"categories":[6],"tags":[],"class_list":{"0":"post-3245","1":"post","2":"type-post","3":"status-publish","4":"format-standard","6":"category-noticias"},"acf":[],"yoast_head":"<!-- This site is optimized with the Yoast SEO plugin v26.5 - https:\/\/yoast.com\/wordpress\/plugins\/seo\/ -->\n<title>Autoridades precisam assumir responsabilidade pela viol\u00eancia contra professores no Paran\u00e1 - PSOL 50<\/title>\n<meta name=\"robots\" content=\"index, follow, max-snippet:-1, max-image-preview:large, max-video-preview:-1\" \/>\n<link rel=\"canonical\" href=\"https:\/\/psol50.org.br\/autoridades-precisam-assumir-responsabilidade-pela-violencia-contra-professores-no-parana\/\" \/>\n<meta property=\"og:locale\" content=\"pt_BR\" \/>\n<meta property=\"og:type\" content=\"article\" \/>\n<meta property=\"og:title\" content=\"Autoridades precisam assumir responsabilidade pela viol\u00eancia contra professores no Paran\u00e1 - PSOL 50\" \/>\n<meta property=\"og:description\" content=\"Fonte: Anista Internacional O governador do estado do Paran\u00e1, Beto Richa, e o comando da pol\u00edcia militar do Estado precisam assumir total responsabilidade pela repress\u00e3o violenta \u00e0 manifesta\u00e7\u00e3o de professores realizada ontem (29\/04) em frente \u00e0 Assembleia Legislativa, afirmou a Anistia Internacional. As imagens em foto e v\u00eddeo mostram que a pol\u00edcia fez uso desproporcional [&hellip;]\" \/>\n<meta property=\"og:url\" content=\"https:\/\/psol50.org.br\/autoridades-precisam-assumir-responsabilidade-pela-violencia-contra-professores-no-parana\/\" \/>\n<meta property=\"og:site_name\" content=\"PSOL 50\" \/>\n<meta property=\"article:publisher\" content=\"https:\/\/www.facebook.com\/psol50\" \/>\n<meta property=\"article:published_time\" content=\"2015-04-30T17:14:05+00:00\" \/>\n<meta property=\"og:image\" content=\"https:\/\/psol50.org.br\/inc\/uploads\/2018\/07\/capa.png\" \/>\n\t<meta property=\"og:image:width\" content=\"1350\" \/>\n\t<meta property=\"og:image:height\" content=\"900\" \/>\n\t<meta property=\"og:image:type\" content=\"image\/png\" \/>\n<meta name=\"author\" content=\"Comunica\u00e7\u00e3o PSOL\" \/>\n<meta name=\"twitter:card\" content=\"summary_large_image\" \/>\n<meta name=\"twitter:creator\" content=\"@psol50\" \/>\n<meta name=\"twitter:site\" content=\"@psol50\" \/>\n<meta name=\"twitter:label1\" content=\"Escrito por\" \/>\n\t<meta name=\"twitter:data1\" content=\"Comunica\u00e7\u00e3o PSOL\" \/>\n\t<meta name=\"twitter:label2\" content=\"Est. tempo de leitura\" \/>\n\t<meta name=\"twitter:data2\" content=\"2 minutos\" \/>\n<script type=\"application\/ld+json\" class=\"yoast-schema-graph\">{\"@context\":\"https:\/\/schema.org\",\"@graph\":[{\"@type\":\"Article\",\"@id\":\"https:\/\/psol50.org.br\/autoridades-precisam-assumir-responsabilidade-pela-violencia-contra-professores-no-parana\/#article\",\"isPartOf\":{\"@id\":\"https:\/\/psol50.org.br\/autoridades-precisam-assumir-responsabilidade-pela-violencia-contra-professores-no-parana\/\"},\"author\":{\"name\":\"Comunica\u00e7\u00e3o PSOL\",\"@id\":\"https:\/\/psol50.org.br\/#\/schema\/person\/475dfa57d0b815993c714c2e96491fcd\"},\"headline\":\"Autoridades precisam assumir responsabilidade pela viol\u00eancia contra professores no Paran\u00e1\",\"datePublished\":\"2015-04-30T17:14:05+00:00\",\"mainEntityOfPage\":{\"@id\":\"https:\/\/psol50.org.br\/autoridades-precisam-assumir-responsabilidade-pela-violencia-contra-professores-no-parana\/\"},\"wordCount\":477,\"commentCount\":0,\"publisher\":{\"@id\":\"https:\/\/psol50.org.br\/#organization\"},\"articleSection\":[\"Not\u00edcias\"],\"inLanguage\":\"pt-BR\",\"potentialAction\":[{\"@type\":\"CommentAction\",\"name\":\"Comment\",\"target\":[\"https:\/\/psol50.org.br\/autoridades-precisam-assumir-responsabilidade-pela-violencia-contra-professores-no-parana\/#respond\"]}]},{\"@type\":\"WebPage\",\"@id\":\"https:\/\/psol50.org.br\/autoridades-precisam-assumir-responsabilidade-pela-violencia-contra-professores-no-parana\/\",\"url\":\"https:\/\/psol50.org.br\/autoridades-precisam-assumir-responsabilidade-pela-violencia-contra-professores-no-parana\/\",\"name\":\"Autoridades precisam assumir responsabilidade pela viol\u00eancia contra professores no Paran\u00e1 - PSOL 50\",\"isPartOf\":{\"@id\":\"https:\/\/psol50.org.br\/#website\"},\"datePublished\":\"2015-04-30T17:14:05+00:00\",\"breadcrumb\":{\"@id\":\"https:\/\/psol50.org.br\/autoridades-precisam-assumir-responsabilidade-pela-violencia-contra-professores-no-parana\/#breadcrumb\"},\"inLanguage\":\"pt-BR\",\"potentialAction\":[{\"@type\":\"ReadAction\",\"target\":[\"https:\/\/psol50.org.br\/autoridades-precisam-assumir-responsabilidade-pela-violencia-contra-professores-no-parana\/\"]}]},{\"@type\":\"BreadcrumbList\",\"@id\":\"https:\/\/psol50.org.br\/autoridades-precisam-assumir-responsabilidade-pela-violencia-contra-professores-no-parana\/#breadcrumb\",\"itemListElement\":[{\"@type\":\"ListItem\",\"position\":1,\"name\":\"In\u00edcio\",\"item\":\"https:\/\/psol50.org.br\/\"},{\"@type\":\"ListItem\",\"position\":2,\"name\":\"Autoridades precisam assumir responsabilidade pela viol\u00eancia contra professores no Paran\u00e1\"}]},{\"@type\":\"WebSite\",\"@id\":\"https:\/\/psol50.org.br\/#website\",\"url\":\"https:\/\/psol50.org.br\/\",\"name\":\"PSOL 50\",\"description\":\"Site oficial do Partido Socialismo e Liberdade\",\"publisher\":{\"@id\":\"https:\/\/psol50.org.br\/#organization\"},\"alternateName\":\"PSOL50\",\"potentialAction\":[{\"@type\":\"SearchAction\",\"target\":{\"@type\":\"EntryPoint\",\"urlTemplate\":\"https:\/\/psol50.org.br\/?s={search_term_string}\"},\"query-input\":{\"@type\":\"PropertyValueSpecification\",\"valueRequired\":true,\"valueName\":\"search_term_string\"}}],\"inLanguage\":\"pt-BR\"},{\"@type\":\"Organization\",\"@id\":\"https:\/\/psol50.org.br\/#organization\",\"name\":\"PSOL 50\",\"alternateName\":\"PSOL 50\",\"url\":\"https:\/\/psol50.org.br\/\",\"logo\":{\"@type\":\"ImageObject\",\"inLanguage\":\"pt-BR\",\"@id\":\"https:\/\/psol50.org.br\/#\/schema\/logo\/image\/\",\"url\":\"https:\/\/psol50.org.br\/inc\/uploads\/2018\/07\/capa.png\",\"contentUrl\":\"https:\/\/psol50.org.br\/inc\/uploads\/2018\/07\/capa.png\",\"width\":1350,\"height\":900,\"caption\":\"PSOL 50\"},\"image\":{\"@id\":\"https:\/\/psol50.org.br\/#\/schema\/logo\/image\/\"},\"sameAs\":[\"https:\/\/www.facebook.com\/psol50\",\"https:\/\/x.com\/psol50\",\"https:\/\/www.instagram.com\/psol50\/\",\"https:\/\/www.youtube.com\/channel\/UC7SnJS5o1os7a6CaiNabzcg\"]},{\"@type\":\"Person\",\"@id\":\"https:\/\/psol50.org.br\/#\/schema\/person\/475dfa57d0b815993c714c2e96491fcd\",\"name\":\"Comunica\u00e7\u00e3o PSOL\",\"image\":{\"@type\":\"ImageObject\",\"inLanguage\":\"pt-BR\",\"@id\":\"https:\/\/psol50.org.br\/#\/schema\/person\/image\/\",\"url\":\"https:\/\/secure.gravatar.com\/avatar\/b34fc4f4e468a4e51785917065a3db57b841f5c95dba6ad8c73aaf8f66f8f9bf?s=96&d=mm&r=g\",\"contentUrl\":\"https:\/\/secure.gravatar.com\/avatar\/b34fc4f4e468a4e51785917065a3db57b841f5c95dba6ad8c73aaf8f66f8f9bf?s=96&d=mm&r=g\",\"caption\":\"Comunica\u00e7\u00e3o PSOL\"}}]}<\/script>\n<!-- \/ Yoast SEO plugin. -->","yoast_head_json":{"title":"Autoridades precisam assumir responsabilidade pela viol\u00eancia contra professores no Paran\u00e1 - PSOL 50","robots":{"index":"index","follow":"follow","max-snippet":"max-snippet:-1","max-image-preview":"max-image-preview:large","max-video-preview":"max-video-preview:-1"},"canonical":"https:\/\/psol50.org.br\/autoridades-precisam-assumir-responsabilidade-pela-violencia-contra-professores-no-parana\/","og_locale":"pt_BR","og_type":"article","og_title":"Autoridades precisam assumir responsabilidade pela viol\u00eancia contra professores no Paran\u00e1 - PSOL 50","og_description":"Fonte: Anista Internacional O governador do estado do Paran\u00e1, Beto Richa, e o comando da pol\u00edcia militar do Estado precisam assumir total responsabilidade pela repress\u00e3o violenta \u00e0 manifesta\u00e7\u00e3o de professores realizada ontem (29\/04) em frente \u00e0 Assembleia Legislativa, afirmou a Anistia Internacional. As imagens em foto e v\u00eddeo mostram que a pol\u00edcia fez uso desproporcional [&hellip;]","og_url":"https:\/\/psol50.org.br\/autoridades-precisam-assumir-responsabilidade-pela-violencia-contra-professores-no-parana\/","og_site_name":"PSOL 50","article_publisher":"https:\/\/www.facebook.com\/psol50","article_published_time":"2015-04-30T17:14:05+00:00","og_image":[{"width":1350,"height":900,"url":"https:\/\/psol50.org.br\/inc\/uploads\/2018\/07\/capa.png","type":"image\/png"}],"author":"Comunica\u00e7\u00e3o PSOL","twitter_card":"summary_large_image","twitter_creator":"@psol50","twitter_site":"@psol50","twitter_misc":{"Escrito por":"Comunica\u00e7\u00e3o PSOL","Est. tempo de leitura":"2 minutos"},"schema":{"@context":"https:\/\/schema.org","@graph":[{"@type":"Article","@id":"https:\/\/psol50.org.br\/autoridades-precisam-assumir-responsabilidade-pela-violencia-contra-professores-no-parana\/#article","isPartOf":{"@id":"https:\/\/psol50.org.br\/autoridades-precisam-assumir-responsabilidade-pela-violencia-contra-professores-no-parana\/"},"author":{"name":"Comunica\u00e7\u00e3o PSOL","@id":"https:\/\/psol50.org.br\/#\/schema\/person\/475dfa57d0b815993c714c2e96491fcd"},"headline":"Autoridades precisam assumir responsabilidade pela viol\u00eancia contra professores no Paran\u00e1","datePublished":"2015-04-30T17:14:05+00:00","mainEntityOfPage":{"@id":"https:\/\/psol50.org.br\/autoridades-precisam-assumir-responsabilidade-pela-violencia-contra-professores-no-parana\/"},"wordCount":477,"commentCount":0,"publisher":{"@id":"https:\/\/psol50.org.br\/#organization"},"articleSection":["Not\u00edcias"],"inLanguage":"pt-BR","potentialAction":[{"@type":"CommentAction","name":"Comment","target":["https:\/\/psol50.org.br\/autoridades-precisam-assumir-responsabilidade-pela-violencia-contra-professores-no-parana\/#respond"]}]},{"@type":"WebPage","@id":"https:\/\/psol50.org.br\/autoridades-precisam-assumir-responsabilidade-pela-violencia-contra-professores-no-parana\/","url":"https:\/\/psol50.org.br\/autoridades-precisam-assumir-responsabilidade-pela-violencia-contra-professores-no-parana\/","name":"Autoridades precisam assumir responsabilidade pela viol\u00eancia contra professores no Paran\u00e1 - PSOL 50","isPartOf":{"@id":"https:\/\/psol50.org.br\/#website"},"datePublished":"2015-04-30T17:14:05+00:00","breadcrumb":{"@id":"https:\/\/psol50.org.br\/autoridades-precisam-assumir-responsabilidade-pela-violencia-contra-professores-no-parana\/#breadcrumb"},"inLanguage":"pt-BR","potentialAction":[{"@type":"ReadAction","target":["https:\/\/psol50.org.br\/autoridades-precisam-assumir-responsabilidade-pela-violencia-contra-professores-no-parana\/"]}]},{"@type":"BreadcrumbList","@id":"https:\/\/psol50.org.br\/autoridades-precisam-assumir-responsabilidade-pela-violencia-contra-professores-no-parana\/#breadcrumb","itemListElement":[{"@type":"ListItem","position":1,"name":"In\u00edcio","item":"https:\/\/psol50.org.br\/"},{"@type":"ListItem","position":2,"name":"Autoridades precisam assumir responsabilidade pela viol\u00eancia contra professores no Paran\u00e1"}]},{"@type":"WebSite","@id":"https:\/\/psol50.org.br\/#website","url":"https:\/\/psol50.org.br\/","name":"PSOL 50","description":"Site oficial do Partido Socialismo e Liberdade","publisher":{"@id":"https:\/\/psol50.org.br\/#organization"},"alternateName":"PSOL50","potentialAction":[{"@type":"SearchAction","target":{"@type":"EntryPoint","urlTemplate":"https:\/\/psol50.org.br\/?s={search_term_string}"},"query-input":{"@type":"PropertyValueSpecification","valueRequired":true,"valueName":"search_term_string"}}],"inLanguage":"pt-BR"},{"@type":"Organization","@id":"https:\/\/psol50.org.br\/#organization","name":"PSOL 50","alternateName":"PSOL 50","url":"https:\/\/psol50.org.br\/","logo":{"@type":"ImageObject","inLanguage":"pt-BR","@id":"https:\/\/psol50.org.br\/#\/schema\/logo\/image\/","url":"https:\/\/psol50.org.br\/inc\/uploads\/2018\/07\/capa.png","contentUrl":"https:\/\/psol50.org.br\/inc\/uploads\/2018\/07\/capa.png","width":1350,"height":900,"caption":"PSOL 50"},"image":{"@id":"https:\/\/psol50.org.br\/#\/schema\/logo\/image\/"},"sameAs":["https:\/\/www.facebook.com\/psol50","https:\/\/x.com\/psol50","https:\/\/www.instagram.com\/psol50\/","https:\/\/www.youtube.com\/channel\/UC7SnJS5o1os7a6CaiNabzcg"]},{"@type":"Person","@id":"https:\/\/psol50.org.br\/#\/schema\/person\/475dfa57d0b815993c714c2e96491fcd","name":"Comunica\u00e7\u00e3o PSOL","image":{"@type":"ImageObject","inLanguage":"pt-BR","@id":"https:\/\/psol50.org.br\/#\/schema\/person\/image\/","url":"https:\/\/secure.gravatar.com\/avatar\/b34fc4f4e468a4e51785917065a3db57b841f5c95dba6ad8c73aaf8f66f8f9bf?s=96&d=mm&r=g","contentUrl":"https:\/\/secure.gravatar.com\/avatar\/b34fc4f4e468a4e51785917065a3db57b841f5c95dba6ad8c73aaf8f66f8f9bf?s=96&d=mm&r=g","caption":"Comunica\u00e7\u00e3o PSOL"}}]}},"_links":{"self":[{"href":"https:\/\/psol50.org.br\/rest\/wp\/v2\/posts\/3245","targetHints":{"allow":["GET"]}}],"collection":[{"href":"https:\/\/psol50.org.br\/rest\/wp\/v2\/posts"}],"about":[{"href":"https:\/\/psol50.org.br\/rest\/wp\/v2\/types\/post"}],"author":[{"embeddable":true,"href":"https:\/\/psol50.org.br\/rest\/wp\/v2\/users\/2"}],"replies":[{"embeddable":true,"href":"https:\/\/psol50.org.br\/rest\/wp\/v2\/comments?post=3245"}],"version-history":[{"count":0,"href":"https:\/\/psol50.org.br\/rest\/wp\/v2\/posts\/3245\/revisions"}],"wp:attachment":[{"href":"https:\/\/psol50.org.br\/rest\/wp\/v2\/media?parent=3245"}],"wp:term":[{"taxonomy":"category","embeddable":true,"href":"https:\/\/psol50.org.br\/rest\/wp\/v2\/categories?post=3245"},{"taxonomy":"post_tag","embeddable":true,"href":"https:\/\/psol50.org.br\/rest\/wp\/v2\/tags?post=3245"}],"curies":[{"name":"wp","href":"https:\/\/api.w.org\/{rel}","templated":true}]}}