{"id":32457,"date":"2021-04-23T15:20:41","date_gmt":"2021-04-23T18:20:41","guid":{"rendered":"https:\/\/psol50.org.br\/?p=32457"},"modified":"2021-04-23T15:20:41","modified_gmt":"2021-04-23T18:20:41","slug":"juliano-medeiros-o-brasil-precisa-de-uma-cpi-pra-valer","status":"publish","type":"post","link":"https:\/\/psol50.org.br\/juliano-medeiros-o-brasil-precisa-de-uma-cpi-pra-valer\/","title":{"rendered":"Juliano Medeiros: &#8220;O Brasil precisa de uma CPI pra valer&#8221;"},"content":{"rendered":"<p><a href=\"https:\/\/psol50.org.br\/vacinaja\/\" target=\"_blank\" rel=\"noopener\"><img loading=\"lazy\" decoding=\"async\" class=\"alignnone size-full wp-image-31535\" src=\"https:\/\/psol50.org.br\/inc\/uploads\/2020\/12\/Web-1920-\u2013-1.jpg\" alt=\"\" width=\"1920\" height=\"339\" srcset=\"https:\/\/psol50.org.br\/inc\/uploads\/2020\/12\/Web-1920-\u2013-1.jpg 1920w, https:\/\/psol50.org.br\/inc\/uploads\/2020\/12\/Web-1920-\u2013-1-300x53.jpg 300w, https:\/\/psol50.org.br\/inc\/uploads\/2020\/12\/Web-1920-\u2013-1-1024x181.jpg 1024w, https:\/\/psol50.org.br\/inc\/uploads\/2020\/12\/Web-1920-\u2013-1-768x136.jpg 768w, https:\/\/psol50.org.br\/inc\/uploads\/2020\/12\/Web-1920-\u2013-1-1536x271.jpg 1536w, https:\/\/psol50.org.br\/inc\/uploads\/2020\/12\/Web-1920-\u2013-1-150x26.jpg 150w, https:\/\/psol50.org.br\/inc\/uploads\/2020\/12\/Web-1920-\u2013-1-696x123.jpg 696w, https:\/\/psol50.org.br\/inc\/uploads\/2020\/12\/Web-1920-\u2013-1-1068x189.jpg 1068w\" sizes=\"auto, (max-width: 1920px) 100vw, 1920px\" \/><\/a><br \/>\nEm artigo para o IREE (Instituto para Reforma das Rela\u00e7\u00f5es entre Estado e Empresa), o presidente do PSOL, Juliano Medeiros, fala sobre a CPI da pandemia, que deve iniciar seus trabalhos nos pr\u00f3ximos dias no Senado Federal. Ele trata sobre como, por meio de uma CPI s\u00e9ria, \u00e9 poss\u00edvel ter ferramentas para o impeachment de Bolsonaro.<br \/>\n\u201cA instala\u00e7\u00e3o acontece contrariando a vontade do presidente do Casa, senador Rodrigo Pacheco, que vinha ignorando o que determina o regimento do Senado Federal para \u2013 a exemplo de seu colega na C\u00e2mara dos Deputados, Artur Lira \u2013 manter engavetado o requerimento da CPI, apesar deste cumprir todas as exig\u00eancias legais&#8221;, explica o presidente do PSOL.<br \/>\nA CPI deve investigar o comportamento irrespons\u00e1vel de Bolsonaro na condu\u00e7\u00e3o da pandemia no Brasil, desrespeitando todas as orienta\u00e7\u00f5es de autoridades sanit\u00e1rias, al\u00e9m das suspeitas de superfaturamento na produ\u00e7\u00e3o de hidroxicloroquina por parte do Ex\u00e9rcito, al\u00e9m das mortes produzidas pelo uso desse e de outros medicamentos no chamado \u201ctratamento precoce\u201d recomendado pelo Minist\u00e9rio da Sa\u00fade. A incompet\u00eancia do governo na crise de Manaus, \u201cse isentando da responsabilidade de adquirir estoque de oxig\u00eanio para pacientes em estado cr\u00edtico, colaborou para centenas de mortes\u201d, relembra Medeiros.<br \/>\n\u201c\u00c9 verdade, a CPI n\u00e3o \u00e9 uma comiss\u00e3o de impeachment, nem est\u00e1 julgando Bolsonaro. Mas ela \u00e9 o primeiro instrumento minimamente livre das amarras impostas pelo acordo entre o governo e os deputados do chamado \u201cCentr\u00e3o\u201d. Para ser uma CPI digna desse nome, tem de ser pra valer: precisa ir a fundo nos crimes cometidos pelo presidente e criar as condi\u00e7\u00f5es para o impeachment. S\u00f3 assim ela ter\u00e1 cumprido sua miss\u00e3o&#8221;, conclui Juliano.<\/p>\n<h5><strong><a href=\"https:\/\/iree.org.br\/o-brasil-precisa-de-uma-cpi-pra-valer\/\" target=\"_blank\" rel=\"noopener\">Leia o artigo na \u00edntegra aqui.<\/a><\/strong><\/h5>\n<p><a href=\"https:\/\/psol50.org.br\/rendajusta\/\" target=\"_blank\" rel=\"noopener\"><img loading=\"lazy\" decoding=\"async\" class=\"alignnone size-full wp-image-30552\" src=\"https:\/\/psol50.org.br\/inc\/uploads\/2020\/08\/21-08-2020_LancamentoRendaJusta-2.png\" alt=\"\" width=\"1920\" height=\"383\" srcset=\"https:\/\/psol50.org.br\/inc\/uploads\/2020\/08\/21-08-2020_LancamentoRendaJusta-2.png 1920w, https:\/\/psol50.org.br\/inc\/uploads\/2020\/08\/21-08-2020_LancamentoRendaJusta-2-300x60.png 300w, https:\/\/psol50.org.br\/inc\/uploads\/2020\/08\/21-08-2020_LancamentoRendaJusta-2-1024x204.png 1024w, https:\/\/psol50.org.br\/inc\/uploads\/2020\/08\/21-08-2020_LancamentoRendaJusta-2-768x153.png 768w, https:\/\/psol50.org.br\/inc\/uploads\/2020\/08\/21-08-2020_LancamentoRendaJusta-2-1536x306.png 1536w, https:\/\/psol50.org.br\/inc\/uploads\/2020\/08\/21-08-2020_LancamentoRendaJusta-2-150x30.png 150w, https:\/\/psol50.org.br\/inc\/uploads\/2020\/08\/21-08-2020_LancamentoRendaJusta-2-696x139.png 696w, https:\/\/psol50.org.br\/inc\/uploads\/2020\/08\/21-08-2020_LancamentoRendaJusta-2-1068x213.png 1068w\" sizes=\"auto, (max-width: 1920px) 100vw, 1920px\" \/><\/a><\/p>\n","protected":false},"excerpt":{"rendered":"<p>Em artigo para o IREE (Instituto para Reforma das Rela\u00e7\u00f5es entre Estado e Empresa), o presidente do PSOL, Juliano Medeiros, fala sobre a CPI da pandemia, que deve iniciar seus trabalhos nos pr\u00f3ximos dias no Senado Federal. Ele trata sobre como, por meio de uma CPI s\u00e9ria, \u00e9 poss\u00edvel ter ferramentas para o impeachment de [&hellip;]<\/p>\n","protected":false},"author":2,"featured_media":31235,"comment_status":"closed","ping_status":"open","sticky":false,"template":"","format":"standard","meta":{"_acf_changed":false,"footnotes":""},"categories":[3,6],"tags":[266,56,330,220,259,367,283,22],"class_list":{"0":"post-32457","1":"post","2":"type-post","3":"status-publish","4":"format-standard","5":"has-post-thumbnail","7":"category-artigos-e-entrevistas","8":"category-noticias","9":"tag-artigo","10":"tag-bolsonaro","11":"tag-cpi","12":"tag-impeachment","13":"tag-juliano-medeiros","14":"tag-pandemia","15":"tag-presidente","16":"tag-psol"},"acf":[],"yoast_head":"<!-- This site is optimized with the Yoast SEO plugin v26.5 - https:\/\/yoast.com\/wordpress\/plugins\/seo\/ -->\n<title>Juliano Medeiros: &quot;O Brasil precisa de uma CPI pra valer&quot;<\/title>\n<meta name=\"description\" content=\"Presidente do PSOL fala em artigo sobre a CPI da pandemia, que deve iniciar seus trabalhos nos pr\u00f3ximos dias no Senado Federal.\" \/>\n<meta name=\"robots\" content=\"index, follow, max-snippet:-1, max-image-preview:large, max-video-preview:-1\" \/>\n<link rel=\"canonical\" href=\"https:\/\/psol50.org.br\/juliano-medeiros-o-brasil-precisa-de-uma-cpi-pra-valer\/\" \/>\n<meta property=\"og:locale\" content=\"pt_BR\" \/>\n<meta property=\"og:type\" content=\"article\" \/>\n<meta property=\"og:title\" content=\"Juliano Medeiros: &quot;O Brasil precisa de uma CPI pra valer&quot;\" \/>\n<meta property=\"og:description\" content=\"Presidente do PSOL fala em artigo sobre a CPI da pandemia, que deve iniciar seus trabalhos nos pr\u00f3ximos dias no Senado Federal.\" \/>\n<meta property=\"og:url\" content=\"https:\/\/psol50.org.br\/juliano-medeiros-o-brasil-precisa-de-uma-cpi-pra-valer\/\" \/>\n<meta property=\"og:site_name\" content=\"PSOL 50\" \/>\n<meta property=\"article:publisher\" content=\"https:\/\/www.facebook.com\/psol50\" \/>\n<meta property=\"article:published_time\" content=\"2021-04-23T18:20:41+00:00\" \/>\n<meta property=\"og:image\" content=\"https:\/\/psol50.org.br\/inc\/uploads\/2020\/11\/juliano-medeiros-e1558031668422.jpg\" \/>\n\t<meta property=\"og:image:width\" content=\"700\" \/>\n\t<meta property=\"og:image:height\" content=\"467\" \/>\n\t<meta property=\"og:image:type\" content=\"image\/jpeg\" \/>\n<meta name=\"author\" content=\"Comunica\u00e7\u00e3o PSOL\" \/>\n<meta name=\"twitter:card\" content=\"summary_large_image\" \/>\n<meta name=\"twitter:title\" content=\"Juliano Medeiros: &quot;O Brasil precisa de uma CPI pra valer&quot;\" \/>\n<meta name=\"twitter:description\" content=\"Presidente do PSOL fala em artigo sobre a CPI da pandemia, que deve iniciar seus trabalhos nos pr\u00f3ximos dias no Senado Federal.\" \/>\n<meta name=\"twitter:image\" content=\"https:\/\/psol50.org.br\/inc\/uploads\/2020\/11\/juliano-medeiros-e1558031668422.jpg\" \/>\n<meta name=\"twitter:creator\" content=\"@psol50\" \/>\n<meta name=\"twitter:site\" content=\"@psol50\" \/>\n<meta name=\"twitter:label1\" content=\"Escrito por\" \/>\n\t<meta name=\"twitter:data1\" content=\"Comunica\u00e7\u00e3o PSOL\" \/>\n\t<meta name=\"twitter:label2\" content=\"Est. tempo de leitura\" \/>\n\t<meta name=\"twitter:data2\" content=\"2 minutos\" \/>\n<script type=\"application\/ld+json\" class=\"yoast-schema-graph\">{\"@context\":\"https:\/\/schema.org\",\"@graph\":[{\"@type\":\"Article\",\"@id\":\"https:\/\/psol50.org.br\/juliano-medeiros-o-brasil-precisa-de-uma-cpi-pra-valer\/#article\",\"isPartOf\":{\"@id\":\"https:\/\/psol50.org.br\/juliano-medeiros-o-brasil-precisa-de-uma-cpi-pra-valer\/\"},\"author\":{\"name\":\"Comunica\u00e7\u00e3o PSOL\",\"@id\":\"https:\/\/psol50.org.br\/#\/schema\/person\/475dfa57d0b815993c714c2e96491fcd\"},\"headline\":\"Juliano Medeiros: &#8220;O Brasil precisa de uma CPI pra valer&#8221;\",\"datePublished\":\"2021-04-23T18:20:41+00:00\",\"mainEntityOfPage\":{\"@id\":\"https:\/\/psol50.org.br\/juliano-medeiros-o-brasil-precisa-de-uma-cpi-pra-valer\/\"},\"wordCount\":304,\"publisher\":{\"@id\":\"https:\/\/psol50.org.br\/#organization\"},\"image\":{\"@id\":\"https:\/\/psol50.org.br\/juliano-medeiros-o-brasil-precisa-de-uma-cpi-pra-valer\/#primaryimage\"},\"thumbnailUrl\":\"https:\/\/psol50.org.br\/inc\/uploads\/2020\/11\/juliano-medeiros-e1558031668422.jpg\",\"keywords\":[\"artigo\",\"Bolsonaro\",\"CPI\",\"impeachment\",\"Juliano Medeiros\",\"pandemia\",\"presidente\",\"PSOL\"],\"articleSection\":[\"Artigos\",\"Not\u00edcias\"],\"inLanguage\":\"pt-BR\"},{\"@type\":\"WebPage\",\"@id\":\"https:\/\/psol50.org.br\/juliano-medeiros-o-brasil-precisa-de-uma-cpi-pra-valer\/\",\"url\":\"https:\/\/psol50.org.br\/juliano-medeiros-o-brasil-precisa-de-uma-cpi-pra-valer\/\",\"name\":\"Juliano Medeiros: \\\"O Brasil precisa de uma CPI pra valer\\\"\",\"isPartOf\":{\"@id\":\"https:\/\/psol50.org.br\/#website\"},\"primaryImageOfPage\":{\"@id\":\"https:\/\/psol50.org.br\/juliano-medeiros-o-brasil-precisa-de-uma-cpi-pra-valer\/#primaryimage\"},\"image\":{\"@id\":\"https:\/\/psol50.org.br\/juliano-medeiros-o-brasil-precisa-de-uma-cpi-pra-valer\/#primaryimage\"},\"thumbnailUrl\":\"https:\/\/psol50.org.br\/inc\/uploads\/2020\/11\/juliano-medeiros-e1558031668422.jpg\",\"datePublished\":\"2021-04-23T18:20:41+00:00\",\"description\":\"Presidente do PSOL fala em artigo sobre a CPI da pandemia, que deve iniciar seus trabalhos nos pr\u00f3ximos dias no Senado Federal.\",\"breadcrumb\":{\"@id\":\"https:\/\/psol50.org.br\/juliano-medeiros-o-brasil-precisa-de-uma-cpi-pra-valer\/#breadcrumb\"},\"inLanguage\":\"pt-BR\",\"potentialAction\":[{\"@type\":\"ReadAction\",\"target\":[\"https:\/\/psol50.org.br\/juliano-medeiros-o-brasil-precisa-de-uma-cpi-pra-valer\/\"]}]},{\"@type\":\"ImageObject\",\"inLanguage\":\"pt-BR\",\"@id\":\"https:\/\/psol50.org.br\/juliano-medeiros-o-brasil-precisa-de-uma-cpi-pra-valer\/#primaryimage\",\"url\":\"https:\/\/psol50.org.br\/inc\/uploads\/2020\/11\/juliano-medeiros-e1558031668422.jpg\",\"contentUrl\":\"https:\/\/psol50.org.br\/inc\/uploads\/2020\/11\/juliano-medeiros-e1558031668422.jpg\",\"width\":700,\"height\":467},{\"@type\":\"BreadcrumbList\",\"@id\":\"https:\/\/psol50.org.br\/juliano-medeiros-o-brasil-precisa-de-uma-cpi-pra-valer\/#breadcrumb\",\"itemListElement\":[{\"@type\":\"ListItem\",\"position\":1,\"name\":\"In\u00edcio\",\"item\":\"https:\/\/psol50.org.br\/\"},{\"@type\":\"ListItem\",\"position\":2,\"name\":\"Juliano Medeiros: &#8220;O Brasil precisa de uma CPI pra valer&#8221;\"}]},{\"@type\":\"WebSite\",\"@id\":\"https:\/\/psol50.org.br\/#website\",\"url\":\"https:\/\/psol50.org.br\/\",\"name\":\"PSOL 50\",\"description\":\"Site oficial do Partido Socialismo e Liberdade\",\"publisher\":{\"@id\":\"https:\/\/psol50.org.br\/#organization\"},\"alternateName\":\"PSOL50\",\"potentialAction\":[{\"@type\":\"SearchAction\",\"target\":{\"@type\":\"EntryPoint\",\"urlTemplate\":\"https:\/\/psol50.org.br\/?s={search_term_string}\"},\"query-input\":{\"@type\":\"PropertyValueSpecification\",\"valueRequired\":true,\"valueName\":\"search_term_string\"}}],\"inLanguage\":\"pt-BR\"},{\"@type\":\"Organization\",\"@id\":\"https:\/\/psol50.org.br\/#organization\",\"name\":\"PSOL 50\",\"alternateName\":\"PSOL 50\",\"url\":\"https:\/\/psol50.org.br\/\",\"logo\":{\"@type\":\"ImageObject\",\"inLanguage\":\"pt-BR\",\"@id\":\"https:\/\/psol50.org.br\/#\/schema\/logo\/image\/\",\"url\":\"https:\/\/psol50.org.br\/inc\/uploads\/2018\/07\/capa.png\",\"contentUrl\":\"https:\/\/psol50.org.br\/inc\/uploads\/2018\/07\/capa.png\",\"width\":1350,\"height\":900,\"caption\":\"PSOL 50\"},\"image\":{\"@id\":\"https:\/\/psol50.org.br\/#\/schema\/logo\/image\/\"},\"sameAs\":[\"https:\/\/www.facebook.com\/psol50\",\"https:\/\/x.com\/psol50\",\"https:\/\/www.instagram.com\/psol50\/\",\"https:\/\/www.youtube.com\/channel\/UC7SnJS5o1os7a6CaiNabzcg\"]},{\"@type\":\"Person\",\"@id\":\"https:\/\/psol50.org.br\/#\/schema\/person\/475dfa57d0b815993c714c2e96491fcd\",\"name\":\"Comunica\u00e7\u00e3o PSOL\",\"image\":{\"@type\":\"ImageObject\",\"inLanguage\":\"pt-BR\",\"@id\":\"https:\/\/psol50.org.br\/#\/schema\/person\/image\/\",\"url\":\"https:\/\/secure.gravatar.com\/avatar\/b34fc4f4e468a4e51785917065a3db57b841f5c95dba6ad8c73aaf8f66f8f9bf?s=96&d=mm&r=g\",\"contentUrl\":\"https:\/\/secure.gravatar.com\/avatar\/b34fc4f4e468a4e51785917065a3db57b841f5c95dba6ad8c73aaf8f66f8f9bf?s=96&d=mm&r=g\",\"caption\":\"Comunica\u00e7\u00e3o PSOL\"}}]}<\/script>\n<!-- \/ Yoast SEO plugin. -->","yoast_head_json":{"title":"Juliano Medeiros: \"O Brasil precisa de uma CPI pra valer\"","description":"Presidente do PSOL fala em artigo sobre a CPI da pandemia, que deve iniciar seus trabalhos nos pr\u00f3ximos dias no Senado Federal.","robots":{"index":"index","follow":"follow","max-snippet":"max-snippet:-1","max-image-preview":"max-image-preview:large","max-video-preview":"max-video-preview:-1"},"canonical":"https:\/\/psol50.org.br\/juliano-medeiros-o-brasil-precisa-de-uma-cpi-pra-valer\/","og_locale":"pt_BR","og_type":"article","og_title":"Juliano Medeiros: \"O Brasil precisa de uma CPI pra valer\"","og_description":"Presidente do PSOL fala em artigo sobre a CPI da pandemia, que deve iniciar seus trabalhos nos pr\u00f3ximos dias no Senado Federal.","og_url":"https:\/\/psol50.org.br\/juliano-medeiros-o-brasil-precisa-de-uma-cpi-pra-valer\/","og_site_name":"PSOL 50","article_publisher":"https:\/\/www.facebook.com\/psol50","article_published_time":"2021-04-23T18:20:41+00:00","og_image":[{"width":700,"height":467,"url":"https:\/\/psol50.org.br\/inc\/uploads\/2020\/11\/juliano-medeiros-e1558031668422.jpg","type":"image\/jpeg"}],"author":"Comunica\u00e7\u00e3o PSOL","twitter_card":"summary_large_image","twitter_title":"Juliano Medeiros: \"O Brasil precisa de uma CPI pra valer\"","twitter_description":"Presidente do PSOL fala em artigo sobre a CPI da pandemia, que deve iniciar seus trabalhos nos pr\u00f3ximos dias no Senado Federal.","twitter_image":"https:\/\/psol50.org.br\/inc\/uploads\/2020\/11\/juliano-medeiros-e1558031668422.jpg","twitter_creator":"@psol50","twitter_site":"@psol50","twitter_misc":{"Escrito por":"Comunica\u00e7\u00e3o PSOL","Est. tempo de leitura":"2 minutos"},"schema":{"@context":"https:\/\/schema.org","@graph":[{"@type":"Article","@id":"https:\/\/psol50.org.br\/juliano-medeiros-o-brasil-precisa-de-uma-cpi-pra-valer\/#article","isPartOf":{"@id":"https:\/\/psol50.org.br\/juliano-medeiros-o-brasil-precisa-de-uma-cpi-pra-valer\/"},"author":{"name":"Comunica\u00e7\u00e3o PSOL","@id":"https:\/\/psol50.org.br\/#\/schema\/person\/475dfa57d0b815993c714c2e96491fcd"},"headline":"Juliano Medeiros: &#8220;O Brasil precisa de uma CPI pra valer&#8221;","datePublished":"2021-04-23T18:20:41+00:00","mainEntityOfPage":{"@id":"https:\/\/psol50.org.br\/juliano-medeiros-o-brasil-precisa-de-uma-cpi-pra-valer\/"},"wordCount":304,"publisher":{"@id":"https:\/\/psol50.org.br\/#organization"},"image":{"@id":"https:\/\/psol50.org.br\/juliano-medeiros-o-brasil-precisa-de-uma-cpi-pra-valer\/#primaryimage"},"thumbnailUrl":"https:\/\/psol50.org.br\/inc\/uploads\/2020\/11\/juliano-medeiros-e1558031668422.jpg","keywords":["artigo","Bolsonaro","CPI","impeachment","Juliano Medeiros","pandemia","presidente","PSOL"],"articleSection":["Artigos","Not\u00edcias"],"inLanguage":"pt-BR"},{"@type":"WebPage","@id":"https:\/\/psol50.org.br\/juliano-medeiros-o-brasil-precisa-de-uma-cpi-pra-valer\/","url":"https:\/\/psol50.org.br\/juliano-medeiros-o-brasil-precisa-de-uma-cpi-pra-valer\/","name":"Juliano Medeiros: \"O Brasil precisa de uma CPI pra valer\"","isPartOf":{"@id":"https:\/\/psol50.org.br\/#website"},"primaryImageOfPage":{"@id":"https:\/\/psol50.org.br\/juliano-medeiros-o-brasil-precisa-de-uma-cpi-pra-valer\/#primaryimage"},"image":{"@id":"https:\/\/psol50.org.br\/juliano-medeiros-o-brasil-precisa-de-uma-cpi-pra-valer\/#primaryimage"},"thumbnailUrl":"https:\/\/psol50.org.br\/inc\/uploads\/2020\/11\/juliano-medeiros-e1558031668422.jpg","datePublished":"2021-04-23T18:20:41+00:00","description":"Presidente do PSOL fala em artigo sobre a CPI da pandemia, que deve iniciar seus trabalhos nos pr\u00f3ximos dias no Senado Federal.","breadcrumb":{"@id":"https:\/\/psol50.org.br\/juliano-medeiros-o-brasil-precisa-de-uma-cpi-pra-valer\/#breadcrumb"},"inLanguage":"pt-BR","potentialAction":[{"@type":"ReadAction","target":["https:\/\/psol50.org.br\/juliano-medeiros-o-brasil-precisa-de-uma-cpi-pra-valer\/"]}]},{"@type":"ImageObject","inLanguage":"pt-BR","@id":"https:\/\/psol50.org.br\/juliano-medeiros-o-brasil-precisa-de-uma-cpi-pra-valer\/#primaryimage","url":"https:\/\/psol50.org.br\/inc\/uploads\/2020\/11\/juliano-medeiros-e1558031668422.jpg","contentUrl":"https:\/\/psol50.org.br\/inc\/uploads\/2020\/11\/juliano-medeiros-e1558031668422.jpg","width":700,"height":467},{"@type":"BreadcrumbList","@id":"https:\/\/psol50.org.br\/juliano-medeiros-o-brasil-precisa-de-uma-cpi-pra-valer\/#breadcrumb","itemListElement":[{"@type":"ListItem","position":1,"name":"In\u00edcio","item":"https:\/\/psol50.org.br\/"},{"@type":"ListItem","position":2,"name":"Juliano Medeiros: &#8220;O Brasil precisa de uma CPI pra valer&#8221;"}]},{"@type":"WebSite","@id":"https:\/\/psol50.org.br\/#website","url":"https:\/\/psol50.org.br\/","name":"PSOL 50","description":"Site oficial do Partido Socialismo e Liberdade","publisher":{"@id":"https:\/\/psol50.org.br\/#organization"},"alternateName":"PSOL50","potentialAction":[{"@type":"SearchAction","target":{"@type":"EntryPoint","urlTemplate":"https:\/\/psol50.org.br\/?s={search_term_string}"},"query-input":{"@type":"PropertyValueSpecification","valueRequired":true,"valueName":"search_term_string"}}],"inLanguage":"pt-BR"},{"@type":"Organization","@id":"https:\/\/psol50.org.br\/#organization","name":"PSOL 50","alternateName":"PSOL 50","url":"https:\/\/psol50.org.br\/","logo":{"@type":"ImageObject","inLanguage":"pt-BR","@id":"https:\/\/psol50.org.br\/#\/schema\/logo\/image\/","url":"https:\/\/psol50.org.br\/inc\/uploads\/2018\/07\/capa.png","contentUrl":"https:\/\/psol50.org.br\/inc\/uploads\/2018\/07\/capa.png","width":1350,"height":900,"caption":"PSOL 50"},"image":{"@id":"https:\/\/psol50.org.br\/#\/schema\/logo\/image\/"},"sameAs":["https:\/\/www.facebook.com\/psol50","https:\/\/x.com\/psol50","https:\/\/www.instagram.com\/psol50\/","https:\/\/www.youtube.com\/channel\/UC7SnJS5o1os7a6CaiNabzcg"]},{"@type":"Person","@id":"https:\/\/psol50.org.br\/#\/schema\/person\/475dfa57d0b815993c714c2e96491fcd","name":"Comunica\u00e7\u00e3o PSOL","image":{"@type":"ImageObject","inLanguage":"pt-BR","@id":"https:\/\/psol50.org.br\/#\/schema\/person\/image\/","url":"https:\/\/secure.gravatar.com\/avatar\/b34fc4f4e468a4e51785917065a3db57b841f5c95dba6ad8c73aaf8f66f8f9bf?s=96&d=mm&r=g","contentUrl":"https:\/\/secure.gravatar.com\/avatar\/b34fc4f4e468a4e51785917065a3db57b841f5c95dba6ad8c73aaf8f66f8f9bf?s=96&d=mm&r=g","caption":"Comunica\u00e7\u00e3o PSOL"}}]}},"_links":{"self":[{"href":"https:\/\/psol50.org.br\/rest\/wp\/v2\/posts\/32457","targetHints":{"allow":["GET"]}}],"collection":[{"href":"https:\/\/psol50.org.br\/rest\/wp\/v2\/posts"}],"about":[{"href":"https:\/\/psol50.org.br\/rest\/wp\/v2\/types\/post"}],"author":[{"embeddable":true,"href":"https:\/\/psol50.org.br\/rest\/wp\/v2\/users\/2"}],"replies":[{"embeddable":true,"href":"https:\/\/psol50.org.br\/rest\/wp\/v2\/comments?post=32457"}],"version-history":[{"count":0,"href":"https:\/\/psol50.org.br\/rest\/wp\/v2\/posts\/32457\/revisions"}],"wp:featuredmedia":[{"embeddable":true,"href":"https:\/\/psol50.org.br\/rest\/wp\/v2\/media\/31235"}],"wp:attachment":[{"href":"https:\/\/psol50.org.br\/rest\/wp\/v2\/media?parent=32457"}],"wp:term":[{"taxonomy":"category","embeddable":true,"href":"https:\/\/psol50.org.br\/rest\/wp\/v2\/categories?post=32457"},{"taxonomy":"post_tag","embeddable":true,"href":"https:\/\/psol50.org.br\/rest\/wp\/v2\/tags?post=32457"}],"curies":[{"name":"wp","href":"https:\/\/api.w.org\/{rel}","templated":true}]}}