{"id":325,"date":"2008-02-26T00:00:00","date_gmt":"2008-02-26T00:00:00","guid":{"rendered":"http:\/\/psol50.org.br\/arquivo\/2008\/02\/26\/fidel-castro-e-cuba-a-revolucao-mais-importante\/"},"modified":"2008-02-26T00:00:00","modified_gmt":"2008-02-26T00:00:00","slug":"fidel-castro-e-cuba-a-revolucao-mais-importante","status":"publish","type":"post","link":"https:\/\/psol50.org.br\/fidel-castro-e-cuba-a-revolucao-mais-importante\/","title":{"rendered":"Fidel Castro e Cuba: a revolu\u00e7\u00e3o mais importante"},"content":{"rendered":"<p>A Bancada do Partido Socialismo e Liberdade divulga nota em que defende a revolu\u00e7\u00e3o cubana e suas conquistas. Acredita e defende que o socialismo e liberdade s\u00e3o indissoci\u00e1veis. E afirma: Fidel representa a revolu\u00e7\u00e3o mais importante do nosso continente no s\u00e9culo passado. Leia a \u00edntegra da nota.<\/p>\n<p><!--more--><\/p>\n<p>&#8220;Diante do an\u00fancio da decis\u00e3o de Fidel Castro de n\u00e3o disponibilizar o seu nome para a presid\u00eancia de Cuba na elei\u00e7\u00e3o do pr\u00f3ximo domingo (24\/02), queremos expressar a nossa opini\u00e3o, que \u00e9 tamb\u00e9m uma homenagem. Fidel representa a revolu\u00e7\u00e3o mais importante do nosso continente no s\u00e9culo passado.Uma revolu\u00e7\u00e3o que transformou Cuba, que era um verdadeiro quintal dos Estados Unidos, no pa\u00eds com melhor n\u00edvel de educa\u00e7\u00e3o e sa\u00fade da Am\u00e9rica Latina.Uma revolu\u00e7\u00e3o que sobrevive h\u00e1 cinq\u00fcenta anos diante de um perverso embargo econ\u00f4mico imposto pelo imperialismo norte americano, embargo que imp\u00f5e extremas dificuldades econ\u00f4micas ao seu povo, que vive em condi\u00e7\u00f5es muito dif\u00edcieis e ainda assim ap\u00f3ia de forma entusiasta a revolu\u00e7\u00e3o que libertou o seu pa\u00eds das garras norte americanas. Ap\u00f3s o colapso da Uni\u00e3o Sovi\u00e9tica, a situa\u00e7\u00e3o econ\u00f4mica se agravou ainda mais, mas mesmo assim o povo cubano resistiu e atravessou os anos 90 e a ofensiva neoliberal que se seguiu N\u00f3s acreditamos e defendemos que o socialismo e liberdade s\u00e3o indissoci\u00e1veis, entretanto a \u201c democracia\u201d defendida pelo governo Bush para Cuba \u00e9 uma farsa, pois enquanto os EUA pregam a liberdade a Cuba, apoia os regimes ditatorias mais saguin\u00e1rios do planeta e mant\u00e9m em territ\u00f3rio cubano a base de Guant\u00e1namo, onde h\u00e1 presos sem processos e tortura-se com a anu\u00eancia das leis americanas<\/p>\n<p>N\u00f3s defendemos a revolu\u00e7\u00e3o cubana e suas conquistas.Defendemos tamb\u00e9m que seja suspenso o embargo norte americano contra a ilha, para que o povo cubano, livre das press\u00f5es econ\u00f4micas causadas pelo embargo, tenha melhores condi\u00e7\u00f5es de decidir os caminhos da sua revolu\u00e7\u00e3o.Cuba continua sendo uma grande refer\u00eancia revolucion\u00e1ria e seu futuro depende muito do que aconte\u00e7a em nosso continente. Se continuam os processos abertos na Venezuela, Equador e Bol\u00edvia, Cuba n\u00e3o ficar\u00e1 isolada, pois aumentar\u00e1 a chance de fortalecimento da ALBA, uma nova forma de integra\u00e7\u00e3o latino americana livre das pol\u00edticas neoliberais que tanto massacram o nosso povo, proposta esta que infelizmente n\u00e3o tem sido apoiada pelo governo brasileiro.<\/p>\n<p>Se cuba resistiu \u00e0 d\u00e9cada da ofensiva neoliberal e aos ataques e press\u00f5es do governo BUSH foi pelas profundas ra\u00edzes de sua revolu\u00e7\u00e3o. Fidel Castro foi produto e l\u00edder maior ao lado de Che Guevara desta revolu\u00e7\u00e3o que sustentou em meio a uma Am\u00e9rica Latina e um terceiro mundo dominado pele injusti\u00e7a e pela pobreza.&#8221;<\/p>\n<p><em>Bras\u00edlia, 21 de fevereiro de 2008.<\/em><\/p>\n<p>Deputada Luciana Genro &#8211; L\u00edder do PSOL<br \/>Deputado Chico Alencar<br \/>Deputado Ivan Valente <\/p>\n","protected":false},"excerpt":{"rendered":"<p>A Bancada do Partido Socialismo e Liberdade divulga nota em que defende a revolu\u00e7\u00e3o cubana e suas conquistas. Acredita e defende que o socialismo e liberdade s\u00e3o indissoci\u00e1veis. E afirma: Fidel representa a revolu\u00e7\u00e3o mais importante do nosso continente no s\u00e9culo passado. Leia a \u00edntegra da nota.<\/p>\n","protected":false},"author":2,"featured_media":0,"comment_status":"open","ping_status":"open","sticky":false,"template":"","format":"standard","meta":{"_acf_changed":false,"footnotes":""},"categories":[4766],"tags":[],"class_list":{"0":"post-325","1":"post","2":"type-post","3":"status-publish","4":"format-standard","6":"category-arquivo"},"acf":[],"yoast_head":"<!-- This site is optimized with the Yoast SEO plugin v26.5 - https:\/\/yoast.com\/wordpress\/plugins\/seo\/ -->\n<title>Fidel Castro e Cuba: a revolu\u00e7\u00e3o mais importante - PSOL 50<\/title>\n<meta name=\"robots\" content=\"index, follow, max-snippet:-1, max-image-preview:large, max-video-preview:-1\" \/>\n<link rel=\"canonical\" href=\"https:\/\/psol50.org.br\/fidel-castro-e-cuba-a-revolucao-mais-importante\/\" \/>\n<meta property=\"og:locale\" content=\"pt_BR\" \/>\n<meta property=\"og:type\" content=\"article\" \/>\n<meta property=\"og:title\" content=\"Fidel Castro e Cuba: a revolu\u00e7\u00e3o mais importante - PSOL 50\" \/>\n<meta property=\"og:description\" content=\"A Bancada do Partido Socialismo e Liberdade divulga nota em que defende a revolu\u00e7\u00e3o cubana e suas conquistas. Acredita e defende que o socialismo e liberdade s\u00e3o indissoci\u00e1veis. E afirma: Fidel representa a revolu\u00e7\u00e3o mais importante do nosso continente no s\u00e9culo passado. Leia a \u00edntegra da nota.\" \/>\n<meta property=\"og:url\" content=\"https:\/\/psol50.org.br\/fidel-castro-e-cuba-a-revolucao-mais-importante\/\" \/>\n<meta property=\"og:site_name\" content=\"PSOL 50\" \/>\n<meta property=\"article:publisher\" content=\"https:\/\/www.facebook.com\/psol50\" \/>\n<meta property=\"article:published_time\" content=\"2008-02-26T00:00:00+00:00\" \/>\n<meta property=\"og:image\" content=\"https:\/\/psol50.org.br\/inc\/uploads\/2018\/07\/capa.png\" \/>\n\t<meta property=\"og:image:width\" content=\"1350\" \/>\n\t<meta property=\"og:image:height\" content=\"900\" \/>\n\t<meta property=\"og:image:type\" content=\"image\/png\" \/>\n<meta name=\"author\" content=\"Comunica\u00e7\u00e3o PSOL\" \/>\n<meta name=\"twitter:card\" content=\"summary_large_image\" \/>\n<meta name=\"twitter:creator\" content=\"@psol50\" \/>\n<meta name=\"twitter:site\" content=\"@psol50\" \/>\n<meta name=\"twitter:label1\" content=\"Escrito por\" \/>\n\t<meta name=\"twitter:data1\" content=\"Comunica\u00e7\u00e3o PSOL\" \/>\n\t<meta name=\"twitter:label2\" content=\"Est. tempo de leitura\" \/>\n\t<meta name=\"twitter:data2\" content=\"3 minutos\" \/>\n<script type=\"application\/ld+json\" class=\"yoast-schema-graph\">{\"@context\":\"https:\/\/schema.org\",\"@graph\":[{\"@type\":\"Article\",\"@id\":\"https:\/\/psol50.org.br\/fidel-castro-e-cuba-a-revolucao-mais-importante\/#article\",\"isPartOf\":{\"@id\":\"https:\/\/psol50.org.br\/fidel-castro-e-cuba-a-revolucao-mais-importante\/\"},\"author\":{\"name\":\"Comunica\u00e7\u00e3o PSOL\",\"@id\":\"https:\/\/psol50.org.br\/#\/schema\/person\/475dfa57d0b815993c714c2e96491fcd\"},\"headline\":\"Fidel Castro e Cuba: a revolu\u00e7\u00e3o mais importante\",\"datePublished\":\"2008-02-26T00:00:00+00:00\",\"mainEntityOfPage\":{\"@id\":\"https:\/\/psol50.org.br\/fidel-castro-e-cuba-a-revolucao-mais-importante\/\"},\"wordCount\":517,\"commentCount\":0,\"publisher\":{\"@id\":\"https:\/\/psol50.org.br\/#organization\"},\"articleSection\":[\"Arquivo\"],\"inLanguage\":\"pt-BR\",\"potentialAction\":[{\"@type\":\"CommentAction\",\"name\":\"Comment\",\"target\":[\"https:\/\/psol50.org.br\/fidel-castro-e-cuba-a-revolucao-mais-importante\/#respond\"]}]},{\"@type\":\"WebPage\",\"@id\":\"https:\/\/psol50.org.br\/fidel-castro-e-cuba-a-revolucao-mais-importante\/\",\"url\":\"https:\/\/psol50.org.br\/fidel-castro-e-cuba-a-revolucao-mais-importante\/\",\"name\":\"Fidel Castro e Cuba: a revolu\u00e7\u00e3o mais importante - PSOL 50\",\"isPartOf\":{\"@id\":\"https:\/\/psol50.org.br\/#website\"},\"datePublished\":\"2008-02-26T00:00:00+00:00\",\"breadcrumb\":{\"@id\":\"https:\/\/psol50.org.br\/fidel-castro-e-cuba-a-revolucao-mais-importante\/#breadcrumb\"},\"inLanguage\":\"pt-BR\",\"potentialAction\":[{\"@type\":\"ReadAction\",\"target\":[\"https:\/\/psol50.org.br\/fidel-castro-e-cuba-a-revolucao-mais-importante\/\"]}]},{\"@type\":\"BreadcrumbList\",\"@id\":\"https:\/\/psol50.org.br\/fidel-castro-e-cuba-a-revolucao-mais-importante\/#breadcrumb\",\"itemListElement\":[{\"@type\":\"ListItem\",\"position\":1,\"name\":\"In\u00edcio\",\"item\":\"https:\/\/psol50.org.br\/\"},{\"@type\":\"ListItem\",\"position\":2,\"name\":\"Fidel Castro e Cuba: a revolu\u00e7\u00e3o mais importante\"}]},{\"@type\":\"WebSite\",\"@id\":\"https:\/\/psol50.org.br\/#website\",\"url\":\"https:\/\/psol50.org.br\/\",\"name\":\"PSOL 50\",\"description\":\"Site oficial do Partido Socialismo e Liberdade\",\"publisher\":{\"@id\":\"https:\/\/psol50.org.br\/#organization\"},\"alternateName\":\"PSOL50\",\"potentialAction\":[{\"@type\":\"SearchAction\",\"target\":{\"@type\":\"EntryPoint\",\"urlTemplate\":\"https:\/\/psol50.org.br\/?s={search_term_string}\"},\"query-input\":{\"@type\":\"PropertyValueSpecification\",\"valueRequired\":true,\"valueName\":\"search_term_string\"}}],\"inLanguage\":\"pt-BR\"},{\"@type\":\"Organization\",\"@id\":\"https:\/\/psol50.org.br\/#organization\",\"name\":\"PSOL 50\",\"alternateName\":\"PSOL 50\",\"url\":\"https:\/\/psol50.org.br\/\",\"logo\":{\"@type\":\"ImageObject\",\"inLanguage\":\"pt-BR\",\"@id\":\"https:\/\/psol50.org.br\/#\/schema\/logo\/image\/\",\"url\":\"https:\/\/psol50.org.br\/inc\/uploads\/2018\/07\/capa.png\",\"contentUrl\":\"https:\/\/psol50.org.br\/inc\/uploads\/2018\/07\/capa.png\",\"width\":1350,\"height\":900,\"caption\":\"PSOL 50\"},\"image\":{\"@id\":\"https:\/\/psol50.org.br\/#\/schema\/logo\/image\/\"},\"sameAs\":[\"https:\/\/www.facebook.com\/psol50\",\"https:\/\/x.com\/psol50\",\"https:\/\/www.instagram.com\/psol50\/\",\"https:\/\/www.youtube.com\/channel\/UC7SnJS5o1os7a6CaiNabzcg\"]},{\"@type\":\"Person\",\"@id\":\"https:\/\/psol50.org.br\/#\/schema\/person\/475dfa57d0b815993c714c2e96491fcd\",\"name\":\"Comunica\u00e7\u00e3o PSOL\",\"image\":{\"@type\":\"ImageObject\",\"inLanguage\":\"pt-BR\",\"@id\":\"https:\/\/psol50.org.br\/#\/schema\/person\/image\/\",\"url\":\"https:\/\/secure.gravatar.com\/avatar\/b34fc4f4e468a4e51785917065a3db57b841f5c95dba6ad8c73aaf8f66f8f9bf?s=96&d=mm&r=g\",\"contentUrl\":\"https:\/\/secure.gravatar.com\/avatar\/b34fc4f4e468a4e51785917065a3db57b841f5c95dba6ad8c73aaf8f66f8f9bf?s=96&d=mm&r=g\",\"caption\":\"Comunica\u00e7\u00e3o PSOL\"}}]}<\/script>\n<!-- \/ Yoast SEO plugin. -->","yoast_head_json":{"title":"Fidel Castro e Cuba: a revolu\u00e7\u00e3o mais importante - PSOL 50","robots":{"index":"index","follow":"follow","max-snippet":"max-snippet:-1","max-image-preview":"max-image-preview:large","max-video-preview":"max-video-preview:-1"},"canonical":"https:\/\/psol50.org.br\/fidel-castro-e-cuba-a-revolucao-mais-importante\/","og_locale":"pt_BR","og_type":"article","og_title":"Fidel Castro e Cuba: a revolu\u00e7\u00e3o mais importante - PSOL 50","og_description":"A Bancada do Partido Socialismo e Liberdade divulga nota em que defende a revolu\u00e7\u00e3o cubana e suas conquistas. Acredita e defende que o socialismo e liberdade s\u00e3o indissoci\u00e1veis. E afirma: Fidel representa a revolu\u00e7\u00e3o mais importante do nosso continente no s\u00e9culo passado. Leia a \u00edntegra da nota.","og_url":"https:\/\/psol50.org.br\/fidel-castro-e-cuba-a-revolucao-mais-importante\/","og_site_name":"PSOL 50","article_publisher":"https:\/\/www.facebook.com\/psol50","article_published_time":"2008-02-26T00:00:00+00:00","og_image":[{"width":1350,"height":900,"url":"https:\/\/psol50.org.br\/inc\/uploads\/2018\/07\/capa.png","type":"image\/png"}],"author":"Comunica\u00e7\u00e3o PSOL","twitter_card":"summary_large_image","twitter_creator":"@psol50","twitter_site":"@psol50","twitter_misc":{"Escrito por":"Comunica\u00e7\u00e3o PSOL","Est. tempo de leitura":"3 minutos"},"schema":{"@context":"https:\/\/schema.org","@graph":[{"@type":"Article","@id":"https:\/\/psol50.org.br\/fidel-castro-e-cuba-a-revolucao-mais-importante\/#article","isPartOf":{"@id":"https:\/\/psol50.org.br\/fidel-castro-e-cuba-a-revolucao-mais-importante\/"},"author":{"name":"Comunica\u00e7\u00e3o PSOL","@id":"https:\/\/psol50.org.br\/#\/schema\/person\/475dfa57d0b815993c714c2e96491fcd"},"headline":"Fidel Castro e Cuba: a revolu\u00e7\u00e3o mais importante","datePublished":"2008-02-26T00:00:00+00:00","mainEntityOfPage":{"@id":"https:\/\/psol50.org.br\/fidel-castro-e-cuba-a-revolucao-mais-importante\/"},"wordCount":517,"commentCount":0,"publisher":{"@id":"https:\/\/psol50.org.br\/#organization"},"articleSection":["Arquivo"],"inLanguage":"pt-BR","potentialAction":[{"@type":"CommentAction","name":"Comment","target":["https:\/\/psol50.org.br\/fidel-castro-e-cuba-a-revolucao-mais-importante\/#respond"]}]},{"@type":"WebPage","@id":"https:\/\/psol50.org.br\/fidel-castro-e-cuba-a-revolucao-mais-importante\/","url":"https:\/\/psol50.org.br\/fidel-castro-e-cuba-a-revolucao-mais-importante\/","name":"Fidel Castro e Cuba: a revolu\u00e7\u00e3o mais importante - PSOL 50","isPartOf":{"@id":"https:\/\/psol50.org.br\/#website"},"datePublished":"2008-02-26T00:00:00+00:00","breadcrumb":{"@id":"https:\/\/psol50.org.br\/fidel-castro-e-cuba-a-revolucao-mais-importante\/#breadcrumb"},"inLanguage":"pt-BR","potentialAction":[{"@type":"ReadAction","target":["https:\/\/psol50.org.br\/fidel-castro-e-cuba-a-revolucao-mais-importante\/"]}]},{"@type":"BreadcrumbList","@id":"https:\/\/psol50.org.br\/fidel-castro-e-cuba-a-revolucao-mais-importante\/#breadcrumb","itemListElement":[{"@type":"ListItem","position":1,"name":"In\u00edcio","item":"https:\/\/psol50.org.br\/"},{"@type":"ListItem","position":2,"name":"Fidel Castro e Cuba: a revolu\u00e7\u00e3o mais importante"}]},{"@type":"WebSite","@id":"https:\/\/psol50.org.br\/#website","url":"https:\/\/psol50.org.br\/","name":"PSOL 50","description":"Site oficial do Partido Socialismo e Liberdade","publisher":{"@id":"https:\/\/psol50.org.br\/#organization"},"alternateName":"PSOL50","potentialAction":[{"@type":"SearchAction","target":{"@type":"EntryPoint","urlTemplate":"https:\/\/psol50.org.br\/?s={search_term_string}"},"query-input":{"@type":"PropertyValueSpecification","valueRequired":true,"valueName":"search_term_string"}}],"inLanguage":"pt-BR"},{"@type":"Organization","@id":"https:\/\/psol50.org.br\/#organization","name":"PSOL 50","alternateName":"PSOL 50","url":"https:\/\/psol50.org.br\/","logo":{"@type":"ImageObject","inLanguage":"pt-BR","@id":"https:\/\/psol50.org.br\/#\/schema\/logo\/image\/","url":"https:\/\/psol50.org.br\/inc\/uploads\/2018\/07\/capa.png","contentUrl":"https:\/\/psol50.org.br\/inc\/uploads\/2018\/07\/capa.png","width":1350,"height":900,"caption":"PSOL 50"},"image":{"@id":"https:\/\/psol50.org.br\/#\/schema\/logo\/image\/"},"sameAs":["https:\/\/www.facebook.com\/psol50","https:\/\/x.com\/psol50","https:\/\/www.instagram.com\/psol50\/","https:\/\/www.youtube.com\/channel\/UC7SnJS5o1os7a6CaiNabzcg"]},{"@type":"Person","@id":"https:\/\/psol50.org.br\/#\/schema\/person\/475dfa57d0b815993c714c2e96491fcd","name":"Comunica\u00e7\u00e3o PSOL","image":{"@type":"ImageObject","inLanguage":"pt-BR","@id":"https:\/\/psol50.org.br\/#\/schema\/person\/image\/","url":"https:\/\/secure.gravatar.com\/avatar\/b34fc4f4e468a4e51785917065a3db57b841f5c95dba6ad8c73aaf8f66f8f9bf?s=96&d=mm&r=g","contentUrl":"https:\/\/secure.gravatar.com\/avatar\/b34fc4f4e468a4e51785917065a3db57b841f5c95dba6ad8c73aaf8f66f8f9bf?s=96&d=mm&r=g","caption":"Comunica\u00e7\u00e3o PSOL"}}]}},"_links":{"self":[{"href":"https:\/\/psol50.org.br\/rest\/wp\/v2\/posts\/325","targetHints":{"allow":["GET"]}}],"collection":[{"href":"https:\/\/psol50.org.br\/rest\/wp\/v2\/posts"}],"about":[{"href":"https:\/\/psol50.org.br\/rest\/wp\/v2\/types\/post"}],"author":[{"embeddable":true,"href":"https:\/\/psol50.org.br\/rest\/wp\/v2\/users\/2"}],"replies":[{"embeddable":true,"href":"https:\/\/psol50.org.br\/rest\/wp\/v2\/comments?post=325"}],"version-history":[{"count":0,"href":"https:\/\/psol50.org.br\/rest\/wp\/v2\/posts\/325\/revisions"}],"wp:attachment":[{"href":"https:\/\/psol50.org.br\/rest\/wp\/v2\/media?parent=325"}],"wp:term":[{"taxonomy":"category","embeddable":true,"href":"https:\/\/psol50.org.br\/rest\/wp\/v2\/categories?post=325"},{"taxonomy":"post_tag","embeddable":true,"href":"https:\/\/psol50.org.br\/rest\/wp\/v2\/tags?post=325"}],"curies":[{"name":"wp","href":"https:\/\/api.w.org\/{rel}","templated":true}]}}