{"id":32504,"date":"2021-04-27T16:17:03","date_gmt":"2021-04-27T19:17:03","guid":{"rendered":"https:\/\/psol50.org.br\/?p=32504"},"modified":"2021-04-27T16:17:03","modified_gmt":"2021-04-27T19:17:03","slug":"guilherme-boulos-a-confissao-de-bolsonaro-ja-esta-pronta","status":"publish","type":"post","link":"https:\/\/psol50.org.br\/guilherme-boulos-a-confissao-de-bolsonaro-ja-esta-pronta\/","title":{"rendered":"Guilherme Boulos: &#8220;A confiss\u00e3o de Bolsonaro j\u00e1 est\u00e1 pronta&#8221;"},"content":{"rendered":"<p><a href=\"https:\/\/psol50.org.br\/vacinaja\/\" target=\"_blank\" rel=\"noopener\"><img loading=\"lazy\" decoding=\"async\" class=\"alignnone size-full wp-image-31535\" src=\"https:\/\/psol50.org.br\/inc\/uploads\/2020\/12\/Web-1920-\u2013-1.jpg\" alt=\"\" width=\"1920\" height=\"339\" srcset=\"https:\/\/psol50.org.br\/inc\/uploads\/2020\/12\/Web-1920-\u2013-1.jpg 1920w, https:\/\/psol50.org.br\/inc\/uploads\/2020\/12\/Web-1920-\u2013-1-300x53.jpg 300w, https:\/\/psol50.org.br\/inc\/uploads\/2020\/12\/Web-1920-\u2013-1-1024x181.jpg 1024w, https:\/\/psol50.org.br\/inc\/uploads\/2020\/12\/Web-1920-\u2013-1-768x136.jpg 768w, https:\/\/psol50.org.br\/inc\/uploads\/2020\/12\/Web-1920-\u2013-1-1536x271.jpg 1536w, https:\/\/psol50.org.br\/inc\/uploads\/2020\/12\/Web-1920-\u2013-1-150x26.jpg 150w, https:\/\/psol50.org.br\/inc\/uploads\/2020\/12\/Web-1920-\u2013-1-696x123.jpg 696w, https:\/\/psol50.org.br\/inc\/uploads\/2020\/12\/Web-1920-\u2013-1-1068x189.jpg 1068w\" sizes=\"auto, (max-width: 1920px) 100vw, 1920px\" \/><\/a><br \/>\nEm seu artigo nesta semana na Folha de S. Paulo, Guilherme Boulos trata sobre um assunto que \u00e9 capaz de mudar o rumo da trag\u00e9dia que o Brasil vive desde o in\u00edcio de 2020, com um v\u00edrus letal que se espalhou pelo mundo e um presidente nocivo que promoveu um genoc\u00eddio da popula\u00e7\u00e3o. A CPI da Pandemia foi instalada nesta ter\u00e7a-feira (27) no Senado Federal e ir\u00e1 apurar os crimes de Bolsonaro durante a pandemia. A confiss\u00e3o de seus atos ficou por conta da Casa Civil, que fez um levantamento das responsabilidades do presidente na condu\u00e7\u00e3o do combate ao v\u00edrus.<br \/>\n\u201cO roteiro da CPI \u00e9 de autoria do pr\u00f3prio Bolsonaro. A comprova\u00e7\u00e3o de cada um dos fatos est\u00e1 escancarada nos seus discursos e no notici\u00e1rio do \u00faltimo ano. Na verdade, o que est\u00e1 em jogo na CPI n\u00e3o s\u00e3o d\u00favidas reais sobre o m\u00e9rito \u2014 que \u00e9 autoevidente \u2014, mas a escolha pol\u00edtica dos parlamentares&#8221;, explica Boulos.<br \/>\nSe o Brasil chegou a triste marca de quase 400 mil vidas perdidas, o principal respons\u00e1vel \u00e9 Bolsonaro, cujo o pr\u00f3prio governo j\u00e1 sistematizou ao menos 23 acusa\u00e7\u00f5es. Neglig\u00eancia ao promover um &#8220;tratamento precoce&#8221; ineficaz e ignorar todas as medidas sanit\u00e1rias recomendadas s\u00e3o algumas das quest\u00f5es que Bolsonaro ter\u00e1 que responder.<br \/>\n&#8220;H\u00e1 aqueles que defender\u00e3o Bolsonaro at\u00e9 o limite do absurdo porque est\u00e3o no governo. H\u00e1 aqueles que usar\u00e3o a CPI para negociar seu passe, barganhando emendas e cargos. E h\u00e1 aqueles que expressar\u00e3o o clamor social pela interrup\u00e7\u00e3o dos crimes contra a vida dos brasileiros e por sua puni\u00e7\u00e3o. S\u00e3o esses os lados da batalha&#8221;, avalia o dirigente do MTST.<br \/>\n\u201cA vit\u00f3ria desta \u00faltima posi\u00e7\u00e3o pode fazer da CPI a antessala para o impeachment de Bolsonaro e, passo seguinte, para sua responsabiliza\u00e7\u00e3o criminal. N\u00e3o estamos diante de uma disputa pol\u00edtica comezinha, mas da possibilidade de ainda salvar vidas, afinal os crimes e a pandemia seguem em curso. Se for ao banco dos r\u00e9us, aqui ou em Haia, Bolsonaro ao menos tem uma vantagem: a confiss\u00e3o j\u00e1 est\u00e1 pronta&#8221;, conclui Boulos.<\/p>\n<h5><strong><a href=\"https:\/\/www1.folha.uol.com.br\/amp\/colunas\/guilhermeboulos\/2021\/04\/confissoes-de-um-genocida.shtml\" target=\"_blank\" rel=\"noopener\">Leia o artigo na \u00edntegra clicando aqui.<\/a><\/strong><\/h5>\n<p><a href=\"https:\/\/psol50.org.br\/rendajusta\/\" target=\"_blank\" rel=\"noopener\"><img loading=\"lazy\" decoding=\"async\" class=\"alignnone size-full wp-image-30552\" src=\"https:\/\/psol50.org.br\/inc\/uploads\/2020\/08\/21-08-2020_LancamentoRendaJusta-2.png\" alt=\"\" width=\"1920\" height=\"383\" srcset=\"https:\/\/psol50.org.br\/inc\/uploads\/2020\/08\/21-08-2020_LancamentoRendaJusta-2.png 1920w, https:\/\/psol50.org.br\/inc\/uploads\/2020\/08\/21-08-2020_LancamentoRendaJusta-2-300x60.png 300w, https:\/\/psol50.org.br\/inc\/uploads\/2020\/08\/21-08-2020_LancamentoRendaJusta-2-1024x204.png 1024w, https:\/\/psol50.org.br\/inc\/uploads\/2020\/08\/21-08-2020_LancamentoRendaJusta-2-768x153.png 768w, https:\/\/psol50.org.br\/inc\/uploads\/2020\/08\/21-08-2020_LancamentoRendaJusta-2-1536x306.png 1536w, https:\/\/psol50.org.br\/inc\/uploads\/2020\/08\/21-08-2020_LancamentoRendaJusta-2-150x30.png 150w, https:\/\/psol50.org.br\/inc\/uploads\/2020\/08\/21-08-2020_LancamentoRendaJusta-2-696x139.png 696w, https:\/\/psol50.org.br\/inc\/uploads\/2020\/08\/21-08-2020_LancamentoRendaJusta-2-1068x213.png 1068w\" sizes=\"auto, (max-width: 1920px) 100vw, 1920px\" \/><\/a><\/p>\n","protected":false},"excerpt":{"rendered":"<p>Em seu artigo nesta semana na Folha de S. Paulo, Guilherme Boulos trata sobre um assunto que \u00e9 capaz de mudar o rumo da trag\u00e9dia que o Brasil vive desde o in\u00edcio de 2020, com um v\u00edrus letal que se espalhou pelo mundo e um presidente nocivo que promoveu um genoc\u00eddio da popula\u00e7\u00e3o. A CPI [&hellip;]<\/p>\n","protected":false},"author":2,"featured_media":32505,"comment_status":"closed","ping_status":"open","sticky":false,"template":"","format":"standard","meta":{"_acf_changed":false,"footnotes":""},"categories":[3,6],"tags":[266,56,330,977,367],"class_list":{"0":"post-32504","1":"post","2":"type-post","3":"status-publish","4":"format-standard","5":"has-post-thumbnail","7":"category-artigos-e-entrevistas","8":"category-noticias","9":"tag-artigo","10":"tag-bolsonaro","11":"tag-cpi","12":"tag-guilherme-boulos","13":"tag-pandemia"},"acf":[],"yoast_head":"<!-- This site is optimized with the Yoast SEO plugin v26.5 - https:\/\/yoast.com\/wordpress\/plugins\/seo\/ -->\n<title>Guilherme Boulos: &quot;A confiss\u00e3o de Bolsonaro j\u00e1 est\u00e1 pronta&quot;<\/title>\n<meta name=\"description\" content=\"A confiss\u00e3o de seus atos ficou por conta da Casa Civil, que fez um levantamento das responsabilidades do presidente na condu\u00e7\u00e3o do combate ao v\u00edrus.\" \/>\n<meta name=\"robots\" content=\"index, follow, max-snippet:-1, max-image-preview:large, max-video-preview:-1\" \/>\n<link rel=\"canonical\" href=\"https:\/\/psol50.org.br\/guilherme-boulos-a-confissao-de-bolsonaro-ja-esta-pronta\/\" \/>\n<meta property=\"og:locale\" content=\"pt_BR\" \/>\n<meta property=\"og:type\" content=\"article\" \/>\n<meta property=\"og:title\" content=\"Guilherme Boulos: &quot;A confiss\u00e3o de Bolsonaro j\u00e1 est\u00e1 pronta&quot;\" \/>\n<meta property=\"og:description\" content=\"A confiss\u00e3o de seus atos ficou por conta da Casa Civil, que fez um levantamento das responsabilidades do presidente na condu\u00e7\u00e3o do combate ao v\u00edrus.\" \/>\n<meta property=\"og:url\" content=\"https:\/\/psol50.org.br\/guilherme-boulos-a-confissao-de-bolsonaro-ja-esta-pronta\/\" \/>\n<meta property=\"og:site_name\" content=\"PSOL 50\" \/>\n<meta property=\"article:publisher\" content=\"https:\/\/www.facebook.com\/psol50\" \/>\n<meta property=\"article:published_time\" content=\"2021-04-27T19:17:03+00:00\" \/>\n<meta property=\"og:image\" content=\"https:\/\/psol50.org.br\/inc\/uploads\/2021\/04\/5f39c7f6ad7c79dedeccdf245798719c_62f9d3544f0d1aaed17b5270aee287ce.png\" \/>\n\t<meta property=\"og:image:width\" content=\"800\" \/>\n\t<meta property=\"og:image:height\" content=\"476\" \/>\n\t<meta property=\"og:image:type\" content=\"image\/png\" \/>\n<meta name=\"author\" content=\"Comunica\u00e7\u00e3o PSOL\" \/>\n<meta name=\"twitter:card\" content=\"summary_large_image\" \/>\n<meta name=\"twitter:title\" content=\"Guilherme Boulos: &quot;A confiss\u00e3o de Bolsonaro j\u00e1 est\u00e1 pronta&quot;\" \/>\n<meta name=\"twitter:description\" content=\"A confiss\u00e3o de seus atos ficou por conta da Casa Civil, que fez um levantamento das responsabilidades do presidente na condu\u00e7\u00e3o do combate ao v\u00edrus.\" \/>\n<meta name=\"twitter:image\" content=\"https:\/\/psol50.org.br\/inc\/uploads\/2021\/04\/5f39c7f6ad7c79dedeccdf245798719c_62f9d3544f0d1aaed17b5270aee287ce.png\" \/>\n<meta name=\"twitter:creator\" content=\"@psol50\" \/>\n<meta name=\"twitter:site\" content=\"@psol50\" \/>\n<meta name=\"twitter:label1\" content=\"Escrito por\" \/>\n\t<meta name=\"twitter:data1\" content=\"Comunica\u00e7\u00e3o PSOL\" \/>\n\t<meta name=\"twitter:label2\" content=\"Est. tempo de leitura\" \/>\n\t<meta name=\"twitter:data2\" content=\"2 minutos\" \/>\n<script type=\"application\/ld+json\" class=\"yoast-schema-graph\">{\"@context\":\"https:\/\/schema.org\",\"@graph\":[{\"@type\":\"Article\",\"@id\":\"https:\/\/psol50.org.br\/guilherme-boulos-a-confissao-de-bolsonaro-ja-esta-pronta\/#article\",\"isPartOf\":{\"@id\":\"https:\/\/psol50.org.br\/guilherme-boulos-a-confissao-de-bolsonaro-ja-esta-pronta\/\"},\"author\":{\"name\":\"Comunica\u00e7\u00e3o PSOL\",\"@id\":\"https:\/\/psol50.org.br\/#\/schema\/person\/475dfa57d0b815993c714c2e96491fcd\"},\"headline\":\"Guilherme Boulos: &#8220;A confiss\u00e3o de Bolsonaro j\u00e1 est\u00e1 pronta&#8221;\",\"datePublished\":\"2021-04-27T19:17:03+00:00\",\"mainEntityOfPage\":{\"@id\":\"https:\/\/psol50.org.br\/guilherme-boulos-a-confissao-de-bolsonaro-ja-esta-pronta\/\"},\"wordCount\":383,\"publisher\":{\"@id\":\"https:\/\/psol50.org.br\/#organization\"},\"image\":{\"@id\":\"https:\/\/psol50.org.br\/guilherme-boulos-a-confissao-de-bolsonaro-ja-esta-pronta\/#primaryimage\"},\"thumbnailUrl\":\"https:\/\/psol50.org.br\/inc\/uploads\/2021\/04\/5f39c7f6ad7c79dedeccdf245798719c_62f9d3544f0d1aaed17b5270aee287ce.png\",\"keywords\":[\"artigo\",\"Bolsonaro\",\"CPI\",\"Guilherme Boulos\",\"pandemia\"],\"articleSection\":[\"Artigos\",\"Not\u00edcias\"],\"inLanguage\":\"pt-BR\"},{\"@type\":\"WebPage\",\"@id\":\"https:\/\/psol50.org.br\/guilherme-boulos-a-confissao-de-bolsonaro-ja-esta-pronta\/\",\"url\":\"https:\/\/psol50.org.br\/guilherme-boulos-a-confissao-de-bolsonaro-ja-esta-pronta\/\",\"name\":\"Guilherme Boulos: \\\"A confiss\u00e3o de Bolsonaro j\u00e1 est\u00e1 pronta\\\"\",\"isPartOf\":{\"@id\":\"https:\/\/psol50.org.br\/#website\"},\"primaryImageOfPage\":{\"@id\":\"https:\/\/psol50.org.br\/guilherme-boulos-a-confissao-de-bolsonaro-ja-esta-pronta\/#primaryimage\"},\"image\":{\"@id\":\"https:\/\/psol50.org.br\/guilherme-boulos-a-confissao-de-bolsonaro-ja-esta-pronta\/#primaryimage\"},\"thumbnailUrl\":\"https:\/\/psol50.org.br\/inc\/uploads\/2021\/04\/5f39c7f6ad7c79dedeccdf245798719c_62f9d3544f0d1aaed17b5270aee287ce.png\",\"datePublished\":\"2021-04-27T19:17:03+00:00\",\"description\":\"A confiss\u00e3o de seus atos ficou por conta da Casa Civil, que fez um levantamento das responsabilidades do presidente na condu\u00e7\u00e3o do combate ao v\u00edrus.\",\"breadcrumb\":{\"@id\":\"https:\/\/psol50.org.br\/guilherme-boulos-a-confissao-de-bolsonaro-ja-esta-pronta\/#breadcrumb\"},\"inLanguage\":\"pt-BR\",\"potentialAction\":[{\"@type\":\"ReadAction\",\"target\":[\"https:\/\/psol50.org.br\/guilherme-boulos-a-confissao-de-bolsonaro-ja-esta-pronta\/\"]}]},{\"@type\":\"ImageObject\",\"inLanguage\":\"pt-BR\",\"@id\":\"https:\/\/psol50.org.br\/guilherme-boulos-a-confissao-de-bolsonaro-ja-esta-pronta\/#primaryimage\",\"url\":\"https:\/\/psol50.org.br\/inc\/uploads\/2021\/04\/5f39c7f6ad7c79dedeccdf245798719c_62f9d3544f0d1aaed17b5270aee287ce.png\",\"contentUrl\":\"https:\/\/psol50.org.br\/inc\/uploads\/2021\/04\/5f39c7f6ad7c79dedeccdf245798719c_62f9d3544f0d1aaed17b5270aee287ce.png\",\"width\":800,\"height\":476},{\"@type\":\"BreadcrumbList\",\"@id\":\"https:\/\/psol50.org.br\/guilherme-boulos-a-confissao-de-bolsonaro-ja-esta-pronta\/#breadcrumb\",\"itemListElement\":[{\"@type\":\"ListItem\",\"position\":1,\"name\":\"In\u00edcio\",\"item\":\"https:\/\/psol50.org.br\/\"},{\"@type\":\"ListItem\",\"position\":2,\"name\":\"Guilherme Boulos: &#8220;A confiss\u00e3o de Bolsonaro j\u00e1 est\u00e1 pronta&#8221;\"}]},{\"@type\":\"WebSite\",\"@id\":\"https:\/\/psol50.org.br\/#website\",\"url\":\"https:\/\/psol50.org.br\/\",\"name\":\"PSOL 50\",\"description\":\"Site oficial do Partido Socialismo e Liberdade\",\"publisher\":{\"@id\":\"https:\/\/psol50.org.br\/#organization\"},\"alternateName\":\"PSOL50\",\"potentialAction\":[{\"@type\":\"SearchAction\",\"target\":{\"@type\":\"EntryPoint\",\"urlTemplate\":\"https:\/\/psol50.org.br\/?s={search_term_string}\"},\"query-input\":{\"@type\":\"PropertyValueSpecification\",\"valueRequired\":true,\"valueName\":\"search_term_string\"}}],\"inLanguage\":\"pt-BR\"},{\"@type\":\"Organization\",\"@id\":\"https:\/\/psol50.org.br\/#organization\",\"name\":\"PSOL 50\",\"alternateName\":\"PSOL 50\",\"url\":\"https:\/\/psol50.org.br\/\",\"logo\":{\"@type\":\"ImageObject\",\"inLanguage\":\"pt-BR\",\"@id\":\"https:\/\/psol50.org.br\/#\/schema\/logo\/image\/\",\"url\":\"https:\/\/psol50.org.br\/inc\/uploads\/2018\/07\/capa.png\",\"contentUrl\":\"https:\/\/psol50.org.br\/inc\/uploads\/2018\/07\/capa.png\",\"width\":1350,\"height\":900,\"caption\":\"PSOL 50\"},\"image\":{\"@id\":\"https:\/\/psol50.org.br\/#\/schema\/logo\/image\/\"},\"sameAs\":[\"https:\/\/www.facebook.com\/psol50\",\"https:\/\/x.com\/psol50\",\"https:\/\/www.instagram.com\/psol50\/\",\"https:\/\/www.youtube.com\/channel\/UC7SnJS5o1os7a6CaiNabzcg\"]},{\"@type\":\"Person\",\"@id\":\"https:\/\/psol50.org.br\/#\/schema\/person\/475dfa57d0b815993c714c2e96491fcd\",\"name\":\"Comunica\u00e7\u00e3o PSOL\",\"image\":{\"@type\":\"ImageObject\",\"inLanguage\":\"pt-BR\",\"@id\":\"https:\/\/psol50.org.br\/#\/schema\/person\/image\/\",\"url\":\"https:\/\/secure.gravatar.com\/avatar\/b34fc4f4e468a4e51785917065a3db57b841f5c95dba6ad8c73aaf8f66f8f9bf?s=96&d=mm&r=g\",\"contentUrl\":\"https:\/\/secure.gravatar.com\/avatar\/b34fc4f4e468a4e51785917065a3db57b841f5c95dba6ad8c73aaf8f66f8f9bf?s=96&d=mm&r=g\",\"caption\":\"Comunica\u00e7\u00e3o PSOL\"}}]}<\/script>\n<!-- \/ Yoast SEO plugin. -->","yoast_head_json":{"title":"Guilherme Boulos: \"A confiss\u00e3o de Bolsonaro j\u00e1 est\u00e1 pronta\"","description":"A confiss\u00e3o de seus atos ficou por conta da Casa Civil, que fez um levantamento das responsabilidades do presidente na condu\u00e7\u00e3o do combate ao v\u00edrus.","robots":{"index":"index","follow":"follow","max-snippet":"max-snippet:-1","max-image-preview":"max-image-preview:large","max-video-preview":"max-video-preview:-1"},"canonical":"https:\/\/psol50.org.br\/guilherme-boulos-a-confissao-de-bolsonaro-ja-esta-pronta\/","og_locale":"pt_BR","og_type":"article","og_title":"Guilherme Boulos: \"A confiss\u00e3o de Bolsonaro j\u00e1 est\u00e1 pronta\"","og_description":"A confiss\u00e3o de seus atos ficou por conta da Casa Civil, que fez um levantamento das responsabilidades do presidente na condu\u00e7\u00e3o do combate ao v\u00edrus.","og_url":"https:\/\/psol50.org.br\/guilherme-boulos-a-confissao-de-bolsonaro-ja-esta-pronta\/","og_site_name":"PSOL 50","article_publisher":"https:\/\/www.facebook.com\/psol50","article_published_time":"2021-04-27T19:17:03+00:00","og_image":[{"width":800,"height":476,"url":"https:\/\/psol50.org.br\/inc\/uploads\/2021\/04\/5f39c7f6ad7c79dedeccdf245798719c_62f9d3544f0d1aaed17b5270aee287ce.png","type":"image\/png"}],"author":"Comunica\u00e7\u00e3o PSOL","twitter_card":"summary_large_image","twitter_title":"Guilherme Boulos: \"A confiss\u00e3o de Bolsonaro j\u00e1 est\u00e1 pronta\"","twitter_description":"A confiss\u00e3o de seus atos ficou por conta da Casa Civil, que fez um levantamento das responsabilidades do presidente na condu\u00e7\u00e3o do combate ao v\u00edrus.","twitter_image":"https:\/\/psol50.org.br\/inc\/uploads\/2021\/04\/5f39c7f6ad7c79dedeccdf245798719c_62f9d3544f0d1aaed17b5270aee287ce.png","twitter_creator":"@psol50","twitter_site":"@psol50","twitter_misc":{"Escrito por":"Comunica\u00e7\u00e3o PSOL","Est. tempo de leitura":"2 minutos"},"schema":{"@context":"https:\/\/schema.org","@graph":[{"@type":"Article","@id":"https:\/\/psol50.org.br\/guilherme-boulos-a-confissao-de-bolsonaro-ja-esta-pronta\/#article","isPartOf":{"@id":"https:\/\/psol50.org.br\/guilherme-boulos-a-confissao-de-bolsonaro-ja-esta-pronta\/"},"author":{"name":"Comunica\u00e7\u00e3o PSOL","@id":"https:\/\/psol50.org.br\/#\/schema\/person\/475dfa57d0b815993c714c2e96491fcd"},"headline":"Guilherme Boulos: &#8220;A confiss\u00e3o de Bolsonaro j\u00e1 est\u00e1 pronta&#8221;","datePublished":"2021-04-27T19:17:03+00:00","mainEntityOfPage":{"@id":"https:\/\/psol50.org.br\/guilherme-boulos-a-confissao-de-bolsonaro-ja-esta-pronta\/"},"wordCount":383,"publisher":{"@id":"https:\/\/psol50.org.br\/#organization"},"image":{"@id":"https:\/\/psol50.org.br\/guilherme-boulos-a-confissao-de-bolsonaro-ja-esta-pronta\/#primaryimage"},"thumbnailUrl":"https:\/\/psol50.org.br\/inc\/uploads\/2021\/04\/5f39c7f6ad7c79dedeccdf245798719c_62f9d3544f0d1aaed17b5270aee287ce.png","keywords":["artigo","Bolsonaro","CPI","Guilherme Boulos","pandemia"],"articleSection":["Artigos","Not\u00edcias"],"inLanguage":"pt-BR"},{"@type":"WebPage","@id":"https:\/\/psol50.org.br\/guilherme-boulos-a-confissao-de-bolsonaro-ja-esta-pronta\/","url":"https:\/\/psol50.org.br\/guilherme-boulos-a-confissao-de-bolsonaro-ja-esta-pronta\/","name":"Guilherme Boulos: \"A confiss\u00e3o de Bolsonaro j\u00e1 est\u00e1 pronta\"","isPartOf":{"@id":"https:\/\/psol50.org.br\/#website"},"primaryImageOfPage":{"@id":"https:\/\/psol50.org.br\/guilherme-boulos-a-confissao-de-bolsonaro-ja-esta-pronta\/#primaryimage"},"image":{"@id":"https:\/\/psol50.org.br\/guilherme-boulos-a-confissao-de-bolsonaro-ja-esta-pronta\/#primaryimage"},"thumbnailUrl":"https:\/\/psol50.org.br\/inc\/uploads\/2021\/04\/5f39c7f6ad7c79dedeccdf245798719c_62f9d3544f0d1aaed17b5270aee287ce.png","datePublished":"2021-04-27T19:17:03+00:00","description":"A confiss\u00e3o de seus atos ficou por conta da Casa Civil, que fez um levantamento das responsabilidades do presidente na condu\u00e7\u00e3o do combate ao v\u00edrus.","breadcrumb":{"@id":"https:\/\/psol50.org.br\/guilherme-boulos-a-confissao-de-bolsonaro-ja-esta-pronta\/#breadcrumb"},"inLanguage":"pt-BR","potentialAction":[{"@type":"ReadAction","target":["https:\/\/psol50.org.br\/guilherme-boulos-a-confissao-de-bolsonaro-ja-esta-pronta\/"]}]},{"@type":"ImageObject","inLanguage":"pt-BR","@id":"https:\/\/psol50.org.br\/guilherme-boulos-a-confissao-de-bolsonaro-ja-esta-pronta\/#primaryimage","url":"https:\/\/psol50.org.br\/inc\/uploads\/2021\/04\/5f39c7f6ad7c79dedeccdf245798719c_62f9d3544f0d1aaed17b5270aee287ce.png","contentUrl":"https:\/\/psol50.org.br\/inc\/uploads\/2021\/04\/5f39c7f6ad7c79dedeccdf245798719c_62f9d3544f0d1aaed17b5270aee287ce.png","width":800,"height":476},{"@type":"BreadcrumbList","@id":"https:\/\/psol50.org.br\/guilherme-boulos-a-confissao-de-bolsonaro-ja-esta-pronta\/#breadcrumb","itemListElement":[{"@type":"ListItem","position":1,"name":"In\u00edcio","item":"https:\/\/psol50.org.br\/"},{"@type":"ListItem","position":2,"name":"Guilherme Boulos: &#8220;A confiss\u00e3o de Bolsonaro j\u00e1 est\u00e1 pronta&#8221;"}]},{"@type":"WebSite","@id":"https:\/\/psol50.org.br\/#website","url":"https:\/\/psol50.org.br\/","name":"PSOL 50","description":"Site oficial do Partido Socialismo e Liberdade","publisher":{"@id":"https:\/\/psol50.org.br\/#organization"},"alternateName":"PSOL50","potentialAction":[{"@type":"SearchAction","target":{"@type":"EntryPoint","urlTemplate":"https:\/\/psol50.org.br\/?s={search_term_string}"},"query-input":{"@type":"PropertyValueSpecification","valueRequired":true,"valueName":"search_term_string"}}],"inLanguage":"pt-BR"},{"@type":"Organization","@id":"https:\/\/psol50.org.br\/#organization","name":"PSOL 50","alternateName":"PSOL 50","url":"https:\/\/psol50.org.br\/","logo":{"@type":"ImageObject","inLanguage":"pt-BR","@id":"https:\/\/psol50.org.br\/#\/schema\/logo\/image\/","url":"https:\/\/psol50.org.br\/inc\/uploads\/2018\/07\/capa.png","contentUrl":"https:\/\/psol50.org.br\/inc\/uploads\/2018\/07\/capa.png","width":1350,"height":900,"caption":"PSOL 50"},"image":{"@id":"https:\/\/psol50.org.br\/#\/schema\/logo\/image\/"},"sameAs":["https:\/\/www.facebook.com\/psol50","https:\/\/x.com\/psol50","https:\/\/www.instagram.com\/psol50\/","https:\/\/www.youtube.com\/channel\/UC7SnJS5o1os7a6CaiNabzcg"]},{"@type":"Person","@id":"https:\/\/psol50.org.br\/#\/schema\/person\/475dfa57d0b815993c714c2e96491fcd","name":"Comunica\u00e7\u00e3o PSOL","image":{"@type":"ImageObject","inLanguage":"pt-BR","@id":"https:\/\/psol50.org.br\/#\/schema\/person\/image\/","url":"https:\/\/secure.gravatar.com\/avatar\/b34fc4f4e468a4e51785917065a3db57b841f5c95dba6ad8c73aaf8f66f8f9bf?s=96&d=mm&r=g","contentUrl":"https:\/\/secure.gravatar.com\/avatar\/b34fc4f4e468a4e51785917065a3db57b841f5c95dba6ad8c73aaf8f66f8f9bf?s=96&d=mm&r=g","caption":"Comunica\u00e7\u00e3o PSOL"}}]}},"_links":{"self":[{"href":"https:\/\/psol50.org.br\/rest\/wp\/v2\/posts\/32504","targetHints":{"allow":["GET"]}}],"collection":[{"href":"https:\/\/psol50.org.br\/rest\/wp\/v2\/posts"}],"about":[{"href":"https:\/\/psol50.org.br\/rest\/wp\/v2\/types\/post"}],"author":[{"embeddable":true,"href":"https:\/\/psol50.org.br\/rest\/wp\/v2\/users\/2"}],"replies":[{"embeddable":true,"href":"https:\/\/psol50.org.br\/rest\/wp\/v2\/comments?post=32504"}],"version-history":[{"count":0,"href":"https:\/\/psol50.org.br\/rest\/wp\/v2\/posts\/32504\/revisions"}],"wp:featuredmedia":[{"embeddable":true,"href":"https:\/\/psol50.org.br\/rest\/wp\/v2\/media\/32505"}],"wp:attachment":[{"href":"https:\/\/psol50.org.br\/rest\/wp\/v2\/media?parent=32504"}],"wp:term":[{"taxonomy":"category","embeddable":true,"href":"https:\/\/psol50.org.br\/rest\/wp\/v2\/categories?post=32504"},{"taxonomy":"post_tag","embeddable":true,"href":"https:\/\/psol50.org.br\/rest\/wp\/v2\/tags?post=32504"}],"curies":[{"name":"wp","href":"https:\/\/api.w.org\/{rel}","templated":true}]}}