{"id":3252,"date":"2015-05-05T00:00:00","date_gmt":"2015-05-05T19:35:07","guid":{"rendered":"http:\/\/psol50.org.br\/arquivo\/2015\/05\/05\/professores-do-parana-mantem-greve-e-intensificam-campanha-para-punir-responsaveis-por-massacre\/"},"modified":"2015-05-05T00:00:00","modified_gmt":"2015-05-05T19:35:07","slug":"professores-do-parana-mantem-greve-e-intensificam-campanha-para-punir-responsaveis-por-massacre","status":"publish","type":"post","link":"https:\/\/psol50.org.br\/professores-do-parana-mantem-greve-e-intensificam-campanha-para-punir-responsaveis-por-massacre\/","title":{"rendered":"Professores do Paran\u00e1 mant\u00eam greve e intensificam campanha para punir respons\u00e1veis por massacre"},"content":{"rendered":"<p style=\"text-align: justify;\">\n\t<em>Do PSOL Nacional, Leonor Costa<\/em><\/p>\n<p>\t<span style=\"font-family:arial,helvetica,sans-serif;\"><span style=\"font-size: 12px;\">Fortalecer a greve e intensificar a campanha para que as autoridades respons\u00e1veis pela ofensiva do \u00faltimo dia 29 de abril da Pol\u00edcia Militar do Paran\u00e1 contra servidores p\u00fablicos e estudantes, foram as principais delibera\u00e7\u00f5es da assembleia dos professores estaduais do Paran\u00e1, realizada na tarde desta ter\u00e7a-feira (05), na Vila Capanema, em Curitiba. Mais cedo, logo de manh\u00e3, um ato reuniu mais de 30 mil pessoas na regi\u00e3o central da capital paranaense, entre trabalhadores da educa\u00e7\u00e3o e outras categorias do funcionalismo p\u00fablico estadual.<br \/>\n\t&nbsp;<br \/>\n\tSegundo a professora e presidente do PSOL do Paran\u00e1, T\u00e1bata Gomes, a greve de categoria, que teve in\u00edcio no \u00faltimo dia 27, continua pelo menos at\u00e9 a pr\u00f3xima ter\u00e7a-feira (12), quando deve ocorrer uma nova assembleia estadual. O movimento, que inicialmente tinha o objetivo de barrar o projeto que altera as regras na previd\u00eancia estadual e que foi aprovado na semana passada na Assembleia Legislativa do Paran\u00e1, tamb\u00e9m incorporou a pauta de reivindica\u00e7\u00f5es da campanha salarial deste ano. Os professores reivindicam um aumento real de 13,01%, para igualar o sal\u00e1rio de in\u00edcio de carreira ao Piso Nacional do Magist\u00e9rio (R$ 1.917,78), e tamb\u00e9m um reajuste (data-base) de 8,4%, referente ao \u00edndice da infla\u00e7\u00e3o do per\u00edodo. &nbsp;<br \/>\n\t&nbsp;<br \/>\n\tNa manh\u00e3 de hoje, enquanto acontecia o protesto, representantes do sindicato da categoria (APP-Sindicato) foram recebidos pelo governador do Estado, Beto Richa (PSDB), que apresentou as linhas gerais da contraproposta do governo. Duas possibilidades foram sinalizadas pelo chefe do Executivo, as quais n\u00e3o contemplam as reivindica\u00e7\u00f5es da categoria. A primeira prev\u00ea um reajuste de 8,4%, escalonado em duas parcelas, e a segunda aponta um \u00edndice de 5%, abaixo da infla\u00e7\u00e3o, tamb\u00e9m dividido em duas parcelas.<br \/>\n\t&nbsp;<br \/>\n\tSegundo a presidente do PSOL-PR, a contraproposta definitiva ser\u00e1 apresentada em uma reuni\u00e3o marcada para a pr\u00f3xima ter\u00e7a-feira, 12 de maio. \u201cNenhuma das possibilidades atende \u00e0s reivindica\u00e7\u00f5es dos trabalhadores da educa\u00e7\u00e3o e, por isso, a reuni\u00e3o de hoje foi determinante para que a assembleia decidisse pela continuidade da greve\u201d, afirma T\u00e1bata Gomes.<br \/>\n\t&nbsp;<br \/>\n\t<strong>Aumenta a press\u00e3o contra governo &nbsp;<\/strong><br \/>\n\tAp\u00f3s seis dias daquela tarde de 29 de abril, em que cerca de 200 pessoas ficaram feridas devido ao massacre promovido pela Pol\u00edcia Militar contra a manifesta\u00e7\u00e3o que ocorria em frente \u00e0 Assembleia Legislativa do Paran\u00e1, o sentimento de revolta e sede de justi\u00e7a continua entre os professores e demais servidores p\u00fablicos do Estado. Nos \u00faltimos dias, v\u00e1rias foram as manifesta\u00e7\u00f5es de apoio, em todo o pa\u00eds, \u00e0 popula\u00e7\u00e3o de Curitiba e aos trabalhadores que vivenciaram a ofensiva e aos que foram v\u00edtimas da trucul\u00eancia das for\u00e7as de seguran\u00e7a do governo de Beto Richa. Ontem, trabalhadores da Educa\u00e7\u00e3o de v\u00e1rios estados promoveram um dia nacional de luto, em que todos trabalharam vestidos de preto, em solidariedade aos colegas paranaenses.<br \/>\n\t&nbsp;<br \/>\n\tA press\u00e3o para que os respons\u00e1veis sejam punidos continua e tem surtido algum efeito dentro do Executivo. Nesta segunda-feira (04), o secret\u00e1rio da Educa\u00e7\u00e3o, Fernando Xavier Ferreira, foi exonerado do seu cargo pelo pr\u00f3prio governador. J\u00e1 o comandante da Pol\u00edcia Militar, coronel C\u00e9sar Kogut, depois de pressionado, pediu exonera\u00e7\u00e3o do comando.<br \/>\n\t&nbsp;<br \/>\n\tOs principais alvos da campanha, no entanto, continuam sendo o pr\u00f3prio governador Beto Richa e o secret\u00e1rio de Seguran\u00e7a, Fernando Francischini, do partido Solidariedade. T\u00e1bata Gomes explica que o sentimento de revolta e de \u201cluto\u201d tem contribu\u00eddo pelo crescimento da campanha pelo \u201cFora Beto Richa\u201d e \u201cFora Francischini\u201d, que conta com a ades\u00e3o da milit\u00e2ncia do PSOL no Paran\u00e1.<br \/>\n\t&nbsp;<br \/>\n\t\u201cAs press\u00f5es est\u00e3o tendo resson\u00e2ncia no governo, mas com certeza h\u00e1 uma tentativa de blindar o secret\u00e1rio de Seguran\u00e7a e o governador. Em coletiva ontem \u00e0 imprensa, Francischini reconheceu que houve excessos, mas colocou toda a responsabilidade no chefe do comando da PM\u201d, denuncia a professora e presidente do PSOL-PR.<br \/>\n\t&nbsp;<br \/>\n\tEm rela\u00e7\u00e3o \u00e0 greve, a dirigente explica que a assembleia de hoje reuniu cerca de 15 mil pessoas e a posi\u00e7\u00e3o pela manuten\u00e7\u00e3o e fortalecimento do movimento foi un\u00e2nime. \u201cO que ocorreu naquela quarta-feira n\u00e3o desanimou a vontade dos trabalhadores em se manterem mobilizados. Existe um sentimento na categoria de que n\u00e3o \u00e9 poss\u00edvel voltar de cabe\u00e7a baixa para a sala de aula e de que a hist\u00f3ria n\u00e3o pode acabar aqui. H\u00e1 um sentimento de luto, mas tamb\u00e9m muita disposi\u00e7\u00e3o para reverter isso na intensifica\u00e7\u00e3o da luta\u201d, enfatiza.<br \/>\n\t&nbsp;<br \/>\n\t<strong>Altera\u00e7\u00e3o na Previd\u00eancia \u00e9 ilegal<\/strong><br \/>\n\tO projeto aprovado na semana passada pela Assembleia Legislativa do Paran\u00e1, principal foco das manifesta\u00e7\u00f5es dos servidores, determina a transfer\u00eancia de 33 mil aposentados com mais de 73 anos do Fundo Financeiro, sustentado pelo Tesouro estadual, para o Fundo de Previd\u00eancia estadual, pago pelos servidores e pelo governo. Os trabalhadores reivindicam que esta esp\u00e9cie de &#8216;poupan\u00e7a&#8217; da categoria, cujos juros s\u00e3o investidos e revertidos no pr\u00f3prio fundo financeiro, n\u00e3o seja utilizada para pagar as contas do Estado com os aposentados.<br \/>\n\t&nbsp;<br \/>\n\tSegundo informa\u00e7\u00f5es da APP-Sindicato, nesta segunda-feira (04) foi divulgado um parecer do Minist\u00e9rio da Previd\u00eancia Social sobre a proposta do governo.&nbsp;De acordo com o parecer, o governador Beto Richa descumpre as normais gerais de organiza\u00e7\u00e3o e funcionamento do Regime Pr\u00f3prio de Previd\u00eancia Social (RPPS).&nbsp;A Advocacia Geral da Uni\u00e3o (AGU) tamb\u00e9m foi contr\u00e1ria \u00e0 extin\u00e7\u00e3o da Paran\u00e1previd\u00eancia e \u00e0 consequente transfer\u00eancia de recursos para os cofres do Estado.<br \/>\n\t&nbsp;<br \/>\n\tCom base nesses entendimentos do Minist\u00e9rio da Previd\u00eancia e da AGU, na assembleia de hoje a categoria avaliou que \u00e9 poss\u00edvel manter as press\u00f5es para reverter os efeitos da proposta.<\/span><\/span><br \/>\n\t&nbsp;<\/p>\n<p>&nbsp;<\/p>\n","protected":false},"excerpt":{"rendered":"<p>Press\u00f5es contra governador e secret\u00e1rio de Seguran\u00e7a aumentam. Categoria tem nova assembleia na pr\u00f3xima semana<\/p>\n","protected":false},"author":2,"featured_media":0,"comment_status":"open","ping_status":"open","sticky":false,"template":"","format":"standard","meta":{"_acf_changed":false,"footnotes":""},"categories":[6],"tags":[],"class_list":{"0":"post-3252","1":"post","2":"type-post","3":"status-publish","4":"format-standard","6":"category-noticias"},"acf":[],"yoast_head":"<!-- This site is optimized with the Yoast SEO plugin v26.5 - https:\/\/yoast.com\/wordpress\/plugins\/seo\/ -->\n<title>Professores do Paran\u00e1 mant\u00eam greve e intensificam campanha para punir respons\u00e1veis por massacre - PSOL 50<\/title>\n<meta name=\"robots\" content=\"index, follow, max-snippet:-1, max-image-preview:large, max-video-preview:-1\" \/>\n<link rel=\"canonical\" href=\"https:\/\/psol50.org.br\/professores-do-parana-mantem-greve-e-intensificam-campanha-para-punir-responsaveis-por-massacre\/\" \/>\n<meta property=\"og:locale\" content=\"pt_BR\" \/>\n<meta property=\"og:type\" content=\"article\" \/>\n<meta property=\"og:title\" content=\"Professores do Paran\u00e1 mant\u00eam greve e intensificam campanha para punir respons\u00e1veis por massacre - PSOL 50\" \/>\n<meta property=\"og:description\" content=\"Press\u00f5es contra governador e secret\u00e1rio de Seguran\u00e7a aumentam. Categoria tem nova assembleia na pr\u00f3xima semana\" \/>\n<meta property=\"og:url\" content=\"https:\/\/psol50.org.br\/professores-do-parana-mantem-greve-e-intensificam-campanha-para-punir-responsaveis-por-massacre\/\" \/>\n<meta property=\"og:site_name\" content=\"PSOL 50\" \/>\n<meta property=\"article:publisher\" content=\"https:\/\/www.facebook.com\/psol50\" \/>\n<meta property=\"article:published_time\" content=\"2015-05-05T19:35:07+00:00\" \/>\n<meta property=\"og:image\" content=\"https:\/\/psol50.org.br\/inc\/uploads\/2018\/07\/capa.png\" \/>\n\t<meta property=\"og:image:width\" content=\"1350\" \/>\n\t<meta property=\"og:image:height\" content=\"900\" \/>\n\t<meta property=\"og:image:type\" content=\"image\/png\" \/>\n<meta name=\"author\" content=\"Comunica\u00e7\u00e3o PSOL\" \/>\n<meta name=\"twitter:card\" content=\"summary_large_image\" \/>\n<meta name=\"twitter:creator\" content=\"@psol50\" \/>\n<meta name=\"twitter:site\" content=\"@psol50\" \/>\n<meta name=\"twitter:label1\" content=\"Escrito por\" \/>\n\t<meta name=\"twitter:data1\" content=\"Comunica\u00e7\u00e3o PSOL\" \/>\n\t<meta name=\"twitter:label2\" content=\"Est. tempo de leitura\" \/>\n\t<meta name=\"twitter:data2\" content=\"5 minutos\" \/>\n<script type=\"application\/ld+json\" class=\"yoast-schema-graph\">{\"@context\":\"https:\/\/schema.org\",\"@graph\":[{\"@type\":\"Article\",\"@id\":\"https:\/\/psol50.org.br\/professores-do-parana-mantem-greve-e-intensificam-campanha-para-punir-responsaveis-por-massacre\/#article\",\"isPartOf\":{\"@id\":\"https:\/\/psol50.org.br\/professores-do-parana-mantem-greve-e-intensificam-campanha-para-punir-responsaveis-por-massacre\/\"},\"author\":{\"name\":\"Comunica\u00e7\u00e3o PSOL\",\"@id\":\"https:\/\/psol50.org.br\/#\/schema\/person\/475dfa57d0b815993c714c2e96491fcd\"},\"headline\":\"Professores do Paran\u00e1 mant\u00eam greve e intensificam campanha para punir respons\u00e1veis por massacre\",\"datePublished\":\"2015-05-05T19:35:07+00:00\",\"mainEntityOfPage\":{\"@id\":\"https:\/\/psol50.org.br\/professores-do-parana-mantem-greve-e-intensificam-campanha-para-punir-responsaveis-por-massacre\/\"},\"wordCount\":999,\"commentCount\":0,\"publisher\":{\"@id\":\"https:\/\/psol50.org.br\/#organization\"},\"articleSection\":[\"Not\u00edcias\"],\"inLanguage\":\"pt-BR\",\"potentialAction\":[{\"@type\":\"CommentAction\",\"name\":\"Comment\",\"target\":[\"https:\/\/psol50.org.br\/professores-do-parana-mantem-greve-e-intensificam-campanha-para-punir-responsaveis-por-massacre\/#respond\"]}]},{\"@type\":\"WebPage\",\"@id\":\"https:\/\/psol50.org.br\/professores-do-parana-mantem-greve-e-intensificam-campanha-para-punir-responsaveis-por-massacre\/\",\"url\":\"https:\/\/psol50.org.br\/professores-do-parana-mantem-greve-e-intensificam-campanha-para-punir-responsaveis-por-massacre\/\",\"name\":\"Professores do Paran\u00e1 mant\u00eam greve e intensificam campanha para punir respons\u00e1veis por massacre - PSOL 50\",\"isPartOf\":{\"@id\":\"https:\/\/psol50.org.br\/#website\"},\"datePublished\":\"2015-05-05T19:35:07+00:00\",\"breadcrumb\":{\"@id\":\"https:\/\/psol50.org.br\/professores-do-parana-mantem-greve-e-intensificam-campanha-para-punir-responsaveis-por-massacre\/#breadcrumb\"},\"inLanguage\":\"pt-BR\",\"potentialAction\":[{\"@type\":\"ReadAction\",\"target\":[\"https:\/\/psol50.org.br\/professores-do-parana-mantem-greve-e-intensificam-campanha-para-punir-responsaveis-por-massacre\/\"]}]},{\"@type\":\"BreadcrumbList\",\"@id\":\"https:\/\/psol50.org.br\/professores-do-parana-mantem-greve-e-intensificam-campanha-para-punir-responsaveis-por-massacre\/#breadcrumb\",\"itemListElement\":[{\"@type\":\"ListItem\",\"position\":1,\"name\":\"In\u00edcio\",\"item\":\"https:\/\/psol50.org.br\/\"},{\"@type\":\"ListItem\",\"position\":2,\"name\":\"Professores do Paran\u00e1 mant\u00eam greve e intensificam campanha para punir respons\u00e1veis por massacre\"}]},{\"@type\":\"WebSite\",\"@id\":\"https:\/\/psol50.org.br\/#website\",\"url\":\"https:\/\/psol50.org.br\/\",\"name\":\"PSOL 50\",\"description\":\"Site oficial do Partido Socialismo e Liberdade\",\"publisher\":{\"@id\":\"https:\/\/psol50.org.br\/#organization\"},\"alternateName\":\"PSOL50\",\"potentialAction\":[{\"@type\":\"SearchAction\",\"target\":{\"@type\":\"EntryPoint\",\"urlTemplate\":\"https:\/\/psol50.org.br\/?s={search_term_string}\"},\"query-input\":{\"@type\":\"PropertyValueSpecification\",\"valueRequired\":true,\"valueName\":\"search_term_string\"}}],\"inLanguage\":\"pt-BR\"},{\"@type\":\"Organization\",\"@id\":\"https:\/\/psol50.org.br\/#organization\",\"name\":\"PSOL 50\",\"alternateName\":\"PSOL 50\",\"url\":\"https:\/\/psol50.org.br\/\",\"logo\":{\"@type\":\"ImageObject\",\"inLanguage\":\"pt-BR\",\"@id\":\"https:\/\/psol50.org.br\/#\/schema\/logo\/image\/\",\"url\":\"https:\/\/psol50.org.br\/inc\/uploads\/2018\/07\/capa.png\",\"contentUrl\":\"https:\/\/psol50.org.br\/inc\/uploads\/2018\/07\/capa.png\",\"width\":1350,\"height\":900,\"caption\":\"PSOL 50\"},\"image\":{\"@id\":\"https:\/\/psol50.org.br\/#\/schema\/logo\/image\/\"},\"sameAs\":[\"https:\/\/www.facebook.com\/psol50\",\"https:\/\/x.com\/psol50\",\"https:\/\/www.instagram.com\/psol50\/\",\"https:\/\/www.youtube.com\/channel\/UC7SnJS5o1os7a6CaiNabzcg\"]},{\"@type\":\"Person\",\"@id\":\"https:\/\/psol50.org.br\/#\/schema\/person\/475dfa57d0b815993c714c2e96491fcd\",\"name\":\"Comunica\u00e7\u00e3o PSOL\",\"image\":{\"@type\":\"ImageObject\",\"inLanguage\":\"pt-BR\",\"@id\":\"https:\/\/psol50.org.br\/#\/schema\/person\/image\/\",\"url\":\"https:\/\/secure.gravatar.com\/avatar\/b34fc4f4e468a4e51785917065a3db57b841f5c95dba6ad8c73aaf8f66f8f9bf?s=96&d=mm&r=g\",\"contentUrl\":\"https:\/\/secure.gravatar.com\/avatar\/b34fc4f4e468a4e51785917065a3db57b841f5c95dba6ad8c73aaf8f66f8f9bf?s=96&d=mm&r=g\",\"caption\":\"Comunica\u00e7\u00e3o PSOL\"}}]}<\/script>\n<!-- \/ Yoast SEO plugin. -->","yoast_head_json":{"title":"Professores do Paran\u00e1 mant\u00eam greve e intensificam campanha para punir respons\u00e1veis por massacre - PSOL 50","robots":{"index":"index","follow":"follow","max-snippet":"max-snippet:-1","max-image-preview":"max-image-preview:large","max-video-preview":"max-video-preview:-1"},"canonical":"https:\/\/psol50.org.br\/professores-do-parana-mantem-greve-e-intensificam-campanha-para-punir-responsaveis-por-massacre\/","og_locale":"pt_BR","og_type":"article","og_title":"Professores do Paran\u00e1 mant\u00eam greve e intensificam campanha para punir respons\u00e1veis por massacre - PSOL 50","og_description":"Press\u00f5es contra governador e secret\u00e1rio de Seguran\u00e7a aumentam. Categoria tem nova assembleia na pr\u00f3xima semana","og_url":"https:\/\/psol50.org.br\/professores-do-parana-mantem-greve-e-intensificam-campanha-para-punir-responsaveis-por-massacre\/","og_site_name":"PSOL 50","article_publisher":"https:\/\/www.facebook.com\/psol50","article_published_time":"2015-05-05T19:35:07+00:00","og_image":[{"width":1350,"height":900,"url":"https:\/\/psol50.org.br\/inc\/uploads\/2018\/07\/capa.png","type":"image\/png"}],"author":"Comunica\u00e7\u00e3o PSOL","twitter_card":"summary_large_image","twitter_creator":"@psol50","twitter_site":"@psol50","twitter_misc":{"Escrito por":"Comunica\u00e7\u00e3o PSOL","Est. tempo de leitura":"5 minutos"},"schema":{"@context":"https:\/\/schema.org","@graph":[{"@type":"Article","@id":"https:\/\/psol50.org.br\/professores-do-parana-mantem-greve-e-intensificam-campanha-para-punir-responsaveis-por-massacre\/#article","isPartOf":{"@id":"https:\/\/psol50.org.br\/professores-do-parana-mantem-greve-e-intensificam-campanha-para-punir-responsaveis-por-massacre\/"},"author":{"name":"Comunica\u00e7\u00e3o PSOL","@id":"https:\/\/psol50.org.br\/#\/schema\/person\/475dfa57d0b815993c714c2e96491fcd"},"headline":"Professores do Paran\u00e1 mant\u00eam greve e intensificam campanha para punir respons\u00e1veis por massacre","datePublished":"2015-05-05T19:35:07+00:00","mainEntityOfPage":{"@id":"https:\/\/psol50.org.br\/professores-do-parana-mantem-greve-e-intensificam-campanha-para-punir-responsaveis-por-massacre\/"},"wordCount":999,"commentCount":0,"publisher":{"@id":"https:\/\/psol50.org.br\/#organization"},"articleSection":["Not\u00edcias"],"inLanguage":"pt-BR","potentialAction":[{"@type":"CommentAction","name":"Comment","target":["https:\/\/psol50.org.br\/professores-do-parana-mantem-greve-e-intensificam-campanha-para-punir-responsaveis-por-massacre\/#respond"]}]},{"@type":"WebPage","@id":"https:\/\/psol50.org.br\/professores-do-parana-mantem-greve-e-intensificam-campanha-para-punir-responsaveis-por-massacre\/","url":"https:\/\/psol50.org.br\/professores-do-parana-mantem-greve-e-intensificam-campanha-para-punir-responsaveis-por-massacre\/","name":"Professores do Paran\u00e1 mant\u00eam greve e intensificam campanha para punir respons\u00e1veis por massacre - PSOL 50","isPartOf":{"@id":"https:\/\/psol50.org.br\/#website"},"datePublished":"2015-05-05T19:35:07+00:00","breadcrumb":{"@id":"https:\/\/psol50.org.br\/professores-do-parana-mantem-greve-e-intensificam-campanha-para-punir-responsaveis-por-massacre\/#breadcrumb"},"inLanguage":"pt-BR","potentialAction":[{"@type":"ReadAction","target":["https:\/\/psol50.org.br\/professores-do-parana-mantem-greve-e-intensificam-campanha-para-punir-responsaveis-por-massacre\/"]}]},{"@type":"BreadcrumbList","@id":"https:\/\/psol50.org.br\/professores-do-parana-mantem-greve-e-intensificam-campanha-para-punir-responsaveis-por-massacre\/#breadcrumb","itemListElement":[{"@type":"ListItem","position":1,"name":"In\u00edcio","item":"https:\/\/psol50.org.br\/"},{"@type":"ListItem","position":2,"name":"Professores do Paran\u00e1 mant\u00eam greve e intensificam campanha para punir respons\u00e1veis por massacre"}]},{"@type":"WebSite","@id":"https:\/\/psol50.org.br\/#website","url":"https:\/\/psol50.org.br\/","name":"PSOL 50","description":"Site oficial do Partido Socialismo e Liberdade","publisher":{"@id":"https:\/\/psol50.org.br\/#organization"},"alternateName":"PSOL50","potentialAction":[{"@type":"SearchAction","target":{"@type":"EntryPoint","urlTemplate":"https:\/\/psol50.org.br\/?s={search_term_string}"},"query-input":{"@type":"PropertyValueSpecification","valueRequired":true,"valueName":"search_term_string"}}],"inLanguage":"pt-BR"},{"@type":"Organization","@id":"https:\/\/psol50.org.br\/#organization","name":"PSOL 50","alternateName":"PSOL 50","url":"https:\/\/psol50.org.br\/","logo":{"@type":"ImageObject","inLanguage":"pt-BR","@id":"https:\/\/psol50.org.br\/#\/schema\/logo\/image\/","url":"https:\/\/psol50.org.br\/inc\/uploads\/2018\/07\/capa.png","contentUrl":"https:\/\/psol50.org.br\/inc\/uploads\/2018\/07\/capa.png","width":1350,"height":900,"caption":"PSOL 50"},"image":{"@id":"https:\/\/psol50.org.br\/#\/schema\/logo\/image\/"},"sameAs":["https:\/\/www.facebook.com\/psol50","https:\/\/x.com\/psol50","https:\/\/www.instagram.com\/psol50\/","https:\/\/www.youtube.com\/channel\/UC7SnJS5o1os7a6CaiNabzcg"]},{"@type":"Person","@id":"https:\/\/psol50.org.br\/#\/schema\/person\/475dfa57d0b815993c714c2e96491fcd","name":"Comunica\u00e7\u00e3o PSOL","image":{"@type":"ImageObject","inLanguage":"pt-BR","@id":"https:\/\/psol50.org.br\/#\/schema\/person\/image\/","url":"https:\/\/secure.gravatar.com\/avatar\/b34fc4f4e468a4e51785917065a3db57b841f5c95dba6ad8c73aaf8f66f8f9bf?s=96&d=mm&r=g","contentUrl":"https:\/\/secure.gravatar.com\/avatar\/b34fc4f4e468a4e51785917065a3db57b841f5c95dba6ad8c73aaf8f66f8f9bf?s=96&d=mm&r=g","caption":"Comunica\u00e7\u00e3o PSOL"}}]}},"_links":{"self":[{"href":"https:\/\/psol50.org.br\/rest\/wp\/v2\/posts\/3252","targetHints":{"allow":["GET"]}}],"collection":[{"href":"https:\/\/psol50.org.br\/rest\/wp\/v2\/posts"}],"about":[{"href":"https:\/\/psol50.org.br\/rest\/wp\/v2\/types\/post"}],"author":[{"embeddable":true,"href":"https:\/\/psol50.org.br\/rest\/wp\/v2\/users\/2"}],"replies":[{"embeddable":true,"href":"https:\/\/psol50.org.br\/rest\/wp\/v2\/comments?post=3252"}],"version-history":[{"count":0,"href":"https:\/\/psol50.org.br\/rest\/wp\/v2\/posts\/3252\/revisions"}],"wp:attachment":[{"href":"https:\/\/psol50.org.br\/rest\/wp\/v2\/media?parent=3252"}],"wp:term":[{"taxonomy":"category","embeddable":true,"href":"https:\/\/psol50.org.br\/rest\/wp\/v2\/categories?post=3252"},{"taxonomy":"post_tag","embeddable":true,"href":"https:\/\/psol50.org.br\/rest\/wp\/v2\/tags?post=3252"}],"curies":[{"name":"wp","href":"https:\/\/api.w.org\/{rel}","templated":true}]}}