{"id":32530,"date":"2021-05-04T14:03:52","date_gmt":"2021-05-04T17:03:52","guid":{"rendered":"https:\/\/psol50.org.br\/?p=32530"},"modified":"2021-05-04T14:03:52","modified_gmt":"2021-05-04T17:03:52","slug":"guilherme-boulos-fique-em-casa-que-casa","status":"publish","type":"post","link":"https:\/\/psol50.org.br\/guilherme-boulos-fique-em-casa-que-casa\/","title":{"rendered":"Guilherme Boulos: &#8220;Fique em casa. Que casa?&#8221;"},"content":{"rendered":"<p style=\"text-align: center;\"><a href=\"https:\/\/psol50.org.br\/psolcontraafome\/\" target=\"_blank\" rel=\"noopener\"><img loading=\"lazy\" decoding=\"async\" class=\"alignnone size-full wp-image-32462\" src=\"https:\/\/psol50.org.br\/inc\/uploads\/2021\/04\/PSOLContraAFome_Variacoes_Email.png\" alt=\"\" width=\"811\" height=\"189\" srcset=\"https:\/\/psol50.org.br\/inc\/uploads\/2021\/04\/PSOLContraAFome_Variacoes_Email.png 811w, https:\/\/psol50.org.br\/inc\/uploads\/2021\/04\/PSOLContraAFome_Variacoes_Email-300x70.png 300w, https:\/\/psol50.org.br\/inc\/uploads\/2021\/04\/PSOLContraAFome_Variacoes_Email-768x179.png 768w, https:\/\/psol50.org.br\/inc\/uploads\/2021\/04\/PSOLContraAFome_Variacoes_Email-150x35.png 150w, https:\/\/psol50.org.br\/inc\/uploads\/2021\/04\/PSOLContraAFome_Variacoes_Email-696x162.png 696w\" sizes=\"auto, (max-width: 811px) 100vw, 811px\" \/><\/a><\/p>\n<p>Em seu artigo na Folha de S. Paulo nesta ter\u00e7a-feira (4), Guilherme Boulos tratou sobre o alto n\u00famero de despejos em plena pandemia no Brasil, que prejudicam ainda mais o cumprimento do isolamento social no pa\u00eds pela parcela mais pobre da popula\u00e7\u00e3o, e a a\u00e7\u00e3o do PSOL no Supremo Tribunal Federal (STF) para impedir a execu\u00e7\u00e3o de despejos e reintegra\u00e7\u00f5es de posse enquanto durar a pandemia de Covid-19.<br \/>\nSegundo levantamento da\u00a0Campanha Despejo Zero, mais de 9.000 fam\u00edlias foram desalojadas no pa\u00eds desde o in\u00edcio da crise sanit\u00e1ria. S\u00e3o Paulo teve quase 3.000 fam\u00edlias despejadas, ficando atr\u00e1s s\u00f3 do Amazonas, piv\u00f4 da maior trag\u00e9dia do ano.<br \/>\n&#8220;Os mesmos gestores que fazem apelos comovidos na TV para que as pessoas fiquem em casa arrancam moradores pobres de seus barracos. A como\u00e7\u00e3o n\u00e3o pode ser seletiva. Tem que valer tamb\u00e9m para os milh\u00f5es que vivem em \u00e1reas irregulares n\u00e3o por vontade, mas por falta de op\u00e7\u00e3o. Caso contr\u00e1rio, a orienta\u00e7\u00e3o sanit\u00e1ria correta ganha ares de hipocrisia&#8221;, aponta Guilherme Boulos no artigo.<br \/>\n&#8220;A luta contra despejos teve avan\u00e7os importantes. Alguns estados, como Maranh\u00e3o e Rio de Janeiro, suspenderam as reintegra\u00e7\u00f5es de posse. A Assembleia Legislativa de S\u00e3o Paulo aprovou, em primeira vota\u00e7\u00e3o, projeto de lei no mesmo sentido. O pr\u00f3prio Minist\u00e9rio P\u00fablico paulista j\u00e1 havia recomendado a suspens\u00e3o desde julho do ano passado, tal como o CNJ&#8221;, celebra o ex-candidato \u00e0 Prefeitura de S\u00e3o Paulo em 2020.<br \/>\n&#8220;Os movimentos sociais\u00a0lideraram essa luta. A Campanha Despejo Zero \u00e9 uma importante refer\u00eancia. O MTST tamb\u00e9m entrou com a\u00e7\u00f5es para o acolhimento da popula\u00e7\u00e3o de rua e conseguiu evitar no Judici\u00e1rio uma s\u00e9rie de despejos&#8221;, relembra o l\u00edder nacional dos sem-teto.<br \/>\nNo total s\u00e3o quase 65 mil fam\u00edlias amea\u00e7adas em todo o Brasil. &#8220;Mais do que n\u00fameros frios, estamos falando de gente que pode ser atirada na rua a qualquer momento, sem nenhuma prote\u00e7\u00e3o&#8221;, alerta.<br \/>\n&#8220;O PSOL ingressou com uma a\u00e7\u00e3o direta de preceitos fundamentais no Supremo pedindo a suspens\u00e3o de todos os despejos enquanto durar a pandemia. O ministro Barroso, relator do caso, deve decidir nos pr\u00f3ximos dias&#8221;, conclui Boulos.<\/p>\n<h5><strong><a href=\"https:\/\/www1.folha.uol.com.br\/colunas\/guilhermeboulos\/2021\/05\/fique-em-casa-que-casa.shtml\" target=\"_blank\" rel=\"noopener\">Leia o artigo na \u00edntegra aqui.<\/a><\/strong><\/h5>\n<p><a href=\"https:\/\/psol50.org.br\/rendajusta\/\" target=\"_blank\" rel=\"noopener\"><img loading=\"lazy\" decoding=\"async\" class=\"alignnone size-full wp-image-30552\" src=\"https:\/\/psol50.org.br\/inc\/uploads\/2020\/08\/21-08-2020_LancamentoRendaJusta-2.png\" alt=\"\" width=\"1920\" height=\"383\" srcset=\"https:\/\/psol50.org.br\/inc\/uploads\/2020\/08\/21-08-2020_LancamentoRendaJusta-2.png 1920w, https:\/\/psol50.org.br\/inc\/uploads\/2020\/08\/21-08-2020_LancamentoRendaJusta-2-300x60.png 300w, https:\/\/psol50.org.br\/inc\/uploads\/2020\/08\/21-08-2020_LancamentoRendaJusta-2-1024x204.png 1024w, https:\/\/psol50.org.br\/inc\/uploads\/2020\/08\/21-08-2020_LancamentoRendaJusta-2-768x153.png 768w, https:\/\/psol50.org.br\/inc\/uploads\/2020\/08\/21-08-2020_LancamentoRendaJusta-2-1536x306.png 1536w, https:\/\/psol50.org.br\/inc\/uploads\/2020\/08\/21-08-2020_LancamentoRendaJusta-2-150x30.png 150w, https:\/\/psol50.org.br\/inc\/uploads\/2020\/08\/21-08-2020_LancamentoRendaJusta-2-696x139.png 696w, https:\/\/psol50.org.br\/inc\/uploads\/2020\/08\/21-08-2020_LancamentoRendaJusta-2-1068x213.png 1068w\" sizes=\"auto, (max-width: 1920px) 100vw, 1920px\" \/><\/a><\/p>\n","protected":false},"excerpt":{"rendered":"<p>Em seu artigo na Folha de S. Paulo nesta ter\u00e7a-feira (4), Guilherme Boulos tratou sobre o alto n\u00famero de despejos em plena pandemia no Brasil, que prejudicam ainda mais o cumprimento do isolamento social no pa\u00eds pela parcela mais pobre da popula\u00e7\u00e3o, e a a\u00e7\u00e3o do PSOL no Supremo Tribunal Federal (STF) para impedir a [&hellip;]<\/p>\n","protected":false},"author":2,"featured_media":32286,"comment_status":"closed","ping_status":"open","sticky":false,"template":"","format":"standard","meta":{"_acf_changed":false,"footnotes":""},"categories":[3,6],"tags":[342,1539,1561,22,1044,45],"class_list":{"0":"post-32530","1":"post","2":"type-post","3":"status-publish","4":"format-standard","5":"has-post-thumbnail","7":"category-artigos-e-entrevistas","8":"category-noticias","9":"tag-boulos","10":"tag-despejos","11":"tag-moradia","12":"tag-psol","13":"tag-reintegracao-de-posse","14":"tag-stf"},"acf":[],"yoast_head":"<!-- This site is optimized with the Yoast SEO plugin v26.5 - https:\/\/yoast.com\/wordpress\/plugins\/seo\/ -->\n<title>Guilherme Boulos: &quot;Fique em casa. Que casa?&quot;<\/title>\n<meta name=\"description\" content=\"Boulos fala sobre a\u00e7\u00e3o do PSOL no STF para impedir a execu\u00e7\u00e3o de despejos e reintegra\u00e7\u00f5es de posse enquanto durar a pandemia de Covid-19.\" \/>\n<meta name=\"robots\" content=\"index, follow, max-snippet:-1, max-image-preview:large, max-video-preview:-1\" \/>\n<link rel=\"canonical\" href=\"https:\/\/psol50.org.br\/guilherme-boulos-fique-em-casa-que-casa\/\" \/>\n<meta property=\"og:locale\" content=\"pt_BR\" \/>\n<meta property=\"og:type\" content=\"article\" \/>\n<meta property=\"og:title\" content=\"Guilherme Boulos: &quot;Fique em casa. Que casa?&quot;\" \/>\n<meta property=\"og:description\" content=\"Boulos fala sobre a\u00e7\u00e3o do PSOL no STF para impedir a execu\u00e7\u00e3o de despejos e reintegra\u00e7\u00f5es de posse enquanto durar a pandemia de Covid-19.\" \/>\n<meta property=\"og:url\" content=\"https:\/\/psol50.org.br\/guilherme-boulos-fique-em-casa-que-casa\/\" \/>\n<meta property=\"og:site_name\" content=\"PSOL 50\" \/>\n<meta property=\"article:publisher\" content=\"https:\/\/www.facebook.com\/psol50\" \/>\n<meta property=\"article:published_time\" content=\"2021-05-04T17:03:52+00:00\" \/>\n<meta property=\"og:image\" content=\"https:\/\/psol50.org.br\/inc\/uploads\/2021\/04\/guilherme-boulos-pre-candidato-a-prefeitura-de-sao-paulo-pelo-psol-1598907523061_v2_1920x1279.jpg\" \/>\n\t<meta property=\"og:image:width\" content=\"1920\" \/>\n\t<meta property=\"og:image:height\" content=\"1279\" \/>\n\t<meta property=\"og:image:type\" content=\"image\/jpeg\" \/>\n<meta name=\"author\" content=\"Comunica\u00e7\u00e3o PSOL\" \/>\n<meta name=\"twitter:card\" content=\"summary_large_image\" \/>\n<meta name=\"twitter:title\" content=\"Guilherme Boulos: &quot;Fique em casa. Que casa?&quot;\" \/>\n<meta name=\"twitter:description\" content=\"Boulos fala sobre a\u00e7\u00e3o do PSOL no STF para impedir a execu\u00e7\u00e3o de despejos e reintegra\u00e7\u00f5es de posse enquanto durar a pandemia de Covid-19.\" \/>\n<meta name=\"twitter:image\" content=\"https:\/\/psol50.org.br\/inc\/uploads\/2021\/04\/guilherme-boulos-pre-candidato-a-prefeitura-de-sao-paulo-pelo-psol-1598907523061_v2_1920x1279.jpg\" \/>\n<meta name=\"twitter:creator\" content=\"@psol50\" \/>\n<meta name=\"twitter:site\" content=\"@psol50\" \/>\n<meta name=\"twitter:label1\" content=\"Escrito por\" \/>\n\t<meta name=\"twitter:data1\" content=\"Comunica\u00e7\u00e3o PSOL\" \/>\n\t<meta name=\"twitter:label2\" content=\"Est. tempo de leitura\" \/>\n\t<meta name=\"twitter:data2\" content=\"2 minutos\" \/>\n<script type=\"application\/ld+json\" class=\"yoast-schema-graph\">{\"@context\":\"https:\/\/schema.org\",\"@graph\":[{\"@type\":\"Article\",\"@id\":\"https:\/\/psol50.org.br\/guilherme-boulos-fique-em-casa-que-casa\/#article\",\"isPartOf\":{\"@id\":\"https:\/\/psol50.org.br\/guilherme-boulos-fique-em-casa-que-casa\/\"},\"author\":{\"name\":\"Comunica\u00e7\u00e3o PSOL\",\"@id\":\"https:\/\/psol50.org.br\/#\/schema\/person\/475dfa57d0b815993c714c2e96491fcd\"},\"headline\":\"Guilherme Boulos: &#8220;Fique em casa. Que casa?&#8221;\",\"datePublished\":\"2021-05-04T17:03:52+00:00\",\"mainEntityOfPage\":{\"@id\":\"https:\/\/psol50.org.br\/guilherme-boulos-fique-em-casa-que-casa\/\"},\"wordCount\":401,\"publisher\":{\"@id\":\"https:\/\/psol50.org.br\/#organization\"},\"image\":{\"@id\":\"https:\/\/psol50.org.br\/guilherme-boulos-fique-em-casa-que-casa\/#primaryimage\"},\"thumbnailUrl\":\"https:\/\/psol50.org.br\/inc\/uploads\/2021\/04\/guilherme-boulos-pre-candidato-a-prefeitura-de-sao-paulo-pelo-psol-1598907523061_v2_1920x1279.jpg\",\"keywords\":[\"Boulos\",\"despejos\",\"moradia\",\"PSOL\",\"reintegra\u00e7\u00e3o de posse\",\"STF\"],\"articleSection\":[\"Artigos\",\"Not\u00edcias\"],\"inLanguage\":\"pt-BR\"},{\"@type\":\"WebPage\",\"@id\":\"https:\/\/psol50.org.br\/guilherme-boulos-fique-em-casa-que-casa\/\",\"url\":\"https:\/\/psol50.org.br\/guilherme-boulos-fique-em-casa-que-casa\/\",\"name\":\"Guilherme Boulos: \\\"Fique em casa. Que casa?\\\"\",\"isPartOf\":{\"@id\":\"https:\/\/psol50.org.br\/#website\"},\"primaryImageOfPage\":{\"@id\":\"https:\/\/psol50.org.br\/guilherme-boulos-fique-em-casa-que-casa\/#primaryimage\"},\"image\":{\"@id\":\"https:\/\/psol50.org.br\/guilherme-boulos-fique-em-casa-que-casa\/#primaryimage\"},\"thumbnailUrl\":\"https:\/\/psol50.org.br\/inc\/uploads\/2021\/04\/guilherme-boulos-pre-candidato-a-prefeitura-de-sao-paulo-pelo-psol-1598907523061_v2_1920x1279.jpg\",\"datePublished\":\"2021-05-04T17:03:52+00:00\",\"description\":\"Boulos fala sobre a\u00e7\u00e3o do PSOL no STF para impedir a execu\u00e7\u00e3o de despejos e reintegra\u00e7\u00f5es de posse enquanto durar a pandemia de Covid-19.\",\"breadcrumb\":{\"@id\":\"https:\/\/psol50.org.br\/guilherme-boulos-fique-em-casa-que-casa\/#breadcrumb\"},\"inLanguage\":\"pt-BR\",\"potentialAction\":[{\"@type\":\"ReadAction\",\"target\":[\"https:\/\/psol50.org.br\/guilherme-boulos-fique-em-casa-que-casa\/\"]}]},{\"@type\":\"ImageObject\",\"inLanguage\":\"pt-BR\",\"@id\":\"https:\/\/psol50.org.br\/guilherme-boulos-fique-em-casa-que-casa\/#primaryimage\",\"url\":\"https:\/\/psol50.org.br\/inc\/uploads\/2021\/04\/guilherme-boulos-pre-candidato-a-prefeitura-de-sao-paulo-pelo-psol-1598907523061_v2_1920x1279.jpg\",\"contentUrl\":\"https:\/\/psol50.org.br\/inc\/uploads\/2021\/04\/guilherme-boulos-pre-candidato-a-prefeitura-de-sao-paulo-pelo-psol-1598907523061_v2_1920x1279.jpg\",\"width\":1920,\"height\":1279},{\"@type\":\"BreadcrumbList\",\"@id\":\"https:\/\/psol50.org.br\/guilherme-boulos-fique-em-casa-que-casa\/#breadcrumb\",\"itemListElement\":[{\"@type\":\"ListItem\",\"position\":1,\"name\":\"In\u00edcio\",\"item\":\"https:\/\/psol50.org.br\/\"},{\"@type\":\"ListItem\",\"position\":2,\"name\":\"Guilherme Boulos: &#8220;Fique em casa. Que casa?&#8221;\"}]},{\"@type\":\"WebSite\",\"@id\":\"https:\/\/psol50.org.br\/#website\",\"url\":\"https:\/\/psol50.org.br\/\",\"name\":\"PSOL 50\",\"description\":\"Site oficial do Partido Socialismo e Liberdade\",\"publisher\":{\"@id\":\"https:\/\/psol50.org.br\/#organization\"},\"alternateName\":\"PSOL50\",\"potentialAction\":[{\"@type\":\"SearchAction\",\"target\":{\"@type\":\"EntryPoint\",\"urlTemplate\":\"https:\/\/psol50.org.br\/?s={search_term_string}\"},\"query-input\":{\"@type\":\"PropertyValueSpecification\",\"valueRequired\":true,\"valueName\":\"search_term_string\"}}],\"inLanguage\":\"pt-BR\"},{\"@type\":\"Organization\",\"@id\":\"https:\/\/psol50.org.br\/#organization\",\"name\":\"PSOL 50\",\"alternateName\":\"PSOL 50\",\"url\":\"https:\/\/psol50.org.br\/\",\"logo\":{\"@type\":\"ImageObject\",\"inLanguage\":\"pt-BR\",\"@id\":\"https:\/\/psol50.org.br\/#\/schema\/logo\/image\/\",\"url\":\"https:\/\/psol50.org.br\/inc\/uploads\/2018\/07\/capa.png\",\"contentUrl\":\"https:\/\/psol50.org.br\/inc\/uploads\/2018\/07\/capa.png\",\"width\":1350,\"height\":900,\"caption\":\"PSOL 50\"},\"image\":{\"@id\":\"https:\/\/psol50.org.br\/#\/schema\/logo\/image\/\"},\"sameAs\":[\"https:\/\/www.facebook.com\/psol50\",\"https:\/\/x.com\/psol50\",\"https:\/\/www.instagram.com\/psol50\/\",\"https:\/\/www.youtube.com\/channel\/UC7SnJS5o1os7a6CaiNabzcg\"]},{\"@type\":\"Person\",\"@id\":\"https:\/\/psol50.org.br\/#\/schema\/person\/475dfa57d0b815993c714c2e96491fcd\",\"name\":\"Comunica\u00e7\u00e3o PSOL\",\"image\":{\"@type\":\"ImageObject\",\"inLanguage\":\"pt-BR\",\"@id\":\"https:\/\/psol50.org.br\/#\/schema\/person\/image\/\",\"url\":\"https:\/\/secure.gravatar.com\/avatar\/b34fc4f4e468a4e51785917065a3db57b841f5c95dba6ad8c73aaf8f66f8f9bf?s=96&d=mm&r=g\",\"contentUrl\":\"https:\/\/secure.gravatar.com\/avatar\/b34fc4f4e468a4e51785917065a3db57b841f5c95dba6ad8c73aaf8f66f8f9bf?s=96&d=mm&r=g\",\"caption\":\"Comunica\u00e7\u00e3o PSOL\"}}]}<\/script>\n<!-- \/ Yoast SEO plugin. -->","yoast_head_json":{"title":"Guilherme Boulos: \"Fique em casa. Que casa?\"","description":"Boulos fala sobre a\u00e7\u00e3o do PSOL no STF para impedir a execu\u00e7\u00e3o de despejos e reintegra\u00e7\u00f5es de posse enquanto durar a pandemia de Covid-19.","robots":{"index":"index","follow":"follow","max-snippet":"max-snippet:-1","max-image-preview":"max-image-preview:large","max-video-preview":"max-video-preview:-1"},"canonical":"https:\/\/psol50.org.br\/guilherme-boulos-fique-em-casa-que-casa\/","og_locale":"pt_BR","og_type":"article","og_title":"Guilherme Boulos: \"Fique em casa. Que casa?\"","og_description":"Boulos fala sobre a\u00e7\u00e3o do PSOL no STF para impedir a execu\u00e7\u00e3o de despejos e reintegra\u00e7\u00f5es de posse enquanto durar a pandemia de Covid-19.","og_url":"https:\/\/psol50.org.br\/guilherme-boulos-fique-em-casa-que-casa\/","og_site_name":"PSOL 50","article_publisher":"https:\/\/www.facebook.com\/psol50","article_published_time":"2021-05-04T17:03:52+00:00","og_image":[{"width":1920,"height":1279,"url":"https:\/\/psol50.org.br\/inc\/uploads\/2021\/04\/guilherme-boulos-pre-candidato-a-prefeitura-de-sao-paulo-pelo-psol-1598907523061_v2_1920x1279.jpg","type":"image\/jpeg"}],"author":"Comunica\u00e7\u00e3o PSOL","twitter_card":"summary_large_image","twitter_title":"Guilherme Boulos: \"Fique em casa. Que casa?\"","twitter_description":"Boulos fala sobre a\u00e7\u00e3o do PSOL no STF para impedir a execu\u00e7\u00e3o de despejos e reintegra\u00e7\u00f5es de posse enquanto durar a pandemia de Covid-19.","twitter_image":"https:\/\/psol50.org.br\/inc\/uploads\/2021\/04\/guilherme-boulos-pre-candidato-a-prefeitura-de-sao-paulo-pelo-psol-1598907523061_v2_1920x1279.jpg","twitter_creator":"@psol50","twitter_site":"@psol50","twitter_misc":{"Escrito por":"Comunica\u00e7\u00e3o PSOL","Est. tempo de leitura":"2 minutos"},"schema":{"@context":"https:\/\/schema.org","@graph":[{"@type":"Article","@id":"https:\/\/psol50.org.br\/guilherme-boulos-fique-em-casa-que-casa\/#article","isPartOf":{"@id":"https:\/\/psol50.org.br\/guilherme-boulos-fique-em-casa-que-casa\/"},"author":{"name":"Comunica\u00e7\u00e3o PSOL","@id":"https:\/\/psol50.org.br\/#\/schema\/person\/475dfa57d0b815993c714c2e96491fcd"},"headline":"Guilherme Boulos: &#8220;Fique em casa. Que casa?&#8221;","datePublished":"2021-05-04T17:03:52+00:00","mainEntityOfPage":{"@id":"https:\/\/psol50.org.br\/guilherme-boulos-fique-em-casa-que-casa\/"},"wordCount":401,"publisher":{"@id":"https:\/\/psol50.org.br\/#organization"},"image":{"@id":"https:\/\/psol50.org.br\/guilherme-boulos-fique-em-casa-que-casa\/#primaryimage"},"thumbnailUrl":"https:\/\/psol50.org.br\/inc\/uploads\/2021\/04\/guilherme-boulos-pre-candidato-a-prefeitura-de-sao-paulo-pelo-psol-1598907523061_v2_1920x1279.jpg","keywords":["Boulos","despejos","moradia","PSOL","reintegra\u00e7\u00e3o de posse","STF"],"articleSection":["Artigos","Not\u00edcias"],"inLanguage":"pt-BR"},{"@type":"WebPage","@id":"https:\/\/psol50.org.br\/guilherme-boulos-fique-em-casa-que-casa\/","url":"https:\/\/psol50.org.br\/guilherme-boulos-fique-em-casa-que-casa\/","name":"Guilherme Boulos: \"Fique em casa. Que casa?\"","isPartOf":{"@id":"https:\/\/psol50.org.br\/#website"},"primaryImageOfPage":{"@id":"https:\/\/psol50.org.br\/guilherme-boulos-fique-em-casa-que-casa\/#primaryimage"},"image":{"@id":"https:\/\/psol50.org.br\/guilherme-boulos-fique-em-casa-que-casa\/#primaryimage"},"thumbnailUrl":"https:\/\/psol50.org.br\/inc\/uploads\/2021\/04\/guilherme-boulos-pre-candidato-a-prefeitura-de-sao-paulo-pelo-psol-1598907523061_v2_1920x1279.jpg","datePublished":"2021-05-04T17:03:52+00:00","description":"Boulos fala sobre a\u00e7\u00e3o do PSOL no STF para impedir a execu\u00e7\u00e3o de despejos e reintegra\u00e7\u00f5es de posse enquanto durar a pandemia de Covid-19.","breadcrumb":{"@id":"https:\/\/psol50.org.br\/guilherme-boulos-fique-em-casa-que-casa\/#breadcrumb"},"inLanguage":"pt-BR","potentialAction":[{"@type":"ReadAction","target":["https:\/\/psol50.org.br\/guilherme-boulos-fique-em-casa-que-casa\/"]}]},{"@type":"ImageObject","inLanguage":"pt-BR","@id":"https:\/\/psol50.org.br\/guilherme-boulos-fique-em-casa-que-casa\/#primaryimage","url":"https:\/\/psol50.org.br\/inc\/uploads\/2021\/04\/guilherme-boulos-pre-candidato-a-prefeitura-de-sao-paulo-pelo-psol-1598907523061_v2_1920x1279.jpg","contentUrl":"https:\/\/psol50.org.br\/inc\/uploads\/2021\/04\/guilherme-boulos-pre-candidato-a-prefeitura-de-sao-paulo-pelo-psol-1598907523061_v2_1920x1279.jpg","width":1920,"height":1279},{"@type":"BreadcrumbList","@id":"https:\/\/psol50.org.br\/guilherme-boulos-fique-em-casa-que-casa\/#breadcrumb","itemListElement":[{"@type":"ListItem","position":1,"name":"In\u00edcio","item":"https:\/\/psol50.org.br\/"},{"@type":"ListItem","position":2,"name":"Guilherme Boulos: &#8220;Fique em casa. Que casa?&#8221;"}]},{"@type":"WebSite","@id":"https:\/\/psol50.org.br\/#website","url":"https:\/\/psol50.org.br\/","name":"PSOL 50","description":"Site oficial do Partido Socialismo e Liberdade","publisher":{"@id":"https:\/\/psol50.org.br\/#organization"},"alternateName":"PSOL50","potentialAction":[{"@type":"SearchAction","target":{"@type":"EntryPoint","urlTemplate":"https:\/\/psol50.org.br\/?s={search_term_string}"},"query-input":{"@type":"PropertyValueSpecification","valueRequired":true,"valueName":"search_term_string"}}],"inLanguage":"pt-BR"},{"@type":"Organization","@id":"https:\/\/psol50.org.br\/#organization","name":"PSOL 50","alternateName":"PSOL 50","url":"https:\/\/psol50.org.br\/","logo":{"@type":"ImageObject","inLanguage":"pt-BR","@id":"https:\/\/psol50.org.br\/#\/schema\/logo\/image\/","url":"https:\/\/psol50.org.br\/inc\/uploads\/2018\/07\/capa.png","contentUrl":"https:\/\/psol50.org.br\/inc\/uploads\/2018\/07\/capa.png","width":1350,"height":900,"caption":"PSOL 50"},"image":{"@id":"https:\/\/psol50.org.br\/#\/schema\/logo\/image\/"},"sameAs":["https:\/\/www.facebook.com\/psol50","https:\/\/x.com\/psol50","https:\/\/www.instagram.com\/psol50\/","https:\/\/www.youtube.com\/channel\/UC7SnJS5o1os7a6CaiNabzcg"]},{"@type":"Person","@id":"https:\/\/psol50.org.br\/#\/schema\/person\/475dfa57d0b815993c714c2e96491fcd","name":"Comunica\u00e7\u00e3o PSOL","image":{"@type":"ImageObject","inLanguage":"pt-BR","@id":"https:\/\/psol50.org.br\/#\/schema\/person\/image\/","url":"https:\/\/secure.gravatar.com\/avatar\/b34fc4f4e468a4e51785917065a3db57b841f5c95dba6ad8c73aaf8f66f8f9bf?s=96&d=mm&r=g","contentUrl":"https:\/\/secure.gravatar.com\/avatar\/b34fc4f4e468a4e51785917065a3db57b841f5c95dba6ad8c73aaf8f66f8f9bf?s=96&d=mm&r=g","caption":"Comunica\u00e7\u00e3o PSOL"}}]}},"_links":{"self":[{"href":"https:\/\/psol50.org.br\/rest\/wp\/v2\/posts\/32530","targetHints":{"allow":["GET"]}}],"collection":[{"href":"https:\/\/psol50.org.br\/rest\/wp\/v2\/posts"}],"about":[{"href":"https:\/\/psol50.org.br\/rest\/wp\/v2\/types\/post"}],"author":[{"embeddable":true,"href":"https:\/\/psol50.org.br\/rest\/wp\/v2\/users\/2"}],"replies":[{"embeddable":true,"href":"https:\/\/psol50.org.br\/rest\/wp\/v2\/comments?post=32530"}],"version-history":[{"count":0,"href":"https:\/\/psol50.org.br\/rest\/wp\/v2\/posts\/32530\/revisions"}],"wp:featuredmedia":[{"embeddable":true,"href":"https:\/\/psol50.org.br\/rest\/wp\/v2\/media\/32286"}],"wp:attachment":[{"href":"https:\/\/psol50.org.br\/rest\/wp\/v2\/media?parent=32530"}],"wp:term":[{"taxonomy":"category","embeddable":true,"href":"https:\/\/psol50.org.br\/rest\/wp\/v2\/categories?post=32530"},{"taxonomy":"post_tag","embeddable":true,"href":"https:\/\/psol50.org.br\/rest\/wp\/v2\/tags?post=32530"}],"curies":[{"name":"wp","href":"https:\/\/api.w.org\/{rel}","templated":true}]}}