{"id":3254,"date":"2015-05-06T00:00:00","date_gmt":"2015-05-06T18:53:37","guid":{"rendered":"http:\/\/psol50.org.br\/arquivo\/2015\/05\/06\/psol-protocola-representacao-contra-beto-richa-por-violencia-contra-professores\/"},"modified":"2015-05-06T00:00:00","modified_gmt":"2015-05-06T18:53:37","slug":"psol-protocola-representacao-contra-beto-richa-por-violencia-contra-professores","status":"publish","type":"post","link":"https:\/\/psol50.org.br\/psol-protocola-representacao-contra-beto-richa-por-violencia-contra-professores\/","title":{"rendered":"PSOL protocola representa\u00e7\u00e3o contra Beto Richa por viol\u00eancia contra professores"},"content":{"rendered":"<p style=\"text-align: justify;\">\n\t<span style=\"font-family:arial,helvetica,sans-serif;\"><span style=\"font-size:12px;\">O PSOL protocolou nesta quarta-feira (06\/05) representa\u00e7\u00e3o na Procuradoria-Geral da Rep\u00fablica (PGR) contra o governador do Paran\u00e1, Carlos Alberto Richa, em fun\u00e7\u00e3o dos atos de viol\u00eancia e repress\u00e3o policial cometidos contra os professores da rede p\u00fablica em Curitiba, mais precisamente no \u00faltimo dia 29 de abril.<br \/>\n\t&nbsp;<br \/>\n\tO documento solicita formalmente ao procurador-geral da Rep\u00fablica, Rodrigo Janot, que apure as responsabilidades penal, civil e administrativa de todos os envolvidos nos atos de viol\u00eancia contra os professores no Estado do Paran\u00e1, em especial do governador Beto Richa. A Lei Complementar 75\/1993 estabelece que a PGR \u00e9 o \u00f3rg\u00e3o competente para investigar governadores de estado.<br \/>\n\t&nbsp;<br \/>\n\t\u201cN\u00e3o podemos naturalizar as atrocidades. Uma a\u00e7\u00e3o t\u00e3o desmedida da autoridade policial, com aval do governador, \u00e9 um atentado n\u00e3o apenas \u00e0s pessoas, mas \u00e0 pr\u00f3pria lei\u201d, afirma o l\u00edder do PSOL, deputado Chico Alencar. \u201cO Minist\u00e9rio P\u00fablico, que \u00e9 o fiscal da ordem jur\u00eddica democr\u00e1tica, precisa apurar as responsabilidades pela barb\u00e1rie\u201d. Al\u00e9m dele, assinaram a representa\u00e7\u00e3o o vice-l\u00edder Jean Wyllys e os deputados Edmilson Rodrigues e Ivan Valente.<br \/>\n\t&nbsp;<br \/>\n\t<strong>Pancadaria e omiss\u00e3o<\/strong><br \/>\n\tA viol\u00eancia da Pol\u00edcia Militar contra professores come\u00e7ou no \u00faltimo dia 27 de abril, data da vota\u00e7\u00e3o do primeiro turno do Projeto de Lei 252\/2015, que altera o sistema previdenci\u00e1rio dos servidores estaduais. O \u00e1pice da repress\u00e3o policial aconteceu no dia 29, quando cerca de 400 professores e professoras paranaenses ficaram feridos durante manifesta\u00e7\u00e3o em frente \u00e0 Assembleia Legislativa do Estado do Paran\u00e1 (ALEP). Durante tr\u00eas horas, 1,8 mil policiais atacaram os docentes com balas de borracha, cassetetes, spray de pimenta, g\u00e1s lacrimog\u00eanio, bombas de efeito moral e c\u00e3es.<br \/>\n\t&nbsp;<br \/>\n\tNa avalia\u00e7\u00e3o da bancada do PSOL, o governador Beto Richa foi omisso durante todo o procedimento da PM. \u201cAo analisarmos a intensidade e dura\u00e7\u00e3o dos ataques, verifica-se que o governador estava plenamente ciente do que ocorria nos arredores do Pal\u00e1cio Igua\u00e7u, sede do governo paranaense\u201d, argumenta o texto do PSOL.<br \/>\n\t&nbsp;<br \/>\n\tO partido cita a cartilha do Conselho Nacional do Minist\u00e9rio P\u00fablico (CNMP), editada em novembro de 2013, que trata da abordagem policial na perspectiva dos direitos humanos e do pleno exerc\u00edcio da cidadania. A cartilha destaca, entre outros aspectos, a necessidade da manuten\u00e7\u00e3o da integridade f\u00edsica do cidad\u00e3o e a impossibilidade do uso da for\u00e7a quando n\u00e3o houver resist\u00eancia por parte do cidad\u00e3o.<br \/>\n\t&nbsp;<br \/>\n\t<strong>Paradigma militarista<\/strong><br \/>\n\tNa representa\u00e7\u00e3o, o PSOL lembra ainda dos violentos anos da ditadura militar: \u201cN\u00e3o se pode tolerar que, 27 anos ap\u00f3s a promulga\u00e7\u00e3o de nossa \u2018Constitui\u00e7\u00e3o Cidad\u00e3\u2019, a seguran\u00e7a p\u00fablica no Brasil permane\u00e7a orientada pela \u2018doutrina da seguran\u00e7a nacional\u2019 da ditadura civil-militar de 1964-85. A notoriamente violenta repress\u00e3o policial \u00e0 manifesta\u00e7\u00e3o dos professores paranaenses mostra, mais uma vez, o quanto \u00e9 urgente e necess\u00e1rio superar o paradigma militarista que tem prevalecido na forma\u00e7\u00e3o e orienta\u00e7\u00e3o ou legitima\u00e7\u00e3o pol\u00edtica \u00e0 atua\u00e7\u00e3o das pol\u00edcias. Esse paradigma tem como pedra angular a arraigada premissa \u2013 inconstitucional e antidemocr\u00e1tica \u2013 de que o cidad\u00e3o portador de determinadas identidades (em especial o jovem negro, o \u201cfavelado\u201d, o imigrante, o manifestante) \u00e9 inimigo a ser controlado e at\u00e9 mesmo combatido, e n\u00e3o sujeito portador de direitos que devem ser garantidos\u201d.<\/span><\/span><\/p>\n<p>&nbsp;<\/p>\n","protected":false},"excerpt":{"rendered":"<p>Documento assinado pela bancada do partido na C\u00e2mara solicita \u00e0 Procuradoria-Geral da Rep\u00fablica apura\u00e7\u00e3o das responsabilidades pelos excessos cometidos<\/p>\n","protected":false},"author":2,"featured_media":0,"comment_status":"open","ping_status":"open","sticky":false,"template":"","format":"standard","meta":{"_acf_changed":false,"footnotes":""},"categories":[10,6],"tags":[22],"class_list":{"0":"post-3254","1":"post","2":"type-post","3":"status-publish","4":"format-standard","6":"category-acao-parlamentares","7":"category-noticias","8":"tag-psol"},"acf":[],"yoast_head":"<!-- This site is optimized with the Yoast SEO plugin v26.5 - https:\/\/yoast.com\/wordpress\/plugins\/seo\/ -->\n<title>PSOL protocola representa\u00e7\u00e3o contra Beto Richa por viol\u00eancia contra professores - PSOL 50<\/title>\n<meta name=\"robots\" content=\"index, follow, max-snippet:-1, max-image-preview:large, max-video-preview:-1\" \/>\n<link rel=\"canonical\" href=\"https:\/\/psol50.org.br\/psol-protocola-representacao-contra-beto-richa-por-violencia-contra-professores\/\" \/>\n<meta property=\"og:locale\" content=\"pt_BR\" \/>\n<meta property=\"og:type\" content=\"article\" \/>\n<meta property=\"og:title\" content=\"PSOL protocola representa\u00e7\u00e3o contra Beto Richa por viol\u00eancia contra professores - PSOL 50\" \/>\n<meta property=\"og:description\" content=\"Documento assinado pela bancada do partido na C\u00e2mara solicita \u00e0 Procuradoria-Geral da Rep\u00fablica apura\u00e7\u00e3o das responsabilidades pelos excessos cometidos\" \/>\n<meta property=\"og:url\" content=\"https:\/\/psol50.org.br\/psol-protocola-representacao-contra-beto-richa-por-violencia-contra-professores\/\" \/>\n<meta property=\"og:site_name\" content=\"PSOL 50\" \/>\n<meta property=\"article:publisher\" content=\"https:\/\/www.facebook.com\/psol50\" \/>\n<meta property=\"article:published_time\" content=\"2015-05-06T18:53:37+00:00\" \/>\n<meta property=\"og:image\" content=\"https:\/\/psol50.org.br\/inc\/uploads\/2018\/07\/capa.png\" \/>\n\t<meta property=\"og:image:width\" content=\"1350\" \/>\n\t<meta property=\"og:image:height\" content=\"900\" \/>\n\t<meta property=\"og:image:type\" content=\"image\/png\" \/>\n<meta name=\"author\" content=\"Comunica\u00e7\u00e3o PSOL\" \/>\n<meta name=\"twitter:card\" content=\"summary_large_image\" \/>\n<meta name=\"twitter:creator\" content=\"@psol50\" \/>\n<meta name=\"twitter:site\" content=\"@psol50\" \/>\n<meta name=\"twitter:label1\" content=\"Escrito por\" \/>\n\t<meta name=\"twitter:data1\" content=\"Comunica\u00e7\u00e3o PSOL\" \/>\n\t<meta name=\"twitter:label2\" content=\"Est. tempo de leitura\" \/>\n\t<meta name=\"twitter:data2\" content=\"3 minutos\" \/>\n<script type=\"application\/ld+json\" class=\"yoast-schema-graph\">{\"@context\":\"https:\/\/schema.org\",\"@graph\":[{\"@type\":\"Article\",\"@id\":\"https:\/\/psol50.org.br\/psol-protocola-representacao-contra-beto-richa-por-violencia-contra-professores\/#article\",\"isPartOf\":{\"@id\":\"https:\/\/psol50.org.br\/psol-protocola-representacao-contra-beto-richa-por-violencia-contra-professores\/\"},\"author\":{\"name\":\"Comunica\u00e7\u00e3o PSOL\",\"@id\":\"https:\/\/psol50.org.br\/#\/schema\/person\/475dfa57d0b815993c714c2e96491fcd\"},\"headline\":\"PSOL protocola representa\u00e7\u00e3o contra Beto Richa por viol\u00eancia contra professores\",\"datePublished\":\"2015-05-06T18:53:37+00:00\",\"mainEntityOfPage\":{\"@id\":\"https:\/\/psol50.org.br\/psol-protocola-representacao-contra-beto-richa-por-violencia-contra-professores\/\"},\"wordCount\":579,\"commentCount\":0,\"publisher\":{\"@id\":\"https:\/\/psol50.org.br\/#organization\"},\"keywords\":[\"PSOL\"],\"articleSection\":[\"A\u00e7\u00e3o Parlamentar\",\"Not\u00edcias\"],\"inLanguage\":\"pt-BR\",\"potentialAction\":[{\"@type\":\"CommentAction\",\"name\":\"Comment\",\"target\":[\"https:\/\/psol50.org.br\/psol-protocola-representacao-contra-beto-richa-por-violencia-contra-professores\/#respond\"]}]},{\"@type\":\"WebPage\",\"@id\":\"https:\/\/psol50.org.br\/psol-protocola-representacao-contra-beto-richa-por-violencia-contra-professores\/\",\"url\":\"https:\/\/psol50.org.br\/psol-protocola-representacao-contra-beto-richa-por-violencia-contra-professores\/\",\"name\":\"PSOL protocola representa\u00e7\u00e3o contra Beto Richa por viol\u00eancia contra professores - PSOL 50\",\"isPartOf\":{\"@id\":\"https:\/\/psol50.org.br\/#website\"},\"datePublished\":\"2015-05-06T18:53:37+00:00\",\"breadcrumb\":{\"@id\":\"https:\/\/psol50.org.br\/psol-protocola-representacao-contra-beto-richa-por-violencia-contra-professores\/#breadcrumb\"},\"inLanguage\":\"pt-BR\",\"potentialAction\":[{\"@type\":\"ReadAction\",\"target\":[\"https:\/\/psol50.org.br\/psol-protocola-representacao-contra-beto-richa-por-violencia-contra-professores\/\"]}]},{\"@type\":\"BreadcrumbList\",\"@id\":\"https:\/\/psol50.org.br\/psol-protocola-representacao-contra-beto-richa-por-violencia-contra-professores\/#breadcrumb\",\"itemListElement\":[{\"@type\":\"ListItem\",\"position\":1,\"name\":\"In\u00edcio\",\"item\":\"https:\/\/psol50.org.br\/\"},{\"@type\":\"ListItem\",\"position\":2,\"name\":\"PSOL protocola representa\u00e7\u00e3o contra Beto Richa por viol\u00eancia contra professores\"}]},{\"@type\":\"WebSite\",\"@id\":\"https:\/\/psol50.org.br\/#website\",\"url\":\"https:\/\/psol50.org.br\/\",\"name\":\"PSOL 50\",\"description\":\"Site oficial do Partido Socialismo e Liberdade\",\"publisher\":{\"@id\":\"https:\/\/psol50.org.br\/#organization\"},\"alternateName\":\"PSOL50\",\"potentialAction\":[{\"@type\":\"SearchAction\",\"target\":{\"@type\":\"EntryPoint\",\"urlTemplate\":\"https:\/\/psol50.org.br\/?s={search_term_string}\"},\"query-input\":{\"@type\":\"PropertyValueSpecification\",\"valueRequired\":true,\"valueName\":\"search_term_string\"}}],\"inLanguage\":\"pt-BR\"},{\"@type\":\"Organization\",\"@id\":\"https:\/\/psol50.org.br\/#organization\",\"name\":\"PSOL 50\",\"alternateName\":\"PSOL 50\",\"url\":\"https:\/\/psol50.org.br\/\",\"logo\":{\"@type\":\"ImageObject\",\"inLanguage\":\"pt-BR\",\"@id\":\"https:\/\/psol50.org.br\/#\/schema\/logo\/image\/\",\"url\":\"https:\/\/psol50.org.br\/inc\/uploads\/2018\/07\/capa.png\",\"contentUrl\":\"https:\/\/psol50.org.br\/inc\/uploads\/2018\/07\/capa.png\",\"width\":1350,\"height\":900,\"caption\":\"PSOL 50\"},\"image\":{\"@id\":\"https:\/\/psol50.org.br\/#\/schema\/logo\/image\/\"},\"sameAs\":[\"https:\/\/www.facebook.com\/psol50\",\"https:\/\/x.com\/psol50\",\"https:\/\/www.instagram.com\/psol50\/\",\"https:\/\/www.youtube.com\/channel\/UC7SnJS5o1os7a6CaiNabzcg\"]},{\"@type\":\"Person\",\"@id\":\"https:\/\/psol50.org.br\/#\/schema\/person\/475dfa57d0b815993c714c2e96491fcd\",\"name\":\"Comunica\u00e7\u00e3o PSOL\",\"image\":{\"@type\":\"ImageObject\",\"inLanguage\":\"pt-BR\",\"@id\":\"https:\/\/psol50.org.br\/#\/schema\/person\/image\/\",\"url\":\"https:\/\/secure.gravatar.com\/avatar\/b34fc4f4e468a4e51785917065a3db57b841f5c95dba6ad8c73aaf8f66f8f9bf?s=96&d=mm&r=g\",\"contentUrl\":\"https:\/\/secure.gravatar.com\/avatar\/b34fc4f4e468a4e51785917065a3db57b841f5c95dba6ad8c73aaf8f66f8f9bf?s=96&d=mm&r=g\",\"caption\":\"Comunica\u00e7\u00e3o PSOL\"}}]}<\/script>\n<!-- \/ Yoast SEO plugin. -->","yoast_head_json":{"title":"PSOL protocola representa\u00e7\u00e3o contra Beto Richa por viol\u00eancia contra professores - PSOL 50","robots":{"index":"index","follow":"follow","max-snippet":"max-snippet:-1","max-image-preview":"max-image-preview:large","max-video-preview":"max-video-preview:-1"},"canonical":"https:\/\/psol50.org.br\/psol-protocola-representacao-contra-beto-richa-por-violencia-contra-professores\/","og_locale":"pt_BR","og_type":"article","og_title":"PSOL protocola representa\u00e7\u00e3o contra Beto Richa por viol\u00eancia contra professores - PSOL 50","og_description":"Documento assinado pela bancada do partido na C\u00e2mara solicita \u00e0 Procuradoria-Geral da Rep\u00fablica apura\u00e7\u00e3o das responsabilidades pelos excessos cometidos","og_url":"https:\/\/psol50.org.br\/psol-protocola-representacao-contra-beto-richa-por-violencia-contra-professores\/","og_site_name":"PSOL 50","article_publisher":"https:\/\/www.facebook.com\/psol50","article_published_time":"2015-05-06T18:53:37+00:00","og_image":[{"width":1350,"height":900,"url":"https:\/\/psol50.org.br\/inc\/uploads\/2018\/07\/capa.png","type":"image\/png"}],"author":"Comunica\u00e7\u00e3o PSOL","twitter_card":"summary_large_image","twitter_creator":"@psol50","twitter_site":"@psol50","twitter_misc":{"Escrito por":"Comunica\u00e7\u00e3o PSOL","Est. tempo de leitura":"3 minutos"},"schema":{"@context":"https:\/\/schema.org","@graph":[{"@type":"Article","@id":"https:\/\/psol50.org.br\/psol-protocola-representacao-contra-beto-richa-por-violencia-contra-professores\/#article","isPartOf":{"@id":"https:\/\/psol50.org.br\/psol-protocola-representacao-contra-beto-richa-por-violencia-contra-professores\/"},"author":{"name":"Comunica\u00e7\u00e3o PSOL","@id":"https:\/\/psol50.org.br\/#\/schema\/person\/475dfa57d0b815993c714c2e96491fcd"},"headline":"PSOL protocola representa\u00e7\u00e3o contra Beto Richa por viol\u00eancia contra professores","datePublished":"2015-05-06T18:53:37+00:00","mainEntityOfPage":{"@id":"https:\/\/psol50.org.br\/psol-protocola-representacao-contra-beto-richa-por-violencia-contra-professores\/"},"wordCount":579,"commentCount":0,"publisher":{"@id":"https:\/\/psol50.org.br\/#organization"},"keywords":["PSOL"],"articleSection":["A\u00e7\u00e3o Parlamentar","Not\u00edcias"],"inLanguage":"pt-BR","potentialAction":[{"@type":"CommentAction","name":"Comment","target":["https:\/\/psol50.org.br\/psol-protocola-representacao-contra-beto-richa-por-violencia-contra-professores\/#respond"]}]},{"@type":"WebPage","@id":"https:\/\/psol50.org.br\/psol-protocola-representacao-contra-beto-richa-por-violencia-contra-professores\/","url":"https:\/\/psol50.org.br\/psol-protocola-representacao-contra-beto-richa-por-violencia-contra-professores\/","name":"PSOL protocola representa\u00e7\u00e3o contra Beto Richa por viol\u00eancia contra professores - PSOL 50","isPartOf":{"@id":"https:\/\/psol50.org.br\/#website"},"datePublished":"2015-05-06T18:53:37+00:00","breadcrumb":{"@id":"https:\/\/psol50.org.br\/psol-protocola-representacao-contra-beto-richa-por-violencia-contra-professores\/#breadcrumb"},"inLanguage":"pt-BR","potentialAction":[{"@type":"ReadAction","target":["https:\/\/psol50.org.br\/psol-protocola-representacao-contra-beto-richa-por-violencia-contra-professores\/"]}]},{"@type":"BreadcrumbList","@id":"https:\/\/psol50.org.br\/psol-protocola-representacao-contra-beto-richa-por-violencia-contra-professores\/#breadcrumb","itemListElement":[{"@type":"ListItem","position":1,"name":"In\u00edcio","item":"https:\/\/psol50.org.br\/"},{"@type":"ListItem","position":2,"name":"PSOL protocola representa\u00e7\u00e3o contra Beto Richa por viol\u00eancia contra professores"}]},{"@type":"WebSite","@id":"https:\/\/psol50.org.br\/#website","url":"https:\/\/psol50.org.br\/","name":"PSOL 50","description":"Site oficial do Partido Socialismo e Liberdade","publisher":{"@id":"https:\/\/psol50.org.br\/#organization"},"alternateName":"PSOL50","potentialAction":[{"@type":"SearchAction","target":{"@type":"EntryPoint","urlTemplate":"https:\/\/psol50.org.br\/?s={search_term_string}"},"query-input":{"@type":"PropertyValueSpecification","valueRequired":true,"valueName":"search_term_string"}}],"inLanguage":"pt-BR"},{"@type":"Organization","@id":"https:\/\/psol50.org.br\/#organization","name":"PSOL 50","alternateName":"PSOL 50","url":"https:\/\/psol50.org.br\/","logo":{"@type":"ImageObject","inLanguage":"pt-BR","@id":"https:\/\/psol50.org.br\/#\/schema\/logo\/image\/","url":"https:\/\/psol50.org.br\/inc\/uploads\/2018\/07\/capa.png","contentUrl":"https:\/\/psol50.org.br\/inc\/uploads\/2018\/07\/capa.png","width":1350,"height":900,"caption":"PSOL 50"},"image":{"@id":"https:\/\/psol50.org.br\/#\/schema\/logo\/image\/"},"sameAs":["https:\/\/www.facebook.com\/psol50","https:\/\/x.com\/psol50","https:\/\/www.instagram.com\/psol50\/","https:\/\/www.youtube.com\/channel\/UC7SnJS5o1os7a6CaiNabzcg"]},{"@type":"Person","@id":"https:\/\/psol50.org.br\/#\/schema\/person\/475dfa57d0b815993c714c2e96491fcd","name":"Comunica\u00e7\u00e3o PSOL","image":{"@type":"ImageObject","inLanguage":"pt-BR","@id":"https:\/\/psol50.org.br\/#\/schema\/person\/image\/","url":"https:\/\/secure.gravatar.com\/avatar\/b34fc4f4e468a4e51785917065a3db57b841f5c95dba6ad8c73aaf8f66f8f9bf?s=96&d=mm&r=g","contentUrl":"https:\/\/secure.gravatar.com\/avatar\/b34fc4f4e468a4e51785917065a3db57b841f5c95dba6ad8c73aaf8f66f8f9bf?s=96&d=mm&r=g","caption":"Comunica\u00e7\u00e3o PSOL"}}]}},"_links":{"self":[{"href":"https:\/\/psol50.org.br\/rest\/wp\/v2\/posts\/3254","targetHints":{"allow":["GET"]}}],"collection":[{"href":"https:\/\/psol50.org.br\/rest\/wp\/v2\/posts"}],"about":[{"href":"https:\/\/psol50.org.br\/rest\/wp\/v2\/types\/post"}],"author":[{"embeddable":true,"href":"https:\/\/psol50.org.br\/rest\/wp\/v2\/users\/2"}],"replies":[{"embeddable":true,"href":"https:\/\/psol50.org.br\/rest\/wp\/v2\/comments?post=3254"}],"version-history":[{"count":0,"href":"https:\/\/psol50.org.br\/rest\/wp\/v2\/posts\/3254\/revisions"}],"wp:attachment":[{"href":"https:\/\/psol50.org.br\/rest\/wp\/v2\/media?parent=3254"}],"wp:term":[{"taxonomy":"category","embeddable":true,"href":"https:\/\/psol50.org.br\/rest\/wp\/v2\/categories?post=3254"},{"taxonomy":"post_tag","embeddable":true,"href":"https:\/\/psol50.org.br\/rest\/wp\/v2\/tags?post=3254"}],"curies":[{"name":"wp","href":"https:\/\/api.w.org\/{rel}","templated":true}]}}