{"id":3258,"date":"2015-05-11T00:00:00","date_gmt":"2015-05-11T13:30:50","guid":{"rendered":"http:\/\/psol50.org.br\/arquivo\/2015\/05\/11\/medidas-aprovadas-reduzem-drasticamente-direitos-dos-trabalhadores\/"},"modified":"2015-05-11T00:00:00","modified_gmt":"2015-05-11T13:30:50","slug":"medidas-aprovadas-reduzem-drasticamente-direitos-dos-trabalhadores","status":"publish","type":"post","link":"https:\/\/psol50.org.br\/medidas-aprovadas-reduzem-drasticamente-direitos-dos-trabalhadores\/","title":{"rendered":"Medidas aprovadas reduzem drasticamente direitos dos trabalhadores"},"content":{"rendered":"<p align=\"JUSTIFY\" class=\"western\" style=\"margin-top: 0cm; margin-bottom: 0cm;\">\n\t<span style=\"font-size:12px;\">Uma sequ\u00eancia de a\u00e7\u00f5es desoladoras aos trabalhadores brasileiros acontece na C\u00e2mara dos Deputados. Sob o pretexto de equilibrar as contas do pa\u00eds e combater distor\u00e7\u00f5es, o governo federal pressionou a base aliada para aprovar as Medidas Provis\u00f3rias 664 e 665, que alteram e dificultam o acesso \u00e0 pens\u00e3o e ao seguro-desemprego, respectivamente.<\/p>\n<p>\tAmbas medidas do Poder Executivo privilegiam ainda mais a realiza\u00e7\u00e3o do chamado \u201csuper\u00e1vit prim\u00e1rio\u201d, ou seja, o pagamento da d\u00edvida p\u00fablica, que beneficia principalmente grandes bancos e investidores. Segundo o governo, R$ 18 bilh\u00f5es poderiam ser \u201ceconomizados\u201d \u2013 mas \u00e0s custas do trabalhador, na avalia\u00e7\u00e3o do PSOL. Esse valor representa cinco dias de pagamento da d\u00edvida p\u00fablica federal, previsto em R$ 1,356 trilh\u00e3o neste ano, ou 47% de todo o or\u00e7amento federal de 2015.<\/p>\n<p>\tAp\u00f3s o projeto da terceiriza\u00e7\u00e3o \u2013 que precariza os servi\u00e7os do trabalhador, aprovado no final de abril \u2013 mais um cap\u00edtulo da viol\u00eancia contra os trabalhadores configurou-se na semana passada. Sob fortes cr\u00edticas do PSOL, foi aprovada a MP 665 e suprimidos direitos dos trabalhadores.<\/p>\n<p>\t\u201cN\u00f3s, do PSOL, queremos, por coer\u00eancia, do mesmo modo que nos levantamos contra no caso da terceiriza\u00e7\u00e3o ampla, geral, irrestrita e injusta, nos levantamos agora contra essas medidas\u201d, afirmou o l\u00edder do PSOL, deputado Chico Alencar. \u201cN\u00f3s sabemos que esses direitos est\u00e3o sendo os primeiros a serem surrupiados, nessa perspectiva do ajuste fiscal. Isso n\u00e3o \u00e9 justo e n\u00e3o \u00e9 bom para o trabalhador. O que n\u00e3o \u00e9 bom para quem trabalha n\u00e3o \u00e9 bom para o Brasil\u201d.<\/p>\n<p>\tDe acordo com o deputado, a pol\u00edtica macroecon\u00f4mica implementada pelo governo \u00e9 ortodoxa e considera normal cortar direito de trabalhadores. \u201cO governo poderia arrumar as contas p\u00fablicas para investir no que \u00e9 mais necess\u00e1rio atrav\u00e9s de algumas medidas b\u00e1sicas, como, por exemplo, do ponto de vista tribut\u00e1rio, a taxa\u00e7\u00e3o das grandes heran\u00e7as\u201d, prop\u00f4s Chico Alencar.<\/p>\n<p>\tNa opini\u00e3o do deputado Ivan Valente, a presidente Dilma Roussef cumpre a agenda do candidato derrotado, sinaliza para o mercado financeiro e penaliza os trabalhadores. \u201cAs MP&#8217;s atingem em cheio o direito daqueles que est\u00e3o mais vulner\u00e1veis na conjuntura, que v\u00e3o ser ou est\u00e3o desempregados, os aposentados, as vi\u00favas, os pescadores\u201d.<\/p>\n<p>\tIvan Valente citou o esc\u00e2ndalo dos sete mil sonegadores fiscais do HSBC no valor de R$ 9 bilh\u00f5es e o esquema de propinas no Conselho Administrativo de Recursos Fiscais (CARF), da Receita Federal, de R$ 20 bilh\u00f5es, para ressaltar que quem paga a crise econ\u00f4mica s\u00e3o os mais pobres. \u201cN\u00e3o se faz uma auditoria da d\u00edvida p\u00fablica neste Pa\u00eds. N\u00e3o se faz uma reforma tribut\u00e1ria neste Pa\u00eds. N\u00e3o h\u00e1 nada para distribuir renda\u201d.<\/p>\n<p>\tPara o deputado Edmilson Rodrigues, o governo n\u00e3o pretende s\u00f3 economizar, mas sinalizar aos especuladores mundiais. \u201cNa verdade, h\u00e1 uma sinaliza\u00e7\u00e3o aos especuladores do mundo, aos que lucram, quando veem o Brasil submetido a essa espiral especulativa transformada num verdadeiro cassino, em que tudo agora tem que ser transformado em ativo financeiro. H\u00e1 uma sinaliza\u00e7\u00e3o para agradar os ricos, prejudicar os pobres, com graves consequ\u00eancias sociais\u201d.<\/p>\n<p>\t<strong>Emenda do PSOL<\/strong><br \/>\n\tA bancada do PSOL apresentou emenda de plen\u00e1rio ao projeto de lei de convers\u00e3o da MP 655 para ampliar de 4 para 5 meses o tempo de concess\u00e3o do seguro-desemprego para o trabalhador empregado entre o 12\u00b0 e o 23\u00ba m\u00eas, nos casos de primeira solicita\u00e7\u00e3o. Entretanto, a emenda foi rejeitada, por 255 votos a 155 e 7 absten\u00e7\u00f5es<strong>.<\/p>\n<p>\tA partir de agora<\/strong><br \/>\n\tO projeto de lei de convers\u00e3o da MP 665 aprovado prev\u00ea que, para o primeiro pedido, o trabalhador precisar\u00e1 comprovar o recebimento de sal\u00e1rios em pelo menos 12 meses nos 18 meses anteriores \u00e0 data da dispensa. No segundo pedido, dever\u00e1 comprovar o recebimento de 9 sal\u00e1rios nos 12 meses anteriores. A partir da terceira solicita\u00e7\u00e3o, a regra continua igual \u00e0 atual: comprovar o recebimento nos seis meses anteriores \u00e0 demiss\u00e3o. O texto segue agora para an\u00e1lise no Senado Federal.<\/p>\n<p>\tNesta semana, come\u00e7ar\u00e1 a ser votada a segunda medida provis\u00f3ria do ajuste fiscal do governo federal: a MP 664, que dificulta o acesso ao benef\u00edcio da pens\u00e3o.<\/p>\n<p>\tA bancada do PSOL continuar\u00e1 sua luta na defesa dos trabalhadores.<\/span><\/p>\n<p align=\"JUSTIFY\" style=\"margin-bottom: 0cm\">\n\t&nbsp;<\/p>\n","protected":false},"excerpt":{"rendered":"<p>PSOL critica pol\u00edtica econ\u00f4mica do governo que quer fazer ajuste fiscal \u00e0s custas do trabalhador<\/p>\n","protected":false},"author":2,"featured_media":0,"comment_status":"open","ping_status":"open","sticky":false,"template":"","format":"standard","meta":{"_acf_changed":false,"footnotes":""},"categories":[6],"tags":[],"class_list":{"0":"post-3258","1":"post","2":"type-post","3":"status-publish","4":"format-standard","6":"category-noticias"},"acf":[],"yoast_head":"<!-- This site is optimized with the Yoast SEO plugin v26.5 - https:\/\/yoast.com\/wordpress\/plugins\/seo\/ -->\n<title>Medidas aprovadas reduzem drasticamente direitos dos trabalhadores - PSOL 50<\/title>\n<meta name=\"robots\" content=\"index, follow, max-snippet:-1, max-image-preview:large, max-video-preview:-1\" \/>\n<link rel=\"canonical\" href=\"https:\/\/psol50.org.br\/medidas-aprovadas-reduzem-drasticamente-direitos-dos-trabalhadores\/\" \/>\n<meta property=\"og:locale\" content=\"pt_BR\" \/>\n<meta property=\"og:type\" content=\"article\" \/>\n<meta property=\"og:title\" content=\"Medidas aprovadas reduzem drasticamente direitos dos trabalhadores - PSOL 50\" \/>\n<meta property=\"og:description\" content=\"PSOL critica pol\u00edtica econ\u00f4mica do governo que quer fazer ajuste fiscal \u00e0s custas do trabalhador\" \/>\n<meta property=\"og:url\" content=\"https:\/\/psol50.org.br\/medidas-aprovadas-reduzem-drasticamente-direitos-dos-trabalhadores\/\" \/>\n<meta property=\"og:site_name\" content=\"PSOL 50\" \/>\n<meta property=\"article:publisher\" content=\"https:\/\/www.facebook.com\/psol50\" \/>\n<meta property=\"article:published_time\" content=\"2015-05-11T13:30:50+00:00\" \/>\n<meta property=\"og:image\" content=\"https:\/\/psol50.org.br\/inc\/uploads\/2018\/07\/capa.png\" \/>\n\t<meta property=\"og:image:width\" content=\"1350\" \/>\n\t<meta property=\"og:image:height\" content=\"900\" \/>\n\t<meta property=\"og:image:type\" content=\"image\/png\" \/>\n<meta name=\"author\" content=\"Comunica\u00e7\u00e3o PSOL\" \/>\n<meta name=\"twitter:card\" content=\"summary_large_image\" \/>\n<meta name=\"twitter:creator\" content=\"@psol50\" \/>\n<meta name=\"twitter:site\" content=\"@psol50\" \/>\n<meta name=\"twitter:label1\" content=\"Escrito por\" \/>\n\t<meta name=\"twitter:data1\" content=\"Comunica\u00e7\u00e3o PSOL\" \/>\n\t<meta name=\"twitter:label2\" content=\"Est. tempo de leitura\" \/>\n\t<meta name=\"twitter:data2\" content=\"4 minutos\" \/>\n<script type=\"application\/ld+json\" class=\"yoast-schema-graph\">{\"@context\":\"https:\/\/schema.org\",\"@graph\":[{\"@type\":\"Article\",\"@id\":\"https:\/\/psol50.org.br\/medidas-aprovadas-reduzem-drasticamente-direitos-dos-trabalhadores\/#article\",\"isPartOf\":{\"@id\":\"https:\/\/psol50.org.br\/medidas-aprovadas-reduzem-drasticamente-direitos-dos-trabalhadores\/\"},\"author\":{\"name\":\"Comunica\u00e7\u00e3o PSOL\",\"@id\":\"https:\/\/psol50.org.br\/#\/schema\/person\/475dfa57d0b815993c714c2e96491fcd\"},\"headline\":\"Medidas aprovadas reduzem drasticamente direitos dos trabalhadores\",\"datePublished\":\"2015-05-11T13:30:50+00:00\",\"mainEntityOfPage\":{\"@id\":\"https:\/\/psol50.org.br\/medidas-aprovadas-reduzem-drasticamente-direitos-dos-trabalhadores\/\"},\"wordCount\":734,\"commentCount\":0,\"publisher\":{\"@id\":\"https:\/\/psol50.org.br\/#organization\"},\"articleSection\":[\"Not\u00edcias\"],\"inLanguage\":\"pt-BR\",\"potentialAction\":[{\"@type\":\"CommentAction\",\"name\":\"Comment\",\"target\":[\"https:\/\/psol50.org.br\/medidas-aprovadas-reduzem-drasticamente-direitos-dos-trabalhadores\/#respond\"]}]},{\"@type\":\"WebPage\",\"@id\":\"https:\/\/psol50.org.br\/medidas-aprovadas-reduzem-drasticamente-direitos-dos-trabalhadores\/\",\"url\":\"https:\/\/psol50.org.br\/medidas-aprovadas-reduzem-drasticamente-direitos-dos-trabalhadores\/\",\"name\":\"Medidas aprovadas reduzem drasticamente direitos dos trabalhadores - PSOL 50\",\"isPartOf\":{\"@id\":\"https:\/\/psol50.org.br\/#website\"},\"datePublished\":\"2015-05-11T13:30:50+00:00\",\"breadcrumb\":{\"@id\":\"https:\/\/psol50.org.br\/medidas-aprovadas-reduzem-drasticamente-direitos-dos-trabalhadores\/#breadcrumb\"},\"inLanguage\":\"pt-BR\",\"potentialAction\":[{\"@type\":\"ReadAction\",\"target\":[\"https:\/\/psol50.org.br\/medidas-aprovadas-reduzem-drasticamente-direitos-dos-trabalhadores\/\"]}]},{\"@type\":\"BreadcrumbList\",\"@id\":\"https:\/\/psol50.org.br\/medidas-aprovadas-reduzem-drasticamente-direitos-dos-trabalhadores\/#breadcrumb\",\"itemListElement\":[{\"@type\":\"ListItem\",\"position\":1,\"name\":\"In\u00edcio\",\"item\":\"https:\/\/psol50.org.br\/\"},{\"@type\":\"ListItem\",\"position\":2,\"name\":\"Medidas aprovadas reduzem drasticamente direitos dos trabalhadores\"}]},{\"@type\":\"WebSite\",\"@id\":\"https:\/\/psol50.org.br\/#website\",\"url\":\"https:\/\/psol50.org.br\/\",\"name\":\"PSOL 50\",\"description\":\"Site oficial do Partido Socialismo e Liberdade\",\"publisher\":{\"@id\":\"https:\/\/psol50.org.br\/#organization\"},\"alternateName\":\"PSOL50\",\"potentialAction\":[{\"@type\":\"SearchAction\",\"target\":{\"@type\":\"EntryPoint\",\"urlTemplate\":\"https:\/\/psol50.org.br\/?s={search_term_string}\"},\"query-input\":{\"@type\":\"PropertyValueSpecification\",\"valueRequired\":true,\"valueName\":\"search_term_string\"}}],\"inLanguage\":\"pt-BR\"},{\"@type\":\"Organization\",\"@id\":\"https:\/\/psol50.org.br\/#organization\",\"name\":\"PSOL 50\",\"alternateName\":\"PSOL 50\",\"url\":\"https:\/\/psol50.org.br\/\",\"logo\":{\"@type\":\"ImageObject\",\"inLanguage\":\"pt-BR\",\"@id\":\"https:\/\/psol50.org.br\/#\/schema\/logo\/image\/\",\"url\":\"https:\/\/psol50.org.br\/inc\/uploads\/2018\/07\/capa.png\",\"contentUrl\":\"https:\/\/psol50.org.br\/inc\/uploads\/2018\/07\/capa.png\",\"width\":1350,\"height\":900,\"caption\":\"PSOL 50\"},\"image\":{\"@id\":\"https:\/\/psol50.org.br\/#\/schema\/logo\/image\/\"},\"sameAs\":[\"https:\/\/www.facebook.com\/psol50\",\"https:\/\/x.com\/psol50\",\"https:\/\/www.instagram.com\/psol50\/\",\"https:\/\/www.youtube.com\/channel\/UC7SnJS5o1os7a6CaiNabzcg\"]},{\"@type\":\"Person\",\"@id\":\"https:\/\/psol50.org.br\/#\/schema\/person\/475dfa57d0b815993c714c2e96491fcd\",\"name\":\"Comunica\u00e7\u00e3o PSOL\",\"image\":{\"@type\":\"ImageObject\",\"inLanguage\":\"pt-BR\",\"@id\":\"https:\/\/psol50.org.br\/#\/schema\/person\/image\/\",\"url\":\"https:\/\/secure.gravatar.com\/avatar\/b34fc4f4e468a4e51785917065a3db57b841f5c95dba6ad8c73aaf8f66f8f9bf?s=96&d=mm&r=g\",\"contentUrl\":\"https:\/\/secure.gravatar.com\/avatar\/b34fc4f4e468a4e51785917065a3db57b841f5c95dba6ad8c73aaf8f66f8f9bf?s=96&d=mm&r=g\",\"caption\":\"Comunica\u00e7\u00e3o PSOL\"}}]}<\/script>\n<!-- \/ Yoast SEO plugin. -->","yoast_head_json":{"title":"Medidas aprovadas reduzem drasticamente direitos dos trabalhadores - PSOL 50","robots":{"index":"index","follow":"follow","max-snippet":"max-snippet:-1","max-image-preview":"max-image-preview:large","max-video-preview":"max-video-preview:-1"},"canonical":"https:\/\/psol50.org.br\/medidas-aprovadas-reduzem-drasticamente-direitos-dos-trabalhadores\/","og_locale":"pt_BR","og_type":"article","og_title":"Medidas aprovadas reduzem drasticamente direitos dos trabalhadores - PSOL 50","og_description":"PSOL critica pol\u00edtica econ\u00f4mica do governo que quer fazer ajuste fiscal \u00e0s custas do trabalhador","og_url":"https:\/\/psol50.org.br\/medidas-aprovadas-reduzem-drasticamente-direitos-dos-trabalhadores\/","og_site_name":"PSOL 50","article_publisher":"https:\/\/www.facebook.com\/psol50","article_published_time":"2015-05-11T13:30:50+00:00","og_image":[{"width":1350,"height":900,"url":"https:\/\/psol50.org.br\/inc\/uploads\/2018\/07\/capa.png","type":"image\/png"}],"author":"Comunica\u00e7\u00e3o PSOL","twitter_card":"summary_large_image","twitter_creator":"@psol50","twitter_site":"@psol50","twitter_misc":{"Escrito por":"Comunica\u00e7\u00e3o PSOL","Est. tempo de leitura":"4 minutos"},"schema":{"@context":"https:\/\/schema.org","@graph":[{"@type":"Article","@id":"https:\/\/psol50.org.br\/medidas-aprovadas-reduzem-drasticamente-direitos-dos-trabalhadores\/#article","isPartOf":{"@id":"https:\/\/psol50.org.br\/medidas-aprovadas-reduzem-drasticamente-direitos-dos-trabalhadores\/"},"author":{"name":"Comunica\u00e7\u00e3o PSOL","@id":"https:\/\/psol50.org.br\/#\/schema\/person\/475dfa57d0b815993c714c2e96491fcd"},"headline":"Medidas aprovadas reduzem drasticamente direitos dos trabalhadores","datePublished":"2015-05-11T13:30:50+00:00","mainEntityOfPage":{"@id":"https:\/\/psol50.org.br\/medidas-aprovadas-reduzem-drasticamente-direitos-dos-trabalhadores\/"},"wordCount":734,"commentCount":0,"publisher":{"@id":"https:\/\/psol50.org.br\/#organization"},"articleSection":["Not\u00edcias"],"inLanguage":"pt-BR","potentialAction":[{"@type":"CommentAction","name":"Comment","target":["https:\/\/psol50.org.br\/medidas-aprovadas-reduzem-drasticamente-direitos-dos-trabalhadores\/#respond"]}]},{"@type":"WebPage","@id":"https:\/\/psol50.org.br\/medidas-aprovadas-reduzem-drasticamente-direitos-dos-trabalhadores\/","url":"https:\/\/psol50.org.br\/medidas-aprovadas-reduzem-drasticamente-direitos-dos-trabalhadores\/","name":"Medidas aprovadas reduzem drasticamente direitos dos trabalhadores - PSOL 50","isPartOf":{"@id":"https:\/\/psol50.org.br\/#website"},"datePublished":"2015-05-11T13:30:50+00:00","breadcrumb":{"@id":"https:\/\/psol50.org.br\/medidas-aprovadas-reduzem-drasticamente-direitos-dos-trabalhadores\/#breadcrumb"},"inLanguage":"pt-BR","potentialAction":[{"@type":"ReadAction","target":["https:\/\/psol50.org.br\/medidas-aprovadas-reduzem-drasticamente-direitos-dos-trabalhadores\/"]}]},{"@type":"BreadcrumbList","@id":"https:\/\/psol50.org.br\/medidas-aprovadas-reduzem-drasticamente-direitos-dos-trabalhadores\/#breadcrumb","itemListElement":[{"@type":"ListItem","position":1,"name":"In\u00edcio","item":"https:\/\/psol50.org.br\/"},{"@type":"ListItem","position":2,"name":"Medidas aprovadas reduzem drasticamente direitos dos trabalhadores"}]},{"@type":"WebSite","@id":"https:\/\/psol50.org.br\/#website","url":"https:\/\/psol50.org.br\/","name":"PSOL 50","description":"Site oficial do Partido Socialismo e Liberdade","publisher":{"@id":"https:\/\/psol50.org.br\/#organization"},"alternateName":"PSOL50","potentialAction":[{"@type":"SearchAction","target":{"@type":"EntryPoint","urlTemplate":"https:\/\/psol50.org.br\/?s={search_term_string}"},"query-input":{"@type":"PropertyValueSpecification","valueRequired":true,"valueName":"search_term_string"}}],"inLanguage":"pt-BR"},{"@type":"Organization","@id":"https:\/\/psol50.org.br\/#organization","name":"PSOL 50","alternateName":"PSOL 50","url":"https:\/\/psol50.org.br\/","logo":{"@type":"ImageObject","inLanguage":"pt-BR","@id":"https:\/\/psol50.org.br\/#\/schema\/logo\/image\/","url":"https:\/\/psol50.org.br\/inc\/uploads\/2018\/07\/capa.png","contentUrl":"https:\/\/psol50.org.br\/inc\/uploads\/2018\/07\/capa.png","width":1350,"height":900,"caption":"PSOL 50"},"image":{"@id":"https:\/\/psol50.org.br\/#\/schema\/logo\/image\/"},"sameAs":["https:\/\/www.facebook.com\/psol50","https:\/\/x.com\/psol50","https:\/\/www.instagram.com\/psol50\/","https:\/\/www.youtube.com\/channel\/UC7SnJS5o1os7a6CaiNabzcg"]},{"@type":"Person","@id":"https:\/\/psol50.org.br\/#\/schema\/person\/475dfa57d0b815993c714c2e96491fcd","name":"Comunica\u00e7\u00e3o PSOL","image":{"@type":"ImageObject","inLanguage":"pt-BR","@id":"https:\/\/psol50.org.br\/#\/schema\/person\/image\/","url":"https:\/\/secure.gravatar.com\/avatar\/b34fc4f4e468a4e51785917065a3db57b841f5c95dba6ad8c73aaf8f66f8f9bf?s=96&d=mm&r=g","contentUrl":"https:\/\/secure.gravatar.com\/avatar\/b34fc4f4e468a4e51785917065a3db57b841f5c95dba6ad8c73aaf8f66f8f9bf?s=96&d=mm&r=g","caption":"Comunica\u00e7\u00e3o PSOL"}}]}},"_links":{"self":[{"href":"https:\/\/psol50.org.br\/rest\/wp\/v2\/posts\/3258","targetHints":{"allow":["GET"]}}],"collection":[{"href":"https:\/\/psol50.org.br\/rest\/wp\/v2\/posts"}],"about":[{"href":"https:\/\/psol50.org.br\/rest\/wp\/v2\/types\/post"}],"author":[{"embeddable":true,"href":"https:\/\/psol50.org.br\/rest\/wp\/v2\/users\/2"}],"replies":[{"embeddable":true,"href":"https:\/\/psol50.org.br\/rest\/wp\/v2\/comments?post=3258"}],"version-history":[{"count":0,"href":"https:\/\/psol50.org.br\/rest\/wp\/v2\/posts\/3258\/revisions"}],"wp:attachment":[{"href":"https:\/\/psol50.org.br\/rest\/wp\/v2\/media?parent=3258"}],"wp:term":[{"taxonomy":"category","embeddable":true,"href":"https:\/\/psol50.org.br\/rest\/wp\/v2\/categories?post=3258"},{"taxonomy":"post_tag","embeddable":true,"href":"https:\/\/psol50.org.br\/rest\/wp\/v2\/tags?post=3258"}],"curies":[{"name":"wp","href":"https:\/\/api.w.org\/{rel}","templated":true}]}}