{"id":32605,"date":"2021-05-13T15:19:28","date_gmt":"2021-05-13T18:19:28","guid":{"rendered":"https:\/\/psol50.org.br\/?p=32605"},"modified":"2021-05-13T15:19:28","modified_gmt":"2021-05-13T18:19:28","slug":"juliano-medeiros-e-hora-de-voltar-as-ruas","status":"publish","type":"post","link":"https:\/\/psol50.org.br\/juliano-medeiros-e-hora-de-voltar-as-ruas\/","title":{"rendered":"Juliano Medeiros: &#8220;\u00c9 hora de voltar \u00e0s ruas!&#8221;"},"content":{"rendered":"<p style=\"text-align: center;\"><a href=\"https:\/\/psol50.org.br\/psolcontraafome\/\" target=\"_blank\" rel=\"noopener\"><img loading=\"lazy\" decoding=\"async\" class=\"alignnone size-full wp-image-32462\" src=\"https:\/\/psol50.org.br\/inc\/uploads\/2021\/04\/PSOLContraAFome_Variacoes_Email.png\" alt=\"\" width=\"811\" height=\"189\" srcset=\"https:\/\/psol50.org.br\/inc\/uploads\/2021\/04\/PSOLContraAFome_Variacoes_Email.png 811w, https:\/\/psol50.org.br\/inc\/uploads\/2021\/04\/PSOLContraAFome_Variacoes_Email-300x70.png 300w, https:\/\/psol50.org.br\/inc\/uploads\/2021\/04\/PSOLContraAFome_Variacoes_Email-768x179.png 768w, https:\/\/psol50.org.br\/inc\/uploads\/2021\/04\/PSOLContraAFome_Variacoes_Email-150x35.png 150w, https:\/\/psol50.org.br\/inc\/uploads\/2021\/04\/PSOLContraAFome_Variacoes_Email-696x162.png 696w\" sizes=\"auto, (max-width: 811px) 100vw, 811px\" \/><\/a><\/p>\n<p>O ano de 2021 teve in\u00edcio com uma explos\u00e3o de novos casos de Covid-19 no Brasil. O n\u00famero de mortes subiu de cerca de mil \u00f3bitos por dia, no fim de dezembro, para mais de quatro mil v\u00edtimas nas primeiras semanas de abril deste ano. O recorde de vidas perdidas num \u00fanico dia, 4249 brasileiros e brasileiras, registrado em 8 de abril, \u00e9 superior a todas as mortes computadas em pa\u00edses como Dinamarca, Coreia do Sul, Costa Rica, Eslov\u00eania ou Uruguai desde o in\u00edcio da pandemia.<br \/>\nA trag\u00e9dia se aprofundou gra\u00e7as \u00e0 irresponsabilidade de prefeitos e governadores que flexibilizaram as medidas de isolamento social no fim de 2020. Mas, acima de tudo, pela decis\u00e3o de Jair Bolsonaro e sua equipe econ\u00f4mica \u2013 acatada vergonhosamente pelo Congresso Nacional \u2013 de n\u00e3o prorrogar o Aux\u00edlio Emergencial a partir de janeiro deste ano. Sem renda para garantir a subsist\u00eancia m\u00ednima, milh\u00f5es de pais e m\u00e3es de fam\u00edlia voltaram a se expor, levando o v\u00edrus para dentro de suas casas.<br \/>\nA combina\u00e7\u00e3o do fim do Aux\u00edlio Emergencial \u2013 que injetou mais de R$300 bilh\u00f5es na economia em 2020 \u2013 com a flexibiliza\u00e7\u00e3o das medidas de isolamento social, impulsionou a segunda onda da pandemia no Brasil. A oposi\u00e7\u00e3o, corretamente, pressionou prefeitos e governadores a adotarem medidas mais r\u00edgidas para a conten\u00e7\u00e3o da circula\u00e7\u00e3o de pessoas, como o lockdown. Mas mesmo quando implementadas, elas n\u00e3o resolveram o problema de forma eficiente. Afinal, sem comida no prato, n\u00e3o h\u00e1 quem fique em casa.<br \/>\nDiante da posi\u00e7\u00e3o de v\u00e1rios prefeitos e governadores, Bolsonaro ensaiou uma queda de bra\u00e7o, afirmando que o lockdown cerceava a liberdade dos cidad\u00e3os e cidad\u00e3s e que poderia usar a for\u00e7a \u2013 leia-se, o Ex\u00e9rcito \u2013 para confrontar a medida. Como sempre, ficou apenas nas palavras: em 30 de mar\u00e7o os comandantes militares das tr\u00eas armas (Marinha, Ex\u00e9rcito e Aeron\u00e1utica) se demitiram, desconfort\u00e1veis com as declara\u00e7\u00f5es do presidente.<br \/>\nCom o aprofundamento da crise sanit\u00e1ria e sem o Aux\u00edlio Emergencial, a popularidade de Bolsonaro despencou. A perda de autoridade junto \u00e0s For\u00e7as Armadas deu amparo ao Supremo Tribunal Federal, que decretou a imediata instala\u00e7\u00e3o da CPI da pandemia. A comiss\u00e3o tem sido um palco permanente de desgaste do governo e vai comprovando, dia ap\u00f3s dia, que o plano genocida de Bolsonaro foi meticulosamente preparado ao rejeitar vacinas, boicotar campanhas de conscientiza\u00e7\u00e3o, criticar as recomenda\u00e7\u00f5es das autoridades sanit\u00e1rias e buscar a tal \u201cimuniza\u00e7\u00e3o de rebanho\u201d em Manaus.<br \/>\nNa \u00faltima semana, uma soma de trag\u00e9dias foi a gota d&#8217;\u00e1gua: a morte do ator Paulo Gustavo, fen\u00f4meno de bilheteria nos cinemas do pa\u00eds, depois de semanas enfrentando a Covid-19, comoveu milhares de f\u00e3s. Dias depois, a chacina na favela do Jacarezinho, no Rio de Janeiro, revelou toda a brutalidade policial numa opera\u00e7\u00e3o que deixou quase 30 v\u00edtimas. Tudo sob o sil\u00eancio envergonhado do STF, que havia proibido incurs\u00f5es policiais desse tipo durante a pandemia. Na Col\u00f4mbia, o exemplo da popula\u00e7\u00e3o nas ruas, afirmando que o presidente \u00e9 mais perigoso que o v\u00edrus, tamb\u00e9m deu o sinal: \u00e9 preciso agir.<br \/>\nPor tudo isso, parece ter chegado a hora de voltar \u2013 com todos os cuidados necess\u00e1rios \u2013 \u00e0s manifesta\u00e7\u00f5es de rua. Os negacionistas, ali\u00e1s, nunca deixaram de ocup\u00e1-las. Foram enxotados em meados de 2020 pelos protestos liderados pelos torcedores antifascistas. Mas diante da posi\u00e7\u00e3o respons\u00e1vel da oposi\u00e7\u00e3o de defender medidas de restri\u00e7\u00e3o da circula\u00e7\u00e3o, voltaram a se sentir confiantes.<br \/>\nUma pesquisa recente demonstrou que nas cidades dos Estados Unidos onde foram realizados protestos do movimento Black Lives Matter, n\u00e3o se verificou um aumento relevante de casos de Covid-19, o que comprova que podemos voltar \u00e0s ruas, desde que respeitadas as medidas de prote\u00e7\u00e3o, como o uso permanente de m\u00e1scaras, \u00e1lcool em gel, dentre outras.<br \/>\nChegamos ao limite. A voz das ruas \u00e9 o que falta para mudar a situa\u00e7\u00e3o pol\u00edtica no pa\u00eds. A \u201ctempestade perfeita\u201d est\u00e1 prestes a se formar. Mas para que isso aconte\u00e7a o elemento popular precisa entrar em cena, demonstrando toda a sua indigna\u00e7\u00e3o com a matan\u00e7a em curso no pa\u00eds. Podemos vencer, se n\u00e3o tivermos medo de ousar.<br \/>\n<em><strong>Por Juliano Medeiros, presidente nacional do PSOL<\/strong><\/em><br \/>\n<img loading=\"lazy\" decoding=\"async\" class=\"alignnone size-full wp-image-30552\" src=\"https:\/\/psol50.org.br\/inc\/uploads\/2020\/08\/21-08-2020_LancamentoRendaJusta-2.png\" alt=\"\" width=\"1920\" height=\"383\" srcset=\"https:\/\/psol50.org.br\/inc\/uploads\/2020\/08\/21-08-2020_LancamentoRendaJusta-2.png 1920w, https:\/\/psol50.org.br\/inc\/uploads\/2020\/08\/21-08-2020_LancamentoRendaJusta-2-300x60.png 300w, https:\/\/psol50.org.br\/inc\/uploads\/2020\/08\/21-08-2020_LancamentoRendaJusta-2-1024x204.png 1024w, https:\/\/psol50.org.br\/inc\/uploads\/2020\/08\/21-08-2020_LancamentoRendaJusta-2-768x153.png 768w, https:\/\/psol50.org.br\/inc\/uploads\/2020\/08\/21-08-2020_LancamentoRendaJusta-2-1536x306.png 1536w, https:\/\/psol50.org.br\/inc\/uploads\/2020\/08\/21-08-2020_LancamentoRendaJusta-2-150x30.png 150w, https:\/\/psol50.org.br\/inc\/uploads\/2020\/08\/21-08-2020_LancamentoRendaJusta-2-696x139.png 696w, https:\/\/psol50.org.br\/inc\/uploads\/2020\/08\/21-08-2020_LancamentoRendaJusta-2-1068x213.png 1068w\" sizes=\"auto, (max-width: 1920px) 100vw, 1920px\" \/><\/p>\n","protected":false},"excerpt":{"rendered":"<p>O ano de 2021 teve in\u00edcio com uma explos\u00e3o de novos casos de Covid-19 no Brasil. O n\u00famero de mortes subiu de cerca de mil \u00f3bitos por dia, no fim de dezembro, para mais de quatro mil v\u00edtimas nas primeiras semanas de abril deste ano. O recorde de vidas perdidas num \u00fanico dia, 4249 brasileiros [&hellip;]<\/p>\n","protected":false},"author":2,"featured_media":32606,"comment_status":"closed","ping_status":"open","sticky":false,"template":"","format":"standard","meta":{"_acf_changed":false,"footnotes":""},"categories":[3,6,14],"tags":[266,56,220,259,314,116,312],"class_list":{"0":"post-32605","1":"post","2":"type-post","3":"status-publish","4":"format-standard","5":"has-post-thumbnail","7":"category-artigos-e-entrevistas","8":"category-noticias","9":"category-partido","10":"tag-artigo","11":"tag-bolsonaro","12":"tag-impeachment","13":"tag-juliano-medeiros","14":"tag-manifestacoes","15":"tag-protestos","16":"tag-ruas"},"acf":[],"yoast_head":"<!-- This site is optimized with the Yoast SEO plugin v26.5 - https:\/\/yoast.com\/wordpress\/plugins\/seo\/ -->\n<title>Juliano Medeiros: &quot;\u00c9 hora de voltar \u00e0s ruas!&quot;<\/title>\n<meta name=\"description\" content=\"Chegamos ao limite. A voz das ruas \u00e9 o que falta para mudar a situa\u00e7\u00e3o pol\u00edtica no pa\u00eds. A \u201ctempestade perfeita\u201d est\u00e1 prestes a se formar.\" \/>\n<meta name=\"robots\" content=\"index, follow, max-snippet:-1, max-image-preview:large, max-video-preview:-1\" \/>\n<link rel=\"canonical\" href=\"https:\/\/psol50.org.br\/juliano-medeiros-e-hora-de-voltar-as-ruas\/\" \/>\n<meta property=\"og:locale\" content=\"pt_BR\" \/>\n<meta property=\"og:type\" content=\"article\" \/>\n<meta property=\"og:title\" content=\"Juliano Medeiros: &quot;\u00c9 hora de voltar \u00e0s ruas!&quot;\" \/>\n<meta property=\"og:description\" content=\"Chegamos ao limite. A voz das ruas \u00e9 o que falta para mudar a situa\u00e7\u00e3o pol\u00edtica no pa\u00eds. A \u201ctempestade perfeita\u201d est\u00e1 prestes a se formar.\" \/>\n<meta property=\"og:url\" content=\"https:\/\/psol50.org.br\/juliano-medeiros-e-hora-de-voltar-as-ruas\/\" \/>\n<meta property=\"og:site_name\" content=\"PSOL 50\" \/>\n<meta property=\"article:publisher\" content=\"https:\/\/www.facebook.com\/psol50\" \/>\n<meta property=\"article:published_time\" content=\"2021-05-13T18:19:28+00:00\" \/>\n<meta property=\"og:image\" content=\"https:\/\/psol50.org.br\/inc\/uploads\/2021\/05\/veja-imagens-das-manifestacoes-contra-bolsonaro-pelo-brasil-bsb0706-ricardostuckert.jpg\" \/>\n\t<meta property=\"og:image:width\" content=\"960\" \/>\n\t<meta property=\"og:image:height\" content=\"640\" \/>\n\t<meta property=\"og:image:type\" content=\"image\/jpeg\" \/>\n<meta name=\"author\" content=\"Comunica\u00e7\u00e3o PSOL\" \/>\n<meta name=\"twitter:card\" content=\"summary_large_image\" \/>\n<meta name=\"twitter:title\" content=\"Juliano Medeiros: &quot;\u00c9 hora de voltar \u00e0s ruas!&quot;\" \/>\n<meta name=\"twitter:description\" content=\"Chegamos ao limite. A voz das ruas \u00e9 o que falta para mudar a situa\u00e7\u00e3o pol\u00edtica no pa\u00eds. A \u201ctempestade perfeita\u201d est\u00e1 prestes a se formar.\" \/>\n<meta name=\"twitter:image\" content=\"https:\/\/psol50.org.br\/inc\/uploads\/2021\/05\/veja-imagens-das-manifestacoes-contra-bolsonaro-pelo-brasil-bsb0706-ricardostuckert.jpg\" \/>\n<meta name=\"twitter:creator\" content=\"@psol50\" \/>\n<meta name=\"twitter:site\" content=\"@psol50\" \/>\n<meta name=\"twitter:label1\" content=\"Escrito por\" \/>\n\t<meta name=\"twitter:data1\" content=\"Comunica\u00e7\u00e3o PSOL\" \/>\n\t<meta name=\"twitter:label2\" content=\"Est. tempo de leitura\" \/>\n\t<meta name=\"twitter:data2\" content=\"4 minutos\" \/>\n<script type=\"application\/ld+json\" class=\"yoast-schema-graph\">{\"@context\":\"https:\/\/schema.org\",\"@graph\":[{\"@type\":\"Article\",\"@id\":\"https:\/\/psol50.org.br\/juliano-medeiros-e-hora-de-voltar-as-ruas\/#article\",\"isPartOf\":{\"@id\":\"https:\/\/psol50.org.br\/juliano-medeiros-e-hora-de-voltar-as-ruas\/\"},\"author\":{\"name\":\"Comunica\u00e7\u00e3o PSOL\",\"@id\":\"https:\/\/psol50.org.br\/#\/schema\/person\/475dfa57d0b815993c714c2e96491fcd\"},\"headline\":\"Juliano Medeiros: &#8220;\u00c9 hora de voltar \u00e0s ruas!&#8221;\",\"datePublished\":\"2021-05-13T18:19:28+00:00\",\"mainEntityOfPage\":{\"@id\":\"https:\/\/psol50.org.br\/juliano-medeiros-e-hora-de-voltar-as-ruas\/\"},\"wordCount\":751,\"publisher\":{\"@id\":\"https:\/\/psol50.org.br\/#organization\"},\"image\":{\"@id\":\"https:\/\/psol50.org.br\/juliano-medeiros-e-hora-de-voltar-as-ruas\/#primaryimage\"},\"thumbnailUrl\":\"https:\/\/psol50.org.br\/inc\/uploads\/2021\/05\/veja-imagens-das-manifestacoes-contra-bolsonaro-pelo-brasil-bsb0706-ricardostuckert.jpg\",\"keywords\":[\"artigo\",\"Bolsonaro\",\"impeachment\",\"Juliano Medeiros\",\"manifesta\u00e7\u00f5es\",\"protestos\",\"ruas\"],\"articleSection\":[\"Artigos\",\"Not\u00edcias\",\"Partido\"],\"inLanguage\":\"pt-BR\"},{\"@type\":\"WebPage\",\"@id\":\"https:\/\/psol50.org.br\/juliano-medeiros-e-hora-de-voltar-as-ruas\/\",\"url\":\"https:\/\/psol50.org.br\/juliano-medeiros-e-hora-de-voltar-as-ruas\/\",\"name\":\"Juliano Medeiros: \\\"\u00c9 hora de voltar \u00e0s ruas!\\\"\",\"isPartOf\":{\"@id\":\"https:\/\/psol50.org.br\/#website\"},\"primaryImageOfPage\":{\"@id\":\"https:\/\/psol50.org.br\/juliano-medeiros-e-hora-de-voltar-as-ruas\/#primaryimage\"},\"image\":{\"@id\":\"https:\/\/psol50.org.br\/juliano-medeiros-e-hora-de-voltar-as-ruas\/#primaryimage\"},\"thumbnailUrl\":\"https:\/\/psol50.org.br\/inc\/uploads\/2021\/05\/veja-imagens-das-manifestacoes-contra-bolsonaro-pelo-brasil-bsb0706-ricardostuckert.jpg\",\"datePublished\":\"2021-05-13T18:19:28+00:00\",\"description\":\"Chegamos ao limite. A voz das ruas \u00e9 o que falta para mudar a situa\u00e7\u00e3o pol\u00edtica no pa\u00eds. A \u201ctempestade perfeita\u201d est\u00e1 prestes a se formar.\",\"breadcrumb\":{\"@id\":\"https:\/\/psol50.org.br\/juliano-medeiros-e-hora-de-voltar-as-ruas\/#breadcrumb\"},\"inLanguage\":\"pt-BR\",\"potentialAction\":[{\"@type\":\"ReadAction\",\"target\":[\"https:\/\/psol50.org.br\/juliano-medeiros-e-hora-de-voltar-as-ruas\/\"]}]},{\"@type\":\"ImageObject\",\"inLanguage\":\"pt-BR\",\"@id\":\"https:\/\/psol50.org.br\/juliano-medeiros-e-hora-de-voltar-as-ruas\/#primaryimage\",\"url\":\"https:\/\/psol50.org.br\/inc\/uploads\/2021\/05\/veja-imagens-das-manifestacoes-contra-bolsonaro-pelo-brasil-bsb0706-ricardostuckert.jpg\",\"contentUrl\":\"https:\/\/psol50.org.br\/inc\/uploads\/2021\/05\/veja-imagens-das-manifestacoes-contra-bolsonaro-pelo-brasil-bsb0706-ricardostuckert.jpg\",\"width\":960,\"height\":640,\"caption\":\"Foto: Ricardo Stuckert\"},{\"@type\":\"BreadcrumbList\",\"@id\":\"https:\/\/psol50.org.br\/juliano-medeiros-e-hora-de-voltar-as-ruas\/#breadcrumb\",\"itemListElement\":[{\"@type\":\"ListItem\",\"position\":1,\"name\":\"In\u00edcio\",\"item\":\"https:\/\/psol50.org.br\/\"},{\"@type\":\"ListItem\",\"position\":2,\"name\":\"Juliano Medeiros: &#8220;\u00c9 hora de voltar \u00e0s ruas!&#8221;\"}]},{\"@type\":\"WebSite\",\"@id\":\"https:\/\/psol50.org.br\/#website\",\"url\":\"https:\/\/psol50.org.br\/\",\"name\":\"PSOL 50\",\"description\":\"Site oficial do Partido Socialismo e Liberdade\",\"publisher\":{\"@id\":\"https:\/\/psol50.org.br\/#organization\"},\"alternateName\":\"PSOL50\",\"potentialAction\":[{\"@type\":\"SearchAction\",\"target\":{\"@type\":\"EntryPoint\",\"urlTemplate\":\"https:\/\/psol50.org.br\/?s={search_term_string}\"},\"query-input\":{\"@type\":\"PropertyValueSpecification\",\"valueRequired\":true,\"valueName\":\"search_term_string\"}}],\"inLanguage\":\"pt-BR\"},{\"@type\":\"Organization\",\"@id\":\"https:\/\/psol50.org.br\/#organization\",\"name\":\"PSOL 50\",\"alternateName\":\"PSOL 50\",\"url\":\"https:\/\/psol50.org.br\/\",\"logo\":{\"@type\":\"ImageObject\",\"inLanguage\":\"pt-BR\",\"@id\":\"https:\/\/psol50.org.br\/#\/schema\/logo\/image\/\",\"url\":\"https:\/\/psol50.org.br\/inc\/uploads\/2018\/07\/capa.png\",\"contentUrl\":\"https:\/\/psol50.org.br\/inc\/uploads\/2018\/07\/capa.png\",\"width\":1350,\"height\":900,\"caption\":\"PSOL 50\"},\"image\":{\"@id\":\"https:\/\/psol50.org.br\/#\/schema\/logo\/image\/\"},\"sameAs\":[\"https:\/\/www.facebook.com\/psol50\",\"https:\/\/x.com\/psol50\",\"https:\/\/www.instagram.com\/psol50\/\",\"https:\/\/www.youtube.com\/channel\/UC7SnJS5o1os7a6CaiNabzcg\"]},{\"@type\":\"Person\",\"@id\":\"https:\/\/psol50.org.br\/#\/schema\/person\/475dfa57d0b815993c714c2e96491fcd\",\"name\":\"Comunica\u00e7\u00e3o PSOL\",\"image\":{\"@type\":\"ImageObject\",\"inLanguage\":\"pt-BR\",\"@id\":\"https:\/\/psol50.org.br\/#\/schema\/person\/image\/\",\"url\":\"https:\/\/secure.gravatar.com\/avatar\/b34fc4f4e468a4e51785917065a3db57b841f5c95dba6ad8c73aaf8f66f8f9bf?s=96&d=mm&r=g\",\"contentUrl\":\"https:\/\/secure.gravatar.com\/avatar\/b34fc4f4e468a4e51785917065a3db57b841f5c95dba6ad8c73aaf8f66f8f9bf?s=96&d=mm&r=g\",\"caption\":\"Comunica\u00e7\u00e3o PSOL\"}}]}<\/script>\n<!-- \/ Yoast SEO plugin. -->","yoast_head_json":{"title":"Juliano Medeiros: \"\u00c9 hora de voltar \u00e0s ruas!\"","description":"Chegamos ao limite. A voz das ruas \u00e9 o que falta para mudar a situa\u00e7\u00e3o pol\u00edtica no pa\u00eds. A \u201ctempestade perfeita\u201d est\u00e1 prestes a se formar.","robots":{"index":"index","follow":"follow","max-snippet":"max-snippet:-1","max-image-preview":"max-image-preview:large","max-video-preview":"max-video-preview:-1"},"canonical":"https:\/\/psol50.org.br\/juliano-medeiros-e-hora-de-voltar-as-ruas\/","og_locale":"pt_BR","og_type":"article","og_title":"Juliano Medeiros: \"\u00c9 hora de voltar \u00e0s ruas!\"","og_description":"Chegamos ao limite. A voz das ruas \u00e9 o que falta para mudar a situa\u00e7\u00e3o pol\u00edtica no pa\u00eds. A \u201ctempestade perfeita\u201d est\u00e1 prestes a se formar.","og_url":"https:\/\/psol50.org.br\/juliano-medeiros-e-hora-de-voltar-as-ruas\/","og_site_name":"PSOL 50","article_publisher":"https:\/\/www.facebook.com\/psol50","article_published_time":"2021-05-13T18:19:28+00:00","og_image":[{"width":960,"height":640,"url":"https:\/\/psol50.org.br\/inc\/uploads\/2021\/05\/veja-imagens-das-manifestacoes-contra-bolsonaro-pelo-brasil-bsb0706-ricardostuckert.jpg","type":"image\/jpeg"}],"author":"Comunica\u00e7\u00e3o PSOL","twitter_card":"summary_large_image","twitter_title":"Juliano Medeiros: \"\u00c9 hora de voltar \u00e0s ruas!\"","twitter_description":"Chegamos ao limite. A voz das ruas \u00e9 o que falta para mudar a situa\u00e7\u00e3o pol\u00edtica no pa\u00eds. A \u201ctempestade perfeita\u201d est\u00e1 prestes a se formar.","twitter_image":"https:\/\/psol50.org.br\/inc\/uploads\/2021\/05\/veja-imagens-das-manifestacoes-contra-bolsonaro-pelo-brasil-bsb0706-ricardostuckert.jpg","twitter_creator":"@psol50","twitter_site":"@psol50","twitter_misc":{"Escrito por":"Comunica\u00e7\u00e3o PSOL","Est. tempo de leitura":"4 minutos"},"schema":{"@context":"https:\/\/schema.org","@graph":[{"@type":"Article","@id":"https:\/\/psol50.org.br\/juliano-medeiros-e-hora-de-voltar-as-ruas\/#article","isPartOf":{"@id":"https:\/\/psol50.org.br\/juliano-medeiros-e-hora-de-voltar-as-ruas\/"},"author":{"name":"Comunica\u00e7\u00e3o PSOL","@id":"https:\/\/psol50.org.br\/#\/schema\/person\/475dfa57d0b815993c714c2e96491fcd"},"headline":"Juliano Medeiros: &#8220;\u00c9 hora de voltar \u00e0s ruas!&#8221;","datePublished":"2021-05-13T18:19:28+00:00","mainEntityOfPage":{"@id":"https:\/\/psol50.org.br\/juliano-medeiros-e-hora-de-voltar-as-ruas\/"},"wordCount":751,"publisher":{"@id":"https:\/\/psol50.org.br\/#organization"},"image":{"@id":"https:\/\/psol50.org.br\/juliano-medeiros-e-hora-de-voltar-as-ruas\/#primaryimage"},"thumbnailUrl":"https:\/\/psol50.org.br\/inc\/uploads\/2021\/05\/veja-imagens-das-manifestacoes-contra-bolsonaro-pelo-brasil-bsb0706-ricardostuckert.jpg","keywords":["artigo","Bolsonaro","impeachment","Juliano Medeiros","manifesta\u00e7\u00f5es","protestos","ruas"],"articleSection":["Artigos","Not\u00edcias","Partido"],"inLanguage":"pt-BR"},{"@type":"WebPage","@id":"https:\/\/psol50.org.br\/juliano-medeiros-e-hora-de-voltar-as-ruas\/","url":"https:\/\/psol50.org.br\/juliano-medeiros-e-hora-de-voltar-as-ruas\/","name":"Juliano Medeiros: \"\u00c9 hora de voltar \u00e0s ruas!\"","isPartOf":{"@id":"https:\/\/psol50.org.br\/#website"},"primaryImageOfPage":{"@id":"https:\/\/psol50.org.br\/juliano-medeiros-e-hora-de-voltar-as-ruas\/#primaryimage"},"image":{"@id":"https:\/\/psol50.org.br\/juliano-medeiros-e-hora-de-voltar-as-ruas\/#primaryimage"},"thumbnailUrl":"https:\/\/psol50.org.br\/inc\/uploads\/2021\/05\/veja-imagens-das-manifestacoes-contra-bolsonaro-pelo-brasil-bsb0706-ricardostuckert.jpg","datePublished":"2021-05-13T18:19:28+00:00","description":"Chegamos ao limite. A voz das ruas \u00e9 o que falta para mudar a situa\u00e7\u00e3o pol\u00edtica no pa\u00eds. A \u201ctempestade perfeita\u201d est\u00e1 prestes a se formar.","breadcrumb":{"@id":"https:\/\/psol50.org.br\/juliano-medeiros-e-hora-de-voltar-as-ruas\/#breadcrumb"},"inLanguage":"pt-BR","potentialAction":[{"@type":"ReadAction","target":["https:\/\/psol50.org.br\/juliano-medeiros-e-hora-de-voltar-as-ruas\/"]}]},{"@type":"ImageObject","inLanguage":"pt-BR","@id":"https:\/\/psol50.org.br\/juliano-medeiros-e-hora-de-voltar-as-ruas\/#primaryimage","url":"https:\/\/psol50.org.br\/inc\/uploads\/2021\/05\/veja-imagens-das-manifestacoes-contra-bolsonaro-pelo-brasil-bsb0706-ricardostuckert.jpg","contentUrl":"https:\/\/psol50.org.br\/inc\/uploads\/2021\/05\/veja-imagens-das-manifestacoes-contra-bolsonaro-pelo-brasil-bsb0706-ricardostuckert.jpg","width":960,"height":640,"caption":"Foto: Ricardo Stuckert"},{"@type":"BreadcrumbList","@id":"https:\/\/psol50.org.br\/juliano-medeiros-e-hora-de-voltar-as-ruas\/#breadcrumb","itemListElement":[{"@type":"ListItem","position":1,"name":"In\u00edcio","item":"https:\/\/psol50.org.br\/"},{"@type":"ListItem","position":2,"name":"Juliano Medeiros: &#8220;\u00c9 hora de voltar \u00e0s ruas!&#8221;"}]},{"@type":"WebSite","@id":"https:\/\/psol50.org.br\/#website","url":"https:\/\/psol50.org.br\/","name":"PSOL 50","description":"Site oficial do Partido Socialismo e Liberdade","publisher":{"@id":"https:\/\/psol50.org.br\/#organization"},"alternateName":"PSOL50","potentialAction":[{"@type":"SearchAction","target":{"@type":"EntryPoint","urlTemplate":"https:\/\/psol50.org.br\/?s={search_term_string}"},"query-input":{"@type":"PropertyValueSpecification","valueRequired":true,"valueName":"search_term_string"}}],"inLanguage":"pt-BR"},{"@type":"Organization","@id":"https:\/\/psol50.org.br\/#organization","name":"PSOL 50","alternateName":"PSOL 50","url":"https:\/\/psol50.org.br\/","logo":{"@type":"ImageObject","inLanguage":"pt-BR","@id":"https:\/\/psol50.org.br\/#\/schema\/logo\/image\/","url":"https:\/\/psol50.org.br\/inc\/uploads\/2018\/07\/capa.png","contentUrl":"https:\/\/psol50.org.br\/inc\/uploads\/2018\/07\/capa.png","width":1350,"height":900,"caption":"PSOL 50"},"image":{"@id":"https:\/\/psol50.org.br\/#\/schema\/logo\/image\/"},"sameAs":["https:\/\/www.facebook.com\/psol50","https:\/\/x.com\/psol50","https:\/\/www.instagram.com\/psol50\/","https:\/\/www.youtube.com\/channel\/UC7SnJS5o1os7a6CaiNabzcg"]},{"@type":"Person","@id":"https:\/\/psol50.org.br\/#\/schema\/person\/475dfa57d0b815993c714c2e96491fcd","name":"Comunica\u00e7\u00e3o PSOL","image":{"@type":"ImageObject","inLanguage":"pt-BR","@id":"https:\/\/psol50.org.br\/#\/schema\/person\/image\/","url":"https:\/\/secure.gravatar.com\/avatar\/b34fc4f4e468a4e51785917065a3db57b841f5c95dba6ad8c73aaf8f66f8f9bf?s=96&d=mm&r=g","contentUrl":"https:\/\/secure.gravatar.com\/avatar\/b34fc4f4e468a4e51785917065a3db57b841f5c95dba6ad8c73aaf8f66f8f9bf?s=96&d=mm&r=g","caption":"Comunica\u00e7\u00e3o PSOL"}}]}},"_links":{"self":[{"href":"https:\/\/psol50.org.br\/rest\/wp\/v2\/posts\/32605","targetHints":{"allow":["GET"]}}],"collection":[{"href":"https:\/\/psol50.org.br\/rest\/wp\/v2\/posts"}],"about":[{"href":"https:\/\/psol50.org.br\/rest\/wp\/v2\/types\/post"}],"author":[{"embeddable":true,"href":"https:\/\/psol50.org.br\/rest\/wp\/v2\/users\/2"}],"replies":[{"embeddable":true,"href":"https:\/\/psol50.org.br\/rest\/wp\/v2\/comments?post=32605"}],"version-history":[{"count":0,"href":"https:\/\/psol50.org.br\/rest\/wp\/v2\/posts\/32605\/revisions"}],"wp:featuredmedia":[{"embeddable":true,"href":"https:\/\/psol50.org.br\/rest\/wp\/v2\/media\/32606"}],"wp:attachment":[{"href":"https:\/\/psol50.org.br\/rest\/wp\/v2\/media?parent=32605"}],"wp:term":[{"taxonomy":"category","embeddable":true,"href":"https:\/\/psol50.org.br\/rest\/wp\/v2\/categories?post=32605"},{"taxonomy":"post_tag","embeddable":true,"href":"https:\/\/psol50.org.br\/rest\/wp\/v2\/tags?post=32605"}],"curies":[{"name":"wp","href":"https:\/\/api.w.org\/{rel}","templated":true}]}}