{"id":32638,"date":"2021-05-25T11:03:40","date_gmt":"2021-05-25T14:03:40","guid":{"rendered":"https:\/\/psol50.org.br\/?p=32638"},"modified":"2021-05-25T11:03:40","modified_gmt":"2021-05-25T14:03:40","slug":"29-de-maio-e-dia-de-ocupar-as-ruas-de-todo-o-brasil-contra-bolsonaro","status":"publish","type":"post","link":"https:\/\/psol50.org.br\/29-de-maio-e-dia-de-ocupar-as-ruas-de-todo-o-brasil-contra-bolsonaro\/","title":{"rendered":"29 de maio \u00e9 dia de ocupar as ruas de todo o Brasil contra Bolsonaro"},"content":{"rendered":"<p style=\"text-align: center;\"><a href=\"https:\/\/psol50.org.br\/psolcontraafome\/\" target=\"_blank\" rel=\"noopener\"><img loading=\"lazy\" decoding=\"async\" class=\"alignnone size-full wp-image-32462\" src=\"https:\/\/psol50.org.br\/inc\/uploads\/2021\/04\/PSOLContraAFome_Variacoes_Email.png\" alt=\"\" width=\"811\" height=\"189\" srcset=\"https:\/\/psol50.org.br\/inc\/uploads\/2021\/04\/PSOLContraAFome_Variacoes_Email.png 811w, https:\/\/psol50.org.br\/inc\/uploads\/2021\/04\/PSOLContraAFome_Variacoes_Email-300x70.png 300w, https:\/\/psol50.org.br\/inc\/uploads\/2021\/04\/PSOLContraAFome_Variacoes_Email-768x179.png 768w, https:\/\/psol50.org.br\/inc\/uploads\/2021\/04\/PSOLContraAFome_Variacoes_Email-150x35.png 150w, https:\/\/psol50.org.br\/inc\/uploads\/2021\/04\/PSOLContraAFome_Variacoes_Email-696x162.png 696w\" sizes=\"auto, (max-width: 811px) 100vw, 811px\" \/><\/a><\/p>\n<p>A Executiva Nacional do PSOL aprovou nesta segunda-feira (24) a participa\u00e7\u00e3o do partido nas convoca\u00e7\u00f5es para os atos contra o presidente Jair Bolsonaro marcados para o pr\u00f3ximo s\u00e1bado (29) em todo o Brasil. Convocadas pelos movimentos sociais que fazem parte das Frentes Povo Sem Medo e Brasil Popular, as manifesta\u00e7\u00f5es do dia 29 surgem da urg\u00eancia de tomar as ruas para pressionar pelo impeachment de Bolsonaro.<br \/>\nS\u00e3o mais de 450 mil mortes pela Covid-19 no Brasil, enquanto a vacina\u00e7\u00e3o no pa\u00eds segue a passos lentos, o aux\u00edlio emergencial insuficiente do governo federal deixa milh\u00f5es de brasileiros com dificuldade de colocar comida na mesa e o pr\u00f3prio presidente desrespeita medidas b\u00e1sicas de prote\u00e7\u00e3o como o uso de m\u00e1scaras em suas apari\u00e7\u00f5es p\u00fablicas.<br \/>\nNas manifesta\u00e7\u00f5es do dia 29 \u00e9 fundamental tomar provid\u00eancias de seguran\u00e7a, afinal n\u00e3o somos negacionistas como o genocida que est\u00e1 na presid\u00eancia. V\u00e1 \u00e0s manifesta\u00e7\u00f5es usando m\u00e1scaras, de prefer\u00eancia uma PFF2. Leve \u00e1lcool em gel e use frequentemente. Evite tocar seu rosto durante a manifesta\u00e7\u00e3o. V\u00e1 em grupos pequenos com as pessoas que moram com voc\u00ea e evite interagir com outros grupos, mantendo uma dist\u00e2ncia segura de pelo menos 1,5 metro. Fique longe de pessoas que n\u00e3o estejam usando m\u00e1scaras. Prefira se manifestar com cartazes e megafones ao inv\u00e9s de gritar, para evitar maior risco de contamina\u00e7\u00e3o de que esteja ao redor. Se estiver com algum sintoma ou tenha tido contato com algu\u00e9m que testou positivo para Covid-19 recentemente, fique em casa e repercuta a manifesta\u00e7\u00e3o por suas redes sociais. Ajude a proteger os outros e se proteja.<br \/>\nA dire\u00e7\u00e3o nacional do PSOL convoca seus militantes, simpatizantes e apoiadores a se somar nas manifesta\u00e7\u00f5es deste dia 29. &#8220;Se um povo protesta e marcha no meio de uma pandemia \u00e9 porque seu governo \u00e9 mais perigoso que o v\u00edrus&#8221;, \u00e9 o lema das manifesta\u00e7\u00f5es massivas que acontecem na Col\u00f4mbia contra o projeto neoliberal de seu governo. Dia 29 ser\u00e1 aqui no Brasil!<br \/>\nAo longo desta semana divulgaremos os locais e hor\u00e1rios das manifesta\u00e7\u00f5es por todo o pa\u00eds. Fique de olho e ajude a salvar o Brasil e derrubar o presidente.<\/p>\n<h5>Leia a nota da Executiva do PSOL na \u00edntegra:<\/h5>\n<p style=\"text-align: center;\"><strong>Fora Bolsonaro: por vacina, aux\u00edlio e impeachment!<\/strong><\/p>\n<p style=\"text-align: left;\">Nesse dia 29 de maio, o PSOL se soma ao Dia Nacional de Mobiliza\u00e7\u00e3o da Campanha Fora Bolsonaro e convoca sua milit\u00e2ncia para se somar \u00e0 constru\u00e7\u00e3o dos atos em cada estado.<\/p>\n<p style=\"text-align: left;\">Ap\u00f3s 15 meses da maior crise sanit\u00e1ria do s\u00e9culo, o governo Bolsonaro oferece como sa\u00edda sua pol\u00edtica de morte. Somamos quase meio milh\u00e3o de mortes. N\u00f3s brasileiros e brasileiras temos at\u00e9 quatro vezes mais chances de morrer de Covid-19 do que em qualquer outro lugar do mundo. O processo de vacina\u00e7\u00e3o \u00e9 lento e insuficiente para conter o avan\u00e7o da doen\u00e7a.<\/p>\n<p style=\"text-align: left;\">N\u00e3o bastasse isso, vivemos tamb\u00e9m uma crise social profunda, com milhares de fam\u00edlias sofrendo com a fome, carestia , falta de renda, sem qualquer iniciativa pol\u00edtica do governo federal em socorrer essas fam\u00edlias. Al\u00e9m disso, cresce o desemprego, a precariza\u00e7\u00e3o e a quebradeira de pequenos neg\u00f3cios. Enquanto isso, o Congresso Nacional avan\u00e7a em pautas em que nada interessa ao povo brasileiro: privatiza\u00e7\u00f5es, como a da Eletrobr\u00e1s, aprovada no \u00faltimo dia 18; cortes na educa\u00e7\u00e3o e a Reforma Administrativa. Acrescenta-se ainda nesse cen\u00e1rio a atua\u00e7\u00e3o de exterm\u00ednio do povo preto e pobre por parte das pol\u00edcias estaduais, com destaque para a a\u00e7\u00e3o no Jacarezinho, na cidade do Rio de Janeiro.<\/p>\n<p style=\"text-align: left;\">Diante desse cen\u00e1rio, convocamos nossos filiados e filiadas a se somarem aos atos convocados por diversos movimentos sociais e pela Frente Povo Sem Medo, que ocorrer\u00e3o no Brasil neste dia 29, respeitando as regras sanit\u00e1rias como uso de m\u00e1scaras e \u00e1lcool em gel, com distanciamento recomendado pelas autoridades sanit\u00e1rias. Vamos gritar ecoar nossas vozes em todo pa\u00eds: Fora Bolsonaro!<\/p>\n<p style=\"text-align: left;\"><em><strong>Executiva Nacional do PSOL<\/strong><\/em><br \/>\n<em><strong>24 de maio de 2021<\/strong><\/em><\/p>\n<p style=\"text-align: left;\"><a href=\"https:\/\/psol50.org.br\/rendajusta\" target=\"_blank\" rel=\"noopener\"><img loading=\"lazy\" decoding=\"async\" class=\"alignnone size-full wp-image-30552\" src=\"https:\/\/psol50.org.br\/inc\/uploads\/2020\/08\/21-08-2020_LancamentoRendaJusta-2.png\" alt=\"\" width=\"1920\" height=\"383\" srcset=\"https:\/\/psol50.org.br\/inc\/uploads\/2020\/08\/21-08-2020_LancamentoRendaJusta-2.png 1920w, https:\/\/psol50.org.br\/inc\/uploads\/2020\/08\/21-08-2020_LancamentoRendaJusta-2-300x60.png 300w, https:\/\/psol50.org.br\/inc\/uploads\/2020\/08\/21-08-2020_LancamentoRendaJusta-2-1024x204.png 1024w, https:\/\/psol50.org.br\/inc\/uploads\/2020\/08\/21-08-2020_LancamentoRendaJusta-2-768x153.png 768w, https:\/\/psol50.org.br\/inc\/uploads\/2020\/08\/21-08-2020_LancamentoRendaJusta-2-1536x306.png 1536w, https:\/\/psol50.org.br\/inc\/uploads\/2020\/08\/21-08-2020_LancamentoRendaJusta-2-150x30.png 150w, https:\/\/psol50.org.br\/inc\/uploads\/2020\/08\/21-08-2020_LancamentoRendaJusta-2-696x139.png 696w, https:\/\/psol50.org.br\/inc\/uploads\/2020\/08\/21-08-2020_LancamentoRendaJusta-2-1068x213.png 1068w\" sizes=\"auto, (max-width: 1920px) 100vw, 1920px\" \/><\/a><\/p>\n","protected":false},"excerpt":{"rendered":"<p>A Executiva Nacional do PSOL aprovou nesta segunda-feira (24) a participa\u00e7\u00e3o do partido nas convoca\u00e7\u00f5es para os atos contra o presidente Jair Bolsonaro marcados para o pr\u00f3ximo s\u00e1bado (29) em todo o Brasil. Convocadas pelos movimentos sociais que fazem parte das Frentes Povo Sem Medo e Brasil Popular, as manifesta\u00e7\u00f5es do dia 29 surgem da [&hellip;]<\/p>\n","protected":false},"author":2,"featured_media":28390,"comment_status":"closed","ping_status":"open","sticky":false,"template":"","format":"standard","meta":{"_acf_changed":false,"footnotes":""},"categories":[6,14],"tags":[56,1595,220,314,22],"class_list":{"0":"post-32638","1":"post","2":"type-post","3":"status-publish","4":"format-standard","5":"has-post-thumbnail","7":"category-noticias","8":"category-partido","9":"tag-bolsonaro","10":"tag-dia-29","11":"tag-impeachment","12":"tag-manifestacoes","13":"tag-psol"},"acf":[],"yoast_head":"<!-- This site is optimized with the Yoast SEO plugin v26.5 - https:\/\/yoast.com\/wordpress\/plugins\/seo\/ -->\n<title>29 de maio \u00e9 dia de ocupar as ruas de todo o Brasil contra Bolsonaro<\/title>\n<meta name=\"description\" content=\"A dire\u00e7\u00e3o nacional do PSOL convoca seus militantes, simpatizantes e apoiadores a se somar nas manifesta\u00e7\u00f5es com prote\u00e7\u00e3o e distanciamento.\" \/>\n<meta name=\"robots\" content=\"index, follow, max-snippet:-1, max-image-preview:large, max-video-preview:-1\" \/>\n<link rel=\"canonical\" href=\"https:\/\/psol50.org.br\/29-de-maio-e-dia-de-ocupar-as-ruas-de-todo-o-brasil-contra-bolsonaro\/\" \/>\n<meta property=\"og:locale\" content=\"pt_BR\" \/>\n<meta property=\"og:type\" content=\"article\" \/>\n<meta property=\"og:title\" content=\"29 de maio \u00e9 dia de ocupar as ruas de todo o Brasil contra Bolsonaro\" \/>\n<meta property=\"og:description\" content=\"A dire\u00e7\u00e3o nacional do PSOL convoca seus militantes, simpatizantes e apoiadores a se somar nas manifesta\u00e7\u00f5es com prote\u00e7\u00e3o e distanciamento.\" \/>\n<meta property=\"og:url\" content=\"https:\/\/psol50.org.br\/29-de-maio-e-dia-de-ocupar-as-ruas-de-todo-o-brasil-contra-bolsonaro\/\" \/>\n<meta property=\"og:site_name\" content=\"PSOL 50\" \/>\n<meta property=\"article:publisher\" content=\"https:\/\/www.facebook.com\/psol50\" \/>\n<meta property=\"article:published_time\" content=\"2021-05-25T14:03:40+00:00\" \/>\n<meta property=\"og:image\" content=\"https:\/\/psol50.org.br\/inc\/uploads\/2020\/04\/efdd5dba-80ef-4735-803e-aa88fc5f4b99.png\" \/>\n\t<meta property=\"og:image:width\" content=\"768\" \/>\n\t<meta property=\"og:image:height\" content=\"401\" \/>\n\t<meta property=\"og:image:type\" content=\"image\/png\" \/>\n<meta name=\"author\" content=\"Comunica\u00e7\u00e3o PSOL\" \/>\n<meta name=\"twitter:card\" content=\"summary_large_image\" \/>\n<meta name=\"twitter:title\" content=\"29 de maio \u00e9 dia de ocupar as ruas de todo o Brasil contra Bolsonaro\" \/>\n<meta name=\"twitter:description\" content=\"A dire\u00e7\u00e3o nacional do PSOL convoca seus militantes, simpatizantes e apoiadores a se somar nas manifesta\u00e7\u00f5es com prote\u00e7\u00e3o e distanciamento.\" \/>\n<meta name=\"twitter:image\" content=\"https:\/\/psol50.org.br\/inc\/uploads\/2020\/04\/efdd5dba-80ef-4735-803e-aa88fc5f4b99.png\" \/>\n<meta name=\"twitter:creator\" content=\"@psol50\" \/>\n<meta name=\"twitter:site\" content=\"@psol50\" \/>\n<meta name=\"twitter:label1\" content=\"Escrito por\" \/>\n\t<meta name=\"twitter:data1\" content=\"Comunica\u00e7\u00e3o PSOL\" \/>\n\t<meta name=\"twitter:label2\" content=\"Est. tempo de leitura\" \/>\n\t<meta name=\"twitter:data2\" content=\"4 minutos\" \/>\n<script type=\"application\/ld+json\" class=\"yoast-schema-graph\">{\"@context\":\"https:\/\/schema.org\",\"@graph\":[{\"@type\":\"Article\",\"@id\":\"https:\/\/psol50.org.br\/29-de-maio-e-dia-de-ocupar-as-ruas-de-todo-o-brasil-contra-bolsonaro\/#article\",\"isPartOf\":{\"@id\":\"https:\/\/psol50.org.br\/29-de-maio-e-dia-de-ocupar-as-ruas-de-todo-o-brasil-contra-bolsonaro\/\"},\"author\":{\"name\":\"Comunica\u00e7\u00e3o PSOL\",\"@id\":\"https:\/\/psol50.org.br\/#\/schema\/person\/475dfa57d0b815993c714c2e96491fcd\"},\"headline\":\"29 de maio \u00e9 dia de ocupar as ruas de todo o Brasil contra Bolsonaro\",\"datePublished\":\"2021-05-25T14:03:40+00:00\",\"mainEntityOfPage\":{\"@id\":\"https:\/\/psol50.org.br\/29-de-maio-e-dia-de-ocupar-as-ruas-de-todo-o-brasil-contra-bolsonaro\/\"},\"wordCount\":706,\"publisher\":{\"@id\":\"https:\/\/psol50.org.br\/#organization\"},\"image\":{\"@id\":\"https:\/\/psol50.org.br\/29-de-maio-e-dia-de-ocupar-as-ruas-de-todo-o-brasil-contra-bolsonaro\/#primaryimage\"},\"thumbnailUrl\":\"https:\/\/psol50.org.br\/inc\/uploads\/2020\/04\/efdd5dba-80ef-4735-803e-aa88fc5f4b99.png\",\"keywords\":[\"Bolsonaro\",\"dia 29\",\"impeachment\",\"manifesta\u00e7\u00f5es\",\"PSOL\"],\"articleSection\":[\"Not\u00edcias\",\"Partido\"],\"inLanguage\":\"pt-BR\"},{\"@type\":\"WebPage\",\"@id\":\"https:\/\/psol50.org.br\/29-de-maio-e-dia-de-ocupar-as-ruas-de-todo-o-brasil-contra-bolsonaro\/\",\"url\":\"https:\/\/psol50.org.br\/29-de-maio-e-dia-de-ocupar-as-ruas-de-todo-o-brasil-contra-bolsonaro\/\",\"name\":\"29 de maio \u00e9 dia de ocupar as ruas de todo o Brasil contra Bolsonaro\",\"isPartOf\":{\"@id\":\"https:\/\/psol50.org.br\/#website\"},\"primaryImageOfPage\":{\"@id\":\"https:\/\/psol50.org.br\/29-de-maio-e-dia-de-ocupar-as-ruas-de-todo-o-brasil-contra-bolsonaro\/#primaryimage\"},\"image\":{\"@id\":\"https:\/\/psol50.org.br\/29-de-maio-e-dia-de-ocupar-as-ruas-de-todo-o-brasil-contra-bolsonaro\/#primaryimage\"},\"thumbnailUrl\":\"https:\/\/psol50.org.br\/inc\/uploads\/2020\/04\/efdd5dba-80ef-4735-803e-aa88fc5f4b99.png\",\"datePublished\":\"2021-05-25T14:03:40+00:00\",\"description\":\"A dire\u00e7\u00e3o nacional do PSOL convoca seus militantes, simpatizantes e apoiadores a se somar nas manifesta\u00e7\u00f5es com prote\u00e7\u00e3o e distanciamento.\",\"breadcrumb\":{\"@id\":\"https:\/\/psol50.org.br\/29-de-maio-e-dia-de-ocupar-as-ruas-de-todo-o-brasil-contra-bolsonaro\/#breadcrumb\"},\"inLanguage\":\"pt-BR\",\"potentialAction\":[{\"@type\":\"ReadAction\",\"target\":[\"https:\/\/psol50.org.br\/29-de-maio-e-dia-de-ocupar-as-ruas-de-todo-o-brasil-contra-bolsonaro\/\"]}]},{\"@type\":\"ImageObject\",\"inLanguage\":\"pt-BR\",\"@id\":\"https:\/\/psol50.org.br\/29-de-maio-e-dia-de-ocupar-as-ruas-de-todo-o-brasil-contra-bolsonaro\/#primaryimage\",\"url\":\"https:\/\/psol50.org.br\/inc\/uploads\/2020\/04\/efdd5dba-80ef-4735-803e-aa88fc5f4b99.png\",\"contentUrl\":\"https:\/\/psol50.org.br\/inc\/uploads\/2020\/04\/efdd5dba-80ef-4735-803e-aa88fc5f4b99.png\",\"width\":768,\"height\":401,\"caption\":\"Foto: Gabriela Bil\u00f3\"},{\"@type\":\"BreadcrumbList\",\"@id\":\"https:\/\/psol50.org.br\/29-de-maio-e-dia-de-ocupar-as-ruas-de-todo-o-brasil-contra-bolsonaro\/#breadcrumb\",\"itemListElement\":[{\"@type\":\"ListItem\",\"position\":1,\"name\":\"In\u00edcio\",\"item\":\"https:\/\/psol50.org.br\/\"},{\"@type\":\"ListItem\",\"position\":2,\"name\":\"29 de maio \u00e9 dia de ocupar as ruas de todo o Brasil contra Bolsonaro\"}]},{\"@type\":\"WebSite\",\"@id\":\"https:\/\/psol50.org.br\/#website\",\"url\":\"https:\/\/psol50.org.br\/\",\"name\":\"PSOL 50\",\"description\":\"Site oficial do Partido Socialismo e Liberdade\",\"publisher\":{\"@id\":\"https:\/\/psol50.org.br\/#organization\"},\"alternateName\":\"PSOL50\",\"potentialAction\":[{\"@type\":\"SearchAction\",\"target\":{\"@type\":\"EntryPoint\",\"urlTemplate\":\"https:\/\/psol50.org.br\/?s={search_term_string}\"},\"query-input\":{\"@type\":\"PropertyValueSpecification\",\"valueRequired\":true,\"valueName\":\"search_term_string\"}}],\"inLanguage\":\"pt-BR\"},{\"@type\":\"Organization\",\"@id\":\"https:\/\/psol50.org.br\/#organization\",\"name\":\"PSOL 50\",\"alternateName\":\"PSOL 50\",\"url\":\"https:\/\/psol50.org.br\/\",\"logo\":{\"@type\":\"ImageObject\",\"inLanguage\":\"pt-BR\",\"@id\":\"https:\/\/psol50.org.br\/#\/schema\/logo\/image\/\",\"url\":\"https:\/\/psol50.org.br\/inc\/uploads\/2018\/07\/capa.png\",\"contentUrl\":\"https:\/\/psol50.org.br\/inc\/uploads\/2018\/07\/capa.png\",\"width\":1350,\"height\":900,\"caption\":\"PSOL 50\"},\"image\":{\"@id\":\"https:\/\/psol50.org.br\/#\/schema\/logo\/image\/\"},\"sameAs\":[\"https:\/\/www.facebook.com\/psol50\",\"https:\/\/x.com\/psol50\",\"https:\/\/www.instagram.com\/psol50\/\",\"https:\/\/www.youtube.com\/channel\/UC7SnJS5o1os7a6CaiNabzcg\"]},{\"@type\":\"Person\",\"@id\":\"https:\/\/psol50.org.br\/#\/schema\/person\/475dfa57d0b815993c714c2e96491fcd\",\"name\":\"Comunica\u00e7\u00e3o PSOL\",\"image\":{\"@type\":\"ImageObject\",\"inLanguage\":\"pt-BR\",\"@id\":\"https:\/\/psol50.org.br\/#\/schema\/person\/image\/\",\"url\":\"https:\/\/secure.gravatar.com\/avatar\/b34fc4f4e468a4e51785917065a3db57b841f5c95dba6ad8c73aaf8f66f8f9bf?s=96&d=mm&r=g\",\"contentUrl\":\"https:\/\/secure.gravatar.com\/avatar\/b34fc4f4e468a4e51785917065a3db57b841f5c95dba6ad8c73aaf8f66f8f9bf?s=96&d=mm&r=g\",\"caption\":\"Comunica\u00e7\u00e3o PSOL\"}}]}<\/script>\n<!-- \/ Yoast SEO plugin. -->","yoast_head_json":{"title":"29 de maio \u00e9 dia de ocupar as ruas de todo o Brasil contra Bolsonaro","description":"A dire\u00e7\u00e3o nacional do PSOL convoca seus militantes, simpatizantes e apoiadores a se somar nas manifesta\u00e7\u00f5es com prote\u00e7\u00e3o e distanciamento.","robots":{"index":"index","follow":"follow","max-snippet":"max-snippet:-1","max-image-preview":"max-image-preview:large","max-video-preview":"max-video-preview:-1"},"canonical":"https:\/\/psol50.org.br\/29-de-maio-e-dia-de-ocupar-as-ruas-de-todo-o-brasil-contra-bolsonaro\/","og_locale":"pt_BR","og_type":"article","og_title":"29 de maio \u00e9 dia de ocupar as ruas de todo o Brasil contra Bolsonaro","og_description":"A dire\u00e7\u00e3o nacional do PSOL convoca seus militantes, simpatizantes e apoiadores a se somar nas manifesta\u00e7\u00f5es com prote\u00e7\u00e3o e distanciamento.","og_url":"https:\/\/psol50.org.br\/29-de-maio-e-dia-de-ocupar-as-ruas-de-todo-o-brasil-contra-bolsonaro\/","og_site_name":"PSOL 50","article_publisher":"https:\/\/www.facebook.com\/psol50","article_published_time":"2021-05-25T14:03:40+00:00","og_image":[{"width":768,"height":401,"url":"https:\/\/psol50.org.br\/inc\/uploads\/2020\/04\/efdd5dba-80ef-4735-803e-aa88fc5f4b99.png","type":"image\/png"}],"author":"Comunica\u00e7\u00e3o PSOL","twitter_card":"summary_large_image","twitter_title":"29 de maio \u00e9 dia de ocupar as ruas de todo o Brasil contra Bolsonaro","twitter_description":"A dire\u00e7\u00e3o nacional do PSOL convoca seus militantes, simpatizantes e apoiadores a se somar nas manifesta\u00e7\u00f5es com prote\u00e7\u00e3o e distanciamento.","twitter_image":"https:\/\/psol50.org.br\/inc\/uploads\/2020\/04\/efdd5dba-80ef-4735-803e-aa88fc5f4b99.png","twitter_creator":"@psol50","twitter_site":"@psol50","twitter_misc":{"Escrito por":"Comunica\u00e7\u00e3o PSOL","Est. tempo de leitura":"4 minutos"},"schema":{"@context":"https:\/\/schema.org","@graph":[{"@type":"Article","@id":"https:\/\/psol50.org.br\/29-de-maio-e-dia-de-ocupar-as-ruas-de-todo-o-brasil-contra-bolsonaro\/#article","isPartOf":{"@id":"https:\/\/psol50.org.br\/29-de-maio-e-dia-de-ocupar-as-ruas-de-todo-o-brasil-contra-bolsonaro\/"},"author":{"name":"Comunica\u00e7\u00e3o PSOL","@id":"https:\/\/psol50.org.br\/#\/schema\/person\/475dfa57d0b815993c714c2e96491fcd"},"headline":"29 de maio \u00e9 dia de ocupar as ruas de todo o Brasil contra Bolsonaro","datePublished":"2021-05-25T14:03:40+00:00","mainEntityOfPage":{"@id":"https:\/\/psol50.org.br\/29-de-maio-e-dia-de-ocupar-as-ruas-de-todo-o-brasil-contra-bolsonaro\/"},"wordCount":706,"publisher":{"@id":"https:\/\/psol50.org.br\/#organization"},"image":{"@id":"https:\/\/psol50.org.br\/29-de-maio-e-dia-de-ocupar-as-ruas-de-todo-o-brasil-contra-bolsonaro\/#primaryimage"},"thumbnailUrl":"https:\/\/psol50.org.br\/inc\/uploads\/2020\/04\/efdd5dba-80ef-4735-803e-aa88fc5f4b99.png","keywords":["Bolsonaro","dia 29","impeachment","manifesta\u00e7\u00f5es","PSOL"],"articleSection":["Not\u00edcias","Partido"],"inLanguage":"pt-BR"},{"@type":"WebPage","@id":"https:\/\/psol50.org.br\/29-de-maio-e-dia-de-ocupar-as-ruas-de-todo-o-brasil-contra-bolsonaro\/","url":"https:\/\/psol50.org.br\/29-de-maio-e-dia-de-ocupar-as-ruas-de-todo-o-brasil-contra-bolsonaro\/","name":"29 de maio \u00e9 dia de ocupar as ruas de todo o Brasil contra Bolsonaro","isPartOf":{"@id":"https:\/\/psol50.org.br\/#website"},"primaryImageOfPage":{"@id":"https:\/\/psol50.org.br\/29-de-maio-e-dia-de-ocupar-as-ruas-de-todo-o-brasil-contra-bolsonaro\/#primaryimage"},"image":{"@id":"https:\/\/psol50.org.br\/29-de-maio-e-dia-de-ocupar-as-ruas-de-todo-o-brasil-contra-bolsonaro\/#primaryimage"},"thumbnailUrl":"https:\/\/psol50.org.br\/inc\/uploads\/2020\/04\/efdd5dba-80ef-4735-803e-aa88fc5f4b99.png","datePublished":"2021-05-25T14:03:40+00:00","description":"A dire\u00e7\u00e3o nacional do PSOL convoca seus militantes, simpatizantes e apoiadores a se somar nas manifesta\u00e7\u00f5es com prote\u00e7\u00e3o e distanciamento.","breadcrumb":{"@id":"https:\/\/psol50.org.br\/29-de-maio-e-dia-de-ocupar-as-ruas-de-todo-o-brasil-contra-bolsonaro\/#breadcrumb"},"inLanguage":"pt-BR","potentialAction":[{"@type":"ReadAction","target":["https:\/\/psol50.org.br\/29-de-maio-e-dia-de-ocupar-as-ruas-de-todo-o-brasil-contra-bolsonaro\/"]}]},{"@type":"ImageObject","inLanguage":"pt-BR","@id":"https:\/\/psol50.org.br\/29-de-maio-e-dia-de-ocupar-as-ruas-de-todo-o-brasil-contra-bolsonaro\/#primaryimage","url":"https:\/\/psol50.org.br\/inc\/uploads\/2020\/04\/efdd5dba-80ef-4735-803e-aa88fc5f4b99.png","contentUrl":"https:\/\/psol50.org.br\/inc\/uploads\/2020\/04\/efdd5dba-80ef-4735-803e-aa88fc5f4b99.png","width":768,"height":401,"caption":"Foto: Gabriela Bil\u00f3"},{"@type":"BreadcrumbList","@id":"https:\/\/psol50.org.br\/29-de-maio-e-dia-de-ocupar-as-ruas-de-todo-o-brasil-contra-bolsonaro\/#breadcrumb","itemListElement":[{"@type":"ListItem","position":1,"name":"In\u00edcio","item":"https:\/\/psol50.org.br\/"},{"@type":"ListItem","position":2,"name":"29 de maio \u00e9 dia de ocupar as ruas de todo o Brasil contra Bolsonaro"}]},{"@type":"WebSite","@id":"https:\/\/psol50.org.br\/#website","url":"https:\/\/psol50.org.br\/","name":"PSOL 50","description":"Site oficial do Partido Socialismo e Liberdade","publisher":{"@id":"https:\/\/psol50.org.br\/#organization"},"alternateName":"PSOL50","potentialAction":[{"@type":"SearchAction","target":{"@type":"EntryPoint","urlTemplate":"https:\/\/psol50.org.br\/?s={search_term_string}"},"query-input":{"@type":"PropertyValueSpecification","valueRequired":true,"valueName":"search_term_string"}}],"inLanguage":"pt-BR"},{"@type":"Organization","@id":"https:\/\/psol50.org.br\/#organization","name":"PSOL 50","alternateName":"PSOL 50","url":"https:\/\/psol50.org.br\/","logo":{"@type":"ImageObject","inLanguage":"pt-BR","@id":"https:\/\/psol50.org.br\/#\/schema\/logo\/image\/","url":"https:\/\/psol50.org.br\/inc\/uploads\/2018\/07\/capa.png","contentUrl":"https:\/\/psol50.org.br\/inc\/uploads\/2018\/07\/capa.png","width":1350,"height":900,"caption":"PSOL 50"},"image":{"@id":"https:\/\/psol50.org.br\/#\/schema\/logo\/image\/"},"sameAs":["https:\/\/www.facebook.com\/psol50","https:\/\/x.com\/psol50","https:\/\/www.instagram.com\/psol50\/","https:\/\/www.youtube.com\/channel\/UC7SnJS5o1os7a6CaiNabzcg"]},{"@type":"Person","@id":"https:\/\/psol50.org.br\/#\/schema\/person\/475dfa57d0b815993c714c2e96491fcd","name":"Comunica\u00e7\u00e3o PSOL","image":{"@type":"ImageObject","inLanguage":"pt-BR","@id":"https:\/\/psol50.org.br\/#\/schema\/person\/image\/","url":"https:\/\/secure.gravatar.com\/avatar\/b34fc4f4e468a4e51785917065a3db57b841f5c95dba6ad8c73aaf8f66f8f9bf?s=96&d=mm&r=g","contentUrl":"https:\/\/secure.gravatar.com\/avatar\/b34fc4f4e468a4e51785917065a3db57b841f5c95dba6ad8c73aaf8f66f8f9bf?s=96&d=mm&r=g","caption":"Comunica\u00e7\u00e3o PSOL"}}]}},"_links":{"self":[{"href":"https:\/\/psol50.org.br\/rest\/wp\/v2\/posts\/32638","targetHints":{"allow":["GET"]}}],"collection":[{"href":"https:\/\/psol50.org.br\/rest\/wp\/v2\/posts"}],"about":[{"href":"https:\/\/psol50.org.br\/rest\/wp\/v2\/types\/post"}],"author":[{"embeddable":true,"href":"https:\/\/psol50.org.br\/rest\/wp\/v2\/users\/2"}],"replies":[{"embeddable":true,"href":"https:\/\/psol50.org.br\/rest\/wp\/v2\/comments?post=32638"}],"version-history":[{"count":0,"href":"https:\/\/psol50.org.br\/rest\/wp\/v2\/posts\/32638\/revisions"}],"wp:featuredmedia":[{"embeddable":true,"href":"https:\/\/psol50.org.br\/rest\/wp\/v2\/media\/28390"}],"wp:attachment":[{"href":"https:\/\/psol50.org.br\/rest\/wp\/v2\/media?parent=32638"}],"wp:term":[{"taxonomy":"category","embeddable":true,"href":"https:\/\/psol50.org.br\/rest\/wp\/v2\/categories?post=32638"},{"taxonomy":"post_tag","embeddable":true,"href":"https:\/\/psol50.org.br\/rest\/wp\/v2\/tags?post=32638"}],"curies":[{"name":"wp","href":"https:\/\/api.w.org\/{rel}","templated":true}]}}