{"id":32650,"date":"2021-05-25T17:47:49","date_gmt":"2021-05-25T20:47:49","guid":{"rendered":"https:\/\/psol50.org.br\/?p=32650"},"modified":"2021-05-25T17:47:49","modified_gmt":"2021-05-25T20:47:49","slug":"parlamentares-do-psol-apresentam-serie-de-acoes-apos-passeio-de-moto-de-bolsonaro-no-rj","status":"publish","type":"post","link":"https:\/\/psol50.org.br\/parlamentares-do-psol-apresentam-serie-de-acoes-apos-passeio-de-moto-de-bolsonaro-no-rj\/","title":{"rendered":"Parlamentares do PSOL apresentam s\u00e9rie de a\u00e7\u00f5es ap\u00f3s passeio de moto de Bolsonaro no RJ"},"content":{"rendered":"<p style=\"text-align: center;\"><a href=\"https:\/\/psol50.org.br\/psolcontraafome\/\" target=\"_blank\" rel=\"noopener\"><img loading=\"lazy\" decoding=\"async\" class=\"alignnone size-full wp-image-32462\" src=\"https:\/\/psol50.org.br\/inc\/uploads\/2021\/04\/PSOLContraAFome_Variacoes_Email.png\" alt=\"\" width=\"811\" height=\"189\" srcset=\"https:\/\/psol50.org.br\/inc\/uploads\/2021\/04\/PSOLContraAFome_Variacoes_Email.png 811w, https:\/\/psol50.org.br\/inc\/uploads\/2021\/04\/PSOLContraAFome_Variacoes_Email-300x70.png 300w, https:\/\/psol50.org.br\/inc\/uploads\/2021\/04\/PSOLContraAFome_Variacoes_Email-768x179.png 768w, https:\/\/psol50.org.br\/inc\/uploads\/2021\/04\/PSOLContraAFome_Variacoes_Email-150x35.png 150w, https:\/\/psol50.org.br\/inc\/uploads\/2021\/04\/PSOLContraAFome_Variacoes_Email-696x162.png 696w\" sizes=\"auto, (max-width: 811px) 100vw, 811px\" \/><\/a><\/p>\n<p>Os parlamentares do PSOL na C\u00e2mara apresentaram uma s\u00e9rie de a\u00e7\u00f5es nesta semana ap\u00f3s o passeio de moto de Jair Bolsonaro pelas ruas do Rio de Janeiro. De acordo com informa\u00e7\u00f5es publicadas na imprensa, o custo da viagem do presidente pode passar dos R$ 500 mil. Bolsonaro, assim como seu ex-ministro da Sa\u00fade Eduardo Pazuello, estava sem m\u00e1scaras ao promover mais uma vez aglomera\u00e7\u00f5es no pa\u00eds.<br \/>\nFernanda Melchionna e S\u00e2mia Bomfim enviaram requerimentos oficiais de informa\u00e7\u00e3o ao Minist\u00e9rio da Justi\u00e7a, \u00e0 Presid\u00eancia da Rep\u00fablica, ao estado do RJ e ao munic\u00edpio do Rio de Janeiro questionando o valor total gasto com a opera\u00e7\u00e3o para garantir a seguran\u00e7a do presidente Bolsonaro. Pela lei, os requerimentos apresentados pelas deputadas devem ser obrigatoriamente respondidos pelos governos.<br \/>\n&#8220;Temos fortes suspeitas de que essa viagem foi paga com dinheiro p\u00fablico. Confirmado isso, ingressaremos no judici\u00e1rio para que Bolsonaro devolva o dinheiro. N\u00e3o \u00e9 cab\u00edvel que um presidente utilize avi\u00e3o da FAB e toda a estrutura de aparelho de Estado para ir numa manifesta\u00e7\u00e3o protofascista e evidentemente de car\u00e1ter eleitoral. Que os grupos pol\u00edticos dele paguem por isso, n\u00e3o o povo brasileiro, que passa fome enquanto passamos das 450 mil mortes por Covid&#8221;, afirma Melchionna.<br \/>\nJ\u00e1 o deputado federal Ivan Valente protocolou uma representa\u00e7\u00e3o contra Eduardo Pazuello no Minist\u00e9rio P\u00fablico Militar, no Minist\u00e9rio da Defesa e no Comando do Ex\u00e9rcito por ele ter participado das manifesta\u00e7\u00f5es e transgredido regras sanit\u00e1rias e do pr\u00f3prio Ex\u00e9rcito.<br \/>\n&#8220;\u00c9 um esc\u00e1rnio que logo ap\u00f3s mentir na CPI, o ex-ministro descumpra ao mesmo tempo a Constitui\u00e7\u00e3o, o estatuto do Ex\u00e9rcito e protocolos sanit\u00e1rios. Pazuello cometeu in\u00fameras infra\u00e7\u00f5es. Uma vergonha! Pedimos que se abra um procedimento para apurar e punir os crimes cometidos por Pazuello&#8221;, comentou Ivan.<br \/>\nPor sua vez, o deputado David Miranda protocolou uma representa\u00e7\u00e3o no Minist\u00e9rio P\u00fablico do Rio de Janeiro contra o governador Claudio Castro (PSC) pedindo que ele seja investigado por improbidade administrativa &#8220;por ter causado danos ao er\u00e1rio p\u00fablico&#8221;.<br \/>\n\u201cAlocar recursos p\u00fablicos na ordem de meio milh\u00e3o de reais para um evento com fei\u00e7\u00f5es antidemocr\u00e1ticas e que descumpre, nitidamente, as regras locais sanit\u00e1rias em rela\u00e7\u00e3o \u00e0 preven\u00e7\u00e3o de transmiss\u00e3o e cont\u00e1gio da Covid-19 \u00e9, no m\u00ednimo, imoral, para n\u00e3o dizer ilegal, visto que o inqu\u00e9rito a ser gerado a partir da presente representa\u00e7\u00e3o ir\u00e1, salvo melhor ju\u00edzo, detectar, de forma mais espec\u00edfica, os atos de improbidade administrativa praticados por Claudio Castro pun\u00edveis na forma da Lei no 8.429, de 1992\u201d, destaca a representa\u00e7\u00e3o de David Miranda.<br \/>\n<a href=\"https:\/\/psol50.org.br\/rendajusta\/\" target=\"_blank\" rel=\"noopener\"><img loading=\"lazy\" decoding=\"async\" class=\"alignnone size-full wp-image-30552\" src=\"https:\/\/psol50.org.br\/inc\/uploads\/2020\/08\/21-08-2020_LancamentoRendaJusta-2.png\" alt=\"\" width=\"1920\" height=\"383\" srcset=\"https:\/\/psol50.org.br\/inc\/uploads\/2020\/08\/21-08-2020_LancamentoRendaJusta-2.png 1920w, https:\/\/psol50.org.br\/inc\/uploads\/2020\/08\/21-08-2020_LancamentoRendaJusta-2-300x60.png 300w, https:\/\/psol50.org.br\/inc\/uploads\/2020\/08\/21-08-2020_LancamentoRendaJusta-2-1024x204.png 1024w, https:\/\/psol50.org.br\/inc\/uploads\/2020\/08\/21-08-2020_LancamentoRendaJusta-2-768x153.png 768w, https:\/\/psol50.org.br\/inc\/uploads\/2020\/08\/21-08-2020_LancamentoRendaJusta-2-1536x306.png 1536w, https:\/\/psol50.org.br\/inc\/uploads\/2020\/08\/21-08-2020_LancamentoRendaJusta-2-150x30.png 150w, https:\/\/psol50.org.br\/inc\/uploads\/2020\/08\/21-08-2020_LancamentoRendaJusta-2-696x139.png 696w, https:\/\/psol50.org.br\/inc\/uploads\/2020\/08\/21-08-2020_LancamentoRendaJusta-2-1068x213.png 1068w\" sizes=\"auto, (max-width: 1920px) 100vw, 1920px\" \/><\/a><\/p>\n","protected":false},"excerpt":{"rendered":"<p>Os parlamentares do PSOL na C\u00e2mara apresentaram uma s\u00e9rie de a\u00e7\u00f5es nesta semana ap\u00f3s o passeio de moto de Jair Bolsonaro pelas ruas do Rio de Janeiro. De acordo com informa\u00e7\u00f5es publicadas na imprensa, o custo da viagem do presidente pode passar dos R$ 500 mil. Bolsonaro, assim como seu ex-ministro da Sa\u00fade Eduardo Pazuello, [&hellip;]<\/p>\n","protected":false},"author":2,"featured_media":32655,"comment_status":"closed","ping_status":"open","sticky":false,"template":"","format":"standard","meta":{"_acf_changed":false,"footnotes":""},"categories":[10,6],"tags":[56,1568,1173,296,552,1596,162,1077],"class_list":{"0":"post-32650","1":"post","2":"type-post","3":"status-publish","4":"format-standard","5":"has-post-thumbnail","7":"category-acao-parlamentares","8":"category-noticias","9":"tag-bolsonaro","10":"tag-claudio-castro","11":"tag-david-miranda","12":"tag-fernanda-melchionna","13":"tag-ivan-valente","14":"tag-moto","15":"tag-rio-de-janeiro","16":"tag-samia-bomfim"},"acf":[],"yoast_head":"<!-- This site is optimized with the Yoast SEO plugin v26.5 - https:\/\/yoast.com\/wordpress\/plugins\/seo\/ -->\n<title>Parlamentares do PSOL apresentam s\u00e9rie de a\u00e7\u00f5es ap\u00f3s passeio de moto de Bolsonaro no RJ<\/title>\n<meta name=\"description\" content=\"A\u00e7\u00f5es v\u00e3o de requerimentos oficiais de informa\u00e7\u00e3o aos governos at\u00e9 uma representa\u00e7\u00e3o contra Eduardo Pazuello no Minist\u00e9rio P\u00fablico Militar.\" \/>\n<meta name=\"robots\" content=\"index, follow, max-snippet:-1, max-image-preview:large, max-video-preview:-1\" \/>\n<link rel=\"canonical\" href=\"https:\/\/psol50.org.br\/parlamentares-do-psol-apresentam-serie-de-acoes-apos-passeio-de-moto-de-bolsonaro-no-rj\/\" \/>\n<meta property=\"og:locale\" content=\"pt_BR\" \/>\n<meta property=\"og:type\" content=\"article\" \/>\n<meta property=\"og:title\" content=\"Parlamentares do PSOL apresentam s\u00e9rie de a\u00e7\u00f5es ap\u00f3s passeio de moto de Bolsonaro no RJ\" \/>\n<meta property=\"og:description\" content=\"A\u00e7\u00f5es v\u00e3o de requerimentos oficiais de informa\u00e7\u00e3o aos governos at\u00e9 uma representa\u00e7\u00e3o contra Eduardo Pazuello no Minist\u00e9rio P\u00fablico Militar.\" \/>\n<meta property=\"og:url\" content=\"https:\/\/psol50.org.br\/parlamentares-do-psol-apresentam-serie-de-acoes-apos-passeio-de-moto-de-bolsonaro-no-rj\/\" \/>\n<meta property=\"og:site_name\" content=\"PSOL 50\" \/>\n<meta property=\"article:publisher\" content=\"https:\/\/www.facebook.com\/psol50\" \/>\n<meta property=\"article:published_time\" content=\"2021-05-25T20:47:49+00:00\" \/>\n<meta property=\"og:image\" content=\"https:\/\/psol50.org.br\/inc\/uploads\/2021\/05\/luciano-hang-dono-das-lojas-havan-ganha-carona-em-moto-com-presidente-jair-bolsonaro-1620428441086_v2_1170x540-2-868x540-1.jpg\" \/>\n\t<meta property=\"og:image:width\" content=\"868\" \/>\n\t<meta property=\"og:image:height\" content=\"540\" \/>\n\t<meta property=\"og:image:type\" content=\"image\/jpeg\" \/>\n<meta name=\"author\" content=\"Comunica\u00e7\u00e3o PSOL\" \/>\n<meta name=\"twitter:card\" content=\"summary_large_image\" \/>\n<meta name=\"twitter:title\" content=\"Parlamentares do PSOL apresentam s\u00e9rie de a\u00e7\u00f5es ap\u00f3s passeio de moto de Bolsonaro no RJ\" \/>\n<meta name=\"twitter:description\" content=\"A\u00e7\u00f5es v\u00e3o de requerimentos oficiais de informa\u00e7\u00e3o aos governos at\u00e9 uma representa\u00e7\u00e3o contra Eduardo Pazuello no Minist\u00e9rio P\u00fablico Militar.\" \/>\n<meta name=\"twitter:image\" content=\"https:\/\/psol50.org.br\/inc\/uploads\/2021\/05\/luciano-hang-dono-das-lojas-havan-ganha-carona-em-moto-com-presidente-jair-bolsonaro-1620428441086_v2_1170x540-2-868x540-1.jpg\" \/>\n<meta name=\"twitter:creator\" content=\"@psol50\" \/>\n<meta name=\"twitter:site\" content=\"@psol50\" \/>\n<meta name=\"twitter:label1\" content=\"Escrito por\" \/>\n\t<meta name=\"twitter:data1\" content=\"Comunica\u00e7\u00e3o PSOL\" \/>\n\t<meta name=\"twitter:label2\" content=\"Est. tempo de leitura\" \/>\n\t<meta name=\"twitter:data2\" content=\"3 minutos\" \/>\n<script type=\"application\/ld+json\" class=\"yoast-schema-graph\">{\"@context\":\"https:\/\/schema.org\",\"@graph\":[{\"@type\":\"Article\",\"@id\":\"https:\/\/psol50.org.br\/parlamentares-do-psol-apresentam-serie-de-acoes-apos-passeio-de-moto-de-bolsonaro-no-rj\/#article\",\"isPartOf\":{\"@id\":\"https:\/\/psol50.org.br\/parlamentares-do-psol-apresentam-serie-de-acoes-apos-passeio-de-moto-de-bolsonaro-no-rj\/\"},\"author\":{\"name\":\"Comunica\u00e7\u00e3o PSOL\",\"@id\":\"https:\/\/psol50.org.br\/#\/schema\/person\/475dfa57d0b815993c714c2e96491fcd\"},\"headline\":\"Parlamentares do PSOL apresentam s\u00e9rie de a\u00e7\u00f5es ap\u00f3s passeio de moto de Bolsonaro no RJ\",\"datePublished\":\"2021-05-25T20:47:49+00:00\",\"mainEntityOfPage\":{\"@id\":\"https:\/\/psol50.org.br\/parlamentares-do-psol-apresentam-serie-de-acoes-apos-passeio-de-moto-de-bolsonaro-no-rj\/\"},\"wordCount\":484,\"publisher\":{\"@id\":\"https:\/\/psol50.org.br\/#organization\"},\"image\":{\"@id\":\"https:\/\/psol50.org.br\/parlamentares-do-psol-apresentam-serie-de-acoes-apos-passeio-de-moto-de-bolsonaro-no-rj\/#primaryimage\"},\"thumbnailUrl\":\"https:\/\/psol50.org.br\/inc\/uploads\/2021\/05\/luciano-hang-dono-das-lojas-havan-ganha-carona-em-moto-com-presidente-jair-bolsonaro-1620428441086_v2_1170x540-2-868x540-1.jpg\",\"keywords\":[\"Bolsonaro\",\"cl\u00e1udio castro\",\"David Miranda\",\"Fernanda Melchionna\",\"Ivan Valente\",\"moto\",\"Rio de Janeiro\",\"S\u00e2mia Bomfim\"],\"articleSection\":[\"A\u00e7\u00e3o Parlamentar\",\"Not\u00edcias\"],\"inLanguage\":\"pt-BR\"},{\"@type\":\"WebPage\",\"@id\":\"https:\/\/psol50.org.br\/parlamentares-do-psol-apresentam-serie-de-acoes-apos-passeio-de-moto-de-bolsonaro-no-rj\/\",\"url\":\"https:\/\/psol50.org.br\/parlamentares-do-psol-apresentam-serie-de-acoes-apos-passeio-de-moto-de-bolsonaro-no-rj\/\",\"name\":\"Parlamentares do PSOL apresentam s\u00e9rie de a\u00e7\u00f5es ap\u00f3s passeio de moto de Bolsonaro no RJ\",\"isPartOf\":{\"@id\":\"https:\/\/psol50.org.br\/#website\"},\"primaryImageOfPage\":{\"@id\":\"https:\/\/psol50.org.br\/parlamentares-do-psol-apresentam-serie-de-acoes-apos-passeio-de-moto-de-bolsonaro-no-rj\/#primaryimage\"},\"image\":{\"@id\":\"https:\/\/psol50.org.br\/parlamentares-do-psol-apresentam-serie-de-acoes-apos-passeio-de-moto-de-bolsonaro-no-rj\/#primaryimage\"},\"thumbnailUrl\":\"https:\/\/psol50.org.br\/inc\/uploads\/2021\/05\/luciano-hang-dono-das-lojas-havan-ganha-carona-em-moto-com-presidente-jair-bolsonaro-1620428441086_v2_1170x540-2-868x540-1.jpg\",\"datePublished\":\"2021-05-25T20:47:49+00:00\",\"description\":\"A\u00e7\u00f5es v\u00e3o de requerimentos oficiais de informa\u00e7\u00e3o aos governos at\u00e9 uma representa\u00e7\u00e3o contra Eduardo Pazuello no Minist\u00e9rio P\u00fablico Militar.\",\"breadcrumb\":{\"@id\":\"https:\/\/psol50.org.br\/parlamentares-do-psol-apresentam-serie-de-acoes-apos-passeio-de-moto-de-bolsonaro-no-rj\/#breadcrumb\"},\"inLanguage\":\"pt-BR\",\"potentialAction\":[{\"@type\":\"ReadAction\",\"target\":[\"https:\/\/psol50.org.br\/parlamentares-do-psol-apresentam-serie-de-acoes-apos-passeio-de-moto-de-bolsonaro-no-rj\/\"]}]},{\"@type\":\"ImageObject\",\"inLanguage\":\"pt-BR\",\"@id\":\"https:\/\/psol50.org.br\/parlamentares-do-psol-apresentam-serie-de-acoes-apos-passeio-de-moto-de-bolsonaro-no-rj\/#primaryimage\",\"url\":\"https:\/\/psol50.org.br\/inc\/uploads\/2021\/05\/luciano-hang-dono-das-lojas-havan-ganha-carona-em-moto-com-presidente-jair-bolsonaro-1620428441086_v2_1170x540-2-868x540-1.jpg\",\"contentUrl\":\"https:\/\/psol50.org.br\/inc\/uploads\/2021\/05\/luciano-hang-dono-das-lojas-havan-ganha-carona-em-moto-com-presidente-jair-bolsonaro-1620428441086_v2_1170x540-2-868x540-1.jpg\",\"width\":868,\"height\":540},{\"@type\":\"BreadcrumbList\",\"@id\":\"https:\/\/psol50.org.br\/parlamentares-do-psol-apresentam-serie-de-acoes-apos-passeio-de-moto-de-bolsonaro-no-rj\/#breadcrumb\",\"itemListElement\":[{\"@type\":\"ListItem\",\"position\":1,\"name\":\"In\u00edcio\",\"item\":\"https:\/\/psol50.org.br\/\"},{\"@type\":\"ListItem\",\"position\":2,\"name\":\"Parlamentares do PSOL apresentam s\u00e9rie de a\u00e7\u00f5es ap\u00f3s passeio de moto de Bolsonaro no RJ\"}]},{\"@type\":\"WebSite\",\"@id\":\"https:\/\/psol50.org.br\/#website\",\"url\":\"https:\/\/psol50.org.br\/\",\"name\":\"PSOL 50\",\"description\":\"Site oficial do Partido Socialismo e Liberdade\",\"publisher\":{\"@id\":\"https:\/\/psol50.org.br\/#organization\"},\"alternateName\":\"PSOL50\",\"potentialAction\":[{\"@type\":\"SearchAction\",\"target\":{\"@type\":\"EntryPoint\",\"urlTemplate\":\"https:\/\/psol50.org.br\/?s={search_term_string}\"},\"query-input\":{\"@type\":\"PropertyValueSpecification\",\"valueRequired\":true,\"valueName\":\"search_term_string\"}}],\"inLanguage\":\"pt-BR\"},{\"@type\":\"Organization\",\"@id\":\"https:\/\/psol50.org.br\/#organization\",\"name\":\"PSOL 50\",\"alternateName\":\"PSOL 50\",\"url\":\"https:\/\/psol50.org.br\/\",\"logo\":{\"@type\":\"ImageObject\",\"inLanguage\":\"pt-BR\",\"@id\":\"https:\/\/psol50.org.br\/#\/schema\/logo\/image\/\",\"url\":\"https:\/\/psol50.org.br\/inc\/uploads\/2018\/07\/capa.png\",\"contentUrl\":\"https:\/\/psol50.org.br\/inc\/uploads\/2018\/07\/capa.png\",\"width\":1350,\"height\":900,\"caption\":\"PSOL 50\"},\"image\":{\"@id\":\"https:\/\/psol50.org.br\/#\/schema\/logo\/image\/\"},\"sameAs\":[\"https:\/\/www.facebook.com\/psol50\",\"https:\/\/x.com\/psol50\",\"https:\/\/www.instagram.com\/psol50\/\",\"https:\/\/www.youtube.com\/channel\/UC7SnJS5o1os7a6CaiNabzcg\"]},{\"@type\":\"Person\",\"@id\":\"https:\/\/psol50.org.br\/#\/schema\/person\/475dfa57d0b815993c714c2e96491fcd\",\"name\":\"Comunica\u00e7\u00e3o PSOL\",\"image\":{\"@type\":\"ImageObject\",\"inLanguage\":\"pt-BR\",\"@id\":\"https:\/\/psol50.org.br\/#\/schema\/person\/image\/\",\"url\":\"https:\/\/secure.gravatar.com\/avatar\/b34fc4f4e468a4e51785917065a3db57b841f5c95dba6ad8c73aaf8f66f8f9bf?s=96&d=mm&r=g\",\"contentUrl\":\"https:\/\/secure.gravatar.com\/avatar\/b34fc4f4e468a4e51785917065a3db57b841f5c95dba6ad8c73aaf8f66f8f9bf?s=96&d=mm&r=g\",\"caption\":\"Comunica\u00e7\u00e3o PSOL\"}}]}<\/script>\n<!-- \/ Yoast SEO plugin. -->","yoast_head_json":{"title":"Parlamentares do PSOL apresentam s\u00e9rie de a\u00e7\u00f5es ap\u00f3s passeio de moto de Bolsonaro no RJ","description":"A\u00e7\u00f5es v\u00e3o de requerimentos oficiais de informa\u00e7\u00e3o aos governos at\u00e9 uma representa\u00e7\u00e3o contra Eduardo Pazuello no Minist\u00e9rio P\u00fablico Militar.","robots":{"index":"index","follow":"follow","max-snippet":"max-snippet:-1","max-image-preview":"max-image-preview:large","max-video-preview":"max-video-preview:-1"},"canonical":"https:\/\/psol50.org.br\/parlamentares-do-psol-apresentam-serie-de-acoes-apos-passeio-de-moto-de-bolsonaro-no-rj\/","og_locale":"pt_BR","og_type":"article","og_title":"Parlamentares do PSOL apresentam s\u00e9rie de a\u00e7\u00f5es ap\u00f3s passeio de moto de Bolsonaro no RJ","og_description":"A\u00e7\u00f5es v\u00e3o de requerimentos oficiais de informa\u00e7\u00e3o aos governos at\u00e9 uma representa\u00e7\u00e3o contra Eduardo Pazuello no Minist\u00e9rio P\u00fablico Militar.","og_url":"https:\/\/psol50.org.br\/parlamentares-do-psol-apresentam-serie-de-acoes-apos-passeio-de-moto-de-bolsonaro-no-rj\/","og_site_name":"PSOL 50","article_publisher":"https:\/\/www.facebook.com\/psol50","article_published_time":"2021-05-25T20:47:49+00:00","og_image":[{"width":868,"height":540,"url":"https:\/\/psol50.org.br\/inc\/uploads\/2021\/05\/luciano-hang-dono-das-lojas-havan-ganha-carona-em-moto-com-presidente-jair-bolsonaro-1620428441086_v2_1170x540-2-868x540-1.jpg","type":"image\/jpeg"}],"author":"Comunica\u00e7\u00e3o PSOL","twitter_card":"summary_large_image","twitter_title":"Parlamentares do PSOL apresentam s\u00e9rie de a\u00e7\u00f5es ap\u00f3s passeio de moto de Bolsonaro no RJ","twitter_description":"A\u00e7\u00f5es v\u00e3o de requerimentos oficiais de informa\u00e7\u00e3o aos governos at\u00e9 uma representa\u00e7\u00e3o contra Eduardo Pazuello no Minist\u00e9rio P\u00fablico Militar.","twitter_image":"https:\/\/psol50.org.br\/inc\/uploads\/2021\/05\/luciano-hang-dono-das-lojas-havan-ganha-carona-em-moto-com-presidente-jair-bolsonaro-1620428441086_v2_1170x540-2-868x540-1.jpg","twitter_creator":"@psol50","twitter_site":"@psol50","twitter_misc":{"Escrito por":"Comunica\u00e7\u00e3o PSOL","Est. tempo de leitura":"3 minutos"},"schema":{"@context":"https:\/\/schema.org","@graph":[{"@type":"Article","@id":"https:\/\/psol50.org.br\/parlamentares-do-psol-apresentam-serie-de-acoes-apos-passeio-de-moto-de-bolsonaro-no-rj\/#article","isPartOf":{"@id":"https:\/\/psol50.org.br\/parlamentares-do-psol-apresentam-serie-de-acoes-apos-passeio-de-moto-de-bolsonaro-no-rj\/"},"author":{"name":"Comunica\u00e7\u00e3o PSOL","@id":"https:\/\/psol50.org.br\/#\/schema\/person\/475dfa57d0b815993c714c2e96491fcd"},"headline":"Parlamentares do PSOL apresentam s\u00e9rie de a\u00e7\u00f5es ap\u00f3s passeio de moto de Bolsonaro no RJ","datePublished":"2021-05-25T20:47:49+00:00","mainEntityOfPage":{"@id":"https:\/\/psol50.org.br\/parlamentares-do-psol-apresentam-serie-de-acoes-apos-passeio-de-moto-de-bolsonaro-no-rj\/"},"wordCount":484,"publisher":{"@id":"https:\/\/psol50.org.br\/#organization"},"image":{"@id":"https:\/\/psol50.org.br\/parlamentares-do-psol-apresentam-serie-de-acoes-apos-passeio-de-moto-de-bolsonaro-no-rj\/#primaryimage"},"thumbnailUrl":"https:\/\/psol50.org.br\/inc\/uploads\/2021\/05\/luciano-hang-dono-das-lojas-havan-ganha-carona-em-moto-com-presidente-jair-bolsonaro-1620428441086_v2_1170x540-2-868x540-1.jpg","keywords":["Bolsonaro","cl\u00e1udio castro","David Miranda","Fernanda Melchionna","Ivan Valente","moto","Rio de Janeiro","S\u00e2mia Bomfim"],"articleSection":["A\u00e7\u00e3o Parlamentar","Not\u00edcias"],"inLanguage":"pt-BR"},{"@type":"WebPage","@id":"https:\/\/psol50.org.br\/parlamentares-do-psol-apresentam-serie-de-acoes-apos-passeio-de-moto-de-bolsonaro-no-rj\/","url":"https:\/\/psol50.org.br\/parlamentares-do-psol-apresentam-serie-de-acoes-apos-passeio-de-moto-de-bolsonaro-no-rj\/","name":"Parlamentares do PSOL apresentam s\u00e9rie de a\u00e7\u00f5es ap\u00f3s passeio de moto de Bolsonaro no RJ","isPartOf":{"@id":"https:\/\/psol50.org.br\/#website"},"primaryImageOfPage":{"@id":"https:\/\/psol50.org.br\/parlamentares-do-psol-apresentam-serie-de-acoes-apos-passeio-de-moto-de-bolsonaro-no-rj\/#primaryimage"},"image":{"@id":"https:\/\/psol50.org.br\/parlamentares-do-psol-apresentam-serie-de-acoes-apos-passeio-de-moto-de-bolsonaro-no-rj\/#primaryimage"},"thumbnailUrl":"https:\/\/psol50.org.br\/inc\/uploads\/2021\/05\/luciano-hang-dono-das-lojas-havan-ganha-carona-em-moto-com-presidente-jair-bolsonaro-1620428441086_v2_1170x540-2-868x540-1.jpg","datePublished":"2021-05-25T20:47:49+00:00","description":"A\u00e7\u00f5es v\u00e3o de requerimentos oficiais de informa\u00e7\u00e3o aos governos at\u00e9 uma representa\u00e7\u00e3o contra Eduardo Pazuello no Minist\u00e9rio P\u00fablico Militar.","breadcrumb":{"@id":"https:\/\/psol50.org.br\/parlamentares-do-psol-apresentam-serie-de-acoes-apos-passeio-de-moto-de-bolsonaro-no-rj\/#breadcrumb"},"inLanguage":"pt-BR","potentialAction":[{"@type":"ReadAction","target":["https:\/\/psol50.org.br\/parlamentares-do-psol-apresentam-serie-de-acoes-apos-passeio-de-moto-de-bolsonaro-no-rj\/"]}]},{"@type":"ImageObject","inLanguage":"pt-BR","@id":"https:\/\/psol50.org.br\/parlamentares-do-psol-apresentam-serie-de-acoes-apos-passeio-de-moto-de-bolsonaro-no-rj\/#primaryimage","url":"https:\/\/psol50.org.br\/inc\/uploads\/2021\/05\/luciano-hang-dono-das-lojas-havan-ganha-carona-em-moto-com-presidente-jair-bolsonaro-1620428441086_v2_1170x540-2-868x540-1.jpg","contentUrl":"https:\/\/psol50.org.br\/inc\/uploads\/2021\/05\/luciano-hang-dono-das-lojas-havan-ganha-carona-em-moto-com-presidente-jair-bolsonaro-1620428441086_v2_1170x540-2-868x540-1.jpg","width":868,"height":540},{"@type":"BreadcrumbList","@id":"https:\/\/psol50.org.br\/parlamentares-do-psol-apresentam-serie-de-acoes-apos-passeio-de-moto-de-bolsonaro-no-rj\/#breadcrumb","itemListElement":[{"@type":"ListItem","position":1,"name":"In\u00edcio","item":"https:\/\/psol50.org.br\/"},{"@type":"ListItem","position":2,"name":"Parlamentares do PSOL apresentam s\u00e9rie de a\u00e7\u00f5es ap\u00f3s passeio de moto de Bolsonaro no RJ"}]},{"@type":"WebSite","@id":"https:\/\/psol50.org.br\/#website","url":"https:\/\/psol50.org.br\/","name":"PSOL 50","description":"Site oficial do Partido Socialismo e Liberdade","publisher":{"@id":"https:\/\/psol50.org.br\/#organization"},"alternateName":"PSOL50","potentialAction":[{"@type":"SearchAction","target":{"@type":"EntryPoint","urlTemplate":"https:\/\/psol50.org.br\/?s={search_term_string}"},"query-input":{"@type":"PropertyValueSpecification","valueRequired":true,"valueName":"search_term_string"}}],"inLanguage":"pt-BR"},{"@type":"Organization","@id":"https:\/\/psol50.org.br\/#organization","name":"PSOL 50","alternateName":"PSOL 50","url":"https:\/\/psol50.org.br\/","logo":{"@type":"ImageObject","inLanguage":"pt-BR","@id":"https:\/\/psol50.org.br\/#\/schema\/logo\/image\/","url":"https:\/\/psol50.org.br\/inc\/uploads\/2018\/07\/capa.png","contentUrl":"https:\/\/psol50.org.br\/inc\/uploads\/2018\/07\/capa.png","width":1350,"height":900,"caption":"PSOL 50"},"image":{"@id":"https:\/\/psol50.org.br\/#\/schema\/logo\/image\/"},"sameAs":["https:\/\/www.facebook.com\/psol50","https:\/\/x.com\/psol50","https:\/\/www.instagram.com\/psol50\/","https:\/\/www.youtube.com\/channel\/UC7SnJS5o1os7a6CaiNabzcg"]},{"@type":"Person","@id":"https:\/\/psol50.org.br\/#\/schema\/person\/475dfa57d0b815993c714c2e96491fcd","name":"Comunica\u00e7\u00e3o PSOL","image":{"@type":"ImageObject","inLanguage":"pt-BR","@id":"https:\/\/psol50.org.br\/#\/schema\/person\/image\/","url":"https:\/\/secure.gravatar.com\/avatar\/b34fc4f4e468a4e51785917065a3db57b841f5c95dba6ad8c73aaf8f66f8f9bf?s=96&d=mm&r=g","contentUrl":"https:\/\/secure.gravatar.com\/avatar\/b34fc4f4e468a4e51785917065a3db57b841f5c95dba6ad8c73aaf8f66f8f9bf?s=96&d=mm&r=g","caption":"Comunica\u00e7\u00e3o PSOL"}}]}},"_links":{"self":[{"href":"https:\/\/psol50.org.br\/rest\/wp\/v2\/posts\/32650","targetHints":{"allow":["GET"]}}],"collection":[{"href":"https:\/\/psol50.org.br\/rest\/wp\/v2\/posts"}],"about":[{"href":"https:\/\/psol50.org.br\/rest\/wp\/v2\/types\/post"}],"author":[{"embeddable":true,"href":"https:\/\/psol50.org.br\/rest\/wp\/v2\/users\/2"}],"replies":[{"embeddable":true,"href":"https:\/\/psol50.org.br\/rest\/wp\/v2\/comments?post=32650"}],"version-history":[{"count":0,"href":"https:\/\/psol50.org.br\/rest\/wp\/v2\/posts\/32650\/revisions"}],"wp:featuredmedia":[{"embeddable":true,"href":"https:\/\/psol50.org.br\/rest\/wp\/v2\/media\/32655"}],"wp:attachment":[{"href":"https:\/\/psol50.org.br\/rest\/wp\/v2\/media?parent=32650"}],"wp:term":[{"taxonomy":"category","embeddable":true,"href":"https:\/\/psol50.org.br\/rest\/wp\/v2\/categories?post=32650"},{"taxonomy":"post_tag","embeddable":true,"href":"https:\/\/psol50.org.br\/rest\/wp\/v2\/tags?post=32650"}],"curies":[{"name":"wp","href":"https:\/\/api.w.org\/{rel}","templated":true}]}}