{"id":32659,"date":"2021-05-26T13:04:31","date_gmt":"2021-05-26T16:04:31","guid":{"rendered":"https:\/\/psol50.org.br\/?p=32659"},"modified":"2021-05-26T13:04:31","modified_gmt":"2021-05-26T16:04:31","slug":"decisao-do-tse-em-acao-do-psol-determina-quebra-de-sigilo-da-chapa-bolsonaro-mourao","status":"publish","type":"post","link":"https:\/\/psol50.org.br\/decisao-do-tse-em-acao-do-psol-determina-quebra-de-sigilo-da-chapa-bolsonaro-mourao\/","title":{"rendered":"Decis\u00e3o do TSE em a\u00e7\u00e3o do PSOL determina quebra de sigilo da chapa Bolsonaro-Mour\u00e3o"},"content":{"rendered":"<p>Nesta segunda-feira, 24, o Tribunal Superior Eleitoral (TSE) autorizou a quebra dos sigilos de usu\u00e1rios considerados respons\u00e1veis por hackear o grupo no Facebook chamado &#8220;Mulheres Unidas contra Bolsonaro&#8221; durante as elei\u00e7\u00f5es de 2018. A p\u00e1gina teve seu nome alterado para &#8220;Mulheres com Bolsonaro #17&#8221; e postagens de ataque \u00e0s mais de 2,7 milh\u00f5es mulheres do grupo foram feitas.<br \/>\nA decis\u00e3o do ministro Lu\u00eds Felipe Salom\u00e3o, Corregedor-Geral da Justi\u00e7a Eleitoral, faz parte da fase de produ\u00e7\u00e3o de provas de duas a\u00e7\u00f5es de investiga\u00e7\u00e3o do crime cibern\u00e9tico com o objetivo de cassar a chapa Bolsonaro-Mour\u00e3o, uma delas abertas por PSOL e Guilherme Boulos, outra pela REDE e Marina Silva.<br \/>\nEmpresas de telefonia foram intimadas a fornecer dados cadastrais dos n\u00fameros de telefone identificados pela Pol\u00edcia Federal e empresas de tecnologia a\u00a0 levantar os registros de acesso ao grupo. O Twitter tem o prazo de 5 dias para informar o n\u00famero de IP (c\u00f3digo identifica\u00e7\u00e3o de dispositivos) do celular ou computador usado para publicar, na conta do presidente Jair Bolsonaro, mensagem de agradecimento ao grupo: \u201cObrigado pela considera\u00e7\u00e3o, Mulheres de todo o Brasil!\u201d<br \/>\nA vit\u00f3ria no TSE pode revelar as j\u00e1 apontadas rela\u00e7\u00f5es entre o Pal\u00e1cio do Planalto e ataques virtuais \u00e0 oposi\u00e7\u00e3o do governo, realizadas com verba p\u00fablica no que ficou conhecido como &#8220;Gabinete do \u00f3dio&#8221;<\/p>\n","protected":false},"excerpt":{"rendered":"<p>Nesta segunda-feira, 24, o Tribunal Superior Eleitoral (TSE) autorizou a quebra dos sigilos de usu\u00e1rios considerados respons\u00e1veis por hackear o grupo no Facebook chamado &#8220;Mulheres Unidas contra Bolsonaro&#8221; durante as elei\u00e7\u00f5es de 2018. A p\u00e1gina teve seu nome alterado para &#8220;Mulheres com Bolsonaro #17&#8221; e postagens de ataque \u00e0s mais de 2,7 milh\u00f5es mulheres do [&hellip;]<\/p>\n","protected":false},"author":2,"featured_media":32663,"comment_status":"closed","ping_status":"open","sticky":false,"template":"","format":"standard","meta":{"_acf_changed":false,"footnotes":""},"categories":[6],"tags":[56,1601,342,1602,1603,1604,977,829,244,435,1605,830],"class_list":{"0":"post-32659","1":"post","2":"type-post","3":"status-publish","4":"format-standard","5":"has-post-thumbnail","7":"category-noticias","8":"tag-bolsonaro","9":"tag-bolsonaro-mourao","10":"tag-boulos","11":"tag-casscao-da-chapa","12":"tag-crimes-ciberneticos","13":"tag-eleicoes-2018","14":"tag-guilherme-boulos","15":"tag-hamilton-mourao","16":"tag-jair-bolsonaro","17":"tag-mourao","18":"tag-mulheres-com-bolsonaro","19":"tag-tse"},"acf":[],"yoast_head":"<!-- This site is optimized with the Yoast SEO plugin v26.5 - https:\/\/yoast.com\/wordpress\/plugins\/seo\/ -->\n<title>Decis\u00e3o do TSE em a\u00e7\u00e3o do PSOL determina quebra de sigilo da chapa Bolsonaro-Mour\u00e3o<\/title>\n<meta name=\"robots\" content=\"index, follow, max-snippet:-1, max-image-preview:large, max-video-preview:-1\" \/>\n<link rel=\"canonical\" href=\"https:\/\/psol50.org.br\/decisao-do-tse-em-acao-do-psol-determina-quebra-de-sigilo-da-chapa-bolsonaro-mourao\/\" \/>\n<meta property=\"og:locale\" content=\"pt_BR\" \/>\n<meta property=\"og:type\" content=\"article\" \/>\n<meta property=\"og:title\" content=\"Decis\u00e3o do TSE em a\u00e7\u00e3o do PSOL determina quebra de sigilo da chapa Bolsonaro-Mour\u00e3o\" \/>\n<meta property=\"og:description\" content=\"Vit\u00f3ria no Tribunal Superior Eleitoral pode relacionar o presidente a crimes cibern\u00e9ticos ocorridos durante as elei\u00e7\u00f5es.\" \/>\n<meta property=\"og:url\" content=\"https:\/\/psol50.org.br\/decisao-do-tse-em-acao-do-psol-determina-quebra-de-sigilo-da-chapa-bolsonaro-mourao\/\" \/>\n<meta property=\"og:site_name\" content=\"PSOL 50\" \/>\n<meta property=\"article:publisher\" content=\"https:\/\/www.facebook.com\/psol50\" \/>\n<meta property=\"article:published_time\" content=\"2021-05-26T16:04:31+00:00\" \/>\n<meta property=\"og:image\" content=\"https:\/\/psol50.org.br\/inc\/uploads\/2021\/05\/pzbl8830_0-scaled-1.jpg\" \/>\n\t<meta property=\"og:image:width\" content=\"1920\" \/>\n\t<meta property=\"og:image:height\" content=\"1280\" \/>\n\t<meta property=\"og:image:type\" content=\"image\/jpeg\" \/>\n<meta name=\"author\" content=\"Comunica\u00e7\u00e3o PSOL\" \/>\n<meta name=\"twitter:card\" content=\"summary_large_image\" \/>\n<meta name=\"twitter:title\" content=\"Decis\u00e3o do TSE em a\u00e7\u00e3o do PSOL determina quebra de sigilo da chapa Bolsonaro-Mour\u00e3o\" \/>\n<meta name=\"twitter:description\" content=\"Vit\u00f3ria no Tribunal Superior Eleitoral pode relacionar o presidente a crimes cibern\u00e9ticos ocorridos durante as elei\u00e7\u00f5es.\" \/>\n<meta name=\"twitter:image\" content=\"https:\/\/psol50.org.br\/inc\/uploads\/2021\/05\/pzbl8830_0-scaled-1.jpg\" \/>\n<meta name=\"twitter:creator\" content=\"@psol50\" \/>\n<meta name=\"twitter:site\" content=\"@psol50\" \/>\n<meta name=\"twitter:label1\" content=\"Escrito por\" \/>\n\t<meta name=\"twitter:data1\" content=\"Comunica\u00e7\u00e3o PSOL\" \/>\n\t<meta name=\"twitter:label2\" content=\"Est. tempo de leitura\" \/>\n\t<meta name=\"twitter:data2\" content=\"1 minuto\" \/>\n<script type=\"application\/ld+json\" class=\"yoast-schema-graph\">{\"@context\":\"https:\/\/schema.org\",\"@graph\":[{\"@type\":\"Article\",\"@id\":\"https:\/\/psol50.org.br\/decisao-do-tse-em-acao-do-psol-determina-quebra-de-sigilo-da-chapa-bolsonaro-mourao\/#article\",\"isPartOf\":{\"@id\":\"https:\/\/psol50.org.br\/decisao-do-tse-em-acao-do-psol-determina-quebra-de-sigilo-da-chapa-bolsonaro-mourao\/\"},\"author\":{\"name\":\"Comunica\u00e7\u00e3o PSOL\",\"@id\":\"https:\/\/psol50.org.br\/#\/schema\/person\/475dfa57d0b815993c714c2e96491fcd\"},\"headline\":\"Decis\u00e3o do TSE em a\u00e7\u00e3o do PSOL determina quebra de sigilo da chapa Bolsonaro-Mour\u00e3o\",\"datePublished\":\"2021-05-26T16:04:31+00:00\",\"mainEntityOfPage\":{\"@id\":\"https:\/\/psol50.org.br\/decisao-do-tse-em-acao-do-psol-determina-quebra-de-sigilo-da-chapa-bolsonaro-mourao\/\"},\"wordCount\":250,\"publisher\":{\"@id\":\"https:\/\/psol50.org.br\/#organization\"},\"image\":{\"@id\":\"https:\/\/psol50.org.br\/decisao-do-tse-em-acao-do-psol-determina-quebra-de-sigilo-da-chapa-bolsonaro-mourao\/#primaryimage\"},\"thumbnailUrl\":\"https:\/\/psol50.org.br\/inc\/uploads\/2021\/05\/pzbl8830_0-scaled-1.jpg\",\"keywords\":[\"Bolsonaro\",\"Bolsonaro-Mour\u00e3o\",\"Boulos\",\"cass\u00e7\u00e3o da chapa\",\"crimes cibern\u00e9ticos\",\"Elei\u00e7\u00f5es 2018\",\"Guilherme Boulos\",\"Hamilton Mour\u00e3o\",\"Jair Bolsonaro\",\"Mour\u00e3o\",\"Mulheres com Bolsonaro\",\"TSE\"],\"articleSection\":[\"Not\u00edcias\"],\"inLanguage\":\"pt-BR\"},{\"@type\":\"WebPage\",\"@id\":\"https:\/\/psol50.org.br\/decisao-do-tse-em-acao-do-psol-determina-quebra-de-sigilo-da-chapa-bolsonaro-mourao\/\",\"url\":\"https:\/\/psol50.org.br\/decisao-do-tse-em-acao-do-psol-determina-quebra-de-sigilo-da-chapa-bolsonaro-mourao\/\",\"name\":\"Decis\u00e3o do TSE em a\u00e7\u00e3o do PSOL determina quebra de sigilo da chapa Bolsonaro-Mour\u00e3o\",\"isPartOf\":{\"@id\":\"https:\/\/psol50.org.br\/#website\"},\"primaryImageOfPage\":{\"@id\":\"https:\/\/psol50.org.br\/decisao-do-tse-em-acao-do-psol-determina-quebra-de-sigilo-da-chapa-bolsonaro-mourao\/#primaryimage\"},\"image\":{\"@id\":\"https:\/\/psol50.org.br\/decisao-do-tse-em-acao-do-psol-determina-quebra-de-sigilo-da-chapa-bolsonaro-mourao\/#primaryimage\"},\"thumbnailUrl\":\"https:\/\/psol50.org.br\/inc\/uploads\/2021\/05\/pzbl8830_0-scaled-1.jpg\",\"datePublished\":\"2021-05-26T16:04:31+00:00\",\"breadcrumb\":{\"@id\":\"https:\/\/psol50.org.br\/decisao-do-tse-em-acao-do-psol-determina-quebra-de-sigilo-da-chapa-bolsonaro-mourao\/#breadcrumb\"},\"inLanguage\":\"pt-BR\",\"potentialAction\":[{\"@type\":\"ReadAction\",\"target\":[\"https:\/\/psol50.org.br\/decisao-do-tse-em-acao-do-psol-determina-quebra-de-sigilo-da-chapa-bolsonaro-mourao\/\"]}]},{\"@type\":\"ImageObject\",\"inLanguage\":\"pt-BR\",\"@id\":\"https:\/\/psol50.org.br\/decisao-do-tse-em-acao-do-psol-determina-quebra-de-sigilo-da-chapa-bolsonaro-mourao\/#primaryimage\",\"url\":\"https:\/\/psol50.org.br\/inc\/uploads\/2021\/05\/pzbl8830_0-scaled-1.jpg\",\"contentUrl\":\"https:\/\/psol50.org.br\/inc\/uploads\/2021\/05\/pzbl8830_0-scaled-1.jpg\",\"width\":1920,\"height\":1280,\"caption\":\"Fabio Rodrigues Pozzebom\/Ag\u00eancia Brasil\"},{\"@type\":\"BreadcrumbList\",\"@id\":\"https:\/\/psol50.org.br\/decisao-do-tse-em-acao-do-psol-determina-quebra-de-sigilo-da-chapa-bolsonaro-mourao\/#breadcrumb\",\"itemListElement\":[{\"@type\":\"ListItem\",\"position\":1,\"name\":\"In\u00edcio\",\"item\":\"https:\/\/psol50.org.br\/\"},{\"@type\":\"ListItem\",\"position\":2,\"name\":\"Decis\u00e3o do TSE em a\u00e7\u00e3o do PSOL determina quebra de sigilo da chapa Bolsonaro-Mour\u00e3o\"}]},{\"@type\":\"WebSite\",\"@id\":\"https:\/\/psol50.org.br\/#website\",\"url\":\"https:\/\/psol50.org.br\/\",\"name\":\"PSOL 50\",\"description\":\"Site oficial do Partido Socialismo e Liberdade\",\"publisher\":{\"@id\":\"https:\/\/psol50.org.br\/#organization\"},\"alternateName\":\"PSOL50\",\"potentialAction\":[{\"@type\":\"SearchAction\",\"target\":{\"@type\":\"EntryPoint\",\"urlTemplate\":\"https:\/\/psol50.org.br\/?s={search_term_string}\"},\"query-input\":{\"@type\":\"PropertyValueSpecification\",\"valueRequired\":true,\"valueName\":\"search_term_string\"}}],\"inLanguage\":\"pt-BR\"},{\"@type\":\"Organization\",\"@id\":\"https:\/\/psol50.org.br\/#organization\",\"name\":\"PSOL 50\",\"alternateName\":\"PSOL 50\",\"url\":\"https:\/\/psol50.org.br\/\",\"logo\":{\"@type\":\"ImageObject\",\"inLanguage\":\"pt-BR\",\"@id\":\"https:\/\/psol50.org.br\/#\/schema\/logo\/image\/\",\"url\":\"https:\/\/psol50.org.br\/inc\/uploads\/2018\/07\/capa.png\",\"contentUrl\":\"https:\/\/psol50.org.br\/inc\/uploads\/2018\/07\/capa.png\",\"width\":1350,\"height\":900,\"caption\":\"PSOL 50\"},\"image\":{\"@id\":\"https:\/\/psol50.org.br\/#\/schema\/logo\/image\/\"},\"sameAs\":[\"https:\/\/www.facebook.com\/psol50\",\"https:\/\/x.com\/psol50\",\"https:\/\/www.instagram.com\/psol50\/\",\"https:\/\/www.youtube.com\/channel\/UC7SnJS5o1os7a6CaiNabzcg\"]},{\"@type\":\"Person\",\"@id\":\"https:\/\/psol50.org.br\/#\/schema\/person\/475dfa57d0b815993c714c2e96491fcd\",\"name\":\"Comunica\u00e7\u00e3o PSOL\",\"image\":{\"@type\":\"ImageObject\",\"inLanguage\":\"pt-BR\",\"@id\":\"https:\/\/psol50.org.br\/#\/schema\/person\/image\/\",\"url\":\"https:\/\/secure.gravatar.com\/avatar\/b34fc4f4e468a4e51785917065a3db57b841f5c95dba6ad8c73aaf8f66f8f9bf?s=96&d=mm&r=g\",\"contentUrl\":\"https:\/\/secure.gravatar.com\/avatar\/b34fc4f4e468a4e51785917065a3db57b841f5c95dba6ad8c73aaf8f66f8f9bf?s=96&d=mm&r=g\",\"caption\":\"Comunica\u00e7\u00e3o PSOL\"}}]}<\/script>\n<!-- \/ Yoast SEO plugin. -->","yoast_head_json":{"title":"Decis\u00e3o do TSE em a\u00e7\u00e3o do PSOL determina quebra de sigilo da chapa Bolsonaro-Mour\u00e3o","robots":{"index":"index","follow":"follow","max-snippet":"max-snippet:-1","max-image-preview":"max-image-preview:large","max-video-preview":"max-video-preview:-1"},"canonical":"https:\/\/psol50.org.br\/decisao-do-tse-em-acao-do-psol-determina-quebra-de-sigilo-da-chapa-bolsonaro-mourao\/","og_locale":"pt_BR","og_type":"article","og_title":"Decis\u00e3o do TSE em a\u00e7\u00e3o do PSOL determina quebra de sigilo da chapa Bolsonaro-Mour\u00e3o","og_description":"Vit\u00f3ria no Tribunal Superior Eleitoral pode relacionar o presidente a crimes cibern\u00e9ticos ocorridos durante as elei\u00e7\u00f5es.","og_url":"https:\/\/psol50.org.br\/decisao-do-tse-em-acao-do-psol-determina-quebra-de-sigilo-da-chapa-bolsonaro-mourao\/","og_site_name":"PSOL 50","article_publisher":"https:\/\/www.facebook.com\/psol50","article_published_time":"2021-05-26T16:04:31+00:00","og_image":[{"width":1920,"height":1280,"url":"https:\/\/psol50.org.br\/inc\/uploads\/2021\/05\/pzbl8830_0-scaled-1.jpg","type":"image\/jpeg"}],"author":"Comunica\u00e7\u00e3o PSOL","twitter_card":"summary_large_image","twitter_title":"Decis\u00e3o do TSE em a\u00e7\u00e3o do PSOL determina quebra de sigilo da chapa Bolsonaro-Mour\u00e3o","twitter_description":"Vit\u00f3ria no Tribunal Superior Eleitoral pode relacionar o presidente a crimes cibern\u00e9ticos ocorridos durante as elei\u00e7\u00f5es.","twitter_image":"https:\/\/psol50.org.br\/inc\/uploads\/2021\/05\/pzbl8830_0-scaled-1.jpg","twitter_creator":"@psol50","twitter_site":"@psol50","twitter_misc":{"Escrito por":"Comunica\u00e7\u00e3o PSOL","Est. tempo de leitura":"1 minuto"},"schema":{"@context":"https:\/\/schema.org","@graph":[{"@type":"Article","@id":"https:\/\/psol50.org.br\/decisao-do-tse-em-acao-do-psol-determina-quebra-de-sigilo-da-chapa-bolsonaro-mourao\/#article","isPartOf":{"@id":"https:\/\/psol50.org.br\/decisao-do-tse-em-acao-do-psol-determina-quebra-de-sigilo-da-chapa-bolsonaro-mourao\/"},"author":{"name":"Comunica\u00e7\u00e3o PSOL","@id":"https:\/\/psol50.org.br\/#\/schema\/person\/475dfa57d0b815993c714c2e96491fcd"},"headline":"Decis\u00e3o do TSE em a\u00e7\u00e3o do PSOL determina quebra de sigilo da chapa Bolsonaro-Mour\u00e3o","datePublished":"2021-05-26T16:04:31+00:00","mainEntityOfPage":{"@id":"https:\/\/psol50.org.br\/decisao-do-tse-em-acao-do-psol-determina-quebra-de-sigilo-da-chapa-bolsonaro-mourao\/"},"wordCount":250,"publisher":{"@id":"https:\/\/psol50.org.br\/#organization"},"image":{"@id":"https:\/\/psol50.org.br\/decisao-do-tse-em-acao-do-psol-determina-quebra-de-sigilo-da-chapa-bolsonaro-mourao\/#primaryimage"},"thumbnailUrl":"https:\/\/psol50.org.br\/inc\/uploads\/2021\/05\/pzbl8830_0-scaled-1.jpg","keywords":["Bolsonaro","Bolsonaro-Mour\u00e3o","Boulos","cass\u00e7\u00e3o da chapa","crimes cibern\u00e9ticos","Elei\u00e7\u00f5es 2018","Guilherme Boulos","Hamilton Mour\u00e3o","Jair Bolsonaro","Mour\u00e3o","Mulheres com Bolsonaro","TSE"],"articleSection":["Not\u00edcias"],"inLanguage":"pt-BR"},{"@type":"WebPage","@id":"https:\/\/psol50.org.br\/decisao-do-tse-em-acao-do-psol-determina-quebra-de-sigilo-da-chapa-bolsonaro-mourao\/","url":"https:\/\/psol50.org.br\/decisao-do-tse-em-acao-do-psol-determina-quebra-de-sigilo-da-chapa-bolsonaro-mourao\/","name":"Decis\u00e3o do TSE em a\u00e7\u00e3o do PSOL determina quebra de sigilo da chapa Bolsonaro-Mour\u00e3o","isPartOf":{"@id":"https:\/\/psol50.org.br\/#website"},"primaryImageOfPage":{"@id":"https:\/\/psol50.org.br\/decisao-do-tse-em-acao-do-psol-determina-quebra-de-sigilo-da-chapa-bolsonaro-mourao\/#primaryimage"},"image":{"@id":"https:\/\/psol50.org.br\/decisao-do-tse-em-acao-do-psol-determina-quebra-de-sigilo-da-chapa-bolsonaro-mourao\/#primaryimage"},"thumbnailUrl":"https:\/\/psol50.org.br\/inc\/uploads\/2021\/05\/pzbl8830_0-scaled-1.jpg","datePublished":"2021-05-26T16:04:31+00:00","breadcrumb":{"@id":"https:\/\/psol50.org.br\/decisao-do-tse-em-acao-do-psol-determina-quebra-de-sigilo-da-chapa-bolsonaro-mourao\/#breadcrumb"},"inLanguage":"pt-BR","potentialAction":[{"@type":"ReadAction","target":["https:\/\/psol50.org.br\/decisao-do-tse-em-acao-do-psol-determina-quebra-de-sigilo-da-chapa-bolsonaro-mourao\/"]}]},{"@type":"ImageObject","inLanguage":"pt-BR","@id":"https:\/\/psol50.org.br\/decisao-do-tse-em-acao-do-psol-determina-quebra-de-sigilo-da-chapa-bolsonaro-mourao\/#primaryimage","url":"https:\/\/psol50.org.br\/inc\/uploads\/2021\/05\/pzbl8830_0-scaled-1.jpg","contentUrl":"https:\/\/psol50.org.br\/inc\/uploads\/2021\/05\/pzbl8830_0-scaled-1.jpg","width":1920,"height":1280,"caption":"Fabio Rodrigues Pozzebom\/Ag\u00eancia Brasil"},{"@type":"BreadcrumbList","@id":"https:\/\/psol50.org.br\/decisao-do-tse-em-acao-do-psol-determina-quebra-de-sigilo-da-chapa-bolsonaro-mourao\/#breadcrumb","itemListElement":[{"@type":"ListItem","position":1,"name":"In\u00edcio","item":"https:\/\/psol50.org.br\/"},{"@type":"ListItem","position":2,"name":"Decis\u00e3o do TSE em a\u00e7\u00e3o do PSOL determina quebra de sigilo da chapa Bolsonaro-Mour\u00e3o"}]},{"@type":"WebSite","@id":"https:\/\/psol50.org.br\/#website","url":"https:\/\/psol50.org.br\/","name":"PSOL 50","description":"Site oficial do Partido Socialismo e Liberdade","publisher":{"@id":"https:\/\/psol50.org.br\/#organization"},"alternateName":"PSOL50","potentialAction":[{"@type":"SearchAction","target":{"@type":"EntryPoint","urlTemplate":"https:\/\/psol50.org.br\/?s={search_term_string}"},"query-input":{"@type":"PropertyValueSpecification","valueRequired":true,"valueName":"search_term_string"}}],"inLanguage":"pt-BR"},{"@type":"Organization","@id":"https:\/\/psol50.org.br\/#organization","name":"PSOL 50","alternateName":"PSOL 50","url":"https:\/\/psol50.org.br\/","logo":{"@type":"ImageObject","inLanguage":"pt-BR","@id":"https:\/\/psol50.org.br\/#\/schema\/logo\/image\/","url":"https:\/\/psol50.org.br\/inc\/uploads\/2018\/07\/capa.png","contentUrl":"https:\/\/psol50.org.br\/inc\/uploads\/2018\/07\/capa.png","width":1350,"height":900,"caption":"PSOL 50"},"image":{"@id":"https:\/\/psol50.org.br\/#\/schema\/logo\/image\/"},"sameAs":["https:\/\/www.facebook.com\/psol50","https:\/\/x.com\/psol50","https:\/\/www.instagram.com\/psol50\/","https:\/\/www.youtube.com\/channel\/UC7SnJS5o1os7a6CaiNabzcg"]},{"@type":"Person","@id":"https:\/\/psol50.org.br\/#\/schema\/person\/475dfa57d0b815993c714c2e96491fcd","name":"Comunica\u00e7\u00e3o PSOL","image":{"@type":"ImageObject","inLanguage":"pt-BR","@id":"https:\/\/psol50.org.br\/#\/schema\/person\/image\/","url":"https:\/\/secure.gravatar.com\/avatar\/b34fc4f4e468a4e51785917065a3db57b841f5c95dba6ad8c73aaf8f66f8f9bf?s=96&d=mm&r=g","contentUrl":"https:\/\/secure.gravatar.com\/avatar\/b34fc4f4e468a4e51785917065a3db57b841f5c95dba6ad8c73aaf8f66f8f9bf?s=96&d=mm&r=g","caption":"Comunica\u00e7\u00e3o PSOL"}}]}},"_links":{"self":[{"href":"https:\/\/psol50.org.br\/rest\/wp\/v2\/posts\/32659","targetHints":{"allow":["GET"]}}],"collection":[{"href":"https:\/\/psol50.org.br\/rest\/wp\/v2\/posts"}],"about":[{"href":"https:\/\/psol50.org.br\/rest\/wp\/v2\/types\/post"}],"author":[{"embeddable":true,"href":"https:\/\/psol50.org.br\/rest\/wp\/v2\/users\/2"}],"replies":[{"embeddable":true,"href":"https:\/\/psol50.org.br\/rest\/wp\/v2\/comments?post=32659"}],"version-history":[{"count":0,"href":"https:\/\/psol50.org.br\/rest\/wp\/v2\/posts\/32659\/revisions"}],"wp:featuredmedia":[{"embeddable":true,"href":"https:\/\/psol50.org.br\/rest\/wp\/v2\/media\/32663"}],"wp:attachment":[{"href":"https:\/\/psol50.org.br\/rest\/wp\/v2\/media?parent=32659"}],"wp:term":[{"taxonomy":"category","embeddable":true,"href":"https:\/\/psol50.org.br\/rest\/wp\/v2\/categories?post=32659"},{"taxonomy":"post_tag","embeddable":true,"href":"https:\/\/psol50.org.br\/rest\/wp\/v2\/tags?post=32659"}],"curies":[{"name":"wp","href":"https:\/\/api.w.org\/{rel}","templated":true}]}}