{"id":32704,"date":"2021-06-01T14:22:55","date_gmt":"2021-06-01T17:22:55","guid":{"rendered":"https:\/\/psol50.org.br\/?p=32704"},"modified":"2021-06-01T14:22:55","modified_gmt":"2021-06-01T17:22:55","slug":"guilherme-boulos-as-ruas-falaram","status":"publish","type":"post","link":"https:\/\/psol50.org.br\/guilherme-boulos-as-ruas-falaram\/","title":{"rendered":"Guilherme Boulos: &#8220;As ruas falaram&#8221;"},"content":{"rendered":"<p><a href=\"https:\/\/psol50.org.br\/psolcontraafome\/\" target=\"_blank\" rel=\"noopener\"><img loading=\"lazy\" decoding=\"async\" class=\"size-full wp-image-32462 aligncenter\" src=\"https:\/\/psol50.org.br\/inc\/uploads\/2021\/04\/PSOLContraAFome_Variacoes_Email.png\" alt=\"\" width=\"811\" height=\"189\" srcset=\"https:\/\/psol50.org.br\/inc\/uploads\/2021\/04\/PSOLContraAFome_Variacoes_Email.png 811w, https:\/\/psol50.org.br\/inc\/uploads\/2021\/04\/PSOLContraAFome_Variacoes_Email-300x70.png 300w, https:\/\/psol50.org.br\/inc\/uploads\/2021\/04\/PSOLContraAFome_Variacoes_Email-768x179.png 768w, https:\/\/psol50.org.br\/inc\/uploads\/2021\/04\/PSOLContraAFome_Variacoes_Email-150x35.png 150w, https:\/\/psol50.org.br\/inc\/uploads\/2021\/04\/PSOLContraAFome_Variacoes_Email-696x162.png 696w\" sizes=\"auto, (max-width: 811px) 100vw, 811px\" \/><\/a><br \/>\nEm seu artigo na Folha de S. Paulo desta semana, Guilherme Boulos analisou os atos do \u00faltimo dia 29 de maio, que retomaram as ruas contra o genoc\u00eddio promovido pelo governo de Jair Bolsonaro e pelo impeachment urgente do genocida. &#8220;Ir \u00e0s ruas numa pandemia \u00e9 uma medida extrema, resultado de uma situa\u00e7\u00e3o extrema&#8221;, lembra Boulos, que participou da manifesta\u00e7\u00e3o em S\u00e3o Paulo, que lotou a Avenida Paulista no \u00faltimo s\u00e1bado.<br \/>\n&#8220;Quem esteve n\u00e3o foi por gosto. Bolsonaro n\u00e3o deixou alternativa. Assim como, ao cortar o aux\u00edlio emergencial, n\u00e3o deixou alternativa para milh\u00f5es que se aglomeram dia a dia em \u00f4nibus lotados diante do dilema perverso entre o v\u00edrus e a fome&#8221;, compara Guilherme Boulos ao lembrar da rotina de tantos milh\u00f5es de brasileiros que s\u00e3o jogados ao risco de contamina\u00e7\u00e3o e de morte diariamente pela falta de politicas p\u00fablicas eficazes do governo Bolsonaro e de tantos governos estaduais e municipais.<br \/>\n&#8220;O grito que estava entalado na garganta soou aos quatro ventos. Grito de dor e revolta. Mas tamb\u00e9m de esperan\u00e7a: um an\u00fancio de que n\u00e3o aceitamos seguir sendo levados ao matadouro&#8221;, celebra Boulos. As manifesta\u00e7\u00f5es aconteceram em todas as capitais brasileiras e regi\u00f5es do pa\u00eds.<br \/>\nSobre a compara\u00e7\u00e3o que foi feita entre as aglomera\u00e7\u00f5es promovidas cotidianamente por Bolsonaro com os atos de oposi\u00e7\u00e3o a seu governo, Guilherme Boulos aponta que quem iguala as duas situa\u00e7\u00f5es est\u00e1 negando os fatos. &#8220;As pessoas estavam de m\u00e1scara e houve esfor\u00e7o herc\u00faleo dos organizadores em orientar o distanciamento, inclusive com equipes de volunt\u00e1rios de sa\u00fade nas manifesta\u00e7\u00f5es&#8221;, ressalta Boulos.<br \/>\nO militante do PSOL e do MTST ressalta a import\u00e2ncia de lutar contra as atrocidades do governo Bolsonaro sem esperar solu\u00e7\u00f5es apenas nas elei\u00e7\u00f5es de 2022. &#8220;Lutar para tirar Bolsonaro do comando significa salvar vidas. Quantas mortes evit\u00e1veis teremos at\u00e9 2022 se esperarmos passivamente at\u00e9 as elei\u00e7\u00f5es? As elei\u00e7\u00f5es s\u00e3o o momento de altern\u00e2ncia democr\u00e1tica, assim como o impeachment \u00e9 o instrumento para interromper os crimes de um governo&#8221;, alerta.<br \/>\nBoulos ressalta que as manifesta\u00e7\u00f5es devem continuar, seguindo todos os cuidados e protocolos sanit\u00e1rios necess\u00e1rios. &#8220;A mobiliza\u00e7\u00e3o de rua \u00e9 o componente que faltava para abrir uma janela de oportunidade ao impeachment; para que o Brasil possa virar a p\u00e1gina deste pesadelo e n\u00e3o sangrar at\u00e9 2022&#8221;, conclui.<\/p>\n<h5><strong><a href=\"https:\/\/www1.folha.uol.com.br\/colunas\/guilhermeboulos\/2021\/05\/as-ruas-falaram.shtml\" target=\"_blank\" rel=\"noopener\">Leia o artigo na \u00edntegra clicando aqui.<\/a><\/strong><\/h5>\n<p><a href=\"https:\/\/psol50.org.br\/rendajusta\/\" target=\"_blank\" rel=\"noopener\"><img loading=\"lazy\" decoding=\"async\" class=\"alignnone size-full wp-image-30552\" src=\"https:\/\/psol50.org.br\/inc\/uploads\/2020\/08\/21-08-2020_LancamentoRendaJusta-2.png\" alt=\"\" width=\"1920\" height=\"383\" srcset=\"https:\/\/psol50.org.br\/inc\/uploads\/2020\/08\/21-08-2020_LancamentoRendaJusta-2.png 1920w, https:\/\/psol50.org.br\/inc\/uploads\/2020\/08\/21-08-2020_LancamentoRendaJusta-2-300x60.png 300w, https:\/\/psol50.org.br\/inc\/uploads\/2020\/08\/21-08-2020_LancamentoRendaJusta-2-1024x204.png 1024w, https:\/\/psol50.org.br\/inc\/uploads\/2020\/08\/21-08-2020_LancamentoRendaJusta-2-768x153.png 768w, https:\/\/psol50.org.br\/inc\/uploads\/2020\/08\/21-08-2020_LancamentoRendaJusta-2-1536x306.png 1536w, https:\/\/psol50.org.br\/inc\/uploads\/2020\/08\/21-08-2020_LancamentoRendaJusta-2-150x30.png 150w, https:\/\/psol50.org.br\/inc\/uploads\/2020\/08\/21-08-2020_LancamentoRendaJusta-2-696x139.png 696w, https:\/\/psol50.org.br\/inc\/uploads\/2020\/08\/21-08-2020_LancamentoRendaJusta-2-1068x213.png 1068w\" sizes=\"auto, (max-width: 1920px) 100vw, 1920px\" \/><\/a><\/p>\n","protected":false},"excerpt":{"rendered":"<p>Em seu artigo na Folha de S. Paulo desta semana, Guilherme Boulos analisou os atos do \u00faltimo dia 29 de maio, que retomaram as ruas contra o genoc\u00eddio promovido pelo governo de Jair Bolsonaro e pelo impeachment urgente do genocida. &#8220;Ir \u00e0s ruas numa pandemia \u00e9 uma medida extrema, resultado de uma situa\u00e7\u00e3o extrema&#8221;, lembra [&hellip;]<\/p>\n","protected":false},"author":2,"featured_media":32705,"comment_status":"closed","ping_status":"open","sticky":false,"template":"","format":"standard","meta":{"_acf_changed":false,"footnotes":""},"categories":[3,6],"tags":[266,1595,407,977,314],"class_list":{"0":"post-32704","1":"post","2":"type-post","3":"status-publish","4":"format-standard","5":"has-post-thumbnail","7":"category-artigos-e-entrevistas","8":"category-noticias","9":"tag-artigo","10":"tag-dia-29","11":"tag-fora-bolsonaro","12":"tag-guilherme-boulos","13":"tag-manifestacoes"},"acf":[],"yoast_head":"<!-- This site is optimized with the Yoast SEO plugin v26.5 - https:\/\/yoast.com\/wordpress\/plugins\/seo\/ -->\n<title>Guilherme Boulos: &quot;As ruas falaram&quot;<\/title>\n<meta name=\"description\" content=\"Em artigo na Folha, Boulos aponta que &quot;ir \u00e0s ruas numa pandemia \u00e9 uma medida extrema, resultado de uma situa\u00e7\u00e3o extrema&quot;.\" \/>\n<meta name=\"robots\" content=\"index, follow, max-snippet:-1, max-image-preview:large, max-video-preview:-1\" \/>\n<link rel=\"canonical\" href=\"https:\/\/psol50.org.br\/guilherme-boulos-as-ruas-falaram\/\" \/>\n<meta property=\"og:locale\" content=\"pt_BR\" \/>\n<meta property=\"og:type\" content=\"article\" \/>\n<meta property=\"og:title\" content=\"Guilherme Boulos: &quot;As ruas falaram&quot;\" \/>\n<meta property=\"og:description\" content=\"Em artigo na Folha, Boulos aponta que &quot;ir \u00e0s ruas numa pandemia \u00e9 uma medida extrema, resultado de uma situa\u00e7\u00e3o extrema&quot;.\" \/>\n<meta property=\"og:url\" content=\"https:\/\/psol50.org.br\/guilherme-boulos-as-ruas-falaram\/\" \/>\n<meta property=\"og:site_name\" content=\"PSOL 50\" \/>\n<meta property=\"article:publisher\" content=\"https:\/\/www.facebook.com\/psol50\" \/>\n<meta property=\"article:published_time\" content=\"2021-06-01T17:22:55+00:00\" \/>\n<meta property=\"og:image\" content=\"https:\/\/psol50.org.br\/inc\/uploads\/2021\/06\/midia-ninja-868x644-1.jpeg\" \/>\n\t<meta property=\"og:image:width\" content=\"868\" \/>\n\t<meta property=\"og:image:height\" content=\"644\" \/>\n\t<meta property=\"og:image:type\" content=\"image\/jpeg\" \/>\n<meta name=\"author\" content=\"Comunica\u00e7\u00e3o PSOL\" \/>\n<meta name=\"twitter:card\" content=\"summary_large_image\" \/>\n<meta name=\"twitter:title\" content=\"Guilherme Boulos: &quot;As ruas falaram&quot;\" \/>\n<meta name=\"twitter:description\" content=\"Em artigo na Folha, Boulos aponta que &quot;ir \u00e0s ruas numa pandemia \u00e9 uma medida extrema, resultado de uma situa\u00e7\u00e3o extrema&quot;.\" \/>\n<meta name=\"twitter:image\" content=\"https:\/\/psol50.org.br\/inc\/uploads\/2021\/06\/midia-ninja-868x644-1.jpeg\" \/>\n<meta name=\"twitter:creator\" content=\"@psol50\" \/>\n<meta name=\"twitter:site\" content=\"@psol50\" \/>\n<meta name=\"twitter:label1\" content=\"Escrito por\" \/>\n\t<meta name=\"twitter:data1\" content=\"Comunica\u00e7\u00e3o PSOL\" \/>\n\t<meta name=\"twitter:label2\" content=\"Est. tempo de leitura\" \/>\n\t<meta name=\"twitter:data2\" content=\"3 minutos\" \/>\n<script type=\"application\/ld+json\" class=\"yoast-schema-graph\">{\"@context\":\"https:\/\/schema.org\",\"@graph\":[{\"@type\":\"Article\",\"@id\":\"https:\/\/psol50.org.br\/guilherme-boulos-as-ruas-falaram\/#article\",\"isPartOf\":{\"@id\":\"https:\/\/psol50.org.br\/guilherme-boulos-as-ruas-falaram\/\"},\"author\":{\"name\":\"Comunica\u00e7\u00e3o PSOL\",\"@id\":\"https:\/\/psol50.org.br\/#\/schema\/person\/475dfa57d0b815993c714c2e96491fcd\"},\"headline\":\"Guilherme Boulos: &#8220;As ruas falaram&#8221;\",\"datePublished\":\"2021-06-01T17:22:55+00:00\",\"mainEntityOfPage\":{\"@id\":\"https:\/\/psol50.org.br\/guilherme-boulos-as-ruas-falaram\/\"},\"wordCount\":426,\"publisher\":{\"@id\":\"https:\/\/psol50.org.br\/#organization\"},\"image\":{\"@id\":\"https:\/\/psol50.org.br\/guilherme-boulos-as-ruas-falaram\/#primaryimage\"},\"thumbnailUrl\":\"https:\/\/psol50.org.br\/inc\/uploads\/2021\/06\/midia-ninja-868x644-1.jpeg\",\"keywords\":[\"artigo\",\"dia 29\",\"Fora Bolsonaro\",\"Guilherme Boulos\",\"manifesta\u00e7\u00f5es\"],\"articleSection\":[\"Artigos\",\"Not\u00edcias\"],\"inLanguage\":\"pt-BR\"},{\"@type\":\"WebPage\",\"@id\":\"https:\/\/psol50.org.br\/guilherme-boulos-as-ruas-falaram\/\",\"url\":\"https:\/\/psol50.org.br\/guilherme-boulos-as-ruas-falaram\/\",\"name\":\"Guilherme Boulos: \\\"As ruas falaram\\\"\",\"isPartOf\":{\"@id\":\"https:\/\/psol50.org.br\/#website\"},\"primaryImageOfPage\":{\"@id\":\"https:\/\/psol50.org.br\/guilherme-boulos-as-ruas-falaram\/#primaryimage\"},\"image\":{\"@id\":\"https:\/\/psol50.org.br\/guilherme-boulos-as-ruas-falaram\/#primaryimage\"},\"thumbnailUrl\":\"https:\/\/psol50.org.br\/inc\/uploads\/2021\/06\/midia-ninja-868x644-1.jpeg\",\"datePublished\":\"2021-06-01T17:22:55+00:00\",\"description\":\"Em artigo na Folha, Boulos aponta que \\\"ir \u00e0s ruas numa pandemia \u00e9 uma medida extrema, resultado de uma situa\u00e7\u00e3o extrema\\\".\",\"breadcrumb\":{\"@id\":\"https:\/\/psol50.org.br\/guilherme-boulos-as-ruas-falaram\/#breadcrumb\"},\"inLanguage\":\"pt-BR\",\"potentialAction\":[{\"@type\":\"ReadAction\",\"target\":[\"https:\/\/psol50.org.br\/guilherme-boulos-as-ruas-falaram\/\"]}]},{\"@type\":\"ImageObject\",\"inLanguage\":\"pt-BR\",\"@id\":\"https:\/\/psol50.org.br\/guilherme-boulos-as-ruas-falaram\/#primaryimage\",\"url\":\"https:\/\/psol50.org.br\/inc\/uploads\/2021\/06\/midia-ninja-868x644-1.jpeg\",\"contentUrl\":\"https:\/\/psol50.org.br\/inc\/uploads\/2021\/06\/midia-ninja-868x644-1.jpeg\",\"width\":868,\"height\":644,\"caption\":\"Foto: M\u00eddia Ninja\"},{\"@type\":\"BreadcrumbList\",\"@id\":\"https:\/\/psol50.org.br\/guilherme-boulos-as-ruas-falaram\/#breadcrumb\",\"itemListElement\":[{\"@type\":\"ListItem\",\"position\":1,\"name\":\"In\u00edcio\",\"item\":\"https:\/\/psol50.org.br\/\"},{\"@type\":\"ListItem\",\"position\":2,\"name\":\"Guilherme Boulos: &#8220;As ruas falaram&#8221;\"}]},{\"@type\":\"WebSite\",\"@id\":\"https:\/\/psol50.org.br\/#website\",\"url\":\"https:\/\/psol50.org.br\/\",\"name\":\"PSOL 50\",\"description\":\"Site oficial do Partido Socialismo e Liberdade\",\"publisher\":{\"@id\":\"https:\/\/psol50.org.br\/#organization\"},\"alternateName\":\"PSOL50\",\"potentialAction\":[{\"@type\":\"SearchAction\",\"target\":{\"@type\":\"EntryPoint\",\"urlTemplate\":\"https:\/\/psol50.org.br\/?s={search_term_string}\"},\"query-input\":{\"@type\":\"PropertyValueSpecification\",\"valueRequired\":true,\"valueName\":\"search_term_string\"}}],\"inLanguage\":\"pt-BR\"},{\"@type\":\"Organization\",\"@id\":\"https:\/\/psol50.org.br\/#organization\",\"name\":\"PSOL 50\",\"alternateName\":\"PSOL 50\",\"url\":\"https:\/\/psol50.org.br\/\",\"logo\":{\"@type\":\"ImageObject\",\"inLanguage\":\"pt-BR\",\"@id\":\"https:\/\/psol50.org.br\/#\/schema\/logo\/image\/\",\"url\":\"https:\/\/psol50.org.br\/inc\/uploads\/2018\/07\/capa.png\",\"contentUrl\":\"https:\/\/psol50.org.br\/inc\/uploads\/2018\/07\/capa.png\",\"width\":1350,\"height\":900,\"caption\":\"PSOL 50\"},\"image\":{\"@id\":\"https:\/\/psol50.org.br\/#\/schema\/logo\/image\/\"},\"sameAs\":[\"https:\/\/www.facebook.com\/psol50\",\"https:\/\/x.com\/psol50\",\"https:\/\/www.instagram.com\/psol50\/\",\"https:\/\/www.youtube.com\/channel\/UC7SnJS5o1os7a6CaiNabzcg\"]},{\"@type\":\"Person\",\"@id\":\"https:\/\/psol50.org.br\/#\/schema\/person\/475dfa57d0b815993c714c2e96491fcd\",\"name\":\"Comunica\u00e7\u00e3o PSOL\",\"image\":{\"@type\":\"ImageObject\",\"inLanguage\":\"pt-BR\",\"@id\":\"https:\/\/psol50.org.br\/#\/schema\/person\/image\/\",\"url\":\"https:\/\/secure.gravatar.com\/avatar\/b34fc4f4e468a4e51785917065a3db57b841f5c95dba6ad8c73aaf8f66f8f9bf?s=96&d=mm&r=g\",\"contentUrl\":\"https:\/\/secure.gravatar.com\/avatar\/b34fc4f4e468a4e51785917065a3db57b841f5c95dba6ad8c73aaf8f66f8f9bf?s=96&d=mm&r=g\",\"caption\":\"Comunica\u00e7\u00e3o PSOL\"}}]}<\/script>\n<!-- \/ Yoast SEO plugin. -->","yoast_head_json":{"title":"Guilherme Boulos: \"As ruas falaram\"","description":"Em artigo na Folha, Boulos aponta que \"ir \u00e0s ruas numa pandemia \u00e9 uma medida extrema, resultado de uma situa\u00e7\u00e3o extrema\".","robots":{"index":"index","follow":"follow","max-snippet":"max-snippet:-1","max-image-preview":"max-image-preview:large","max-video-preview":"max-video-preview:-1"},"canonical":"https:\/\/psol50.org.br\/guilherme-boulos-as-ruas-falaram\/","og_locale":"pt_BR","og_type":"article","og_title":"Guilherme Boulos: \"As ruas falaram\"","og_description":"Em artigo na Folha, Boulos aponta que \"ir \u00e0s ruas numa pandemia \u00e9 uma medida extrema, resultado de uma situa\u00e7\u00e3o extrema\".","og_url":"https:\/\/psol50.org.br\/guilherme-boulos-as-ruas-falaram\/","og_site_name":"PSOL 50","article_publisher":"https:\/\/www.facebook.com\/psol50","article_published_time":"2021-06-01T17:22:55+00:00","og_image":[{"width":868,"height":644,"url":"https:\/\/psol50.org.br\/inc\/uploads\/2021\/06\/midia-ninja-868x644-1.jpeg","type":"image\/jpeg"}],"author":"Comunica\u00e7\u00e3o PSOL","twitter_card":"summary_large_image","twitter_title":"Guilherme Boulos: \"As ruas falaram\"","twitter_description":"Em artigo na Folha, Boulos aponta que \"ir \u00e0s ruas numa pandemia \u00e9 uma medida extrema, resultado de uma situa\u00e7\u00e3o extrema\".","twitter_image":"https:\/\/psol50.org.br\/inc\/uploads\/2021\/06\/midia-ninja-868x644-1.jpeg","twitter_creator":"@psol50","twitter_site":"@psol50","twitter_misc":{"Escrito por":"Comunica\u00e7\u00e3o PSOL","Est. tempo de leitura":"3 minutos"},"schema":{"@context":"https:\/\/schema.org","@graph":[{"@type":"Article","@id":"https:\/\/psol50.org.br\/guilherme-boulos-as-ruas-falaram\/#article","isPartOf":{"@id":"https:\/\/psol50.org.br\/guilherme-boulos-as-ruas-falaram\/"},"author":{"name":"Comunica\u00e7\u00e3o PSOL","@id":"https:\/\/psol50.org.br\/#\/schema\/person\/475dfa57d0b815993c714c2e96491fcd"},"headline":"Guilherme Boulos: &#8220;As ruas falaram&#8221;","datePublished":"2021-06-01T17:22:55+00:00","mainEntityOfPage":{"@id":"https:\/\/psol50.org.br\/guilherme-boulos-as-ruas-falaram\/"},"wordCount":426,"publisher":{"@id":"https:\/\/psol50.org.br\/#organization"},"image":{"@id":"https:\/\/psol50.org.br\/guilherme-boulos-as-ruas-falaram\/#primaryimage"},"thumbnailUrl":"https:\/\/psol50.org.br\/inc\/uploads\/2021\/06\/midia-ninja-868x644-1.jpeg","keywords":["artigo","dia 29","Fora Bolsonaro","Guilherme Boulos","manifesta\u00e7\u00f5es"],"articleSection":["Artigos","Not\u00edcias"],"inLanguage":"pt-BR"},{"@type":"WebPage","@id":"https:\/\/psol50.org.br\/guilherme-boulos-as-ruas-falaram\/","url":"https:\/\/psol50.org.br\/guilherme-boulos-as-ruas-falaram\/","name":"Guilherme Boulos: \"As ruas falaram\"","isPartOf":{"@id":"https:\/\/psol50.org.br\/#website"},"primaryImageOfPage":{"@id":"https:\/\/psol50.org.br\/guilherme-boulos-as-ruas-falaram\/#primaryimage"},"image":{"@id":"https:\/\/psol50.org.br\/guilherme-boulos-as-ruas-falaram\/#primaryimage"},"thumbnailUrl":"https:\/\/psol50.org.br\/inc\/uploads\/2021\/06\/midia-ninja-868x644-1.jpeg","datePublished":"2021-06-01T17:22:55+00:00","description":"Em artigo na Folha, Boulos aponta que \"ir \u00e0s ruas numa pandemia \u00e9 uma medida extrema, resultado de uma situa\u00e7\u00e3o extrema\".","breadcrumb":{"@id":"https:\/\/psol50.org.br\/guilherme-boulos-as-ruas-falaram\/#breadcrumb"},"inLanguage":"pt-BR","potentialAction":[{"@type":"ReadAction","target":["https:\/\/psol50.org.br\/guilherme-boulos-as-ruas-falaram\/"]}]},{"@type":"ImageObject","inLanguage":"pt-BR","@id":"https:\/\/psol50.org.br\/guilherme-boulos-as-ruas-falaram\/#primaryimage","url":"https:\/\/psol50.org.br\/inc\/uploads\/2021\/06\/midia-ninja-868x644-1.jpeg","contentUrl":"https:\/\/psol50.org.br\/inc\/uploads\/2021\/06\/midia-ninja-868x644-1.jpeg","width":868,"height":644,"caption":"Foto: M\u00eddia Ninja"},{"@type":"BreadcrumbList","@id":"https:\/\/psol50.org.br\/guilherme-boulos-as-ruas-falaram\/#breadcrumb","itemListElement":[{"@type":"ListItem","position":1,"name":"In\u00edcio","item":"https:\/\/psol50.org.br\/"},{"@type":"ListItem","position":2,"name":"Guilherme Boulos: &#8220;As ruas falaram&#8221;"}]},{"@type":"WebSite","@id":"https:\/\/psol50.org.br\/#website","url":"https:\/\/psol50.org.br\/","name":"PSOL 50","description":"Site oficial do Partido Socialismo e Liberdade","publisher":{"@id":"https:\/\/psol50.org.br\/#organization"},"alternateName":"PSOL50","potentialAction":[{"@type":"SearchAction","target":{"@type":"EntryPoint","urlTemplate":"https:\/\/psol50.org.br\/?s={search_term_string}"},"query-input":{"@type":"PropertyValueSpecification","valueRequired":true,"valueName":"search_term_string"}}],"inLanguage":"pt-BR"},{"@type":"Organization","@id":"https:\/\/psol50.org.br\/#organization","name":"PSOL 50","alternateName":"PSOL 50","url":"https:\/\/psol50.org.br\/","logo":{"@type":"ImageObject","inLanguage":"pt-BR","@id":"https:\/\/psol50.org.br\/#\/schema\/logo\/image\/","url":"https:\/\/psol50.org.br\/inc\/uploads\/2018\/07\/capa.png","contentUrl":"https:\/\/psol50.org.br\/inc\/uploads\/2018\/07\/capa.png","width":1350,"height":900,"caption":"PSOL 50"},"image":{"@id":"https:\/\/psol50.org.br\/#\/schema\/logo\/image\/"},"sameAs":["https:\/\/www.facebook.com\/psol50","https:\/\/x.com\/psol50","https:\/\/www.instagram.com\/psol50\/","https:\/\/www.youtube.com\/channel\/UC7SnJS5o1os7a6CaiNabzcg"]},{"@type":"Person","@id":"https:\/\/psol50.org.br\/#\/schema\/person\/475dfa57d0b815993c714c2e96491fcd","name":"Comunica\u00e7\u00e3o PSOL","image":{"@type":"ImageObject","inLanguage":"pt-BR","@id":"https:\/\/psol50.org.br\/#\/schema\/person\/image\/","url":"https:\/\/secure.gravatar.com\/avatar\/b34fc4f4e468a4e51785917065a3db57b841f5c95dba6ad8c73aaf8f66f8f9bf?s=96&d=mm&r=g","contentUrl":"https:\/\/secure.gravatar.com\/avatar\/b34fc4f4e468a4e51785917065a3db57b841f5c95dba6ad8c73aaf8f66f8f9bf?s=96&d=mm&r=g","caption":"Comunica\u00e7\u00e3o PSOL"}}]}},"_links":{"self":[{"href":"https:\/\/psol50.org.br\/rest\/wp\/v2\/posts\/32704","targetHints":{"allow":["GET"]}}],"collection":[{"href":"https:\/\/psol50.org.br\/rest\/wp\/v2\/posts"}],"about":[{"href":"https:\/\/psol50.org.br\/rest\/wp\/v2\/types\/post"}],"author":[{"embeddable":true,"href":"https:\/\/psol50.org.br\/rest\/wp\/v2\/users\/2"}],"replies":[{"embeddable":true,"href":"https:\/\/psol50.org.br\/rest\/wp\/v2\/comments?post=32704"}],"version-history":[{"count":0,"href":"https:\/\/psol50.org.br\/rest\/wp\/v2\/posts\/32704\/revisions"}],"wp:featuredmedia":[{"embeddable":true,"href":"https:\/\/psol50.org.br\/rest\/wp\/v2\/media\/32705"}],"wp:attachment":[{"href":"https:\/\/psol50.org.br\/rest\/wp\/v2\/media?parent=32704"}],"wp:term":[{"taxonomy":"category","embeddable":true,"href":"https:\/\/psol50.org.br\/rest\/wp\/v2\/categories?post=32704"},{"taxonomy":"post_tag","embeddable":true,"href":"https:\/\/psol50.org.br\/rest\/wp\/v2\/tags?post=32704"}],"curies":[{"name":"wp","href":"https:\/\/api.w.org\/{rel}","templated":true}]}}