{"id":3271,"date":"2015-05-19T00:00:00","date_gmt":"2015-05-19T16:33:48","guid":{"rendered":"http:\/\/psol50.org.br\/arquivo\/2015\/05\/19\/diretorio-nacional-do-psol-exige-a-readmissao-de-garis-demitidos-no-rio-de-janeiro\/"},"modified":"2015-05-19T00:00:00","modified_gmt":"2015-05-19T16:33:48","slug":"diretorio-nacional-do-psol-exige-a-readmissao-de-garis-demitidos-no-rio-de-janeiro","status":"publish","type":"post","link":"https:\/\/psol50.org.br\/diretorio-nacional-do-psol-exige-a-readmissao-de-garis-demitidos-no-rio-de-janeiro\/","title":{"rendered":"Diret\u00f3rio Nacional do PSOL exige a readmiss\u00e3o de garis demitidos no Rio de Janeiro"},"content":{"rendered":"<p style=\"text-align: justify;\">\n\t<span style=\"font-family:arial,helvetica,sans-serif;\"><span style=\"font-size: 12px;\">A Comlurb demitiu Bruno da Rosa e C\u00e9lio Viana, duas das principais lideran\u00e7as das greves dos garis do Rio de Janeiro. Uma decis\u00e3o que reflete o desejo do prefeito de acabar com a organiza\u00e7\u00e3o dessa categoria. Com essa demiss\u00e3o pol\u00edtica, Eduardo Paes (PMDB) tenta destruir o novo sindicalismo combativo que est\u00e1 surgindo em meio \u00e0s greves.<br \/>\n\t&nbsp;<br \/>\n\tH\u00e1 v\u00e1rias semanas t\u00eam sido denunciadas as persegui\u00e7\u00f5es contra os ativistas que estiveram \u00e0 frente da greve; interditos proibit\u00f3rios, inqu\u00e9ritos, fraude na elei\u00e7\u00e3o da Cipa de Piedade e transfer\u00eancias de local de trabalho. Infelizmente, a dire\u00e7\u00e3o do Sindicato do Asseio nada fez contra essa persegui\u00e7\u00e3o pol\u00edtica e abandonou os ativistas da greve.<br \/>\n\t&nbsp;<br \/>\n\tNada disso intimidou os trabalhadores. Nada fez recuar a combatividade da categoria. Reuni\u00f5es por ger\u00eancia mantiveram a uni\u00e3o e a organiza\u00e7\u00e3o das lideran\u00e7as grevistas. Isso assustou Eduardo Paes e Vinicius Roriz, por isso essa medida extrema.<br \/>\n\t&nbsp;<br \/>\n\tDemitiram Bruno e C\u00e9lio alegando faltas no per\u00edodo de greve, quando o acordo prev\u00ea inclusive compensa\u00e7\u00e3o dos dias sem desconto no sal\u00e1rio. Outra alega\u00e7\u00e3o foi atua\u00e7\u00e3o nos piquetes e atividades da greve, como se ainda estiv\u00e9ssemos nos anos de chumbo quando o livre direito de manifesta\u00e7\u00e3o era considerado subvers\u00e3o. Outros ativistas tamb\u00e9m foram demitidos sob mesma alega\u00e7\u00e3o. Trata-se de uma atitude ditatorial de Eduardo Paes em claro desrespeito \u00e0s leis trabalhistas e ao direito de greve, ferindo os direitos humanos e a dignidade do trabalhador. Uma pr\u00e1tica rotineira na atual gest\u00e3o, transformando nossa cidade numa \u201cterra sem lei\u201d. Arbitrariedades iguais s\u00e3o cometidas contra professores, moradores de comunidades, etc.<br \/>\n\t&nbsp;<br \/>\n\tO Diret\u00f3rio Nacional do PSOL exige a readmiss\u00e3o de Bruno, C\u00e9lio e de todos os demitidos. Estaremos panfletando nas principais ger\u00eancias da Comlurb e coletando assinaturas por meio de um abaixo-assinado contra demiss\u00f5es e persegui\u00e7\u00f5es.<br \/>\n\t&nbsp;<br \/>\n\tEntendemos que os trabalhadores devem ficar alertas contra esses abusos, preparando novas mobiliza\u00e7\u00f5es. O PSOL estar\u00e1 a postos para apoiar a luta dos garis no Rio de Janeiro e no Brasil.<br \/>\n\t&nbsp;<br \/>\n\t<strong>Diret\u00f3rio Nacional do PSOL<\/strong><br \/>\n\t<strong>17 de maio de 2015<\/strong><\/span><\/span><\/p>\n","protected":false},"excerpt":{"rendered":"<p>Chega de persegui\u00e7\u00e3o pol\u00edtica na Comlurb!<\/p>\n","protected":false},"author":2,"featured_media":0,"comment_status":"open","ping_status":"open","sticky":false,"template":"","format":"standard","meta":{"_acf_changed":false,"footnotes":""},"categories":[6,14],"tags":[22],"class_list":{"0":"post-3271","1":"post","2":"type-post","3":"status-publish","4":"format-standard","6":"category-noticias","7":"category-partido","8":"tag-psol"},"acf":[],"yoast_head":"<!-- This site is optimized with the Yoast SEO plugin v26.5 - https:\/\/yoast.com\/wordpress\/plugins\/seo\/ -->\n<title>Diret\u00f3rio Nacional do PSOL exige a readmiss\u00e3o de garis demitidos no Rio de Janeiro - PSOL 50<\/title>\n<meta name=\"robots\" content=\"index, follow, max-snippet:-1, max-image-preview:large, max-video-preview:-1\" \/>\n<link rel=\"canonical\" href=\"https:\/\/psol50.org.br\/diretorio-nacional-do-psol-exige-a-readmissao-de-garis-demitidos-no-rio-de-janeiro\/\" \/>\n<meta property=\"og:locale\" content=\"pt_BR\" \/>\n<meta property=\"og:type\" content=\"article\" \/>\n<meta property=\"og:title\" content=\"Diret\u00f3rio Nacional do PSOL exige a readmiss\u00e3o de garis demitidos no Rio de Janeiro - PSOL 50\" \/>\n<meta property=\"og:description\" content=\"Chega de persegui\u00e7\u00e3o pol\u00edtica na Comlurb!\" \/>\n<meta property=\"og:url\" content=\"https:\/\/psol50.org.br\/diretorio-nacional-do-psol-exige-a-readmissao-de-garis-demitidos-no-rio-de-janeiro\/\" \/>\n<meta property=\"og:site_name\" content=\"PSOL 50\" \/>\n<meta property=\"article:publisher\" content=\"https:\/\/www.facebook.com\/psol50\" \/>\n<meta property=\"article:published_time\" content=\"2015-05-19T16:33:48+00:00\" \/>\n<meta property=\"og:image\" content=\"https:\/\/psol50.org.br\/inc\/uploads\/2018\/07\/capa.png\" \/>\n\t<meta property=\"og:image:width\" content=\"1350\" \/>\n\t<meta property=\"og:image:height\" content=\"900\" \/>\n\t<meta property=\"og:image:type\" content=\"image\/png\" \/>\n<meta name=\"author\" content=\"Comunica\u00e7\u00e3o PSOL\" \/>\n<meta name=\"twitter:card\" content=\"summary_large_image\" \/>\n<meta name=\"twitter:creator\" content=\"@psol50\" \/>\n<meta name=\"twitter:site\" content=\"@psol50\" \/>\n<meta name=\"twitter:label1\" content=\"Escrito por\" \/>\n\t<meta name=\"twitter:data1\" content=\"Comunica\u00e7\u00e3o PSOL\" \/>\n\t<meta name=\"twitter:label2\" content=\"Est. tempo de leitura\" \/>\n\t<meta name=\"twitter:data2\" content=\"2 minutos\" \/>\n<script type=\"application\/ld+json\" class=\"yoast-schema-graph\">{\"@context\":\"https:\/\/schema.org\",\"@graph\":[{\"@type\":\"Article\",\"@id\":\"https:\/\/psol50.org.br\/diretorio-nacional-do-psol-exige-a-readmissao-de-garis-demitidos-no-rio-de-janeiro\/#article\",\"isPartOf\":{\"@id\":\"https:\/\/psol50.org.br\/diretorio-nacional-do-psol-exige-a-readmissao-de-garis-demitidos-no-rio-de-janeiro\/\"},\"author\":{\"name\":\"Comunica\u00e7\u00e3o PSOL\",\"@id\":\"https:\/\/psol50.org.br\/#\/schema\/person\/475dfa57d0b815993c714c2e96491fcd\"},\"headline\":\"Diret\u00f3rio Nacional do PSOL exige a readmiss\u00e3o de garis demitidos no Rio de Janeiro\",\"datePublished\":\"2015-05-19T16:33:48+00:00\",\"mainEntityOfPage\":{\"@id\":\"https:\/\/psol50.org.br\/diretorio-nacional-do-psol-exige-a-readmissao-de-garis-demitidos-no-rio-de-janeiro\/\"},\"wordCount\":389,\"commentCount\":0,\"publisher\":{\"@id\":\"https:\/\/psol50.org.br\/#organization\"},\"keywords\":[\"PSOL\"],\"articleSection\":[\"Not\u00edcias\",\"Partido\"],\"inLanguage\":\"pt-BR\",\"potentialAction\":[{\"@type\":\"CommentAction\",\"name\":\"Comment\",\"target\":[\"https:\/\/psol50.org.br\/diretorio-nacional-do-psol-exige-a-readmissao-de-garis-demitidos-no-rio-de-janeiro\/#respond\"]}]},{\"@type\":\"WebPage\",\"@id\":\"https:\/\/psol50.org.br\/diretorio-nacional-do-psol-exige-a-readmissao-de-garis-demitidos-no-rio-de-janeiro\/\",\"url\":\"https:\/\/psol50.org.br\/diretorio-nacional-do-psol-exige-a-readmissao-de-garis-demitidos-no-rio-de-janeiro\/\",\"name\":\"Diret\u00f3rio Nacional do PSOL exige a readmiss\u00e3o de garis demitidos no Rio de Janeiro - PSOL 50\",\"isPartOf\":{\"@id\":\"https:\/\/psol50.org.br\/#website\"},\"datePublished\":\"2015-05-19T16:33:48+00:00\",\"breadcrumb\":{\"@id\":\"https:\/\/psol50.org.br\/diretorio-nacional-do-psol-exige-a-readmissao-de-garis-demitidos-no-rio-de-janeiro\/#breadcrumb\"},\"inLanguage\":\"pt-BR\",\"potentialAction\":[{\"@type\":\"ReadAction\",\"target\":[\"https:\/\/psol50.org.br\/diretorio-nacional-do-psol-exige-a-readmissao-de-garis-demitidos-no-rio-de-janeiro\/\"]}]},{\"@type\":\"BreadcrumbList\",\"@id\":\"https:\/\/psol50.org.br\/diretorio-nacional-do-psol-exige-a-readmissao-de-garis-demitidos-no-rio-de-janeiro\/#breadcrumb\",\"itemListElement\":[{\"@type\":\"ListItem\",\"position\":1,\"name\":\"In\u00edcio\",\"item\":\"https:\/\/psol50.org.br\/\"},{\"@type\":\"ListItem\",\"position\":2,\"name\":\"Diret\u00f3rio Nacional do PSOL exige a readmiss\u00e3o de garis demitidos no Rio de Janeiro\"}]},{\"@type\":\"WebSite\",\"@id\":\"https:\/\/psol50.org.br\/#website\",\"url\":\"https:\/\/psol50.org.br\/\",\"name\":\"PSOL 50\",\"description\":\"Site oficial do Partido Socialismo e Liberdade\",\"publisher\":{\"@id\":\"https:\/\/psol50.org.br\/#organization\"},\"alternateName\":\"PSOL50\",\"potentialAction\":[{\"@type\":\"SearchAction\",\"target\":{\"@type\":\"EntryPoint\",\"urlTemplate\":\"https:\/\/psol50.org.br\/?s={search_term_string}\"},\"query-input\":{\"@type\":\"PropertyValueSpecification\",\"valueRequired\":true,\"valueName\":\"search_term_string\"}}],\"inLanguage\":\"pt-BR\"},{\"@type\":\"Organization\",\"@id\":\"https:\/\/psol50.org.br\/#organization\",\"name\":\"PSOL 50\",\"alternateName\":\"PSOL 50\",\"url\":\"https:\/\/psol50.org.br\/\",\"logo\":{\"@type\":\"ImageObject\",\"inLanguage\":\"pt-BR\",\"@id\":\"https:\/\/psol50.org.br\/#\/schema\/logo\/image\/\",\"url\":\"https:\/\/psol50.org.br\/inc\/uploads\/2018\/07\/capa.png\",\"contentUrl\":\"https:\/\/psol50.org.br\/inc\/uploads\/2018\/07\/capa.png\",\"width\":1350,\"height\":900,\"caption\":\"PSOL 50\"},\"image\":{\"@id\":\"https:\/\/psol50.org.br\/#\/schema\/logo\/image\/\"},\"sameAs\":[\"https:\/\/www.facebook.com\/psol50\",\"https:\/\/x.com\/psol50\",\"https:\/\/www.instagram.com\/psol50\/\",\"https:\/\/www.youtube.com\/channel\/UC7SnJS5o1os7a6CaiNabzcg\"]},{\"@type\":\"Person\",\"@id\":\"https:\/\/psol50.org.br\/#\/schema\/person\/475dfa57d0b815993c714c2e96491fcd\",\"name\":\"Comunica\u00e7\u00e3o PSOL\",\"image\":{\"@type\":\"ImageObject\",\"inLanguage\":\"pt-BR\",\"@id\":\"https:\/\/psol50.org.br\/#\/schema\/person\/image\/\",\"url\":\"https:\/\/secure.gravatar.com\/avatar\/b34fc4f4e468a4e51785917065a3db57b841f5c95dba6ad8c73aaf8f66f8f9bf?s=96&d=mm&r=g\",\"contentUrl\":\"https:\/\/secure.gravatar.com\/avatar\/b34fc4f4e468a4e51785917065a3db57b841f5c95dba6ad8c73aaf8f66f8f9bf?s=96&d=mm&r=g\",\"caption\":\"Comunica\u00e7\u00e3o PSOL\"}}]}<\/script>\n<!-- \/ Yoast SEO plugin. -->","yoast_head_json":{"title":"Diret\u00f3rio Nacional do PSOL exige a readmiss\u00e3o de garis demitidos no Rio de Janeiro - PSOL 50","robots":{"index":"index","follow":"follow","max-snippet":"max-snippet:-1","max-image-preview":"max-image-preview:large","max-video-preview":"max-video-preview:-1"},"canonical":"https:\/\/psol50.org.br\/diretorio-nacional-do-psol-exige-a-readmissao-de-garis-demitidos-no-rio-de-janeiro\/","og_locale":"pt_BR","og_type":"article","og_title":"Diret\u00f3rio Nacional do PSOL exige a readmiss\u00e3o de garis demitidos no Rio de Janeiro - PSOL 50","og_description":"Chega de persegui\u00e7\u00e3o pol\u00edtica na Comlurb!","og_url":"https:\/\/psol50.org.br\/diretorio-nacional-do-psol-exige-a-readmissao-de-garis-demitidos-no-rio-de-janeiro\/","og_site_name":"PSOL 50","article_publisher":"https:\/\/www.facebook.com\/psol50","article_published_time":"2015-05-19T16:33:48+00:00","og_image":[{"width":1350,"height":900,"url":"https:\/\/psol50.org.br\/inc\/uploads\/2018\/07\/capa.png","type":"image\/png"}],"author":"Comunica\u00e7\u00e3o PSOL","twitter_card":"summary_large_image","twitter_creator":"@psol50","twitter_site":"@psol50","twitter_misc":{"Escrito por":"Comunica\u00e7\u00e3o PSOL","Est. tempo de leitura":"2 minutos"},"schema":{"@context":"https:\/\/schema.org","@graph":[{"@type":"Article","@id":"https:\/\/psol50.org.br\/diretorio-nacional-do-psol-exige-a-readmissao-de-garis-demitidos-no-rio-de-janeiro\/#article","isPartOf":{"@id":"https:\/\/psol50.org.br\/diretorio-nacional-do-psol-exige-a-readmissao-de-garis-demitidos-no-rio-de-janeiro\/"},"author":{"name":"Comunica\u00e7\u00e3o PSOL","@id":"https:\/\/psol50.org.br\/#\/schema\/person\/475dfa57d0b815993c714c2e96491fcd"},"headline":"Diret\u00f3rio Nacional do PSOL exige a readmiss\u00e3o de garis demitidos no Rio de Janeiro","datePublished":"2015-05-19T16:33:48+00:00","mainEntityOfPage":{"@id":"https:\/\/psol50.org.br\/diretorio-nacional-do-psol-exige-a-readmissao-de-garis-demitidos-no-rio-de-janeiro\/"},"wordCount":389,"commentCount":0,"publisher":{"@id":"https:\/\/psol50.org.br\/#organization"},"keywords":["PSOL"],"articleSection":["Not\u00edcias","Partido"],"inLanguage":"pt-BR","potentialAction":[{"@type":"CommentAction","name":"Comment","target":["https:\/\/psol50.org.br\/diretorio-nacional-do-psol-exige-a-readmissao-de-garis-demitidos-no-rio-de-janeiro\/#respond"]}]},{"@type":"WebPage","@id":"https:\/\/psol50.org.br\/diretorio-nacional-do-psol-exige-a-readmissao-de-garis-demitidos-no-rio-de-janeiro\/","url":"https:\/\/psol50.org.br\/diretorio-nacional-do-psol-exige-a-readmissao-de-garis-demitidos-no-rio-de-janeiro\/","name":"Diret\u00f3rio Nacional do PSOL exige a readmiss\u00e3o de garis demitidos no Rio de Janeiro - PSOL 50","isPartOf":{"@id":"https:\/\/psol50.org.br\/#website"},"datePublished":"2015-05-19T16:33:48+00:00","breadcrumb":{"@id":"https:\/\/psol50.org.br\/diretorio-nacional-do-psol-exige-a-readmissao-de-garis-demitidos-no-rio-de-janeiro\/#breadcrumb"},"inLanguage":"pt-BR","potentialAction":[{"@type":"ReadAction","target":["https:\/\/psol50.org.br\/diretorio-nacional-do-psol-exige-a-readmissao-de-garis-demitidos-no-rio-de-janeiro\/"]}]},{"@type":"BreadcrumbList","@id":"https:\/\/psol50.org.br\/diretorio-nacional-do-psol-exige-a-readmissao-de-garis-demitidos-no-rio-de-janeiro\/#breadcrumb","itemListElement":[{"@type":"ListItem","position":1,"name":"In\u00edcio","item":"https:\/\/psol50.org.br\/"},{"@type":"ListItem","position":2,"name":"Diret\u00f3rio Nacional do PSOL exige a readmiss\u00e3o de garis demitidos no Rio de Janeiro"}]},{"@type":"WebSite","@id":"https:\/\/psol50.org.br\/#website","url":"https:\/\/psol50.org.br\/","name":"PSOL 50","description":"Site oficial do Partido Socialismo e Liberdade","publisher":{"@id":"https:\/\/psol50.org.br\/#organization"},"alternateName":"PSOL50","potentialAction":[{"@type":"SearchAction","target":{"@type":"EntryPoint","urlTemplate":"https:\/\/psol50.org.br\/?s={search_term_string}"},"query-input":{"@type":"PropertyValueSpecification","valueRequired":true,"valueName":"search_term_string"}}],"inLanguage":"pt-BR"},{"@type":"Organization","@id":"https:\/\/psol50.org.br\/#organization","name":"PSOL 50","alternateName":"PSOL 50","url":"https:\/\/psol50.org.br\/","logo":{"@type":"ImageObject","inLanguage":"pt-BR","@id":"https:\/\/psol50.org.br\/#\/schema\/logo\/image\/","url":"https:\/\/psol50.org.br\/inc\/uploads\/2018\/07\/capa.png","contentUrl":"https:\/\/psol50.org.br\/inc\/uploads\/2018\/07\/capa.png","width":1350,"height":900,"caption":"PSOL 50"},"image":{"@id":"https:\/\/psol50.org.br\/#\/schema\/logo\/image\/"},"sameAs":["https:\/\/www.facebook.com\/psol50","https:\/\/x.com\/psol50","https:\/\/www.instagram.com\/psol50\/","https:\/\/www.youtube.com\/channel\/UC7SnJS5o1os7a6CaiNabzcg"]},{"@type":"Person","@id":"https:\/\/psol50.org.br\/#\/schema\/person\/475dfa57d0b815993c714c2e96491fcd","name":"Comunica\u00e7\u00e3o PSOL","image":{"@type":"ImageObject","inLanguage":"pt-BR","@id":"https:\/\/psol50.org.br\/#\/schema\/person\/image\/","url":"https:\/\/secure.gravatar.com\/avatar\/b34fc4f4e468a4e51785917065a3db57b841f5c95dba6ad8c73aaf8f66f8f9bf?s=96&d=mm&r=g","contentUrl":"https:\/\/secure.gravatar.com\/avatar\/b34fc4f4e468a4e51785917065a3db57b841f5c95dba6ad8c73aaf8f66f8f9bf?s=96&d=mm&r=g","caption":"Comunica\u00e7\u00e3o PSOL"}}]}},"_links":{"self":[{"href":"https:\/\/psol50.org.br\/rest\/wp\/v2\/posts\/3271","targetHints":{"allow":["GET"]}}],"collection":[{"href":"https:\/\/psol50.org.br\/rest\/wp\/v2\/posts"}],"about":[{"href":"https:\/\/psol50.org.br\/rest\/wp\/v2\/types\/post"}],"author":[{"embeddable":true,"href":"https:\/\/psol50.org.br\/rest\/wp\/v2\/users\/2"}],"replies":[{"embeddable":true,"href":"https:\/\/psol50.org.br\/rest\/wp\/v2\/comments?post=3271"}],"version-history":[{"count":0,"href":"https:\/\/psol50.org.br\/rest\/wp\/v2\/posts\/3271\/revisions"}],"wp:attachment":[{"href":"https:\/\/psol50.org.br\/rest\/wp\/v2\/media?parent=3271"}],"wp:term":[{"taxonomy":"category","embeddable":true,"href":"https:\/\/psol50.org.br\/rest\/wp\/v2\/categories?post=3271"},{"taxonomy":"post_tag","embeddable":true,"href":"https:\/\/psol50.org.br\/rest\/wp\/v2\/tags?post=3271"}],"curies":[{"name":"wp","href":"https:\/\/api.w.org\/{rel}","templated":true}]}}