{"id":32736,"date":"2021-06-08T17:04:16","date_gmt":"2021-06-08T20:04:16","guid":{"rendered":"https:\/\/psol50.org.br\/?p=32736"},"modified":"2021-06-08T17:04:16","modified_gmt":"2021-06-08T20:04:16","slug":"guilherme-boulos-se-selecao-decidisse-desafiar-bolsonaro-entraria-para-a-historia","status":"publish","type":"post","link":"https:\/\/psol50.org.br\/guilherme-boulos-se-selecao-decidisse-desafiar-bolsonaro-entraria-para-a-historia\/","title":{"rendered":"Guilherme Boulos: &#8220;Se sele\u00e7\u00e3o decidisse desafiar Bolsonaro, entraria para a hist\u00f3ria&#8221;"},"content":{"rendered":"<p style=\"text-align: center;\"><a href=\"https:\/\/psol50.org.br\/psolcontraafome\/\" target=\"_blank\" rel=\"noopener\"><img loading=\"lazy\" decoding=\"async\" class=\"alignnone size-full wp-image-32462\" src=\"https:\/\/psol50.org.br\/inc\/uploads\/2021\/04\/PSOLContraAFome_Variacoes_Email.png\" alt=\"\" width=\"811\" height=\"189\" srcset=\"https:\/\/psol50.org.br\/inc\/uploads\/2021\/04\/PSOLContraAFome_Variacoes_Email.png 811w, https:\/\/psol50.org.br\/inc\/uploads\/2021\/04\/PSOLContraAFome_Variacoes_Email-300x70.png 300w, https:\/\/psol50.org.br\/inc\/uploads\/2021\/04\/PSOLContraAFome_Variacoes_Email-768x179.png 768w, https:\/\/psol50.org.br\/inc\/uploads\/2021\/04\/PSOLContraAFome_Variacoes_Email-150x35.png 150w, https:\/\/psol50.org.br\/inc\/uploads\/2021\/04\/PSOLContraAFome_Variacoes_Email-696x162.png 696w\" sizes=\"auto, (max-width: 811px) 100vw, 811px\" \/><\/a><\/p>\n<p>Em artigo na Folha de S. Paulo nesta ter\u00e7a-feira (8), Guilherme Boulos relembrou uma s\u00e9rie de exemplos de resist\u00eancia pol\u00edtica no futebol brasileiro e lamentou o recuo dos jogadores da sele\u00e7\u00e3o brasileira sobre a realiza\u00e7\u00e3o da Copa Am\u00e9rica no Brasil. &#8220;A resist\u00eancia de Tite e dos jogadores, vocalizada pelo volante Casemiro, trouxe um alento. Pena que durou pouco&#8221;, escreveu Boulos.<br \/>\nOs jogadores brasileiros disseram que pretendem divulgar um posicionamento ap\u00f3s o jogo desta ter\u00e7a pelas Eliminat\u00f3rias da Copa do Mundo. Mas as informa\u00e7\u00f5es divulgadas na imprensa confirmam que a sele\u00e7\u00e3o brasileira n\u00e3o se rebelar\u00e1 contra a realiza\u00e7\u00e3o de \u00faltima hora do campeonato no pa\u00eds que soma quase 500 mil vidas perdidas pela Covid-19.<br \/>\nO STF marcou para esta quinta-feira (10) uma sess\u00e3o extraordin\u00e1ria do plen\u00e1rio para discutir uma poss\u00edvel suspens\u00e3o do campeonato de sele\u00e7\u00f5es no pa\u00eds, que est\u00e1 com a pandemia em total descontrole.<br \/>\nGuilherme Boulos relembrou exemplos importantes de resist\u00eancia na hist\u00f3ria do futebol brasileiro, como o t\u00e9cnico Jo\u00e3o Saldanha, conhecido como Jo\u00e3o Sem Medo, e os jogadores Reinaldo e S\u00f3crates, que desafiaram a ditadura militar e as arcaicas estruturas do futebol brasileiro.<br \/>\nJo\u00e3o Saldanha foi demitido da sele\u00e7\u00e3o a mando do general M\u00e9dici, por ser declaradamente comunista e comandar a melhor sele\u00e7\u00e3o de futebol da hist\u00f3ria, que viria a conquistar o t\u00edtulo da Copa do Mundo em 1970. O atacante Reinaldo, que celebrava seus gols com o gesto dos Panteras Negras americanos em protesto contra o racismo e a ditadura, foi perseguido e ficou fora da Copa do Mundo de 1982. S\u00f3crates fez hist\u00f3ria na Democracia Corinthiana enquanto participava ativamente da campanha Diretas J\u00e1, fundamental para o processo de redemocratiza\u00e7\u00e3o do Brasil ap\u00f3s longos anos de ditadura militar.<br \/>\n&#8220;J\u00e1 tivemos grandes \u00eddolos da sele\u00e7\u00e3o desafiando os arb\u00edtrios do poder&#8221;, resumiu Boulos. &#8220;\u00c9 verdade, como lembrou Juca Kfouri, que Tite n\u00e3o \u00e9 Jo\u00e3o Saldanha. E estamos longe de ter algu\u00e9m como Reinaldo ou o Doutor em nosso elenco. Mas, se decidisse hoje desafiar Bolsonaro, a sele\u00e7\u00e3o entraria para a hist\u00f3ria, com um tamanho incomparavelmente maior do que qualquer t\u00edtulo que possa trazer&#8221;, disse Boulos.<br \/>\n&#8220;De quebra, resgataria a honra da camisa canarinho, t\u00e3o manchada por apropria\u00e7\u00f5es indevidas. Perderam uma oportunidade de ouro&#8221;, concluiu.<\/p>\n<h5><strong><a href=\"https:\/\/www1.folha.uol.com.br\/colunas\/guilhermeboulos\/2021\/06\/futebol-e-resistencia.shtml\" target=\"_blank\" rel=\"noopener\">Leia o artigo na \u00edntegra clicando aqui.<\/a><\/strong><\/h5>\n<p><a href=\"https:\/\/psol50.org.br\/rendajusta\/\" target=\"_blank\" rel=\"noopener\"><img loading=\"lazy\" decoding=\"async\" class=\"alignnone size-full wp-image-30552\" src=\"https:\/\/psol50.org.br\/inc\/uploads\/2020\/08\/21-08-2020_LancamentoRendaJusta-2.png\" alt=\"\" width=\"1920\" height=\"383\" srcset=\"https:\/\/psol50.org.br\/inc\/uploads\/2020\/08\/21-08-2020_LancamentoRendaJusta-2.png 1920w, https:\/\/psol50.org.br\/inc\/uploads\/2020\/08\/21-08-2020_LancamentoRendaJusta-2-300x60.png 300w, https:\/\/psol50.org.br\/inc\/uploads\/2020\/08\/21-08-2020_LancamentoRendaJusta-2-1024x204.png 1024w, https:\/\/psol50.org.br\/inc\/uploads\/2020\/08\/21-08-2020_LancamentoRendaJusta-2-768x153.png 768w, https:\/\/psol50.org.br\/inc\/uploads\/2020\/08\/21-08-2020_LancamentoRendaJusta-2-1536x306.png 1536w, https:\/\/psol50.org.br\/inc\/uploads\/2020\/08\/21-08-2020_LancamentoRendaJusta-2-150x30.png 150w, https:\/\/psol50.org.br\/inc\/uploads\/2020\/08\/21-08-2020_LancamentoRendaJusta-2-696x139.png 696w, https:\/\/psol50.org.br\/inc\/uploads\/2020\/08\/21-08-2020_LancamentoRendaJusta-2-1068x213.png 1068w\" sizes=\"auto, (max-width: 1920px) 100vw, 1920px\" \/><\/a><\/p>\n","protected":false},"excerpt":{"rendered":"<p>Em artigo na Folha de S. Paulo nesta ter\u00e7a-feira (8), Guilherme Boulos relembrou uma s\u00e9rie de exemplos de resist\u00eancia pol\u00edtica no futebol brasileiro e lamentou o recuo dos jogadores da sele\u00e7\u00e3o brasileira sobre a realiza\u00e7\u00e3o da Copa Am\u00e9rica no Brasil. &#8220;A resist\u00eancia de Tite e dos jogadores, vocalizada pelo volante Casemiro, trouxe um alento. Pena [&hellip;]<\/p>\n","protected":false},"author":2,"featured_media":32737,"comment_status":"closed","ping_status":"open","sticky":false,"template":"","format":"standard","meta":{"_acf_changed":false,"footnotes":""},"categories":[3,6],"tags":[266,56,1626,1616,1278,348,977,1627],"class_list":{"0":"post-32736","1":"post","2":"type-post","3":"status-publish","4":"format-standard","5":"has-post-thumbnail","7":"category-artigos-e-entrevistas","8":"category-noticias","9":"tag-artigo","10":"tag-bolsonaro","11":"tag-cbf","12":"tag-copa-america","13":"tag-folha","14":"tag-futebol","15":"tag-guilherme-boulos","16":"tag-selecao-brasileira"},"acf":[],"yoast_head":"<!-- This site is optimized with the Yoast SEO plugin v26.5 - https:\/\/yoast.com\/wordpress\/plugins\/seo\/ -->\n<title>Guilherme Boulos: &quot;Se sele\u00e7\u00e3o decidisse desafiar Bolsonaro, entraria para a hist\u00f3ria&quot;<\/title>\n<meta name=\"description\" content=\"Guilherme Boulos lamentou o recuo dos jogadores da sele\u00e7\u00e3o brasileira sobre a realiza\u00e7\u00e3o da Copa Am\u00e9rica no Brasil.\" \/>\n<meta name=\"robots\" content=\"index, follow, max-snippet:-1, max-image-preview:large, max-video-preview:-1\" \/>\n<link rel=\"canonical\" href=\"https:\/\/psol50.org.br\/guilherme-boulos-se-selecao-decidisse-desafiar-bolsonaro-entraria-para-a-historia\/\" \/>\n<meta property=\"og:locale\" content=\"pt_BR\" \/>\n<meta property=\"og:type\" content=\"article\" \/>\n<meta property=\"og:title\" content=\"Guilherme Boulos: &quot;Se sele\u00e7\u00e3o decidisse desafiar Bolsonaro, entraria para a hist\u00f3ria&quot;\" \/>\n<meta property=\"og:description\" content=\"Guilherme Boulos lamentou o recuo dos jogadores da sele\u00e7\u00e3o brasileira sobre a realiza\u00e7\u00e3o da Copa Am\u00e9rica no Brasil.\" \/>\n<meta property=\"og:url\" content=\"https:\/\/psol50.org.br\/guilherme-boulos-se-selecao-decidisse-desafiar-bolsonaro-entraria-para-a-historia\/\" \/>\n<meta property=\"og:site_name\" content=\"PSOL 50\" \/>\n<meta property=\"article:publisher\" content=\"https:\/\/www.facebook.com\/psol50\" \/>\n<meta property=\"article:published_time\" content=\"2021-06-08T20:04:16+00:00\" \/>\n<meta property=\"og:image\" content=\"https:\/\/psol50.org.br\/inc\/uploads\/2021\/06\/Eg1VeNOXYAExB1J.jpg\" \/>\n\t<meta property=\"og:image:width\" content=\"852\" \/>\n\t<meta property=\"og:image:height\" content=\"560\" \/>\n\t<meta property=\"og:image:type\" content=\"image\/jpeg\" \/>\n<meta name=\"author\" content=\"Comunica\u00e7\u00e3o PSOL\" \/>\n<meta name=\"twitter:card\" content=\"summary_large_image\" \/>\n<meta name=\"twitter:title\" content=\"Guilherme Boulos: &quot;Se sele\u00e7\u00e3o decidisse desafiar Bolsonaro, entraria para a hist\u00f3ria&quot;\" \/>\n<meta name=\"twitter:description\" content=\"Guilherme Boulos lamentou o recuo dos jogadores da sele\u00e7\u00e3o brasileira sobre a realiza\u00e7\u00e3o da Copa Am\u00e9rica no Brasil.\" \/>\n<meta name=\"twitter:image\" content=\"https:\/\/psol50.org.br\/inc\/uploads\/2021\/06\/Eg1VeNOXYAExB1J.jpg\" \/>\n<meta name=\"twitter:creator\" content=\"@psol50\" \/>\n<meta name=\"twitter:site\" content=\"@psol50\" \/>\n<meta name=\"twitter:label1\" content=\"Escrito por\" \/>\n\t<meta name=\"twitter:data1\" content=\"Comunica\u00e7\u00e3o PSOL\" \/>\n\t<meta name=\"twitter:label2\" content=\"Est. tempo de leitura\" \/>\n\t<meta name=\"twitter:data2\" content=\"3 minutos\" \/>\n<script type=\"application\/ld+json\" class=\"yoast-schema-graph\">{\"@context\":\"https:\/\/schema.org\",\"@graph\":[{\"@type\":\"Article\",\"@id\":\"https:\/\/psol50.org.br\/guilherme-boulos-se-selecao-decidisse-desafiar-bolsonaro-entraria-para-a-historia\/#article\",\"isPartOf\":{\"@id\":\"https:\/\/psol50.org.br\/guilherme-boulos-se-selecao-decidisse-desafiar-bolsonaro-entraria-para-a-historia\/\"},\"author\":{\"name\":\"Comunica\u00e7\u00e3o PSOL\",\"@id\":\"https:\/\/psol50.org.br\/#\/schema\/person\/475dfa57d0b815993c714c2e96491fcd\"},\"headline\":\"Guilherme Boulos: &#8220;Se sele\u00e7\u00e3o decidisse desafiar Bolsonaro, entraria para a hist\u00f3ria&#8221;\",\"datePublished\":\"2021-06-08T20:04:16+00:00\",\"mainEntityOfPage\":{\"@id\":\"https:\/\/psol50.org.br\/guilherme-boulos-se-selecao-decidisse-desafiar-bolsonaro-entraria-para-a-historia\/\"},\"wordCount\":426,\"publisher\":{\"@id\":\"https:\/\/psol50.org.br\/#organization\"},\"image\":{\"@id\":\"https:\/\/psol50.org.br\/guilherme-boulos-se-selecao-decidisse-desafiar-bolsonaro-entraria-para-a-historia\/#primaryimage\"},\"thumbnailUrl\":\"https:\/\/psol50.org.br\/inc\/uploads\/2021\/06\/Eg1VeNOXYAExB1J.jpg\",\"keywords\":[\"artigo\",\"Bolsonaro\",\"CBF\",\"Copa Am\u00e9rica\",\"folha\",\"futebol\",\"Guilherme Boulos\",\"sele\u00e7\u00e3o brasileira\"],\"articleSection\":[\"Artigos\",\"Not\u00edcias\"],\"inLanguage\":\"pt-BR\"},{\"@type\":\"WebPage\",\"@id\":\"https:\/\/psol50.org.br\/guilherme-boulos-se-selecao-decidisse-desafiar-bolsonaro-entraria-para-a-historia\/\",\"url\":\"https:\/\/psol50.org.br\/guilherme-boulos-se-selecao-decidisse-desafiar-bolsonaro-entraria-para-a-historia\/\",\"name\":\"Guilherme Boulos: \\\"Se sele\u00e7\u00e3o decidisse desafiar Bolsonaro, entraria para a hist\u00f3ria\\\"\",\"isPartOf\":{\"@id\":\"https:\/\/psol50.org.br\/#website\"},\"primaryImageOfPage\":{\"@id\":\"https:\/\/psol50.org.br\/guilherme-boulos-se-selecao-decidisse-desafiar-bolsonaro-entraria-para-a-historia\/#primaryimage\"},\"image\":{\"@id\":\"https:\/\/psol50.org.br\/guilherme-boulos-se-selecao-decidisse-desafiar-bolsonaro-entraria-para-a-historia\/#primaryimage\"},\"thumbnailUrl\":\"https:\/\/psol50.org.br\/inc\/uploads\/2021\/06\/Eg1VeNOXYAExB1J.jpg\",\"datePublished\":\"2021-06-08T20:04:16+00:00\",\"description\":\"Guilherme Boulos lamentou o recuo dos jogadores da sele\u00e7\u00e3o brasileira sobre a realiza\u00e7\u00e3o da Copa Am\u00e9rica no Brasil.\",\"breadcrumb\":{\"@id\":\"https:\/\/psol50.org.br\/guilherme-boulos-se-selecao-decidisse-desafiar-bolsonaro-entraria-para-a-historia\/#breadcrumb\"},\"inLanguage\":\"pt-BR\",\"potentialAction\":[{\"@type\":\"ReadAction\",\"target\":[\"https:\/\/psol50.org.br\/guilherme-boulos-se-selecao-decidisse-desafiar-bolsonaro-entraria-para-a-historia\/\"]}]},{\"@type\":\"ImageObject\",\"inLanguage\":\"pt-BR\",\"@id\":\"https:\/\/psol50.org.br\/guilherme-boulos-se-selecao-decidisse-desafiar-bolsonaro-entraria-para-a-historia\/#primaryimage\",\"url\":\"https:\/\/psol50.org.br\/inc\/uploads\/2021\/06\/Eg1VeNOXYAExB1J.jpg\",\"contentUrl\":\"https:\/\/psol50.org.br\/inc\/uploads\/2021\/06\/Eg1VeNOXYAExB1J.jpg\",\"width\":852,\"height\":560},{\"@type\":\"BreadcrumbList\",\"@id\":\"https:\/\/psol50.org.br\/guilherme-boulos-se-selecao-decidisse-desafiar-bolsonaro-entraria-para-a-historia\/#breadcrumb\",\"itemListElement\":[{\"@type\":\"ListItem\",\"position\":1,\"name\":\"In\u00edcio\",\"item\":\"https:\/\/psol50.org.br\/\"},{\"@type\":\"ListItem\",\"position\":2,\"name\":\"Guilherme Boulos: &#8220;Se sele\u00e7\u00e3o decidisse desafiar Bolsonaro, entraria para a hist\u00f3ria&#8221;\"}]},{\"@type\":\"WebSite\",\"@id\":\"https:\/\/psol50.org.br\/#website\",\"url\":\"https:\/\/psol50.org.br\/\",\"name\":\"PSOL 50\",\"description\":\"Site oficial do Partido Socialismo e Liberdade\",\"publisher\":{\"@id\":\"https:\/\/psol50.org.br\/#organization\"},\"alternateName\":\"PSOL50\",\"potentialAction\":[{\"@type\":\"SearchAction\",\"target\":{\"@type\":\"EntryPoint\",\"urlTemplate\":\"https:\/\/psol50.org.br\/?s={search_term_string}\"},\"query-input\":{\"@type\":\"PropertyValueSpecification\",\"valueRequired\":true,\"valueName\":\"search_term_string\"}}],\"inLanguage\":\"pt-BR\"},{\"@type\":\"Organization\",\"@id\":\"https:\/\/psol50.org.br\/#organization\",\"name\":\"PSOL 50\",\"alternateName\":\"PSOL 50\",\"url\":\"https:\/\/psol50.org.br\/\",\"logo\":{\"@type\":\"ImageObject\",\"inLanguage\":\"pt-BR\",\"@id\":\"https:\/\/psol50.org.br\/#\/schema\/logo\/image\/\",\"url\":\"https:\/\/psol50.org.br\/inc\/uploads\/2018\/07\/capa.png\",\"contentUrl\":\"https:\/\/psol50.org.br\/inc\/uploads\/2018\/07\/capa.png\",\"width\":1350,\"height\":900,\"caption\":\"PSOL 50\"},\"image\":{\"@id\":\"https:\/\/psol50.org.br\/#\/schema\/logo\/image\/\"},\"sameAs\":[\"https:\/\/www.facebook.com\/psol50\",\"https:\/\/x.com\/psol50\",\"https:\/\/www.instagram.com\/psol50\/\",\"https:\/\/www.youtube.com\/channel\/UC7SnJS5o1os7a6CaiNabzcg\"]},{\"@type\":\"Person\",\"@id\":\"https:\/\/psol50.org.br\/#\/schema\/person\/475dfa57d0b815993c714c2e96491fcd\",\"name\":\"Comunica\u00e7\u00e3o PSOL\",\"image\":{\"@type\":\"ImageObject\",\"inLanguage\":\"pt-BR\",\"@id\":\"https:\/\/psol50.org.br\/#\/schema\/person\/image\/\",\"url\":\"https:\/\/secure.gravatar.com\/avatar\/b34fc4f4e468a4e51785917065a3db57b841f5c95dba6ad8c73aaf8f66f8f9bf?s=96&d=mm&r=g\",\"contentUrl\":\"https:\/\/secure.gravatar.com\/avatar\/b34fc4f4e468a4e51785917065a3db57b841f5c95dba6ad8c73aaf8f66f8f9bf?s=96&d=mm&r=g\",\"caption\":\"Comunica\u00e7\u00e3o PSOL\"}}]}<\/script>\n<!-- \/ Yoast SEO plugin. -->","yoast_head_json":{"title":"Guilherme Boulos: \"Se sele\u00e7\u00e3o decidisse desafiar Bolsonaro, entraria para a hist\u00f3ria\"","description":"Guilherme Boulos lamentou o recuo dos jogadores da sele\u00e7\u00e3o brasileira sobre a realiza\u00e7\u00e3o da Copa Am\u00e9rica no Brasil.","robots":{"index":"index","follow":"follow","max-snippet":"max-snippet:-1","max-image-preview":"max-image-preview:large","max-video-preview":"max-video-preview:-1"},"canonical":"https:\/\/psol50.org.br\/guilherme-boulos-se-selecao-decidisse-desafiar-bolsonaro-entraria-para-a-historia\/","og_locale":"pt_BR","og_type":"article","og_title":"Guilherme Boulos: \"Se sele\u00e7\u00e3o decidisse desafiar Bolsonaro, entraria para a hist\u00f3ria\"","og_description":"Guilherme Boulos lamentou o recuo dos jogadores da sele\u00e7\u00e3o brasileira sobre a realiza\u00e7\u00e3o da Copa Am\u00e9rica no Brasil.","og_url":"https:\/\/psol50.org.br\/guilherme-boulos-se-selecao-decidisse-desafiar-bolsonaro-entraria-para-a-historia\/","og_site_name":"PSOL 50","article_publisher":"https:\/\/www.facebook.com\/psol50","article_published_time":"2021-06-08T20:04:16+00:00","og_image":[{"width":852,"height":560,"url":"https:\/\/psol50.org.br\/inc\/uploads\/2021\/06\/Eg1VeNOXYAExB1J.jpg","type":"image\/jpeg"}],"author":"Comunica\u00e7\u00e3o PSOL","twitter_card":"summary_large_image","twitter_title":"Guilherme Boulos: \"Se sele\u00e7\u00e3o decidisse desafiar Bolsonaro, entraria para a hist\u00f3ria\"","twitter_description":"Guilherme Boulos lamentou o recuo dos jogadores da sele\u00e7\u00e3o brasileira sobre a realiza\u00e7\u00e3o da Copa Am\u00e9rica no Brasil.","twitter_image":"https:\/\/psol50.org.br\/inc\/uploads\/2021\/06\/Eg1VeNOXYAExB1J.jpg","twitter_creator":"@psol50","twitter_site":"@psol50","twitter_misc":{"Escrito por":"Comunica\u00e7\u00e3o PSOL","Est. tempo de leitura":"3 minutos"},"schema":{"@context":"https:\/\/schema.org","@graph":[{"@type":"Article","@id":"https:\/\/psol50.org.br\/guilherme-boulos-se-selecao-decidisse-desafiar-bolsonaro-entraria-para-a-historia\/#article","isPartOf":{"@id":"https:\/\/psol50.org.br\/guilherme-boulos-se-selecao-decidisse-desafiar-bolsonaro-entraria-para-a-historia\/"},"author":{"name":"Comunica\u00e7\u00e3o PSOL","@id":"https:\/\/psol50.org.br\/#\/schema\/person\/475dfa57d0b815993c714c2e96491fcd"},"headline":"Guilherme Boulos: &#8220;Se sele\u00e7\u00e3o decidisse desafiar Bolsonaro, entraria para a hist\u00f3ria&#8221;","datePublished":"2021-06-08T20:04:16+00:00","mainEntityOfPage":{"@id":"https:\/\/psol50.org.br\/guilherme-boulos-se-selecao-decidisse-desafiar-bolsonaro-entraria-para-a-historia\/"},"wordCount":426,"publisher":{"@id":"https:\/\/psol50.org.br\/#organization"},"image":{"@id":"https:\/\/psol50.org.br\/guilherme-boulos-se-selecao-decidisse-desafiar-bolsonaro-entraria-para-a-historia\/#primaryimage"},"thumbnailUrl":"https:\/\/psol50.org.br\/inc\/uploads\/2021\/06\/Eg1VeNOXYAExB1J.jpg","keywords":["artigo","Bolsonaro","CBF","Copa Am\u00e9rica","folha","futebol","Guilherme Boulos","sele\u00e7\u00e3o brasileira"],"articleSection":["Artigos","Not\u00edcias"],"inLanguage":"pt-BR"},{"@type":"WebPage","@id":"https:\/\/psol50.org.br\/guilherme-boulos-se-selecao-decidisse-desafiar-bolsonaro-entraria-para-a-historia\/","url":"https:\/\/psol50.org.br\/guilherme-boulos-se-selecao-decidisse-desafiar-bolsonaro-entraria-para-a-historia\/","name":"Guilherme Boulos: \"Se sele\u00e7\u00e3o decidisse desafiar Bolsonaro, entraria para a hist\u00f3ria\"","isPartOf":{"@id":"https:\/\/psol50.org.br\/#website"},"primaryImageOfPage":{"@id":"https:\/\/psol50.org.br\/guilherme-boulos-se-selecao-decidisse-desafiar-bolsonaro-entraria-para-a-historia\/#primaryimage"},"image":{"@id":"https:\/\/psol50.org.br\/guilherme-boulos-se-selecao-decidisse-desafiar-bolsonaro-entraria-para-a-historia\/#primaryimage"},"thumbnailUrl":"https:\/\/psol50.org.br\/inc\/uploads\/2021\/06\/Eg1VeNOXYAExB1J.jpg","datePublished":"2021-06-08T20:04:16+00:00","description":"Guilherme Boulos lamentou o recuo dos jogadores da sele\u00e7\u00e3o brasileira sobre a realiza\u00e7\u00e3o da Copa Am\u00e9rica no Brasil.","breadcrumb":{"@id":"https:\/\/psol50.org.br\/guilherme-boulos-se-selecao-decidisse-desafiar-bolsonaro-entraria-para-a-historia\/#breadcrumb"},"inLanguage":"pt-BR","potentialAction":[{"@type":"ReadAction","target":["https:\/\/psol50.org.br\/guilherme-boulos-se-selecao-decidisse-desafiar-bolsonaro-entraria-para-a-historia\/"]}]},{"@type":"ImageObject","inLanguage":"pt-BR","@id":"https:\/\/psol50.org.br\/guilherme-boulos-se-selecao-decidisse-desafiar-bolsonaro-entraria-para-a-historia\/#primaryimage","url":"https:\/\/psol50.org.br\/inc\/uploads\/2021\/06\/Eg1VeNOXYAExB1J.jpg","contentUrl":"https:\/\/psol50.org.br\/inc\/uploads\/2021\/06\/Eg1VeNOXYAExB1J.jpg","width":852,"height":560},{"@type":"BreadcrumbList","@id":"https:\/\/psol50.org.br\/guilherme-boulos-se-selecao-decidisse-desafiar-bolsonaro-entraria-para-a-historia\/#breadcrumb","itemListElement":[{"@type":"ListItem","position":1,"name":"In\u00edcio","item":"https:\/\/psol50.org.br\/"},{"@type":"ListItem","position":2,"name":"Guilherme Boulos: &#8220;Se sele\u00e7\u00e3o decidisse desafiar Bolsonaro, entraria para a hist\u00f3ria&#8221;"}]},{"@type":"WebSite","@id":"https:\/\/psol50.org.br\/#website","url":"https:\/\/psol50.org.br\/","name":"PSOL 50","description":"Site oficial do Partido Socialismo e Liberdade","publisher":{"@id":"https:\/\/psol50.org.br\/#organization"},"alternateName":"PSOL50","potentialAction":[{"@type":"SearchAction","target":{"@type":"EntryPoint","urlTemplate":"https:\/\/psol50.org.br\/?s={search_term_string}"},"query-input":{"@type":"PropertyValueSpecification","valueRequired":true,"valueName":"search_term_string"}}],"inLanguage":"pt-BR"},{"@type":"Organization","@id":"https:\/\/psol50.org.br\/#organization","name":"PSOL 50","alternateName":"PSOL 50","url":"https:\/\/psol50.org.br\/","logo":{"@type":"ImageObject","inLanguage":"pt-BR","@id":"https:\/\/psol50.org.br\/#\/schema\/logo\/image\/","url":"https:\/\/psol50.org.br\/inc\/uploads\/2018\/07\/capa.png","contentUrl":"https:\/\/psol50.org.br\/inc\/uploads\/2018\/07\/capa.png","width":1350,"height":900,"caption":"PSOL 50"},"image":{"@id":"https:\/\/psol50.org.br\/#\/schema\/logo\/image\/"},"sameAs":["https:\/\/www.facebook.com\/psol50","https:\/\/x.com\/psol50","https:\/\/www.instagram.com\/psol50\/","https:\/\/www.youtube.com\/channel\/UC7SnJS5o1os7a6CaiNabzcg"]},{"@type":"Person","@id":"https:\/\/psol50.org.br\/#\/schema\/person\/475dfa57d0b815993c714c2e96491fcd","name":"Comunica\u00e7\u00e3o PSOL","image":{"@type":"ImageObject","inLanguage":"pt-BR","@id":"https:\/\/psol50.org.br\/#\/schema\/person\/image\/","url":"https:\/\/secure.gravatar.com\/avatar\/b34fc4f4e468a4e51785917065a3db57b841f5c95dba6ad8c73aaf8f66f8f9bf?s=96&d=mm&r=g","contentUrl":"https:\/\/secure.gravatar.com\/avatar\/b34fc4f4e468a4e51785917065a3db57b841f5c95dba6ad8c73aaf8f66f8f9bf?s=96&d=mm&r=g","caption":"Comunica\u00e7\u00e3o PSOL"}}]}},"_links":{"self":[{"href":"https:\/\/psol50.org.br\/rest\/wp\/v2\/posts\/32736","targetHints":{"allow":["GET"]}}],"collection":[{"href":"https:\/\/psol50.org.br\/rest\/wp\/v2\/posts"}],"about":[{"href":"https:\/\/psol50.org.br\/rest\/wp\/v2\/types\/post"}],"author":[{"embeddable":true,"href":"https:\/\/psol50.org.br\/rest\/wp\/v2\/users\/2"}],"replies":[{"embeddable":true,"href":"https:\/\/psol50.org.br\/rest\/wp\/v2\/comments?post=32736"}],"version-history":[{"count":0,"href":"https:\/\/psol50.org.br\/rest\/wp\/v2\/posts\/32736\/revisions"}],"wp:featuredmedia":[{"embeddable":true,"href":"https:\/\/psol50.org.br\/rest\/wp\/v2\/media\/32737"}],"wp:attachment":[{"href":"https:\/\/psol50.org.br\/rest\/wp\/v2\/media?parent=32736"}],"wp:term":[{"taxonomy":"category","embeddable":true,"href":"https:\/\/psol50.org.br\/rest\/wp\/v2\/categories?post=32736"},{"taxonomy":"post_tag","embeddable":true,"href":"https:\/\/psol50.org.br\/rest\/wp\/v2\/tags?post=32736"}],"curies":[{"name":"wp","href":"https:\/\/api.w.org\/{rel}","templated":true}]}}