{"id":3279,"date":"2015-05-25T00:00:00","date_gmt":"2015-05-25T17:01:10","guid":{"rendered":"http:\/\/psol50.org.br\/arquivo\/2015\/05\/25\/organizacoes-sociais-promovem-ato-contra-o-financiamento-privado-de-campanha\/"},"modified":"2015-05-25T00:00:00","modified_gmt":"2015-05-25T17:01:10","slug":"organizacoes-sociais-promovem-ato-contra-o-financiamento-privado-de-campanha","status":"publish","type":"post","link":"https:\/\/psol50.org.br\/organizacoes-sociais-promovem-ato-contra-o-financiamento-privado-de-campanha\/","title":{"rendered":"Organiza\u00e7\u00f5es sociais promovem ato contra o financiamento privado de campanha"},"content":{"rendered":"<div style=\"text-align: justify;\">\n\t<em>Do PSOL Nacional, Leonor Costa<\/em><br \/>\n\t&nbsp;<br \/>\n\tO Plen\u00e1rio da C\u00e2mara dos Deputados voltar\u00e1 as suas baterias nesta semana para a discuss\u00e3o e vota\u00e7\u00e3o das propostas referentes \u00e0 reforma pol\u00edtica (PECs 182\/07, 352\/2013 e outras). Ainda nesta segunda-feira (25), uma reuni\u00e3o de l\u00edderes partid\u00e1rios, no gabinete da Presid\u00eancia da Casa, vai definir os procedimentos para a vota\u00e7\u00e3o da mat\u00e9ria, que dever\u00e1 ser analisada por partes.<br \/>\n\t&nbsp;<br \/>\n\tSegundo o pr\u00f3prio presidente da C\u00e2mara, deputado Eduardo Cunha (PMDB-RJ), os temas poder\u00e3o seguir a seguinte ordem: sistema eleitoral; financiamento de campanhas; proibi\u00e7\u00e3o ou n\u00e3o da reelei\u00e7\u00e3o; dura\u00e7\u00e3o dos mandatos de cargos eletivos; coincid\u00eancia de mandatos; cota de 30% para as mulheres; fim da coliga\u00e7\u00e3o proporcional; e cl\u00e1usula de barreira.<br \/>\n\t&nbsp;<br \/>\n\tSe prevalecer essa ordem, o Plen\u00e1rio analisar\u00e1 primeiro o chamado \u201cdistrit\u00e3o\u201d, modelo que acaba com o atual sistema proporcional para elei\u00e7\u00e3o de deputados e vereadores e determina a elei\u00e7\u00e3o dos mais votados pelo sistema majorit\u00e1rio.<br \/>\n\t&nbsp;<br \/>\n\tEsta e outras propostas que est\u00e3o no bojo da reforma pol\u00edtica s\u00e3o duramente criticadas pela bancada do PSOL na C\u00e2mara e por organiza\u00e7\u00f5es sociais, que defendem um sistema eleitoral mais democr\u00e1tico e o fim do financiamento privado de campanha. De olho na agenda dessa semana na C\u00e2mara, nesta ter\u00e7a-feira (26) v\u00e1rias entidades e coletivos, como os que comp\u00f5em a Coaliz\u00e3o pela Reforma Pol\u00edtica Democr\u00e1tica e Elei\u00e7\u00f5es Limpas, promover\u00e3o um ato p\u00fablico para mostrar que as propostas n\u00e3o representam os debates que os movimentos sociais populares v\u00eam fazendo.<br \/>\n\t&nbsp;<br \/>\n\tA expectativa para o ato, previsto para come\u00e7ar \u00e0s 9h, em frente ao Congresso Nacional, \u00e9 reunir mais de mil pessoas, que devem vir de v\u00e1rias regi\u00f5es do pa\u00eds.<br \/>\n\t&nbsp;<br \/>\n\tOs organizadores avaliam que o financiamento empresarial das campanhas eleitorais \u00e9 uma das principais portas de entrada para a pr\u00e1tica de corrup\u00e7\u00e3o nos mandatos parlamentares e na gest\u00e3o p\u00fablica. Uma enorme quantidade de den\u00fancias de desvio de recursos p\u00fablicos vem \u00e0 tona envolvendo empresas e grandes corpora\u00e7\u00f5es que, depois de ajudar a eleger um candidato, cobram a fatura. Uma reforma pol\u00edtica que n\u00e3o barre definitivamente o financiamento empresarial das campanhas n\u00e3o atender\u00e1 a esta que \u00e9 uma das principais demandas da popula\u00e7\u00e3o brasileira. \u201cPor isso, vamos deixar bem claro para o Congresso Nacional: Reforma Pol\u00edtica de verdade s\u00f3 se acabar com o financiamento empresarial\u201d, ressalta a organiza\u00e7\u00f5es que convocam o ato.<br \/>\n\t&nbsp;<br \/>\n\tO l\u00edder do PSOL na C\u00e2mara, deputado Chico Alencar, considera que a \u201ccontra-reforma pol\u00edtica\u201d j\u00e1 n\u00e3o tem nenhum v\u00ednculo com o sentimento da sociedade e n\u00e3o d\u00e1 aten\u00e7\u00e3o \u00e0 sua mobiliza\u00e7\u00e3o. \u201cPretende apenas mais do mesmo: manter privatizado o sistema pol\u00edtico brasileiro e assegurar que os indiv\u00edduos (agrupados em torno de poderosos interesses), valham mais do que os partidos. Buscam tamb\u00e9m legalizar a corrup\u00e7\u00e3o, garantindo na Constitui\u00e7\u00e3o o financiamento empresarial dos partidos\u201d, pontua Chico Alencar.<br \/>\n\t&nbsp;<br \/>\n\tDivulgue este ato e use a hashtag: #N\u00e3o\u00e0PECdaCorrup\u00e7\u00e3o.<\/div>\n<p>&nbsp;<br \/>\n&nbsp;<\/p>\n","protected":false},"excerpt":{"rendered":"<p>Do PSOL Nacional, Leonor Costa &nbsp; O Plen\u00e1rio da C\u00e2mara dos Deputados voltar\u00e1 as suas baterias nesta semana para a discuss\u00e3o e vota\u00e7\u00e3o das propostas referentes \u00e0 reforma pol\u00edtica (PECs 182\/07, 352\/2013 e outras). Ainda nesta segunda-feira (25), uma reuni\u00e3o de l\u00edderes partid\u00e1rios, no gabinete da Presid\u00eancia da Casa, vai definir os procedimentos para a [&hellip;]<\/p>\n","protected":false},"author":2,"featured_media":0,"comment_status":"open","ping_status":"open","sticky":false,"template":"","format":"standard","meta":{"_acf_changed":false,"footnotes":""},"categories":[6],"tags":[],"class_list":{"0":"post-3279","1":"post","2":"type-post","3":"status-publish","4":"format-standard","6":"category-noticias"},"acf":[],"yoast_head":"<!-- This site is optimized with the Yoast SEO plugin v26.5 - https:\/\/yoast.com\/wordpress\/plugins\/seo\/ -->\n<title>Organiza\u00e7\u00f5es sociais promovem ato contra o financiamento privado de campanha - PSOL 50<\/title>\n<meta name=\"robots\" content=\"index, follow, max-snippet:-1, max-image-preview:large, max-video-preview:-1\" \/>\n<link rel=\"canonical\" href=\"https:\/\/psol50.org.br\/organizacoes-sociais-promovem-ato-contra-o-financiamento-privado-de-campanha\/\" \/>\n<meta property=\"og:locale\" content=\"pt_BR\" \/>\n<meta property=\"og:type\" content=\"article\" \/>\n<meta property=\"og:title\" content=\"Organiza\u00e7\u00f5es sociais promovem ato contra o financiamento privado de campanha - PSOL 50\" \/>\n<meta property=\"og:description\" content=\"Do PSOL Nacional, Leonor Costa &nbsp; O Plen\u00e1rio da C\u00e2mara dos Deputados voltar\u00e1 as suas baterias nesta semana para a discuss\u00e3o e vota\u00e7\u00e3o das propostas referentes \u00e0 reforma pol\u00edtica (PECs 182\/07, 352\/2013 e outras). Ainda nesta segunda-feira (25), uma reuni\u00e3o de l\u00edderes partid\u00e1rios, no gabinete da Presid\u00eancia da Casa, vai definir os procedimentos para a [&hellip;]\" \/>\n<meta property=\"og:url\" content=\"https:\/\/psol50.org.br\/organizacoes-sociais-promovem-ato-contra-o-financiamento-privado-de-campanha\/\" \/>\n<meta property=\"og:site_name\" content=\"PSOL 50\" \/>\n<meta property=\"article:publisher\" content=\"https:\/\/www.facebook.com\/psol50\" \/>\n<meta property=\"article:published_time\" content=\"2015-05-25T17:01:10+00:00\" \/>\n<meta property=\"og:image\" content=\"https:\/\/psol50.org.br\/inc\/uploads\/2018\/07\/capa.png\" \/>\n\t<meta property=\"og:image:width\" content=\"1350\" \/>\n\t<meta property=\"og:image:height\" content=\"900\" \/>\n\t<meta property=\"og:image:type\" content=\"image\/png\" \/>\n<meta name=\"author\" content=\"Comunica\u00e7\u00e3o PSOL\" \/>\n<meta name=\"twitter:card\" content=\"summary_large_image\" \/>\n<meta name=\"twitter:creator\" content=\"@psol50\" \/>\n<meta name=\"twitter:site\" content=\"@psol50\" \/>\n<meta name=\"twitter:label1\" content=\"Escrito por\" \/>\n\t<meta name=\"twitter:data1\" content=\"Comunica\u00e7\u00e3o PSOL\" \/>\n\t<meta name=\"twitter:label2\" content=\"Est. tempo de leitura\" \/>\n\t<meta name=\"twitter:data2\" content=\"3 minutos\" \/>\n<script type=\"application\/ld+json\" class=\"yoast-schema-graph\">{\"@context\":\"https:\/\/schema.org\",\"@graph\":[{\"@type\":\"Article\",\"@id\":\"https:\/\/psol50.org.br\/organizacoes-sociais-promovem-ato-contra-o-financiamento-privado-de-campanha\/#article\",\"isPartOf\":{\"@id\":\"https:\/\/psol50.org.br\/organizacoes-sociais-promovem-ato-contra-o-financiamento-privado-de-campanha\/\"},\"author\":{\"name\":\"Comunica\u00e7\u00e3o PSOL\",\"@id\":\"https:\/\/psol50.org.br\/#\/schema\/person\/475dfa57d0b815993c714c2e96491fcd\"},\"headline\":\"Organiza\u00e7\u00f5es sociais promovem ato contra o financiamento privado de campanha\",\"datePublished\":\"2015-05-25T17:01:10+00:00\",\"mainEntityOfPage\":{\"@id\":\"https:\/\/psol50.org.br\/organizacoes-sociais-promovem-ato-contra-o-financiamento-privado-de-campanha\/\"},\"wordCount\":545,\"commentCount\":0,\"publisher\":{\"@id\":\"https:\/\/psol50.org.br\/#organization\"},\"articleSection\":[\"Not\u00edcias\"],\"inLanguage\":\"pt-BR\",\"potentialAction\":[{\"@type\":\"CommentAction\",\"name\":\"Comment\",\"target\":[\"https:\/\/psol50.org.br\/organizacoes-sociais-promovem-ato-contra-o-financiamento-privado-de-campanha\/#respond\"]}]},{\"@type\":\"WebPage\",\"@id\":\"https:\/\/psol50.org.br\/organizacoes-sociais-promovem-ato-contra-o-financiamento-privado-de-campanha\/\",\"url\":\"https:\/\/psol50.org.br\/organizacoes-sociais-promovem-ato-contra-o-financiamento-privado-de-campanha\/\",\"name\":\"Organiza\u00e7\u00f5es sociais promovem ato contra o financiamento privado de campanha - PSOL 50\",\"isPartOf\":{\"@id\":\"https:\/\/psol50.org.br\/#website\"},\"datePublished\":\"2015-05-25T17:01:10+00:00\",\"breadcrumb\":{\"@id\":\"https:\/\/psol50.org.br\/organizacoes-sociais-promovem-ato-contra-o-financiamento-privado-de-campanha\/#breadcrumb\"},\"inLanguage\":\"pt-BR\",\"potentialAction\":[{\"@type\":\"ReadAction\",\"target\":[\"https:\/\/psol50.org.br\/organizacoes-sociais-promovem-ato-contra-o-financiamento-privado-de-campanha\/\"]}]},{\"@type\":\"BreadcrumbList\",\"@id\":\"https:\/\/psol50.org.br\/organizacoes-sociais-promovem-ato-contra-o-financiamento-privado-de-campanha\/#breadcrumb\",\"itemListElement\":[{\"@type\":\"ListItem\",\"position\":1,\"name\":\"In\u00edcio\",\"item\":\"https:\/\/psol50.org.br\/\"},{\"@type\":\"ListItem\",\"position\":2,\"name\":\"Organiza\u00e7\u00f5es sociais promovem ato contra o financiamento privado de campanha\"}]},{\"@type\":\"WebSite\",\"@id\":\"https:\/\/psol50.org.br\/#website\",\"url\":\"https:\/\/psol50.org.br\/\",\"name\":\"PSOL 50\",\"description\":\"Site oficial do Partido Socialismo e Liberdade\",\"publisher\":{\"@id\":\"https:\/\/psol50.org.br\/#organization\"},\"alternateName\":\"PSOL50\",\"potentialAction\":[{\"@type\":\"SearchAction\",\"target\":{\"@type\":\"EntryPoint\",\"urlTemplate\":\"https:\/\/psol50.org.br\/?s={search_term_string}\"},\"query-input\":{\"@type\":\"PropertyValueSpecification\",\"valueRequired\":true,\"valueName\":\"search_term_string\"}}],\"inLanguage\":\"pt-BR\"},{\"@type\":\"Organization\",\"@id\":\"https:\/\/psol50.org.br\/#organization\",\"name\":\"PSOL 50\",\"alternateName\":\"PSOL 50\",\"url\":\"https:\/\/psol50.org.br\/\",\"logo\":{\"@type\":\"ImageObject\",\"inLanguage\":\"pt-BR\",\"@id\":\"https:\/\/psol50.org.br\/#\/schema\/logo\/image\/\",\"url\":\"https:\/\/psol50.org.br\/inc\/uploads\/2018\/07\/capa.png\",\"contentUrl\":\"https:\/\/psol50.org.br\/inc\/uploads\/2018\/07\/capa.png\",\"width\":1350,\"height\":900,\"caption\":\"PSOL 50\"},\"image\":{\"@id\":\"https:\/\/psol50.org.br\/#\/schema\/logo\/image\/\"},\"sameAs\":[\"https:\/\/www.facebook.com\/psol50\",\"https:\/\/x.com\/psol50\",\"https:\/\/www.instagram.com\/psol50\/\",\"https:\/\/www.youtube.com\/channel\/UC7SnJS5o1os7a6CaiNabzcg\"]},{\"@type\":\"Person\",\"@id\":\"https:\/\/psol50.org.br\/#\/schema\/person\/475dfa57d0b815993c714c2e96491fcd\",\"name\":\"Comunica\u00e7\u00e3o PSOL\",\"image\":{\"@type\":\"ImageObject\",\"inLanguage\":\"pt-BR\",\"@id\":\"https:\/\/psol50.org.br\/#\/schema\/person\/image\/\",\"url\":\"https:\/\/secure.gravatar.com\/avatar\/b34fc4f4e468a4e51785917065a3db57b841f5c95dba6ad8c73aaf8f66f8f9bf?s=96&d=mm&r=g\",\"contentUrl\":\"https:\/\/secure.gravatar.com\/avatar\/b34fc4f4e468a4e51785917065a3db57b841f5c95dba6ad8c73aaf8f66f8f9bf?s=96&d=mm&r=g\",\"caption\":\"Comunica\u00e7\u00e3o PSOL\"}}]}<\/script>\n<!-- \/ Yoast SEO plugin. -->","yoast_head_json":{"title":"Organiza\u00e7\u00f5es sociais promovem ato contra o financiamento privado de campanha - PSOL 50","robots":{"index":"index","follow":"follow","max-snippet":"max-snippet:-1","max-image-preview":"max-image-preview:large","max-video-preview":"max-video-preview:-1"},"canonical":"https:\/\/psol50.org.br\/organizacoes-sociais-promovem-ato-contra-o-financiamento-privado-de-campanha\/","og_locale":"pt_BR","og_type":"article","og_title":"Organiza\u00e7\u00f5es sociais promovem ato contra o financiamento privado de campanha - PSOL 50","og_description":"Do PSOL Nacional, Leonor Costa &nbsp; O Plen\u00e1rio da C\u00e2mara dos Deputados voltar\u00e1 as suas baterias nesta semana para a discuss\u00e3o e vota\u00e7\u00e3o das propostas referentes \u00e0 reforma pol\u00edtica (PECs 182\/07, 352\/2013 e outras). Ainda nesta segunda-feira (25), uma reuni\u00e3o de l\u00edderes partid\u00e1rios, no gabinete da Presid\u00eancia da Casa, vai definir os procedimentos para a [&hellip;]","og_url":"https:\/\/psol50.org.br\/organizacoes-sociais-promovem-ato-contra-o-financiamento-privado-de-campanha\/","og_site_name":"PSOL 50","article_publisher":"https:\/\/www.facebook.com\/psol50","article_published_time":"2015-05-25T17:01:10+00:00","og_image":[{"width":1350,"height":900,"url":"https:\/\/psol50.org.br\/inc\/uploads\/2018\/07\/capa.png","type":"image\/png"}],"author":"Comunica\u00e7\u00e3o PSOL","twitter_card":"summary_large_image","twitter_creator":"@psol50","twitter_site":"@psol50","twitter_misc":{"Escrito por":"Comunica\u00e7\u00e3o PSOL","Est. tempo de leitura":"3 minutos"},"schema":{"@context":"https:\/\/schema.org","@graph":[{"@type":"Article","@id":"https:\/\/psol50.org.br\/organizacoes-sociais-promovem-ato-contra-o-financiamento-privado-de-campanha\/#article","isPartOf":{"@id":"https:\/\/psol50.org.br\/organizacoes-sociais-promovem-ato-contra-o-financiamento-privado-de-campanha\/"},"author":{"name":"Comunica\u00e7\u00e3o PSOL","@id":"https:\/\/psol50.org.br\/#\/schema\/person\/475dfa57d0b815993c714c2e96491fcd"},"headline":"Organiza\u00e7\u00f5es sociais promovem ato contra o financiamento privado de campanha","datePublished":"2015-05-25T17:01:10+00:00","mainEntityOfPage":{"@id":"https:\/\/psol50.org.br\/organizacoes-sociais-promovem-ato-contra-o-financiamento-privado-de-campanha\/"},"wordCount":545,"commentCount":0,"publisher":{"@id":"https:\/\/psol50.org.br\/#organization"},"articleSection":["Not\u00edcias"],"inLanguage":"pt-BR","potentialAction":[{"@type":"CommentAction","name":"Comment","target":["https:\/\/psol50.org.br\/organizacoes-sociais-promovem-ato-contra-o-financiamento-privado-de-campanha\/#respond"]}]},{"@type":"WebPage","@id":"https:\/\/psol50.org.br\/organizacoes-sociais-promovem-ato-contra-o-financiamento-privado-de-campanha\/","url":"https:\/\/psol50.org.br\/organizacoes-sociais-promovem-ato-contra-o-financiamento-privado-de-campanha\/","name":"Organiza\u00e7\u00f5es sociais promovem ato contra o financiamento privado de campanha - PSOL 50","isPartOf":{"@id":"https:\/\/psol50.org.br\/#website"},"datePublished":"2015-05-25T17:01:10+00:00","breadcrumb":{"@id":"https:\/\/psol50.org.br\/organizacoes-sociais-promovem-ato-contra-o-financiamento-privado-de-campanha\/#breadcrumb"},"inLanguage":"pt-BR","potentialAction":[{"@type":"ReadAction","target":["https:\/\/psol50.org.br\/organizacoes-sociais-promovem-ato-contra-o-financiamento-privado-de-campanha\/"]}]},{"@type":"BreadcrumbList","@id":"https:\/\/psol50.org.br\/organizacoes-sociais-promovem-ato-contra-o-financiamento-privado-de-campanha\/#breadcrumb","itemListElement":[{"@type":"ListItem","position":1,"name":"In\u00edcio","item":"https:\/\/psol50.org.br\/"},{"@type":"ListItem","position":2,"name":"Organiza\u00e7\u00f5es sociais promovem ato contra o financiamento privado de campanha"}]},{"@type":"WebSite","@id":"https:\/\/psol50.org.br\/#website","url":"https:\/\/psol50.org.br\/","name":"PSOL 50","description":"Site oficial do Partido Socialismo e Liberdade","publisher":{"@id":"https:\/\/psol50.org.br\/#organization"},"alternateName":"PSOL50","potentialAction":[{"@type":"SearchAction","target":{"@type":"EntryPoint","urlTemplate":"https:\/\/psol50.org.br\/?s={search_term_string}"},"query-input":{"@type":"PropertyValueSpecification","valueRequired":true,"valueName":"search_term_string"}}],"inLanguage":"pt-BR"},{"@type":"Organization","@id":"https:\/\/psol50.org.br\/#organization","name":"PSOL 50","alternateName":"PSOL 50","url":"https:\/\/psol50.org.br\/","logo":{"@type":"ImageObject","inLanguage":"pt-BR","@id":"https:\/\/psol50.org.br\/#\/schema\/logo\/image\/","url":"https:\/\/psol50.org.br\/inc\/uploads\/2018\/07\/capa.png","contentUrl":"https:\/\/psol50.org.br\/inc\/uploads\/2018\/07\/capa.png","width":1350,"height":900,"caption":"PSOL 50"},"image":{"@id":"https:\/\/psol50.org.br\/#\/schema\/logo\/image\/"},"sameAs":["https:\/\/www.facebook.com\/psol50","https:\/\/x.com\/psol50","https:\/\/www.instagram.com\/psol50\/","https:\/\/www.youtube.com\/channel\/UC7SnJS5o1os7a6CaiNabzcg"]},{"@type":"Person","@id":"https:\/\/psol50.org.br\/#\/schema\/person\/475dfa57d0b815993c714c2e96491fcd","name":"Comunica\u00e7\u00e3o PSOL","image":{"@type":"ImageObject","inLanguage":"pt-BR","@id":"https:\/\/psol50.org.br\/#\/schema\/person\/image\/","url":"https:\/\/secure.gravatar.com\/avatar\/b34fc4f4e468a4e51785917065a3db57b841f5c95dba6ad8c73aaf8f66f8f9bf?s=96&d=mm&r=g","contentUrl":"https:\/\/secure.gravatar.com\/avatar\/b34fc4f4e468a4e51785917065a3db57b841f5c95dba6ad8c73aaf8f66f8f9bf?s=96&d=mm&r=g","caption":"Comunica\u00e7\u00e3o PSOL"}}]}},"_links":{"self":[{"href":"https:\/\/psol50.org.br\/rest\/wp\/v2\/posts\/3279","targetHints":{"allow":["GET"]}}],"collection":[{"href":"https:\/\/psol50.org.br\/rest\/wp\/v2\/posts"}],"about":[{"href":"https:\/\/psol50.org.br\/rest\/wp\/v2\/types\/post"}],"author":[{"embeddable":true,"href":"https:\/\/psol50.org.br\/rest\/wp\/v2\/users\/2"}],"replies":[{"embeddable":true,"href":"https:\/\/psol50.org.br\/rest\/wp\/v2\/comments?post=3279"}],"version-history":[{"count":0,"href":"https:\/\/psol50.org.br\/rest\/wp\/v2\/posts\/3279\/revisions"}],"wp:attachment":[{"href":"https:\/\/psol50.org.br\/rest\/wp\/v2\/media?parent=3279"}],"wp:term":[{"taxonomy":"category","embeddable":true,"href":"https:\/\/psol50.org.br\/rest\/wp\/v2\/categories?post=3279"},{"taxonomy":"post_tag","embeddable":true,"href":"https:\/\/psol50.org.br\/rest\/wp\/v2\/tags?post=3279"}],"curies":[{"name":"wp","href":"https:\/\/api.w.org\/{rel}","templated":true}]}}