{"id":3280,"date":"2015-05-25T00:00:00","date_gmt":"2015-05-25T18:23:03","guid":{"rendered":"http:\/\/psol50.org.br\/arquivo\/2015\/05\/25\/espanha-esquerda-cresce-nas-eleicoes-locais\/"},"modified":"2015-05-25T00:00:00","modified_gmt":"2015-05-25T18:23:03","slug":"espanha-esquerda-cresce-nas-eleicoes-locais","status":"publish","type":"post","link":"https:\/\/psol50.org.br\/espanha-esquerda-cresce-nas-eleicoes-locais\/","title":{"rendered":"Espanha: Esquerda cresce nas elei\u00e7\u00f5es locais"},"content":{"rendered":"<p style=\"text-align: justify;\"><span style=\"font-family: arial,helvetica,sans-serif;\"><span style=\"font-size: 12px;\">Na Espanha, as elei\u00e7\u00f5es locais deste domingo (24\/05) representaram o aumento de poder do partido de esquerda Podemos, rompendo com o tradicional bipartidarismo entre o governista PP (Partido Popular) e o oposicionista PSOE (Partido Socialista Oper\u00e1rio Espanhol).<\/span><\/span><\/p>\n<p>Ontem, mais de 35 milh\u00f5es de espanh\u00f3is foram \u00e0s urnas para escolher 8.122 prefeitos e governadores de 13 regi\u00f5es da na\u00e7\u00e3o europeia. Em um term\u00f4metro para as elei\u00e7\u00f5es gerais previstas para novembro, Podemos teve conquistas importantes, como a vit\u00f3ria da candidata Ada Colau para a prefeitura de Barcelona.<br \/>\nAtivista e contra medidas de austeridade, Colau venceu na segunda maior cidade do pa\u00eds ap\u00f3s ficar conhecida por liderar uma organiza\u00e7\u00e3o que luta para impedir o despejo de inquilinos que n\u00e3o conseguem pagar a hipoteca aos bancos em meio \u00e0 forte crise econ\u00f4mica que afeta a Espanha.<br \/>\nSegundo a Ag\u00eancia Efe, o l\u00edder do Podemos, Pablo Iglesias, garantiu nesta manh\u00e3, que a sua legenda est\u00e1 em posi\u00e7\u00e3o de disputar a vit\u00f3ria nas pr\u00f3ximas elei\u00e7\u00f5es gerais e acrescentou que t\u00eam a &#8220;m\u00e3o estendida&#8221; para negociar com qualquer for\u00e7a que se d\u00ea um giro de 180 graus \u00e0 pol\u00edtica de cortes.<br \/>\nEmbora tenha obtido maioria em Madri, h\u00e1 grandes chances de perder a prefeitura da capital para Manuela Carmena, uma antiga ju\u00edza de 71 anos da coaliz\u00e3o local \u201cAhora Madrid\u201d, que \u00e9 composta pelo movimento dos &#8220;indignados&#8221;, do qual Podemos faz parte.<br \/>\nCom esse resultado eleitoral, pode-se dizer que o panorama pol\u00edtico territorial espanhol conhecido at\u00e9 os dias de hoje ficou tremendamente abalado. Um dos fatos mais marcantes desta mudan\u00e7a eleitoral \u00e9 a perda de poder do PP (Partido Popular), que obteve 27% dos votos, mais de dez pontos abaixo do obtido h\u00e1 quatro anos, seguido pelo PSOE, com 25%. Embora as duas legendas concentrem o maior n\u00famero de votos, o resultado foi considerado para ambas uma derrota e um desgaste da imagem de seus l\u00edderes.<br \/>\nO PP perdeu, ainda, a maioria absoluta nas dez comunidades que governava, em grande parte desde 1995. Isso significa uma perda de pelo menos oito governos aut\u00f4nomos, segundo informa\u00e7\u00f5es do Esquerda.net.<br \/>\nEm artigo publicado no blog Brasil em 5, a presidente da Funda\u00e7\u00e3o Lauro Campos e candidata \u00e0 Presid\u00eancia da Rep\u00fablica pelo PSOL, Luciana Genro, considera que o resultado das elei\u00e7\u00f5es municipais na Espanha neste domingo foi \u201cuma primavera de mudan\u00e7a\u201d. Segundo ela, representa a continuidade de um processo que teve seu in\u00edcio eleitoral no ano passado, quando o Podemos surpreendeu nas elei\u00e7\u00f5es para o Parlamento Europeu. \u201cFoi, sem d\u00favida, mais um recado claro do povo contra a pol\u00edtica de cortes e ajuste\u201d.<br \/>\nCom rela\u00e7\u00e3o aos desafios que o Podemos enfrentar\u00e1 a partir de seu crescimento nas urnas, Genro considera que o caminho n\u00e3o ser\u00e1 f\u00e1cil, fazendo uma alus\u00e3o ao enfrentamento feito pelo Syriza, de Alexis Tsipras, na Gr\u00e9cia. \u201cAssim como na Gr\u00e9cia o Syriza sofre press\u00f5es gigantescas para abandonar a sua postura de intransig\u00eancia frente \u00e0 Troika e aos interesses dos mercados, na Espanha o Podemos n\u00e3o est\u00e1 livre das mesmas press\u00f5es do establishment pol\u00edtico, da m\u00eddia e dos capitalistas\u201d.<br \/>\n&nbsp;<\/p>\n","protected":false},"excerpt":{"rendered":"<p>Partido Popular (PP) perde 2,5 milh\u00f5es de votos e maioria absoluta em dez comunidades aut\u00f4nomas. Podemos venceu em cidades como Barcelona, a segunda maior do pa\u00eds, que ter\u00e1 a prefeita Ada Colau<\/p>\n","protected":false},"author":2,"featured_media":10156,"comment_status":"open","ping_status":"open","sticky":false,"template":"","format":"standard","meta":{"_acf_changed":false,"footnotes":""},"categories":[3605,836],"tags":[2753,790,1216,2138],"class_list":{"0":"post-3280","1":"post","2":"type-post","3":"status-publish","4":"format-standard","5":"has-post-thumbnail","7":"category-espanha","9":"tag-espanha","10":"tag-esquerda","11":"tag-internacional","12":"tag-podemos"},"acf":[],"yoast_head":"<!-- This site is optimized with the Yoast SEO plugin v26.5 - https:\/\/yoast.com\/wordpress\/plugins\/seo\/ -->\n<title>Espanha: Esquerda cresce nas elei\u00e7\u00f5es locais - PSOL 50<\/title>\n<meta name=\"robots\" content=\"index, follow, max-snippet:-1, max-image-preview:large, max-video-preview:-1\" \/>\n<link rel=\"canonical\" href=\"https:\/\/psol50.org.br\/espanha-esquerda-cresce-nas-eleicoes-locais\/\" \/>\n<meta property=\"og:locale\" content=\"pt_BR\" \/>\n<meta property=\"og:type\" content=\"article\" \/>\n<meta property=\"og:title\" content=\"Espanha: Esquerda cresce nas elei\u00e7\u00f5es locais - PSOL 50\" \/>\n<meta property=\"og:description\" content=\"Partido Popular (PP) perde 2,5 milh\u00f5es de votos e maioria absoluta em dez comunidades aut\u00f4nomas. Podemos venceu em cidades como Barcelona, a segunda maior do pa\u00eds, que ter\u00e1 a prefeita Ada Colau\" \/>\n<meta property=\"og:url\" content=\"https:\/\/psol50.org.br\/espanha-esquerda-cresce-nas-eleicoes-locais\/\" \/>\n<meta property=\"og:site_name\" content=\"PSOL 50\" \/>\n<meta property=\"article:publisher\" content=\"https:\/\/www.facebook.com\/psol50\" \/>\n<meta property=\"article:published_time\" content=\"2015-05-25T18:23:03+00:00\" \/>\n<meta property=\"og:image\" content=\"https:\/\/psol50.org.br\/inc\/uploads\/2015\/05\/Podemos_espanha.jpg\" \/>\n\t<meta property=\"og:image:width\" content=\"1100\" \/>\n\t<meta property=\"og:image:height\" content=\"644\" \/>\n\t<meta property=\"og:image:type\" content=\"image\/jpeg\" \/>\n<meta name=\"author\" content=\"Comunica\u00e7\u00e3o PSOL\" \/>\n<meta name=\"twitter:card\" content=\"summary_large_image\" \/>\n<meta name=\"twitter:creator\" content=\"@psol50\" \/>\n<meta name=\"twitter:site\" content=\"@psol50\" \/>\n<meta name=\"twitter:label1\" content=\"Escrito por\" \/>\n\t<meta name=\"twitter:data1\" content=\"Comunica\u00e7\u00e3o PSOL\" \/>\n\t<meta name=\"twitter:label2\" content=\"Est. tempo de leitura\" \/>\n\t<meta name=\"twitter:data2\" content=\"3 minutos\" \/>\n<script type=\"application\/ld+json\" class=\"yoast-schema-graph\">{\"@context\":\"https:\/\/schema.org\",\"@graph\":[{\"@type\":\"Article\",\"@id\":\"https:\/\/psol50.org.br\/espanha-esquerda-cresce-nas-eleicoes-locais\/#article\",\"isPartOf\":{\"@id\":\"https:\/\/psol50.org.br\/espanha-esquerda-cresce-nas-eleicoes-locais\/\"},\"author\":{\"name\":\"Comunica\u00e7\u00e3o PSOL\",\"@id\":\"https:\/\/psol50.org.br\/#\/schema\/person\/475dfa57d0b815993c714c2e96491fcd\"},\"headline\":\"Espanha: Esquerda cresce nas elei\u00e7\u00f5es locais\",\"datePublished\":\"2015-05-25T18:23:03+00:00\",\"mainEntityOfPage\":{\"@id\":\"https:\/\/psol50.org.br\/espanha-esquerda-cresce-nas-eleicoes-locais\/\"},\"wordCount\":546,\"commentCount\":0,\"publisher\":{\"@id\":\"https:\/\/psol50.org.br\/#organization\"},\"image\":{\"@id\":\"https:\/\/psol50.org.br\/espanha-esquerda-cresce-nas-eleicoes-locais\/#primaryimage\"},\"thumbnailUrl\":\"https:\/\/psol50.org.br\/inc\/uploads\/2015\/05\/Podemos_espanha.jpg\",\"keywords\":[\"Espanha\",\"esquerda\",\"Internacional\",\"Podemos\"],\"articleSection\":[\"Espanha\",\"Internacional\"],\"inLanguage\":\"pt-BR\",\"potentialAction\":[{\"@type\":\"CommentAction\",\"name\":\"Comment\",\"target\":[\"https:\/\/psol50.org.br\/espanha-esquerda-cresce-nas-eleicoes-locais\/#respond\"]}]},{\"@type\":\"WebPage\",\"@id\":\"https:\/\/psol50.org.br\/espanha-esquerda-cresce-nas-eleicoes-locais\/\",\"url\":\"https:\/\/psol50.org.br\/espanha-esquerda-cresce-nas-eleicoes-locais\/\",\"name\":\"Espanha: Esquerda cresce nas elei\u00e7\u00f5es locais - PSOL 50\",\"isPartOf\":{\"@id\":\"https:\/\/psol50.org.br\/#website\"},\"primaryImageOfPage\":{\"@id\":\"https:\/\/psol50.org.br\/espanha-esquerda-cresce-nas-eleicoes-locais\/#primaryimage\"},\"image\":{\"@id\":\"https:\/\/psol50.org.br\/espanha-esquerda-cresce-nas-eleicoes-locais\/#primaryimage\"},\"thumbnailUrl\":\"https:\/\/psol50.org.br\/inc\/uploads\/2015\/05\/Podemos_espanha.jpg\",\"datePublished\":\"2015-05-25T18:23:03+00:00\",\"breadcrumb\":{\"@id\":\"https:\/\/psol50.org.br\/espanha-esquerda-cresce-nas-eleicoes-locais\/#breadcrumb\"},\"inLanguage\":\"pt-BR\",\"potentialAction\":[{\"@type\":\"ReadAction\",\"target\":[\"https:\/\/psol50.org.br\/espanha-esquerda-cresce-nas-eleicoes-locais\/\"]}]},{\"@type\":\"ImageObject\",\"inLanguage\":\"pt-BR\",\"@id\":\"https:\/\/psol50.org.br\/espanha-esquerda-cresce-nas-eleicoes-locais\/#primaryimage\",\"url\":\"https:\/\/psol50.org.br\/inc\/uploads\/2015\/05\/Podemos_espanha.jpg\",\"contentUrl\":\"https:\/\/psol50.org.br\/inc\/uploads\/2015\/05\/Podemos_espanha.jpg\",\"width\":1100,\"height\":644,\"caption\":\"Demonstrators shout slogans as they hold flags, placards and a banner during the \\\"March for Change\\\" planned by left-wing party Podemos that emerged out of the \\\"Indignants\\\" movement, in Madrid on January 31, 2015. Tens of thousands of people took to the streets in Madrid today in support of a call for change from new anti-austerity party Podemos, a week after Greece elected its ally Syriza. AFP PHOTO\/ GERARD JULIEN (Photo credit should read GERARD JULIEN\/AFP\/Getty Images)\"},{\"@type\":\"BreadcrumbList\",\"@id\":\"https:\/\/psol50.org.br\/espanha-esquerda-cresce-nas-eleicoes-locais\/#breadcrumb\",\"itemListElement\":[{\"@type\":\"ListItem\",\"position\":1,\"name\":\"In\u00edcio\",\"item\":\"https:\/\/psol50.org.br\/\"},{\"@type\":\"ListItem\",\"position\":2,\"name\":\"Espanha: Esquerda cresce nas elei\u00e7\u00f5es locais\"}]},{\"@type\":\"WebSite\",\"@id\":\"https:\/\/psol50.org.br\/#website\",\"url\":\"https:\/\/psol50.org.br\/\",\"name\":\"PSOL 50\",\"description\":\"Site oficial do Partido Socialismo e Liberdade\",\"publisher\":{\"@id\":\"https:\/\/psol50.org.br\/#organization\"},\"alternateName\":\"PSOL50\",\"potentialAction\":[{\"@type\":\"SearchAction\",\"target\":{\"@type\":\"EntryPoint\",\"urlTemplate\":\"https:\/\/psol50.org.br\/?s={search_term_string}\"},\"query-input\":{\"@type\":\"PropertyValueSpecification\",\"valueRequired\":true,\"valueName\":\"search_term_string\"}}],\"inLanguage\":\"pt-BR\"},{\"@type\":\"Organization\",\"@id\":\"https:\/\/psol50.org.br\/#organization\",\"name\":\"PSOL 50\",\"alternateName\":\"PSOL 50\",\"url\":\"https:\/\/psol50.org.br\/\",\"logo\":{\"@type\":\"ImageObject\",\"inLanguage\":\"pt-BR\",\"@id\":\"https:\/\/psol50.org.br\/#\/schema\/logo\/image\/\",\"url\":\"https:\/\/psol50.org.br\/inc\/uploads\/2018\/07\/capa.png\",\"contentUrl\":\"https:\/\/psol50.org.br\/inc\/uploads\/2018\/07\/capa.png\",\"width\":1350,\"height\":900,\"caption\":\"PSOL 50\"},\"image\":{\"@id\":\"https:\/\/psol50.org.br\/#\/schema\/logo\/image\/\"},\"sameAs\":[\"https:\/\/www.facebook.com\/psol50\",\"https:\/\/x.com\/psol50\",\"https:\/\/www.instagram.com\/psol50\/\",\"https:\/\/www.youtube.com\/channel\/UC7SnJS5o1os7a6CaiNabzcg\"]},{\"@type\":\"Person\",\"@id\":\"https:\/\/psol50.org.br\/#\/schema\/person\/475dfa57d0b815993c714c2e96491fcd\",\"name\":\"Comunica\u00e7\u00e3o PSOL\",\"image\":{\"@type\":\"ImageObject\",\"inLanguage\":\"pt-BR\",\"@id\":\"https:\/\/psol50.org.br\/#\/schema\/person\/image\/\",\"url\":\"https:\/\/secure.gravatar.com\/avatar\/b34fc4f4e468a4e51785917065a3db57b841f5c95dba6ad8c73aaf8f66f8f9bf?s=96&d=mm&r=g\",\"contentUrl\":\"https:\/\/secure.gravatar.com\/avatar\/b34fc4f4e468a4e51785917065a3db57b841f5c95dba6ad8c73aaf8f66f8f9bf?s=96&d=mm&r=g\",\"caption\":\"Comunica\u00e7\u00e3o PSOL\"}}]}<\/script>\n<!-- \/ Yoast SEO plugin. -->","yoast_head_json":{"title":"Espanha: Esquerda cresce nas elei\u00e7\u00f5es locais - PSOL 50","robots":{"index":"index","follow":"follow","max-snippet":"max-snippet:-1","max-image-preview":"max-image-preview:large","max-video-preview":"max-video-preview:-1"},"canonical":"https:\/\/psol50.org.br\/espanha-esquerda-cresce-nas-eleicoes-locais\/","og_locale":"pt_BR","og_type":"article","og_title":"Espanha: Esquerda cresce nas elei\u00e7\u00f5es locais - PSOL 50","og_description":"Partido Popular (PP) perde 2,5 milh\u00f5es de votos e maioria absoluta em dez comunidades aut\u00f4nomas. Podemos venceu em cidades como Barcelona, a segunda maior do pa\u00eds, que ter\u00e1 a prefeita Ada Colau","og_url":"https:\/\/psol50.org.br\/espanha-esquerda-cresce-nas-eleicoes-locais\/","og_site_name":"PSOL 50","article_publisher":"https:\/\/www.facebook.com\/psol50","article_published_time":"2015-05-25T18:23:03+00:00","og_image":[{"width":1100,"height":644,"url":"https:\/\/psol50.org.br\/inc\/uploads\/2015\/05\/Podemos_espanha.jpg","type":"image\/jpeg"}],"author":"Comunica\u00e7\u00e3o PSOL","twitter_card":"summary_large_image","twitter_creator":"@psol50","twitter_site":"@psol50","twitter_misc":{"Escrito por":"Comunica\u00e7\u00e3o PSOL","Est. tempo de leitura":"3 minutos"},"schema":{"@context":"https:\/\/schema.org","@graph":[{"@type":"Article","@id":"https:\/\/psol50.org.br\/espanha-esquerda-cresce-nas-eleicoes-locais\/#article","isPartOf":{"@id":"https:\/\/psol50.org.br\/espanha-esquerda-cresce-nas-eleicoes-locais\/"},"author":{"name":"Comunica\u00e7\u00e3o PSOL","@id":"https:\/\/psol50.org.br\/#\/schema\/person\/475dfa57d0b815993c714c2e96491fcd"},"headline":"Espanha: Esquerda cresce nas elei\u00e7\u00f5es locais","datePublished":"2015-05-25T18:23:03+00:00","mainEntityOfPage":{"@id":"https:\/\/psol50.org.br\/espanha-esquerda-cresce-nas-eleicoes-locais\/"},"wordCount":546,"commentCount":0,"publisher":{"@id":"https:\/\/psol50.org.br\/#organization"},"image":{"@id":"https:\/\/psol50.org.br\/espanha-esquerda-cresce-nas-eleicoes-locais\/#primaryimage"},"thumbnailUrl":"https:\/\/psol50.org.br\/inc\/uploads\/2015\/05\/Podemos_espanha.jpg","keywords":["Espanha","esquerda","Internacional","Podemos"],"articleSection":["Espanha","Internacional"],"inLanguage":"pt-BR","potentialAction":[{"@type":"CommentAction","name":"Comment","target":["https:\/\/psol50.org.br\/espanha-esquerda-cresce-nas-eleicoes-locais\/#respond"]}]},{"@type":"WebPage","@id":"https:\/\/psol50.org.br\/espanha-esquerda-cresce-nas-eleicoes-locais\/","url":"https:\/\/psol50.org.br\/espanha-esquerda-cresce-nas-eleicoes-locais\/","name":"Espanha: Esquerda cresce nas elei\u00e7\u00f5es locais - PSOL 50","isPartOf":{"@id":"https:\/\/psol50.org.br\/#website"},"primaryImageOfPage":{"@id":"https:\/\/psol50.org.br\/espanha-esquerda-cresce-nas-eleicoes-locais\/#primaryimage"},"image":{"@id":"https:\/\/psol50.org.br\/espanha-esquerda-cresce-nas-eleicoes-locais\/#primaryimage"},"thumbnailUrl":"https:\/\/psol50.org.br\/inc\/uploads\/2015\/05\/Podemos_espanha.jpg","datePublished":"2015-05-25T18:23:03+00:00","breadcrumb":{"@id":"https:\/\/psol50.org.br\/espanha-esquerda-cresce-nas-eleicoes-locais\/#breadcrumb"},"inLanguage":"pt-BR","potentialAction":[{"@type":"ReadAction","target":["https:\/\/psol50.org.br\/espanha-esquerda-cresce-nas-eleicoes-locais\/"]}]},{"@type":"ImageObject","inLanguage":"pt-BR","@id":"https:\/\/psol50.org.br\/espanha-esquerda-cresce-nas-eleicoes-locais\/#primaryimage","url":"https:\/\/psol50.org.br\/inc\/uploads\/2015\/05\/Podemos_espanha.jpg","contentUrl":"https:\/\/psol50.org.br\/inc\/uploads\/2015\/05\/Podemos_espanha.jpg","width":1100,"height":644,"caption":"Demonstrators shout slogans as they hold flags, placards and a banner during the \"March for Change\" planned by left-wing party Podemos that emerged out of the \"Indignants\" movement, in Madrid on January 31, 2015. Tens of thousands of people took to the streets in Madrid today in support of a call for change from new anti-austerity party Podemos, a week after Greece elected its ally Syriza. AFP PHOTO\/ GERARD JULIEN (Photo credit should read GERARD JULIEN\/AFP\/Getty Images)"},{"@type":"BreadcrumbList","@id":"https:\/\/psol50.org.br\/espanha-esquerda-cresce-nas-eleicoes-locais\/#breadcrumb","itemListElement":[{"@type":"ListItem","position":1,"name":"In\u00edcio","item":"https:\/\/psol50.org.br\/"},{"@type":"ListItem","position":2,"name":"Espanha: Esquerda cresce nas elei\u00e7\u00f5es locais"}]},{"@type":"WebSite","@id":"https:\/\/psol50.org.br\/#website","url":"https:\/\/psol50.org.br\/","name":"PSOL 50","description":"Site oficial do Partido Socialismo e Liberdade","publisher":{"@id":"https:\/\/psol50.org.br\/#organization"},"alternateName":"PSOL50","potentialAction":[{"@type":"SearchAction","target":{"@type":"EntryPoint","urlTemplate":"https:\/\/psol50.org.br\/?s={search_term_string}"},"query-input":{"@type":"PropertyValueSpecification","valueRequired":true,"valueName":"search_term_string"}}],"inLanguage":"pt-BR"},{"@type":"Organization","@id":"https:\/\/psol50.org.br\/#organization","name":"PSOL 50","alternateName":"PSOL 50","url":"https:\/\/psol50.org.br\/","logo":{"@type":"ImageObject","inLanguage":"pt-BR","@id":"https:\/\/psol50.org.br\/#\/schema\/logo\/image\/","url":"https:\/\/psol50.org.br\/inc\/uploads\/2018\/07\/capa.png","contentUrl":"https:\/\/psol50.org.br\/inc\/uploads\/2018\/07\/capa.png","width":1350,"height":900,"caption":"PSOL 50"},"image":{"@id":"https:\/\/psol50.org.br\/#\/schema\/logo\/image\/"},"sameAs":["https:\/\/www.facebook.com\/psol50","https:\/\/x.com\/psol50","https:\/\/www.instagram.com\/psol50\/","https:\/\/www.youtube.com\/channel\/UC7SnJS5o1os7a6CaiNabzcg"]},{"@type":"Person","@id":"https:\/\/psol50.org.br\/#\/schema\/person\/475dfa57d0b815993c714c2e96491fcd","name":"Comunica\u00e7\u00e3o PSOL","image":{"@type":"ImageObject","inLanguage":"pt-BR","@id":"https:\/\/psol50.org.br\/#\/schema\/person\/image\/","url":"https:\/\/secure.gravatar.com\/avatar\/b34fc4f4e468a4e51785917065a3db57b841f5c95dba6ad8c73aaf8f66f8f9bf?s=96&d=mm&r=g","contentUrl":"https:\/\/secure.gravatar.com\/avatar\/b34fc4f4e468a4e51785917065a3db57b841f5c95dba6ad8c73aaf8f66f8f9bf?s=96&d=mm&r=g","caption":"Comunica\u00e7\u00e3o PSOL"}}]}},"_links":{"self":[{"href":"https:\/\/psol50.org.br\/rest\/wp\/v2\/posts\/3280","targetHints":{"allow":["GET"]}}],"collection":[{"href":"https:\/\/psol50.org.br\/rest\/wp\/v2\/posts"}],"about":[{"href":"https:\/\/psol50.org.br\/rest\/wp\/v2\/types\/post"}],"author":[{"embeddable":true,"href":"https:\/\/psol50.org.br\/rest\/wp\/v2\/users\/2"}],"replies":[{"embeddable":true,"href":"https:\/\/psol50.org.br\/rest\/wp\/v2\/comments?post=3280"}],"version-history":[{"count":0,"href":"https:\/\/psol50.org.br\/rest\/wp\/v2\/posts\/3280\/revisions"}],"wp:featuredmedia":[{"embeddable":true,"href":"https:\/\/psol50.org.br\/rest\/wp\/v2\/media\/10156"}],"wp:attachment":[{"href":"https:\/\/psol50.org.br\/rest\/wp\/v2\/media?parent=3280"}],"wp:term":[{"taxonomy":"category","embeddable":true,"href":"https:\/\/psol50.org.br\/rest\/wp\/v2\/categories?post=3280"},{"taxonomy":"post_tag","embeddable":true,"href":"https:\/\/psol50.org.br\/rest\/wp\/v2\/tags?post=3280"}],"curies":[{"name":"wp","href":"https:\/\/api.w.org\/{rel}","templated":true}]}}