{"id":32817,"date":"2021-06-22T13:58:54","date_gmt":"2021-06-22T16:58:54","guid":{"rendered":"https:\/\/psol50.org.br\/?p=32817"},"modified":"2021-07-06T17:50:03","modified_gmt":"2021-07-06T20:50:03","slug":"boulos-manifestacoes-colocaram-bolsonaro-na-defensiva","status":"publish","type":"post","link":"https:\/\/psol50.org.br\/boulos-manifestacoes-colocaram-bolsonaro-na-defensiva\/","title":{"rendered":"Boulos: &#8220;Manifesta\u00e7\u00f5es colocaram Bolsonaro na defensiva&#8221;"},"content":{"rendered":"<p><a href=\"https:\/\/psol50.org.br\/psolcontraafome\/\" target=\"_blank\" rel=\"noopener\"><img loading=\"lazy\" decoding=\"async\" class=\"size-full wp-image-32462 aligncenter\" src=\"https:\/\/psol50.org.br\/inc\/uploads\/2021\/04\/PSOLContraAFome_Variacoes_Email.png\" alt=\"\" width=\"811\" height=\"189\" srcset=\"https:\/\/psol50.org.br\/inc\/uploads\/2021\/04\/PSOLContraAFome_Variacoes_Email.png 811w, https:\/\/psol50.org.br\/inc\/uploads\/2021\/04\/PSOLContraAFome_Variacoes_Email-300x70.png 300w, https:\/\/psol50.org.br\/inc\/uploads\/2021\/04\/PSOLContraAFome_Variacoes_Email-768x179.png 768w, https:\/\/psol50.org.br\/inc\/uploads\/2021\/04\/PSOLContraAFome_Variacoes_Email-150x35.png 150w, https:\/\/psol50.org.br\/inc\/uploads\/2021\/04\/PSOLContraAFome_Variacoes_Email-696x162.png 696w\" sizes=\"auto, (max-width: 811px) 100vw, 811px\" \/><\/a><br \/>\nEm seu artigo semanal na Folha de S. Paulo, Guilherme Boulos falou sobre as hist\u00f3ricas manifesta\u00e7\u00f5es do \u00faltimo s\u00e1bado, dia em que o Brasil bateu a triste marca de 500 mil mortes por Covid-19. Com p\u00fablico ainda maior e mobilizando mais do que o dobro de cidades, o #19J superou as j\u00e1 significativas manifesta\u00e7\u00f5es de 29 de maio. O presidente Jair Bolsonaro acusou o golpe e est\u00e1 na defensiva desde a demonstra\u00e7\u00e3o de for\u00e7a popular nas ruas.<br \/>\n&#8220;A suposi\u00e7\u00e3o de que os atos de 29 de maio teriam sido epis\u00f3dicos, mais um desabafo do que o impulso para uma mobiliza\u00e7\u00e3o nacional, caiu por terra&#8221;, constatou Boulos, que falou sobre os anseios das ruas de retirar Bolsonaro imediatamente da Presid\u00eancia do Brasil. &#8220;O foco das ruas tem sido o impeachment de Bolsonaro, em contraponto \u00e0 ideia de simplesmente aprofundar seu desgaste at\u00e9 as elei\u00e7\u00f5es de 2022. As perdas humanas e sociais que podemos ter at\u00e9 l\u00e1 caso ele continue no comando s\u00e3o incalcul\u00e1veis&#8221;, alerta.<br \/>\nGuilherme Boulos mostra que o que ainda sustenta Bolsonaro no cargo \u00e9 a corrup\u00e7\u00e3o e troca de favores com o Centr\u00e3o do Congresso Nacional atrav\u00e9s de emendas e Minist\u00e9rios. &#8220;No entanto a queda de popularidade de Bolsonaro \u2014sobretudo no Nordeste, onde est\u00e1 a for\u00e7a eleitoral de muitos deputados do centr\u00e3o\u2014 pode mudar o ambiente no parlamento. Se forem for\u00e7ados a escolher entre o c\u00e1lculo da pr\u00f3pria reelei\u00e7\u00e3o e a fidelidade ao governo, n\u00e3o hesitar\u00e3o. O grito das ruas pode ser o empurr\u00e3o que faltava&#8221;, avalia.<br \/>\nUma das maiores import\u00e2ncias das manifesta\u00e7\u00f5es, segundo o militante do PSOL e do MTST, \u00e9 o freio \u00e0s aventuras golpistas de Jair Bolsonaro, que tenta criar o clima para uma poss\u00edvel ruptura institucional. Para Boulos, as manifesta\u00e7\u00f5es &#8220;s\u00e3o uma demonstra\u00e7\u00e3o de for\u00e7a contra a marcha autorit\u00e1ria de Bolsonaro, uma esp\u00e9cie de barreira popular a seu projeto golpista, que toma contornos cada vez mais claros. Ao mobilizar seus partid\u00e1rios em passeios de moto, levar Pazuello a quebrar a hierarquia militar e intensificar a narrativa do voto impresso, Bolsonaro vai preparando o clima de uma ruptura institucional&#8221;.<br \/>\n&#8220;Por isso, as manifesta\u00e7\u00f5es de rua s\u00e3o t\u00e3o importantes: colocam Bolsonaro na defensiva, t\u00eam o potencial de pautar o impeachment e representam uma barreira popular \u00e0 sua estrat\u00e9gia autorit\u00e1ria. Por isso \u00e9 fundamental seguir e faz\u00ea-las crescer ainda mais. Nas encruzilhadas da hist\u00f3ria, a omiss\u00e3o \u00e9 sempre o pior caminho&#8221;, conclui Boulos.<\/p>\n<h5><strong><a href=\"https:\/\/www1.folha.uol.com.br\/colunas\/guilhermeboulos\/2021\/06\/as-ruas-e-a-historia.shtml\" target=\"_blank\" rel=\"noopener\">Leia o artigo na \u00edntegra clicando aqui.<\/a><\/strong><\/h5>\n<p><a href=\"https:\/\/psol50.org.br\/rendajusta\/\" target=\"_blank\" rel=\"noopener\"><img loading=\"lazy\" decoding=\"async\" class=\"alignnone size-full wp-image-30552\" src=\"https:\/\/psol50.org.br\/inc\/uploads\/2020\/08\/21-08-2020_LancamentoRendaJusta-2.png\" alt=\"\" width=\"1920\" height=\"383\" srcset=\"https:\/\/psol50.org.br\/inc\/uploads\/2020\/08\/21-08-2020_LancamentoRendaJusta-2.png 1920w, https:\/\/psol50.org.br\/inc\/uploads\/2020\/08\/21-08-2020_LancamentoRendaJusta-2-300x60.png 300w, https:\/\/psol50.org.br\/inc\/uploads\/2020\/08\/21-08-2020_LancamentoRendaJusta-2-1024x204.png 1024w, https:\/\/psol50.org.br\/inc\/uploads\/2020\/08\/21-08-2020_LancamentoRendaJusta-2-768x153.png 768w, https:\/\/psol50.org.br\/inc\/uploads\/2020\/08\/21-08-2020_LancamentoRendaJusta-2-1536x306.png 1536w, https:\/\/psol50.org.br\/inc\/uploads\/2020\/08\/21-08-2020_LancamentoRendaJusta-2-150x30.png 150w, https:\/\/psol50.org.br\/inc\/uploads\/2020\/08\/21-08-2020_LancamentoRendaJusta-2-696x139.png 696w, https:\/\/psol50.org.br\/inc\/uploads\/2020\/08\/21-08-2020_LancamentoRendaJusta-2-1068x213.png 1068w\" sizes=\"auto, (max-width: 1920px) 100vw, 1920px\" \/><\/a><\/p>\n","protected":false},"excerpt":{"rendered":"<p>Em seu artigo semanal na Folha de S. Paulo, Guilherme Boulos falou sobre as hist\u00f3ricas manifesta\u00e7\u00f5es do \u00faltimo s\u00e1bado, dia em que o Brasil bateu a triste marca de 500 mil mortes por Covid-19. Com p\u00fablico ainda maior e mobilizando mais do que o dobro de cidades, o #19J superou as j\u00e1 significativas manifesta\u00e7\u00f5es de [&hellip;]<\/p>\n","protected":false},"author":2,"featured_media":32818,"comment_status":"closed","ping_status":"open","sticky":false,"template":"","format":"standard","meta":{"_acf_changed":false,"footnotes":""},"categories":[3,6],"tags":[1634,266,56,977,314],"class_list":{"0":"post-32817","1":"post","2":"type-post","3":"status-publish","4":"format-standard","5":"has-post-thumbnail","7":"category-artigos-e-entrevistas","8":"category-noticias","9":"tag-19-de-junho","10":"tag-artigo","11":"tag-bolsonaro","12":"tag-guilherme-boulos","13":"tag-manifestacoes"},"acf":[],"yoast_head":"<!-- This site is optimized with the Yoast SEO plugin v26.5 - https:\/\/yoast.com\/wordpress\/plugins\/seo\/ -->\n<title>Boulos: &quot;Manifesta\u00e7\u00f5es colocaram Bolsonaro na defensiva&quot; - PSOL 50<\/title>\n<meta name=\"description\" content=\"Com p\u00fablico ainda maior e mobilizando mais do que o dobro de cidades, o #19J superou as j\u00e1 significativas manifesta\u00e7\u00f5es de 29 de maio.\" \/>\n<meta name=\"robots\" content=\"index, follow, max-snippet:-1, max-image-preview:large, max-video-preview:-1\" \/>\n<link rel=\"canonical\" href=\"https:\/\/psol50.org.br\/boulos-manifestacoes-colocaram-bolsonaro-na-defensiva\/\" \/>\n<meta property=\"og:locale\" content=\"pt_BR\" \/>\n<meta property=\"og:type\" content=\"article\" \/>\n<meta property=\"og:title\" content=\"Boulos: &quot;Manifesta\u00e7\u00f5es colocaram Bolsonaro na defensiva&quot;\" \/>\n<meta property=\"og:description\" content=\"Com p\u00fablico ainda maior e mobilizando mais do que o dobro de cidades, o #19J superou as j\u00e1 significativas manifesta\u00e7\u00f5es de 29 de maio.\" \/>\n<meta property=\"og:url\" content=\"https:\/\/psol50.org.br\/boulos-manifestacoes-colocaram-bolsonaro-na-defensiva\/\" \/>\n<meta property=\"og:site_name\" content=\"PSOL 50\" \/>\n<meta property=\"article:publisher\" content=\"https:\/\/www.facebook.com\/psol50\" \/>\n<meta property=\"article:published_time\" content=\"2021-06-22T16:58:54+00:00\" \/>\n<meta property=\"article:modified_time\" content=\"2021-07-06T20:50:03+00:00\" \/>\n<meta property=\"og:image\" content=\"https:\/\/psol50.org.br\/inc\/uploads\/2021\/06\/E4RbqYHWUAIBSjd.jpg\" \/>\n\t<meta property=\"og:image:width\" content=\"1280\" \/>\n\t<meta property=\"og:image:height\" content=\"853\" \/>\n\t<meta property=\"og:image:type\" content=\"image\/jpeg\" \/>\n<meta name=\"author\" content=\"Comunica\u00e7\u00e3o PSOL\" \/>\n<meta name=\"twitter:card\" content=\"summary_large_image\" \/>\n<meta name=\"twitter:title\" content=\"Boulos: &quot;Manifesta\u00e7\u00f5es colocaram Bolsonaro na defensiva&quot;\" \/>\n<meta name=\"twitter:description\" content=\"Com p\u00fablico ainda maior e mobilizando mais do que o dobro de cidades, o #19J superou as j\u00e1 significativas manifesta\u00e7\u00f5es de 29 de maio.\" \/>\n<meta name=\"twitter:image\" content=\"https:\/\/psol50.org.br\/inc\/uploads\/2021\/06\/E4RbqYHWUAIBSjd.jpg\" \/>\n<meta name=\"twitter:creator\" content=\"@psol50\" \/>\n<meta name=\"twitter:site\" content=\"@psol50\" \/>\n<meta name=\"twitter:label1\" content=\"Escrito por\" \/>\n\t<meta name=\"twitter:data1\" content=\"Comunica\u00e7\u00e3o PSOL\" \/>\n\t<meta name=\"twitter:label2\" content=\"Est. tempo de leitura\" \/>\n\t<meta name=\"twitter:data2\" content=\"3 minutos\" \/>\n<script type=\"application\/ld+json\" class=\"yoast-schema-graph\">{\"@context\":\"https:\/\/schema.org\",\"@graph\":[{\"@type\":\"Article\",\"@id\":\"https:\/\/psol50.org.br\/boulos-manifestacoes-colocaram-bolsonaro-na-defensiva\/#article\",\"isPartOf\":{\"@id\":\"https:\/\/psol50.org.br\/boulos-manifestacoes-colocaram-bolsonaro-na-defensiva\/\"},\"author\":{\"name\":\"Comunica\u00e7\u00e3o PSOL\",\"@id\":\"https:\/\/psol50.org.br\/#\/schema\/person\/475dfa57d0b815993c714c2e96491fcd\"},\"headline\":\"Boulos: &#8220;Manifesta\u00e7\u00f5es colocaram Bolsonaro na defensiva&#8221;\",\"datePublished\":\"2021-06-22T16:58:54+00:00\",\"dateModified\":\"2021-07-06T20:50:03+00:00\",\"mainEntityOfPage\":{\"@id\":\"https:\/\/psol50.org.br\/boulos-manifestacoes-colocaram-bolsonaro-na-defensiva\/\"},\"wordCount\":445,\"publisher\":{\"@id\":\"https:\/\/psol50.org.br\/#organization\"},\"image\":{\"@id\":\"https:\/\/psol50.org.br\/boulos-manifestacoes-colocaram-bolsonaro-na-defensiva\/#primaryimage\"},\"thumbnailUrl\":\"https:\/\/psol50.org.br\/inc\/uploads\/2021\/06\/E4RbqYHWUAIBSjd.jpg\",\"keywords\":[\"19 de junho\",\"artigo\",\"Bolsonaro\",\"Guilherme Boulos\",\"manifesta\u00e7\u00f5es\"],\"articleSection\":[\"Artigos\",\"Not\u00edcias\"],\"inLanguage\":\"pt-BR\"},{\"@type\":\"WebPage\",\"@id\":\"https:\/\/psol50.org.br\/boulos-manifestacoes-colocaram-bolsonaro-na-defensiva\/\",\"url\":\"https:\/\/psol50.org.br\/boulos-manifestacoes-colocaram-bolsonaro-na-defensiva\/\",\"name\":\"Boulos: \\\"Manifesta\u00e7\u00f5es colocaram Bolsonaro na defensiva\\\" - PSOL 50\",\"isPartOf\":{\"@id\":\"https:\/\/psol50.org.br\/#website\"},\"primaryImageOfPage\":{\"@id\":\"https:\/\/psol50.org.br\/boulos-manifestacoes-colocaram-bolsonaro-na-defensiva\/#primaryimage\"},\"image\":{\"@id\":\"https:\/\/psol50.org.br\/boulos-manifestacoes-colocaram-bolsonaro-na-defensiva\/#primaryimage\"},\"thumbnailUrl\":\"https:\/\/psol50.org.br\/inc\/uploads\/2021\/06\/E4RbqYHWUAIBSjd.jpg\",\"datePublished\":\"2021-06-22T16:58:54+00:00\",\"dateModified\":\"2021-07-06T20:50:03+00:00\",\"description\":\"Com p\u00fablico ainda maior e mobilizando mais do que o dobro de cidades, o #19J superou as j\u00e1 significativas manifesta\u00e7\u00f5es de 29 de maio.\",\"breadcrumb\":{\"@id\":\"https:\/\/psol50.org.br\/boulos-manifestacoes-colocaram-bolsonaro-na-defensiva\/#breadcrumb\"},\"inLanguage\":\"pt-BR\",\"potentialAction\":[{\"@type\":\"ReadAction\",\"target\":[\"https:\/\/psol50.org.br\/boulos-manifestacoes-colocaram-bolsonaro-na-defensiva\/\"]}]},{\"@type\":\"ImageObject\",\"inLanguage\":\"pt-BR\",\"@id\":\"https:\/\/psol50.org.br\/boulos-manifestacoes-colocaram-bolsonaro-na-defensiva\/#primaryimage\",\"url\":\"https:\/\/psol50.org.br\/inc\/uploads\/2021\/06\/E4RbqYHWUAIBSjd.jpg\",\"contentUrl\":\"https:\/\/psol50.org.br\/inc\/uploads\/2021\/06\/E4RbqYHWUAIBSjd.jpg\",\"width\":1280,\"height\":853,\"caption\":\"Foto: M\u00eddia Ninja\"},{\"@type\":\"BreadcrumbList\",\"@id\":\"https:\/\/psol50.org.br\/boulos-manifestacoes-colocaram-bolsonaro-na-defensiva\/#breadcrumb\",\"itemListElement\":[{\"@type\":\"ListItem\",\"position\":1,\"name\":\"In\u00edcio\",\"item\":\"https:\/\/psol50.org.br\/\"},{\"@type\":\"ListItem\",\"position\":2,\"name\":\"Boulos: &#8220;Manifesta\u00e7\u00f5es colocaram Bolsonaro na defensiva&#8221;\"}]},{\"@type\":\"WebSite\",\"@id\":\"https:\/\/psol50.org.br\/#website\",\"url\":\"https:\/\/psol50.org.br\/\",\"name\":\"PSOL 50\",\"description\":\"Site oficial do Partido Socialismo e Liberdade\",\"publisher\":{\"@id\":\"https:\/\/psol50.org.br\/#organization\"},\"alternateName\":\"PSOL50\",\"potentialAction\":[{\"@type\":\"SearchAction\",\"target\":{\"@type\":\"EntryPoint\",\"urlTemplate\":\"https:\/\/psol50.org.br\/?s={search_term_string}\"},\"query-input\":{\"@type\":\"PropertyValueSpecification\",\"valueRequired\":true,\"valueName\":\"search_term_string\"}}],\"inLanguage\":\"pt-BR\"},{\"@type\":\"Organization\",\"@id\":\"https:\/\/psol50.org.br\/#organization\",\"name\":\"PSOL 50\",\"alternateName\":\"PSOL 50\",\"url\":\"https:\/\/psol50.org.br\/\",\"logo\":{\"@type\":\"ImageObject\",\"inLanguage\":\"pt-BR\",\"@id\":\"https:\/\/psol50.org.br\/#\/schema\/logo\/image\/\",\"url\":\"https:\/\/psol50.org.br\/inc\/uploads\/2018\/07\/capa.png\",\"contentUrl\":\"https:\/\/psol50.org.br\/inc\/uploads\/2018\/07\/capa.png\",\"width\":1350,\"height\":900,\"caption\":\"PSOL 50\"},\"image\":{\"@id\":\"https:\/\/psol50.org.br\/#\/schema\/logo\/image\/\"},\"sameAs\":[\"https:\/\/www.facebook.com\/psol50\",\"https:\/\/x.com\/psol50\",\"https:\/\/www.instagram.com\/psol50\/\",\"https:\/\/www.youtube.com\/channel\/UC7SnJS5o1os7a6CaiNabzcg\"]},{\"@type\":\"Person\",\"@id\":\"https:\/\/psol50.org.br\/#\/schema\/person\/475dfa57d0b815993c714c2e96491fcd\",\"name\":\"Comunica\u00e7\u00e3o PSOL\",\"image\":{\"@type\":\"ImageObject\",\"inLanguage\":\"pt-BR\",\"@id\":\"https:\/\/psol50.org.br\/#\/schema\/person\/image\/\",\"url\":\"https:\/\/secure.gravatar.com\/avatar\/b34fc4f4e468a4e51785917065a3db57b841f5c95dba6ad8c73aaf8f66f8f9bf?s=96&d=mm&r=g\",\"contentUrl\":\"https:\/\/secure.gravatar.com\/avatar\/b34fc4f4e468a4e51785917065a3db57b841f5c95dba6ad8c73aaf8f66f8f9bf?s=96&d=mm&r=g\",\"caption\":\"Comunica\u00e7\u00e3o PSOL\"}}]}<\/script>\n<!-- \/ Yoast SEO plugin. -->","yoast_head_json":{"title":"Boulos: \"Manifesta\u00e7\u00f5es colocaram Bolsonaro na defensiva\" - PSOL 50","description":"Com p\u00fablico ainda maior e mobilizando mais do que o dobro de cidades, o #19J superou as j\u00e1 significativas manifesta\u00e7\u00f5es de 29 de maio.","robots":{"index":"index","follow":"follow","max-snippet":"max-snippet:-1","max-image-preview":"max-image-preview:large","max-video-preview":"max-video-preview:-1"},"canonical":"https:\/\/psol50.org.br\/boulos-manifestacoes-colocaram-bolsonaro-na-defensiva\/","og_locale":"pt_BR","og_type":"article","og_title":"Boulos: \"Manifesta\u00e7\u00f5es colocaram Bolsonaro na defensiva\"","og_description":"Com p\u00fablico ainda maior e mobilizando mais do que o dobro de cidades, o #19J superou as j\u00e1 significativas manifesta\u00e7\u00f5es de 29 de maio.","og_url":"https:\/\/psol50.org.br\/boulos-manifestacoes-colocaram-bolsonaro-na-defensiva\/","og_site_name":"PSOL 50","article_publisher":"https:\/\/www.facebook.com\/psol50","article_published_time":"2021-06-22T16:58:54+00:00","article_modified_time":"2021-07-06T20:50:03+00:00","og_image":[{"width":1280,"height":853,"url":"https:\/\/psol50.org.br\/inc\/uploads\/2021\/06\/E4RbqYHWUAIBSjd.jpg","type":"image\/jpeg"}],"author":"Comunica\u00e7\u00e3o PSOL","twitter_card":"summary_large_image","twitter_title":"Boulos: \"Manifesta\u00e7\u00f5es colocaram Bolsonaro na defensiva\"","twitter_description":"Com p\u00fablico ainda maior e mobilizando mais do que o dobro de cidades, o #19J superou as j\u00e1 significativas manifesta\u00e7\u00f5es de 29 de maio.","twitter_image":"https:\/\/psol50.org.br\/inc\/uploads\/2021\/06\/E4RbqYHWUAIBSjd.jpg","twitter_creator":"@psol50","twitter_site":"@psol50","twitter_misc":{"Escrito por":"Comunica\u00e7\u00e3o PSOL","Est. tempo de leitura":"3 minutos"},"schema":{"@context":"https:\/\/schema.org","@graph":[{"@type":"Article","@id":"https:\/\/psol50.org.br\/boulos-manifestacoes-colocaram-bolsonaro-na-defensiva\/#article","isPartOf":{"@id":"https:\/\/psol50.org.br\/boulos-manifestacoes-colocaram-bolsonaro-na-defensiva\/"},"author":{"name":"Comunica\u00e7\u00e3o PSOL","@id":"https:\/\/psol50.org.br\/#\/schema\/person\/475dfa57d0b815993c714c2e96491fcd"},"headline":"Boulos: &#8220;Manifesta\u00e7\u00f5es colocaram Bolsonaro na defensiva&#8221;","datePublished":"2021-06-22T16:58:54+00:00","dateModified":"2021-07-06T20:50:03+00:00","mainEntityOfPage":{"@id":"https:\/\/psol50.org.br\/boulos-manifestacoes-colocaram-bolsonaro-na-defensiva\/"},"wordCount":445,"publisher":{"@id":"https:\/\/psol50.org.br\/#organization"},"image":{"@id":"https:\/\/psol50.org.br\/boulos-manifestacoes-colocaram-bolsonaro-na-defensiva\/#primaryimage"},"thumbnailUrl":"https:\/\/psol50.org.br\/inc\/uploads\/2021\/06\/E4RbqYHWUAIBSjd.jpg","keywords":["19 de junho","artigo","Bolsonaro","Guilherme Boulos","manifesta\u00e7\u00f5es"],"articleSection":["Artigos","Not\u00edcias"],"inLanguage":"pt-BR"},{"@type":"WebPage","@id":"https:\/\/psol50.org.br\/boulos-manifestacoes-colocaram-bolsonaro-na-defensiva\/","url":"https:\/\/psol50.org.br\/boulos-manifestacoes-colocaram-bolsonaro-na-defensiva\/","name":"Boulos: \"Manifesta\u00e7\u00f5es colocaram Bolsonaro na defensiva\" - PSOL 50","isPartOf":{"@id":"https:\/\/psol50.org.br\/#website"},"primaryImageOfPage":{"@id":"https:\/\/psol50.org.br\/boulos-manifestacoes-colocaram-bolsonaro-na-defensiva\/#primaryimage"},"image":{"@id":"https:\/\/psol50.org.br\/boulos-manifestacoes-colocaram-bolsonaro-na-defensiva\/#primaryimage"},"thumbnailUrl":"https:\/\/psol50.org.br\/inc\/uploads\/2021\/06\/E4RbqYHWUAIBSjd.jpg","datePublished":"2021-06-22T16:58:54+00:00","dateModified":"2021-07-06T20:50:03+00:00","description":"Com p\u00fablico ainda maior e mobilizando mais do que o dobro de cidades, o #19J superou as j\u00e1 significativas manifesta\u00e7\u00f5es de 29 de maio.","breadcrumb":{"@id":"https:\/\/psol50.org.br\/boulos-manifestacoes-colocaram-bolsonaro-na-defensiva\/#breadcrumb"},"inLanguage":"pt-BR","potentialAction":[{"@type":"ReadAction","target":["https:\/\/psol50.org.br\/boulos-manifestacoes-colocaram-bolsonaro-na-defensiva\/"]}]},{"@type":"ImageObject","inLanguage":"pt-BR","@id":"https:\/\/psol50.org.br\/boulos-manifestacoes-colocaram-bolsonaro-na-defensiva\/#primaryimage","url":"https:\/\/psol50.org.br\/inc\/uploads\/2021\/06\/E4RbqYHWUAIBSjd.jpg","contentUrl":"https:\/\/psol50.org.br\/inc\/uploads\/2021\/06\/E4RbqYHWUAIBSjd.jpg","width":1280,"height":853,"caption":"Foto: M\u00eddia Ninja"},{"@type":"BreadcrumbList","@id":"https:\/\/psol50.org.br\/boulos-manifestacoes-colocaram-bolsonaro-na-defensiva\/#breadcrumb","itemListElement":[{"@type":"ListItem","position":1,"name":"In\u00edcio","item":"https:\/\/psol50.org.br\/"},{"@type":"ListItem","position":2,"name":"Boulos: &#8220;Manifesta\u00e7\u00f5es colocaram Bolsonaro na defensiva&#8221;"}]},{"@type":"WebSite","@id":"https:\/\/psol50.org.br\/#website","url":"https:\/\/psol50.org.br\/","name":"PSOL 50","description":"Site oficial do Partido Socialismo e Liberdade","publisher":{"@id":"https:\/\/psol50.org.br\/#organization"},"alternateName":"PSOL50","potentialAction":[{"@type":"SearchAction","target":{"@type":"EntryPoint","urlTemplate":"https:\/\/psol50.org.br\/?s={search_term_string}"},"query-input":{"@type":"PropertyValueSpecification","valueRequired":true,"valueName":"search_term_string"}}],"inLanguage":"pt-BR"},{"@type":"Organization","@id":"https:\/\/psol50.org.br\/#organization","name":"PSOL 50","alternateName":"PSOL 50","url":"https:\/\/psol50.org.br\/","logo":{"@type":"ImageObject","inLanguage":"pt-BR","@id":"https:\/\/psol50.org.br\/#\/schema\/logo\/image\/","url":"https:\/\/psol50.org.br\/inc\/uploads\/2018\/07\/capa.png","contentUrl":"https:\/\/psol50.org.br\/inc\/uploads\/2018\/07\/capa.png","width":1350,"height":900,"caption":"PSOL 50"},"image":{"@id":"https:\/\/psol50.org.br\/#\/schema\/logo\/image\/"},"sameAs":["https:\/\/www.facebook.com\/psol50","https:\/\/x.com\/psol50","https:\/\/www.instagram.com\/psol50\/","https:\/\/www.youtube.com\/channel\/UC7SnJS5o1os7a6CaiNabzcg"]},{"@type":"Person","@id":"https:\/\/psol50.org.br\/#\/schema\/person\/475dfa57d0b815993c714c2e96491fcd","name":"Comunica\u00e7\u00e3o PSOL","image":{"@type":"ImageObject","inLanguage":"pt-BR","@id":"https:\/\/psol50.org.br\/#\/schema\/person\/image\/","url":"https:\/\/secure.gravatar.com\/avatar\/b34fc4f4e468a4e51785917065a3db57b841f5c95dba6ad8c73aaf8f66f8f9bf?s=96&d=mm&r=g","contentUrl":"https:\/\/secure.gravatar.com\/avatar\/b34fc4f4e468a4e51785917065a3db57b841f5c95dba6ad8c73aaf8f66f8f9bf?s=96&d=mm&r=g","caption":"Comunica\u00e7\u00e3o PSOL"}}]}},"_links":{"self":[{"href":"https:\/\/psol50.org.br\/rest\/wp\/v2\/posts\/32817","targetHints":{"allow":["GET"]}}],"collection":[{"href":"https:\/\/psol50.org.br\/rest\/wp\/v2\/posts"}],"about":[{"href":"https:\/\/psol50.org.br\/rest\/wp\/v2\/types\/post"}],"author":[{"embeddable":true,"href":"https:\/\/psol50.org.br\/rest\/wp\/v2\/users\/2"}],"replies":[{"embeddable":true,"href":"https:\/\/psol50.org.br\/rest\/wp\/v2\/comments?post=32817"}],"version-history":[{"count":1,"href":"https:\/\/psol50.org.br\/rest\/wp\/v2\/posts\/32817\/revisions"}],"predecessor-version":[{"id":33228,"href":"https:\/\/psol50.org.br\/rest\/wp\/v2\/posts\/32817\/revisions\/33228"}],"wp:featuredmedia":[{"embeddable":true,"href":"https:\/\/psol50.org.br\/rest\/wp\/v2\/media\/32818"}],"wp:attachment":[{"href":"https:\/\/psol50.org.br\/rest\/wp\/v2\/media?parent=32817"}],"wp:term":[{"taxonomy":"category","embeddable":true,"href":"https:\/\/psol50.org.br\/rest\/wp\/v2\/categories?post=32817"},{"taxonomy":"post_tag","embeddable":true,"href":"https:\/\/psol50.org.br\/rest\/wp\/v2\/tags?post=32817"}],"curies":[{"name":"wp","href":"https:\/\/api.w.org\/{rel}","templated":true}]}}