{"id":3283,"date":"2015-05-27T00:00:00","date_gmt":"2015-05-27T15:14:13","guid":{"rendered":"http:\/\/psol50.org.br\/arquivo\/2015\/05\/27\/reforma-politica-distritao-e-rejeitado-em-votacao-na-camara\/"},"modified":"2015-05-27T00:00:00","modified_gmt":"2015-05-27T15:14:13","slug":"reforma-politica-distritao-e-rejeitado-em-votacao-na-camara","status":"publish","type":"post","link":"https:\/\/psol50.org.br\/reforma-politica-distritao-e-rejeitado-em-votacao-na-camara\/","title":{"rendered":"Reforma pol\u00edtica: distrit\u00e3o \u00e9 rejeitado em vota\u00e7\u00e3o na C\u00e2mara"},"content":{"rendered":"<p style=\"text-align: justify;\">\n\t<span style=\"font-family:arial,helvetica,sans-serif;\"><span style=\"font-size: 12px;\">O sistema eleitoral que acabaria com a ideia de solidariedade partid\u00e1ria para privilegiar um candidato individualista, o distrit\u00e3o, foi derrotado na noite desta ter\u00e7a-feira (26), no plen\u00e1rio da C\u00e2mara dos Deputados. A proposta foi rejeitada com 267 votos contr\u00e1rios, 210 favor\u00e1veis e 5 absten\u00e7\u00f5es.<br \/>\n\t&nbsp;<br \/>\n\t\u201cAprovarmos aqui esse sistema majorit\u00e1rio individualista, que mata a ideia de solidariedade partid\u00e1ria, \u00e9 colocar no alto do trono da Rep\u00fablica brasileira a guerra eleitoral de todos contra todos, o cada um por si, a campanha rica, a campanha de celebridade, o partido como mero carimbador daqueles que ali chegam com potencial de votos de rebanhos, telespectadores, ouvintes dos grandes radialistas. Isso mata a ideia central da pol\u00edtica que pode abrir caminhos para o Brasil, que \u00e9 a da solidariedade\u201d, afirmou o l\u00edder do PSOL, deputado Chico Alencar.<br \/>\n\t&nbsp;<br \/>\n\tSegundo ele, distrit\u00e3o significaria um completo retrocesso. \u201cMatar a ideia de partido, por mais que eles tenham problemas \u2014 e n\u00f3s, militantes partid\u00e1rios, todos aqui sabemos bem quais s\u00e3o esses problemas \u2014 \u00e9 vulnerabilizar de vez a atividade pol\u00edtica parlamentar aos interesses mais poderosos, mais mesquinhos, mais privatistas\u201d.<br \/>\n\t&nbsp;<br \/>\n\tPelo sistema distrit\u00e3o, deputados e vereadores s\u00e3o eleitos apenas pela quantidade de votos recebidos, n\u00e3o s\u00e3o considerados os votos em legenda. O PSOL defende o voto partid\u00e1rio em lista pr\u00e9-ordenada, com altern\u00e2ncia de g\u00eanero, e flex\u00edvel, isto \u00e9, a ser definida pelo pr\u00f3prio eleitor. Com a rejei\u00e7\u00e3o do distrit\u00e3o, o sistema eleitoral permanece como \u00e9 atualmente.<br \/>\n\t&nbsp;<br \/>\n\tMais do que a rejei\u00e7\u00e3o a um sistema eleitoral individualista, a derrota do distrit\u00e3o significou uma derrota ao presidente da C\u00e2mara, Eduardo Cunha, que defendia \u2013 e articulou \u2013 para sua aprova\u00e7\u00e3o.<br \/>\n\t&nbsp;<br \/>\n\t<strong>Financiamento empresarial<\/strong><br \/>\n\tO presidente da C\u00e2mara sofreu uma segunda derrota ainda na noite de ontem. A inclus\u00e3o na Constitui\u00e7\u00e3o do financiamento privado de campanha n\u00e3o vingou. A proposta recebeu 264 votos favor\u00e1veis e 207 contr\u00e1rios, mas foi rejeitada porque mudan\u00e7as na Constitui\u00e7\u00e3o precisam de, pelo menos, 308 votos a favor.&nbsp;<br \/>\n\t&nbsp;<br \/>\n\tNo entanto, Cunha vai tentar votar novamente &#8211; realizando mais uma manobra regimental &#8211; o financiamento de campanha eleitoral na tarde desta quarta-feira (27). Na pauta da reforma pol\u00edtica tamb\u00e9m est\u00e3o: fim ou n\u00e3o da reelei\u00e7\u00e3o; tempo de mandato de cargos eletivos; coincid\u00eancia de mandatos; cota para as mulheres; fim das coliga\u00e7\u00f5es; cl\u00e1usula de barreira; voto obrigat\u00f3rio e data da posse presidencial.<\/span><\/span><\/p>\n<p>&nbsp;<\/p>\n","protected":false},"excerpt":{"rendered":"<p>Para o PSOL, proposta acabaria com a ideia de partido. Sistema eleitoral continua como \u00e9 atualmente.  A inclus\u00e3o na Constitui\u00e7\u00e3o do financiamento privado de campanha tamb\u00e9m n\u00e3o passou<\/p>\n","protected":false},"author":2,"featured_media":0,"comment_status":"open","ping_status":"open","sticky":false,"template":"","format":"standard","meta":{"_acf_changed":false,"footnotes":""},"categories":[6],"tags":[],"class_list":{"0":"post-3283","1":"post","2":"type-post","3":"status-publish","4":"format-standard","6":"category-noticias"},"acf":[],"yoast_head":"<!-- This site is optimized with the Yoast SEO plugin v26.5 - https:\/\/yoast.com\/wordpress\/plugins\/seo\/ -->\n<title>Reforma pol\u00edtica: distrit\u00e3o \u00e9 rejeitado em vota\u00e7\u00e3o na C\u00e2mara - PSOL 50<\/title>\n<meta name=\"robots\" content=\"index, follow, max-snippet:-1, max-image-preview:large, max-video-preview:-1\" \/>\n<link rel=\"canonical\" href=\"https:\/\/psol50.org.br\/reforma-politica-distritao-e-rejeitado-em-votacao-na-camara\/\" \/>\n<meta property=\"og:locale\" content=\"pt_BR\" \/>\n<meta property=\"og:type\" content=\"article\" \/>\n<meta property=\"og:title\" content=\"Reforma pol\u00edtica: distrit\u00e3o \u00e9 rejeitado em vota\u00e7\u00e3o na C\u00e2mara - PSOL 50\" \/>\n<meta property=\"og:description\" content=\"Para o PSOL, proposta acabaria com a ideia de partido. Sistema eleitoral continua como \u00e9 atualmente. A inclus\u00e3o na Constitui\u00e7\u00e3o do financiamento privado de campanha tamb\u00e9m n\u00e3o passou\" \/>\n<meta property=\"og:url\" content=\"https:\/\/psol50.org.br\/reforma-politica-distritao-e-rejeitado-em-votacao-na-camara\/\" \/>\n<meta property=\"og:site_name\" content=\"PSOL 50\" \/>\n<meta property=\"article:publisher\" content=\"https:\/\/www.facebook.com\/psol50\" \/>\n<meta property=\"article:published_time\" content=\"2015-05-27T15:14:13+00:00\" \/>\n<meta property=\"og:image\" content=\"https:\/\/psol50.org.br\/inc\/uploads\/2018\/07\/capa.png\" \/>\n\t<meta property=\"og:image:width\" content=\"1350\" \/>\n\t<meta property=\"og:image:height\" content=\"900\" \/>\n\t<meta property=\"og:image:type\" content=\"image\/png\" \/>\n<meta name=\"author\" content=\"Comunica\u00e7\u00e3o PSOL\" \/>\n<meta name=\"twitter:card\" content=\"summary_large_image\" \/>\n<meta name=\"twitter:creator\" content=\"@psol50\" \/>\n<meta name=\"twitter:site\" content=\"@psol50\" \/>\n<meta name=\"twitter:label1\" content=\"Escrito por\" \/>\n\t<meta name=\"twitter:data1\" content=\"Comunica\u00e7\u00e3o PSOL\" \/>\n\t<meta name=\"twitter:label2\" content=\"Est. tempo de leitura\" \/>\n\t<meta name=\"twitter:data2\" content=\"2 minutos\" \/>\n<script type=\"application\/ld+json\" class=\"yoast-schema-graph\">{\"@context\":\"https:\/\/schema.org\",\"@graph\":[{\"@type\":\"Article\",\"@id\":\"https:\/\/psol50.org.br\/reforma-politica-distritao-e-rejeitado-em-votacao-na-camara\/#article\",\"isPartOf\":{\"@id\":\"https:\/\/psol50.org.br\/reforma-politica-distritao-e-rejeitado-em-votacao-na-camara\/\"},\"author\":{\"name\":\"Comunica\u00e7\u00e3o PSOL\",\"@id\":\"https:\/\/psol50.org.br\/#\/schema\/person\/475dfa57d0b815993c714c2e96491fcd\"},\"headline\":\"Reforma pol\u00edtica: distrit\u00e3o \u00e9 rejeitado em vota\u00e7\u00e3o na C\u00e2mara\",\"datePublished\":\"2015-05-27T15:14:13+00:00\",\"mainEntityOfPage\":{\"@id\":\"https:\/\/psol50.org.br\/reforma-politica-distritao-e-rejeitado-em-votacao-na-camara\/\"},\"wordCount\":434,\"commentCount\":0,\"publisher\":{\"@id\":\"https:\/\/psol50.org.br\/#organization\"},\"articleSection\":[\"Not\u00edcias\"],\"inLanguage\":\"pt-BR\",\"potentialAction\":[{\"@type\":\"CommentAction\",\"name\":\"Comment\",\"target\":[\"https:\/\/psol50.org.br\/reforma-politica-distritao-e-rejeitado-em-votacao-na-camara\/#respond\"]}]},{\"@type\":\"WebPage\",\"@id\":\"https:\/\/psol50.org.br\/reforma-politica-distritao-e-rejeitado-em-votacao-na-camara\/\",\"url\":\"https:\/\/psol50.org.br\/reforma-politica-distritao-e-rejeitado-em-votacao-na-camara\/\",\"name\":\"Reforma pol\u00edtica: distrit\u00e3o \u00e9 rejeitado em vota\u00e7\u00e3o na C\u00e2mara - PSOL 50\",\"isPartOf\":{\"@id\":\"https:\/\/psol50.org.br\/#website\"},\"datePublished\":\"2015-05-27T15:14:13+00:00\",\"breadcrumb\":{\"@id\":\"https:\/\/psol50.org.br\/reforma-politica-distritao-e-rejeitado-em-votacao-na-camara\/#breadcrumb\"},\"inLanguage\":\"pt-BR\",\"potentialAction\":[{\"@type\":\"ReadAction\",\"target\":[\"https:\/\/psol50.org.br\/reforma-politica-distritao-e-rejeitado-em-votacao-na-camara\/\"]}]},{\"@type\":\"BreadcrumbList\",\"@id\":\"https:\/\/psol50.org.br\/reforma-politica-distritao-e-rejeitado-em-votacao-na-camara\/#breadcrumb\",\"itemListElement\":[{\"@type\":\"ListItem\",\"position\":1,\"name\":\"In\u00edcio\",\"item\":\"https:\/\/psol50.org.br\/\"},{\"@type\":\"ListItem\",\"position\":2,\"name\":\"Reforma pol\u00edtica: distrit\u00e3o \u00e9 rejeitado em vota\u00e7\u00e3o na C\u00e2mara\"}]},{\"@type\":\"WebSite\",\"@id\":\"https:\/\/psol50.org.br\/#website\",\"url\":\"https:\/\/psol50.org.br\/\",\"name\":\"PSOL 50\",\"description\":\"Site oficial do Partido Socialismo e Liberdade\",\"publisher\":{\"@id\":\"https:\/\/psol50.org.br\/#organization\"},\"alternateName\":\"PSOL50\",\"potentialAction\":[{\"@type\":\"SearchAction\",\"target\":{\"@type\":\"EntryPoint\",\"urlTemplate\":\"https:\/\/psol50.org.br\/?s={search_term_string}\"},\"query-input\":{\"@type\":\"PropertyValueSpecification\",\"valueRequired\":true,\"valueName\":\"search_term_string\"}}],\"inLanguage\":\"pt-BR\"},{\"@type\":\"Organization\",\"@id\":\"https:\/\/psol50.org.br\/#organization\",\"name\":\"PSOL 50\",\"alternateName\":\"PSOL 50\",\"url\":\"https:\/\/psol50.org.br\/\",\"logo\":{\"@type\":\"ImageObject\",\"inLanguage\":\"pt-BR\",\"@id\":\"https:\/\/psol50.org.br\/#\/schema\/logo\/image\/\",\"url\":\"https:\/\/psol50.org.br\/inc\/uploads\/2018\/07\/capa.png\",\"contentUrl\":\"https:\/\/psol50.org.br\/inc\/uploads\/2018\/07\/capa.png\",\"width\":1350,\"height\":900,\"caption\":\"PSOL 50\"},\"image\":{\"@id\":\"https:\/\/psol50.org.br\/#\/schema\/logo\/image\/\"},\"sameAs\":[\"https:\/\/www.facebook.com\/psol50\",\"https:\/\/x.com\/psol50\",\"https:\/\/www.instagram.com\/psol50\/\",\"https:\/\/www.youtube.com\/channel\/UC7SnJS5o1os7a6CaiNabzcg\"]},{\"@type\":\"Person\",\"@id\":\"https:\/\/psol50.org.br\/#\/schema\/person\/475dfa57d0b815993c714c2e96491fcd\",\"name\":\"Comunica\u00e7\u00e3o PSOL\",\"image\":{\"@type\":\"ImageObject\",\"inLanguage\":\"pt-BR\",\"@id\":\"https:\/\/psol50.org.br\/#\/schema\/person\/image\/\",\"url\":\"https:\/\/secure.gravatar.com\/avatar\/b34fc4f4e468a4e51785917065a3db57b841f5c95dba6ad8c73aaf8f66f8f9bf?s=96&d=mm&r=g\",\"contentUrl\":\"https:\/\/secure.gravatar.com\/avatar\/b34fc4f4e468a4e51785917065a3db57b841f5c95dba6ad8c73aaf8f66f8f9bf?s=96&d=mm&r=g\",\"caption\":\"Comunica\u00e7\u00e3o PSOL\"}}]}<\/script>\n<!-- \/ Yoast SEO plugin. -->","yoast_head_json":{"title":"Reforma pol\u00edtica: distrit\u00e3o \u00e9 rejeitado em vota\u00e7\u00e3o na C\u00e2mara - PSOL 50","robots":{"index":"index","follow":"follow","max-snippet":"max-snippet:-1","max-image-preview":"max-image-preview:large","max-video-preview":"max-video-preview:-1"},"canonical":"https:\/\/psol50.org.br\/reforma-politica-distritao-e-rejeitado-em-votacao-na-camara\/","og_locale":"pt_BR","og_type":"article","og_title":"Reforma pol\u00edtica: distrit\u00e3o \u00e9 rejeitado em vota\u00e7\u00e3o na C\u00e2mara - PSOL 50","og_description":"Para o PSOL, proposta acabaria com a ideia de partido. Sistema eleitoral continua como \u00e9 atualmente. A inclus\u00e3o na Constitui\u00e7\u00e3o do financiamento privado de campanha tamb\u00e9m n\u00e3o passou","og_url":"https:\/\/psol50.org.br\/reforma-politica-distritao-e-rejeitado-em-votacao-na-camara\/","og_site_name":"PSOL 50","article_publisher":"https:\/\/www.facebook.com\/psol50","article_published_time":"2015-05-27T15:14:13+00:00","og_image":[{"width":1350,"height":900,"url":"https:\/\/psol50.org.br\/inc\/uploads\/2018\/07\/capa.png","type":"image\/png"}],"author":"Comunica\u00e7\u00e3o PSOL","twitter_card":"summary_large_image","twitter_creator":"@psol50","twitter_site":"@psol50","twitter_misc":{"Escrito por":"Comunica\u00e7\u00e3o PSOL","Est. tempo de leitura":"2 minutos"},"schema":{"@context":"https:\/\/schema.org","@graph":[{"@type":"Article","@id":"https:\/\/psol50.org.br\/reforma-politica-distritao-e-rejeitado-em-votacao-na-camara\/#article","isPartOf":{"@id":"https:\/\/psol50.org.br\/reforma-politica-distritao-e-rejeitado-em-votacao-na-camara\/"},"author":{"name":"Comunica\u00e7\u00e3o PSOL","@id":"https:\/\/psol50.org.br\/#\/schema\/person\/475dfa57d0b815993c714c2e96491fcd"},"headline":"Reforma pol\u00edtica: distrit\u00e3o \u00e9 rejeitado em vota\u00e7\u00e3o na C\u00e2mara","datePublished":"2015-05-27T15:14:13+00:00","mainEntityOfPage":{"@id":"https:\/\/psol50.org.br\/reforma-politica-distritao-e-rejeitado-em-votacao-na-camara\/"},"wordCount":434,"commentCount":0,"publisher":{"@id":"https:\/\/psol50.org.br\/#organization"},"articleSection":["Not\u00edcias"],"inLanguage":"pt-BR","potentialAction":[{"@type":"CommentAction","name":"Comment","target":["https:\/\/psol50.org.br\/reforma-politica-distritao-e-rejeitado-em-votacao-na-camara\/#respond"]}]},{"@type":"WebPage","@id":"https:\/\/psol50.org.br\/reforma-politica-distritao-e-rejeitado-em-votacao-na-camara\/","url":"https:\/\/psol50.org.br\/reforma-politica-distritao-e-rejeitado-em-votacao-na-camara\/","name":"Reforma pol\u00edtica: distrit\u00e3o \u00e9 rejeitado em vota\u00e7\u00e3o na C\u00e2mara - PSOL 50","isPartOf":{"@id":"https:\/\/psol50.org.br\/#website"},"datePublished":"2015-05-27T15:14:13+00:00","breadcrumb":{"@id":"https:\/\/psol50.org.br\/reforma-politica-distritao-e-rejeitado-em-votacao-na-camara\/#breadcrumb"},"inLanguage":"pt-BR","potentialAction":[{"@type":"ReadAction","target":["https:\/\/psol50.org.br\/reforma-politica-distritao-e-rejeitado-em-votacao-na-camara\/"]}]},{"@type":"BreadcrumbList","@id":"https:\/\/psol50.org.br\/reforma-politica-distritao-e-rejeitado-em-votacao-na-camara\/#breadcrumb","itemListElement":[{"@type":"ListItem","position":1,"name":"In\u00edcio","item":"https:\/\/psol50.org.br\/"},{"@type":"ListItem","position":2,"name":"Reforma pol\u00edtica: distrit\u00e3o \u00e9 rejeitado em vota\u00e7\u00e3o na C\u00e2mara"}]},{"@type":"WebSite","@id":"https:\/\/psol50.org.br\/#website","url":"https:\/\/psol50.org.br\/","name":"PSOL 50","description":"Site oficial do Partido Socialismo e Liberdade","publisher":{"@id":"https:\/\/psol50.org.br\/#organization"},"alternateName":"PSOL50","potentialAction":[{"@type":"SearchAction","target":{"@type":"EntryPoint","urlTemplate":"https:\/\/psol50.org.br\/?s={search_term_string}"},"query-input":{"@type":"PropertyValueSpecification","valueRequired":true,"valueName":"search_term_string"}}],"inLanguage":"pt-BR"},{"@type":"Organization","@id":"https:\/\/psol50.org.br\/#organization","name":"PSOL 50","alternateName":"PSOL 50","url":"https:\/\/psol50.org.br\/","logo":{"@type":"ImageObject","inLanguage":"pt-BR","@id":"https:\/\/psol50.org.br\/#\/schema\/logo\/image\/","url":"https:\/\/psol50.org.br\/inc\/uploads\/2018\/07\/capa.png","contentUrl":"https:\/\/psol50.org.br\/inc\/uploads\/2018\/07\/capa.png","width":1350,"height":900,"caption":"PSOL 50"},"image":{"@id":"https:\/\/psol50.org.br\/#\/schema\/logo\/image\/"},"sameAs":["https:\/\/www.facebook.com\/psol50","https:\/\/x.com\/psol50","https:\/\/www.instagram.com\/psol50\/","https:\/\/www.youtube.com\/channel\/UC7SnJS5o1os7a6CaiNabzcg"]},{"@type":"Person","@id":"https:\/\/psol50.org.br\/#\/schema\/person\/475dfa57d0b815993c714c2e96491fcd","name":"Comunica\u00e7\u00e3o PSOL","image":{"@type":"ImageObject","inLanguage":"pt-BR","@id":"https:\/\/psol50.org.br\/#\/schema\/person\/image\/","url":"https:\/\/secure.gravatar.com\/avatar\/b34fc4f4e468a4e51785917065a3db57b841f5c95dba6ad8c73aaf8f66f8f9bf?s=96&d=mm&r=g","contentUrl":"https:\/\/secure.gravatar.com\/avatar\/b34fc4f4e468a4e51785917065a3db57b841f5c95dba6ad8c73aaf8f66f8f9bf?s=96&d=mm&r=g","caption":"Comunica\u00e7\u00e3o PSOL"}}]}},"_links":{"self":[{"href":"https:\/\/psol50.org.br\/rest\/wp\/v2\/posts\/3283","targetHints":{"allow":["GET"]}}],"collection":[{"href":"https:\/\/psol50.org.br\/rest\/wp\/v2\/posts"}],"about":[{"href":"https:\/\/psol50.org.br\/rest\/wp\/v2\/types\/post"}],"author":[{"embeddable":true,"href":"https:\/\/psol50.org.br\/rest\/wp\/v2\/users\/2"}],"replies":[{"embeddable":true,"href":"https:\/\/psol50.org.br\/rest\/wp\/v2\/comments?post=3283"}],"version-history":[{"count":0,"href":"https:\/\/psol50.org.br\/rest\/wp\/v2\/posts\/3283\/revisions"}],"wp:attachment":[{"href":"https:\/\/psol50.org.br\/rest\/wp\/v2\/media?parent=3283"}],"wp:term":[{"taxonomy":"category","embeddable":true,"href":"https:\/\/psol50.org.br\/rest\/wp\/v2\/categories?post=3283"},{"taxonomy":"post_tag","embeddable":true,"href":"https:\/\/psol50.org.br\/rest\/wp\/v2\/tags?post=3283"}],"curies":[{"name":"wp","href":"https:\/\/api.w.org\/{rel}","templated":true}]}}